{"id":7599,"date":"2021-09-24T09:11:52","date_gmt":"2021-09-24T09:11:52","guid":{"rendered":"https:\/\/www.valparaisocreativo.cl\/?p=7719"},"modified":"2021-09-24T09:11:52","modified_gmt":"2021-09-24T09:11:52","slug":"el-poder-del-diseno-entornos-productivos-y-disenadores-disruptivos-uvm-lanza-ciclo-de-charlas","status":"publish","type":"post","link":"https:\/\/dev.antudigital.cl\/sites\/vc\/el-poder-del-diseno-entornos-productivos-y-disenadores-disruptivos-uvm-lanza-ciclo-de-charlas\/","title":{"rendered":"\u00abEl poder del dise\u00f1o, Entornos productivos y Dise\u00f1adores disruptivos \u00ab: UVM lanza ciclo de charlas"},"content":{"rendered":"<p>La Escuela de Arquitectura y Dise\u00f1o de la Universidad Vi\u00f1a del Mar (UVM), a trav\u00e9s de su carrera de Dise\u00f1o y en la colaboraci\u00f3n con la oficina regional ProChile de Valpara\u00edso; la Seremi de las Culturas, las Artes y el Patrimonio de la Regi\u00f3n de Valpara\u00edso y el Valpara\u00edso Creativo, llevar\u00e1 a cabo desde el <strong>30 de septiembre al 9 de diciembre<\/strong> un ciclo de conversaciones sobre \u00ab<strong>El Poder del Dise\u00f1o\/Power Design<\/strong>, <em><strong>Entornos productivos y Dise\u00f1adores disruptivos<\/strong><\/em>\u201d.<\/p>\n<p>La iniciativa tiene por objetivo integrar a los diversos agentes del ecosistema de la econom\u00eda creativa asociados al dise\u00f1o, para buscar formas de visibilizar el aporte de \u00e9ste al pa\u00eds.<\/p>\n<p>Las actividades &#8211; que est\u00e1n dirigidas a dise\u00f1adores, representantes de organizaciones, empresarios y al p\u00fablico en general &#8211; inician el jueves <strong>30 de septiembre, a las 12:00 hrs<\/strong>., con la conversaci\u00f3n titulada <strong>\u201cDise\u00f1o y Espacios Comerciales\u201d<\/strong>, en la que expondr\u00e1n diferentes profesionales del \u00e1rea.<\/p>\n<p><img fetchpriority=\"high\" decoding=\"async\" class=\"aligncenter size-full wp-image-7720\" src=\"https:\/\/www.valparaisocreativo.cl\/wp-content\/uploads\/2021\/09\/Disen\u0303oUVM.jpg\" alt=\"\" width=\"600\" height=\"314\" \/><\/p>\n<p>En la primera charla participar\u00e1 <strong>Pilar Escolano<\/strong>, dise\u00f1adora de espacios comerciales, escaparatismo y moda en Espa\u00f1a y Europa, quien abordar\u00e1 uno de sus proyectos desarrollado para la marca VITRA;\u00a0<strong> Ignacio R\u00edos<\/strong>, dise\u00f1ador de productos y co-fundador de la marca de zapatos Bestias, que expondr\u00e1 sobre el desaf\u00edo que enfrentaron al momento de abrir sus propias tiendas; finalmente, <strong>Paz Macera<\/strong>, gerente de productos y dise\u00f1o de Monarch, marca que cuenta con 64 puntos de venta a nivel nacional, quien plantear\u00e1 las problem\u00e1ticas a las que se enfrenta dicha marca para llegar a un p\u00fablico amplio en espacios comerciales masivos.<\/p>\n<p>Las siguientes conversaciones se desarrollar\u00e1n mediante la plataforma de Zoom el 14 de octubre con la tem\u00e1tica \u201c<strong>Dise\u00f1o y Editorial\u201d<\/strong>; el jueves 11 de noviembre es el turno de \u201c<strong>Dise\u00f1o y Packaging\u201d; <\/strong>el jueves 28 de octubre \u201c<strong>Dise\u00f1o y M\u00fasica\u201d; <\/strong>el 25 de noviembre se hablar\u00e1 de \u201c<strong>Dise\u00f1o y Vino\u201d<\/strong>, culminado el ciclo con una <strong>conversaci\u00f3n en torno a los distritos creativos, <\/strong>el jueves 9 de diciembre, todas estas a las 17:00 hrs.<\/p>\n<p>El Coordinador de nuestro programa, Mauricio Cifuentes especifica que \u201cmirando hacia el futuro se podr\u00eda ampliar el campo de desarrollo de \u00e9ste en coordinaci\u00f3n y co-dise\u00f1o con otras organizaciones ligadas al dise\u00f1o, as\u00ed tambi\u00e9n a comunidades de profesionales ligadas al dise\u00f1o local, involucrando a las nuevas gobernanzas territoriales o sus posibles sucesiones. De esta forma se podr\u00eda generar una hoja de ruta con hitos escalables, empoderando a comunidades del dise\u00f1o en conjunto con las unidades de vinculaci\u00f3n con el medio y escuela de Dise\u00f1o, fomentando as\u00ed el desarrollo de un hito nacional que vincule a m\u00faltiples escuelas de dise\u00f1o del pa\u00eds, esto con epicentro en la Regi\u00f3n de Valpara\u00edso\u201d.<\/p>\n<h3><span style=\"color: #ff6600;\">Para acceder a las sesiones de este este ciclo debes inscribirte en el formulario presente <a style=\"color: #ff6600;\" href=\"https:\/\/es.surveymonkey.com\/r\/KRR8L98\">AQU\u00cd<\/a><\/span><\/h3>\n","protected":false},"excerpt":{"rendered":"<p>La Escuela de Arquitectura y Dise\u00f1o de la Universidad Vi\u00f1a del Mar (UVM), a trav\u00e9s de su carrera de Dise\u00f1o y en la colaboraci\u00f3n con la oficina regional ProChile de Valpara\u00edso; la Seremi de las Culturas, las Artes y el Patrimonio de la Regi\u00f3n de Valpara\u00edso y el Valpara\u00edso Creativo, llevar\u00e1 a cabo desde el [&hellip;]<\/p>\n","protected":false},"author":3,"featured_media":7600,"comment_status":"closed","ping_status":"closed","sticky":false,"template":"","format":"standard","meta":{"_acf_changed":false,"footnotes":""},"categories":[1],"tags":[],"class_list":["post-7599","post","type-post","status-publish","format-standard","has-post-thumbnail","hentry","category-uncategorized"],"acf":[],"yoast_head":"<!-- This site is optimized with the Yoast SEO plugin v27.1.1 - https:\/\/yoast.com\/product\/yoast-seo-wordpress\/ -->\n<title>&quot;El poder del dise\u00f1o, Entornos productivos y Dise\u00f1adores disruptivos &quot;: UVM lanza ciclo de charlas - Valpara\u00ed\u00adso Creativo<\/title>\n<meta name=\"robots\" content=\"index, follow, max-snippet:-1, max-image-preview:large, max-video-preview:-1\" \/>\n<link rel=\"canonical\" href=\"https:\/\/dev.antudigital.cl\/sites\/vc\/el-poder-del-diseno-entornos-productivos-y-disenadores-disruptivos-uvm-lanza-ciclo-de-charlas\/\" \/>\n<meta property=\"og:locale\" content=\"es_ES\" \/>\n<meta property=\"og:type\" content=\"article\" \/>\n<meta property=\"og:title\" content=\"&quot;El poder del dise\u00f1o, Entornos productivos y Dise\u00f1adores disruptivos &quot;: UVM lanza ciclo de charlas - Valpara\u00ed\u00adso Creativo\" \/>\n<meta property=\"og:description\" content=\"La Escuela de Arquitectura y Dise\u00f1o de la Universidad Vi\u00f1a del Mar (UVM), a trav\u00e9s de su carrera de Dise\u00f1o y en la colaboraci\u00f3n con la oficina regional ProChile de Valpara\u00edso; la Seremi de las Culturas, las Artes y el Patrimonio de la Regi\u00f3n de Valpara\u00edso y el Valpara\u00edso Creativo, llevar\u00e1 a cabo desde el [&hellip;]\" \/>\n<meta property=\"og:url\" content=\"https:\/\/dev.antudigital.cl\/sites\/vc\/el-poder-del-diseno-entornos-productivos-y-disenadores-disruptivos-uvm-lanza-ciclo-de-charlas\/\" \/>\n<meta property=\"og:site_name\" content=\"Valpara\u00ed\u00adso Creativo\" \/>\n<meta property=\"article:published_time\" content=\"2021-09-24T09:11:52+00:00\" \/>\n<meta property=\"og:image\" content=\"https:\/\/dev.antudigital.cl\/sites\/vc\/wp-content\/uploads\/2021\/09\/disen\u0303o-arquitectonico-e1555880833400.jpg\" \/>\n\t<meta property=\"og:image:width\" content=\"800\" \/>\n\t<meta property=\"og:image:height\" content=\"400\" \/>\n\t<meta property=\"og:image:type\" content=\"image\/jpeg\" \/>\n<meta name=\"author\" content=\"Valparaiso Creativo\" \/>\n<meta name=\"twitter:card\" content=\"summary_large_image\" \/>\n<meta name=\"twitter:label1\" content=\"Escrito por\" \/>\n\t<meta name=\"twitter:data1\" content=\"Valparaiso Creativo\" \/>\n\t<meta name=\"twitter:label2\" content=\"Tiempo de lectura\" \/>\n\t<meta name=\"twitter:data2\" content=\"2 minutos\" \/>\n<script type=\"application\/ld+json\" class=\"yoast-schema-graph\">{\"@context\":\"https:\/\/schema.org\",\"@graph\":[{\"@type\":\"Article\",\"@id\":\"https:\/\/dev.antudigital.cl\/sites\/vc\/el-poder-del-diseno-entornos-productivos-y-disenadores-disruptivos-uvm-lanza-ciclo-de-charlas\/#article\",\"isPartOf\":{\"@id\":\"https:\/\/dev.antudigital.cl\/sites\/vc\/el-poder-del-diseno-entornos-productivos-y-disenadores-disruptivos-uvm-lanza-ciclo-de-charlas\/\"},\"author\":{\"name\":\"Valparaiso Creativo\",\"@id\":\"https:\/\/dev.antudigital.cl\/sites\/vc\/#\/schema\/person\/81d1dcd51abd542b5dfc00f5f951a0f1\"},\"headline\":\"\u00abEl poder del dise\u00f1o, Entornos productivos y Dise\u00f1adores disruptivos \u00ab: UVM lanza ciclo de charlas\",\"datePublished\":\"2021-09-24T09:11:52+00:00\",\"mainEntityOfPage\":{\"@id\":\"https:\/\/dev.antudigital.cl\/sites\/vc\/el-poder-del-diseno-entornos-productivos-y-disenadores-disruptivos-uvm-lanza-ciclo-de-charlas\/\"},\"wordCount\":504,\"image\":{\"@id\":\"https:\/\/dev.antudigital.cl\/sites\/vc\/el-poder-del-diseno-entornos-productivos-y-disenadores-disruptivos-uvm-lanza-ciclo-de-charlas\/#primaryimage\"},\"thumbnailUrl\":\"https:\/\/dev.antudigital.cl\/sites\/vc\/wp-content\/uploads\/2021\/09\/disen\u0303o-arquitectonico-e1555880833400.jpg\",\"articleSection\":[\"Uncategorized\"],\"inLanguage\":\"es\"},{\"@type\":\"WebPage\",\"@id\":\"https:\/\/dev.antudigital.cl\/sites\/vc\/el-poder-del-diseno-entornos-productivos-y-disenadores-disruptivos-uvm-lanza-ciclo-de-charlas\/\",\"url\":\"https:\/\/dev.antudigital.cl\/sites\/vc\/el-poder-del-diseno-entornos-productivos-y-disenadores-disruptivos-uvm-lanza-ciclo-de-charlas\/\",\"name\":\"\\\"El poder del dise\u00f1o, Entornos productivos y Dise\u00f1adores disruptivos \\\": UVM lanza ciclo de charlas - Valpara\u00ed\u00adso Creativo\",\"isPartOf\":{\"@id\":\"https:\/\/dev.antudigital.cl\/sites\/vc\/#website\"},\"primaryImageOfPage\":{\"@id\":\"https:\/\/dev.antudigital.cl\/sites\/vc\/el-poder-del-diseno-entornos-productivos-y-disenadores-disruptivos-uvm-lanza-ciclo-de-charlas\/#primaryimage\"},\"image\":{\"@id\":\"https:\/\/dev.antudigital.cl\/sites\/vc\/el-poder-del-diseno-entornos-productivos-y-disenadores-disruptivos-uvm-lanza-ciclo-de-charlas\/#primaryimage\"},\"thumbnailUrl\":\"https:\/\/dev.antudigital.cl\/sites\/vc\/wp-content\/uploads\/2021\/09\/disen\u0303o-arquitectonico-e1555880833400.jpg\",\"datePublished\":\"2021-09-24T09:11:52+00:00\",\"author\":{\"@id\":\"https:\/\/dev.antudigital.cl\/sites\/vc\/#\/schema\/person\/81d1dcd51abd542b5dfc00f5f951a0f1\"},\"breadcrumb\":{\"@id\":\"https:\/\/dev.antudigital.cl\/sites\/vc\/el-poder-del-diseno-entornos-productivos-y-disenadores-disruptivos-uvm-lanza-ciclo-de-charlas\/#breadcrumb\"},\"inLanguage\":\"es\",\"potentialAction\":[{\"@type\":\"ReadAction\",\"target\":[\"https:\/\/dev.antudigital.cl\/sites\/vc\/el-poder-del-diseno-entornos-productivos-y-disenadores-disruptivos-uvm-lanza-ciclo-de-charlas\/\"]}]},{\"@type\":\"ImageObject\",\"inLanguage\":\"es\",\"@id\":\"https:\/\/dev.antudigital.cl\/sites\/vc\/el-poder-del-diseno-entornos-productivos-y-disenadores-disruptivos-uvm-lanza-ciclo-de-charlas\/#primaryimage\",\"url\":\"https:\/\/dev.antudigital.cl\/sites\/vc\/wp-content\/uploads\/2021\/09\/disen\u0303o-arquitectonico-e1555880833400.jpg\",\"contentUrl\":\"https:\/\/dev.antudigital.cl\/sites\/vc\/wp-content\/uploads\/2021\/09\/disen\u0303o-arquitectonico-e1555880833400.jpg\",\"width\":800,\"height\":400},{\"@type\":\"BreadcrumbList\",\"@id\":\"https:\/\/dev.antudigital.cl\/sites\/vc\/el-poder-del-diseno-entornos-productivos-y-disenadores-disruptivos-uvm-lanza-ciclo-de-charlas\/#breadcrumb\",\"itemListElement\":[{\"@type\":\"ListItem\",\"position\":1,\"name\":\"Home\",\"item\":\"https:\/\/dev.antudigital.cl\/sites\/vc\/\"},{\"@type\":\"ListItem\",\"position\":2,\"name\":\"\u00abEl poder del dise\u00f1o, Entornos productivos y Dise\u00f1adores disruptivos \u00ab: UVM lanza ciclo de charlas\"}]},{\"@type\":\"WebSite\",\"@id\":\"https:\/\/dev.antudigital.cl\/sites\/vc\/#website\",\"url\":\"https:\/\/dev.antudigital.cl\/sites\/vc\/\",\"name\":\"Valpara\u00ed\u00adso Creativo\",\"description\":\"\",\"potentialAction\":[{\"@type\":\"SearchAction\",\"target\":{\"@type\":\"EntryPoint\",\"urlTemplate\":\"https:\/\/dev.antudigital.cl\/sites\/vc\/?s={search_term_string}\"},\"query-input\":{\"@type\":\"PropertyValueSpecification\",\"valueRequired\":true,\"valueName\":\"search_term_string\"}}],\"inLanguage\":\"es\"},{\"@type\":\"Person\",\"@id\":\"https:\/\/dev.antudigital.cl\/sites\/vc\/#\/schema\/person\/81d1dcd51abd542b5dfc00f5f951a0f1\",\"name\":\"Valparaiso Creativo\",\"url\":\"https:\/\/dev.antudigital.cl\/sites\/vc\/author\/valparaiso-creativo\/\"}]}<\/script>\n<!-- \/ Yoast SEO plugin. -->","yoast_head_json":{"title":"\"El poder del dise\u00f1o, Entornos productivos y Dise\u00f1adores disruptivos \": UVM lanza ciclo de charlas - Valpara\u00ed\u00adso Creativo","robots":{"index":"index","follow":"follow","max-snippet":"max-snippet:-1","max-image-preview":"max-image-preview:large","max-video-preview":"max-video-preview:-1"},"canonical":"https:\/\/dev.antudigital.cl\/sites\/vc\/el-poder-del-diseno-entornos-productivos-y-disenadores-disruptivos-uvm-lanza-ciclo-de-charlas\/","og_locale":"es_ES","og_type":"article","og_title":"\"El poder del dise\u00f1o, Entornos productivos y Dise\u00f1adores disruptivos \": UVM lanza ciclo de charlas - Valpara\u00ed\u00adso Creativo","og_description":"La Escuela de Arquitectura y Dise\u00f1o de la Universidad Vi\u00f1a del Mar (UVM), a trav\u00e9s de su carrera de Dise\u00f1o y en la colaboraci\u00f3n con la oficina regional ProChile de Valpara\u00edso; la Seremi de las Culturas, las Artes y el Patrimonio de la Regi\u00f3n de Valpara\u00edso y el Valpara\u00edso Creativo, llevar\u00e1 a cabo desde el [&hellip;]","og_url":"https:\/\/dev.antudigital.cl\/sites\/vc\/el-poder-del-diseno-entornos-productivos-y-disenadores-disruptivos-uvm-lanza-ciclo-de-charlas\/","og_site_name":"Valpara\u00ed\u00adso Creativo","article_published_time":"2021-09-24T09:11:52+00:00","og_image":[{"width":800,"height":400,"url":"https:\/\/dev.antudigital.cl\/sites\/vc\/wp-content\/uploads\/2021\/09\/disen\u0303o-arquitectonico-e1555880833400.jpg","type":"image\/jpeg"}],"author":"Valparaiso Creativo","twitter_card":"summary_large_image","twitter_misc":{"Escrito por":"Valparaiso Creativo","Tiempo de lectura":"2 minutos"},"schema":{"@context":"https:\/\/schema.org","@graph":[{"@type":"Article","@id":"https:\/\/dev.antudigital.cl\/sites\/vc\/el-poder-del-diseno-entornos-productivos-y-disenadores-disruptivos-uvm-lanza-ciclo-de-charlas\/#article","isPartOf":{"@id":"https:\/\/dev.antudigital.cl\/sites\/vc\/el-poder-del-diseno-entornos-productivos-y-disenadores-disruptivos-uvm-lanza-ciclo-de-charlas\/"},"author":{"name":"Valparaiso Creativo","@id":"https:\/\/dev.antudigital.cl\/sites\/vc\/#\/schema\/person\/81d1dcd51abd542b5dfc00f5f951a0f1"},"headline":"\u00abEl poder del dise\u00f1o, Entornos productivos y Dise\u00f1adores disruptivos \u00ab: UVM lanza ciclo de charlas","datePublished":"2021-09-24T09:11:52+00:00","mainEntityOfPage":{"@id":"https:\/\/dev.antudigital.cl\/sites\/vc\/el-poder-del-diseno-entornos-productivos-y-disenadores-disruptivos-uvm-lanza-ciclo-de-charlas\/"},"wordCount":504,"image":{"@id":"https:\/\/dev.antudigital.cl\/sites\/vc\/el-poder-del-diseno-entornos-productivos-y-disenadores-disruptivos-uvm-lanza-ciclo-de-charlas\/#primaryimage"},"thumbnailUrl":"https:\/\/dev.antudigital.cl\/sites\/vc\/wp-content\/uploads\/2021\/09\/disen\u0303o-arquitectonico-e1555880833400.jpg","articleSection":["Uncategorized"],"inLanguage":"es"},{"@type":"WebPage","@id":"https:\/\/dev.antudigital.cl\/sites\/vc\/el-poder-del-diseno-entornos-productivos-y-disenadores-disruptivos-uvm-lanza-ciclo-de-charlas\/","url":"https:\/\/dev.antudigital.cl\/sites\/vc\/el-poder-del-diseno-entornos-productivos-y-disenadores-disruptivos-uvm-lanza-ciclo-de-charlas\/","name":"\"El poder del dise\u00f1o, Entornos productivos y Dise\u00f1adores disruptivos \": UVM lanza ciclo de charlas - Valpara\u00ed\u00adso Creativo","isPartOf":{"@id":"https:\/\/dev.antudigital.cl\/sites\/vc\/#website"},"primaryImageOfPage":{"@id":"https:\/\/dev.antudigital.cl\/sites\/vc\/el-poder-del-diseno-entornos-productivos-y-disenadores-disruptivos-uvm-lanza-ciclo-de-charlas\/#primaryimage"},"image":{"@id":"https:\/\/dev.antudigital.cl\/sites\/vc\/el-poder-del-diseno-entornos-productivos-y-disenadores-disruptivos-uvm-lanza-ciclo-de-charlas\/#primaryimage"},"thumbnailUrl":"https:\/\/dev.antudigital.cl\/sites\/vc\/wp-content\/uploads\/2021\/09\/disen\u0303o-arquitectonico-e1555880833400.jpg","datePublished":"2021-09-24T09:11:52+00:00","author":{"@id":"https:\/\/dev.antudigital.cl\/sites\/vc\/#\/schema\/person\/81d1dcd51abd542b5dfc00f5f951a0f1"},"breadcrumb":{"@id":"https:\/\/dev.antudigital.cl\/sites\/vc\/el-poder-del-diseno-entornos-productivos-y-disenadores-disruptivos-uvm-lanza-ciclo-de-charlas\/#breadcrumb"},"inLanguage":"es","potentialAction":[{"@type":"ReadAction","target":["https:\/\/dev.antudigital.cl\/sites\/vc\/el-poder-del-diseno-entornos-productivos-y-disenadores-disruptivos-uvm-lanza-ciclo-de-charlas\/"]}]},{"@type":"ImageObject","inLanguage":"es","@id":"https:\/\/dev.antudigital.cl\/sites\/vc\/el-poder-del-diseno-entornos-productivos-y-disenadores-disruptivos-uvm-lanza-ciclo-de-charlas\/#primaryimage","url":"https:\/\/dev.antudigital.cl\/sites\/vc\/wp-content\/uploads\/2021\/09\/disen\u0303o-arquitectonico-e1555880833400.jpg","contentUrl":"https:\/\/dev.antudigital.cl\/sites\/vc\/wp-content\/uploads\/2021\/09\/disen\u0303o-arquitectonico-e1555880833400.jpg","width":800,"height":400},{"@type":"BreadcrumbList","@id":"https:\/\/dev.antudigital.cl\/sites\/vc\/el-poder-del-diseno-entornos-productivos-y-disenadores-disruptivos-uvm-lanza-ciclo-de-charlas\/#breadcrumb","itemListElement":[{"@type":"ListItem","position":1,"name":"Home","item":"https:\/\/dev.antudigital.cl\/sites\/vc\/"},{"@type":"ListItem","position":2,"name":"\u00abEl poder del dise\u00f1o, Entornos productivos y Dise\u00f1adores disruptivos \u00ab: UVM lanza ciclo de charlas"}]},{"@type":"WebSite","@id":"https:\/\/dev.antudigital.cl\/sites\/vc\/#website","url":"https:\/\/dev.antudigital.cl\/sites\/vc\/","name":"Valpara\u00ed\u00adso Creativo","description":"","potentialAction":[{"@type":"SearchAction","target":{"@type":"EntryPoint","urlTemplate":"https:\/\/dev.antudigital.cl\/sites\/vc\/?s={search_term_string}"},"query-input":{"@type":"PropertyValueSpecification","valueRequired":true,"valueName":"search_term_string"}}],"inLanguage":"es"},{"@type":"Person","@id":"https:\/\/dev.antudigital.cl\/sites\/vc\/#\/schema\/person\/81d1dcd51abd542b5dfc00f5f951a0f1","name":"Valparaiso Creativo","url":"https:\/\/dev.antudigital.cl\/sites\/vc\/author\/valparaiso-creativo\/"}]}},"_links":{"self":[{"href":"https:\/\/dev.antudigital.cl\/sites\/vc\/wp-json\/wp\/v2\/posts\/7599","targetHints":{"allow":["GET"]}}],"collection":[{"href":"https:\/\/dev.antudigital.cl\/sites\/vc\/wp-json\/wp\/v2\/posts"}],"about":[{"href":"https:\/\/dev.antudigital.cl\/sites\/vc\/wp-json\/wp\/v2\/types\/post"}],"author":[{"embeddable":true,"href":"https:\/\/dev.antudigital.cl\/sites\/vc\/wp-json\/wp\/v2\/users\/3"}],"replies":[{"embeddable":true,"href":"https:\/\/dev.antudigital.cl\/sites\/vc\/wp-json\/wp\/v2\/comments?post=7599"}],"version-history":[{"count":0,"href":"https:\/\/dev.antudigital.cl\/sites\/vc\/wp-json\/wp\/v2\/posts\/7599\/revisions"}],"wp:featuredmedia":[{"embeddable":true,"href":"https:\/\/dev.antudigital.cl\/sites\/vc\/wp-json\/wp\/v2\/media\/7600"}],"wp:attachment":[{"href":"https:\/\/dev.antudigital.cl\/sites\/vc\/wp-json\/wp\/v2\/media?parent=7599"}],"wp:term":[{"taxonomy":"category","embeddable":true,"href":"https:\/\/dev.antudigital.cl\/sites\/vc\/wp-json\/wp\/v2\/categories?post=7599"},{"taxonomy":"post_tag","embeddable":true,"href":"https:\/\/dev.antudigital.cl\/sites\/vc\/wp-json\/wp\/v2\/tags?post=7599"}],"curies":[{"name":"wp","href":"https:\/\/api.w.org\/{rel}","templated":true}]}}