{"id":7602,"date":"2021-09-20T12:24:25","date_gmt":"2021-09-20T12:24:25","guid":{"rendered":"https:\/\/www.valparaisocreativo.cl\/?p=7695"},"modified":"2021-09-20T12:24:25","modified_gmt":"2021-09-20T12:24:25","slug":"ya-se-acerca-creative-up-fest-conoce-de-que-se-trata","status":"publish","type":"post","link":"https:\/\/dev.antudigital.cl\/sites\/vc\/ya-se-acerca-creative-up-fest-conoce-de-que-se-trata\/","title":{"rendered":"Ya se acerca Creative Up Fest: conoce de qu\u00e9 se trata"},"content":{"rendered":"<p>La Direcci\u00f3n de Incubaci\u00f3n y Negocios de la PUCV (DIN), invita a <a href=\"http:\/\/www.creativeupfest.cl\/#evento\">Creative Up Fest<\/a>, evento para estudiantes de pre y post grado de la regi\u00f3n de Valpara\u00edso, que nos invita a so\u00f1ar y conectar con la creatividad como motor transformador de nuestro entorno.<\/p>\n<p>Habr\u00e1n m\u00e1s de 15 actividades que engloban la iniciativa, un gran n\u00famero de exponentes y tres escenarios que se dividir\u00e1n en: formaci\u00f3n en<strong> i+e<\/strong> (innovaci\u00f3n y emprendimiento), <strong>entretenci\u00f3n y desaf\u00edos<\/strong> (Challenge Up)&#8230; \u00a1y eleva<strong> tu imaginaci\u00f3n<\/strong>!<\/p>\n<p>Esto surge desde Valpara\u00edso como puerto de la imaginaci\u00f3n. La idea es poder intercambiar visiones, conocer a emprendedores creativos de la Regi\u00f3n en formaci\u00f3n, y encontrar soluciones innovadoras a problemas asociados a la crisis clim\u00e1tica, la nueva realidad tras la aparici\u00f3n del Covid-19 y a repensar Valpara\u00edso.<\/p>\n<p>Todo comenzar\u00e1 a fines de septiembre para seguir desarroll\u00e1ndose en octubre y noviembre en formato en l\u00ednea.<\/p>\n<h3><span style=\"color: #ff6600;\">Inscr\u00edbete y conoce el programa en <a style=\"color: #ff6600;\" href=\"http:\/\/www.creativeupfest.cl\/#inscribete\">este link<\/a>.<\/span><\/h3>\n<p><img fetchpriority=\"high\" decoding=\"async\" class=\"aligncenter size-full wp-image-7697\" src=\"https:\/\/www.valparaisocreativo.cl\/wp-content\/uploads\/2021\/09\/Captura-de-Pantalla-2021-09-20-a-las-10.58.41.png\" alt=\"\" width=\"795\" height=\"441\" \/><\/p>\n<p>&nbsp;<\/p>\n<h3><img decoding=\"async\" class=\"aligncenter size-large wp-image-7696\" src=\"https:\/\/www.valparaisocreativo.cl\/wp-content\/uploads\/2021\/09\/line_up-1024x591.jpg\" alt=\"\" width=\"1024\" height=\"591\" \/><\/h3>\n<h3><\/h3>\n","protected":false},"excerpt":{"rendered":"<p>La Direcci\u00f3n de Incubaci\u00f3n y Negocios de la PUCV (DIN), invita a Creative Up Fest, evento para estudiantes de pre y post grado de la regi\u00f3n de Valpara\u00edso, que nos invita a so\u00f1ar y conectar con la creatividad como motor transformador de nuestro entorno. Habr\u00e1n m\u00e1s de 15 actividades que engloban la iniciativa, un gran [&hellip;]<\/p>\n","protected":false},"author":3,"featured_media":7574,"comment_status":"closed","ping_status":"closed","sticky":false,"template":"","format":"standard","meta":{"_acf_changed":false,"footnotes":""},"categories":[1],"tags":[],"class_list":["post-7602","post","type-post","status-publish","format-standard","has-post-thumbnail","hentry","category-uncategorized"],"acf":[],"yoast_head":"<!-- This site is optimized with the Yoast SEO plugin v27.1.1 - https:\/\/yoast.com\/product\/yoast-seo-wordpress\/ -->\n<title>Ya se acerca Creative Up Fest: conoce de qu\u00e9 se trata - Valpara\u00ed\u00adso Creativo<\/title>\n<meta name=\"robots\" content=\"index, follow, max-snippet:-1, max-image-preview:large, max-video-preview:-1\" \/>\n<link rel=\"canonical\" href=\"https:\/\/dev.antudigital.cl\/sites\/vc\/ya-se-acerca-creative-up-fest-conoce-de-que-se-trata\/\" \/>\n<meta property=\"og:locale\" content=\"es_ES\" \/>\n<meta property=\"og:type\" content=\"article\" \/>\n<meta property=\"og:title\" content=\"Ya se acerca Creative Up Fest: conoce de qu\u00e9 se trata - Valpara\u00ed\u00adso Creativo\" \/>\n<meta property=\"og:description\" content=\"La Direcci\u00f3n de Incubaci\u00f3n y Negocios de la PUCV (DIN), invita a Creative Up Fest, evento para estudiantes de pre y post grado de la regi\u00f3n de Valpara\u00edso, que nos invita a so\u00f1ar y conectar con la creatividad como motor transformador de nuestro entorno. Habr\u00e1n m\u00e1s de 15 actividades que engloban la iniciativa, un gran [&hellip;]\" \/>\n<meta property=\"og:url\" content=\"https:\/\/dev.antudigital.cl\/sites\/vc\/ya-se-acerca-creative-up-fest-conoce-de-que-se-trata\/\" \/>\n<meta property=\"og:site_name\" content=\"Valpara\u00ed\u00adso Creativo\" \/>\n<meta property=\"article:published_time\" content=\"2021-09-20T12:24:25+00:00\" \/>\n<meta property=\"og:image\" content=\"https:\/\/dev.antudigital.cl\/sites\/vc\/wp-content\/uploads\/2021\/09\/Captura-de-Pantalla-2021-09-20-a-las-09.26.06-e1635167981233.png\" \/>\n\t<meta property=\"og:image:width\" content=\"957\" \/>\n\t<meta property=\"og:image:height\" content=\"270\" \/>\n\t<meta property=\"og:image:type\" content=\"image\/png\" \/>\n<meta name=\"author\" content=\"Valparaiso Creativo\" \/>\n<meta name=\"twitter:card\" content=\"summary_large_image\" \/>\n<meta name=\"twitter:label1\" content=\"Escrito por\" \/>\n\t<meta name=\"twitter:data1\" content=\"Valparaiso Creativo\" \/>\n\t<meta name=\"twitter:label2\" content=\"Tiempo de lectura\" \/>\n\t<meta name=\"twitter:data2\" content=\"1 minuto\" \/>\n<script type=\"application\/ld+json\" class=\"yoast-schema-graph\">{\"@context\":\"https:\/\/schema.org\",\"@graph\":[{\"@type\":\"Article\",\"@id\":\"https:\/\/dev.antudigital.cl\/sites\/vc\/ya-se-acerca-creative-up-fest-conoce-de-que-se-trata\/#article\",\"isPartOf\":{\"@id\":\"https:\/\/dev.antudigital.cl\/sites\/vc\/ya-se-acerca-creative-up-fest-conoce-de-que-se-trata\/\"},\"author\":{\"name\":\"Valparaiso Creativo\",\"@id\":\"https:\/\/dev.antudigital.cl\/sites\/vc\/#\/schema\/person\/81d1dcd51abd542b5dfc00f5f951a0f1\"},\"headline\":\"Ya se acerca Creative Up Fest: conoce de qu\u00e9 se trata\",\"datePublished\":\"2021-09-20T12:24:25+00:00\",\"mainEntityOfPage\":{\"@id\":\"https:\/\/dev.antudigital.cl\/sites\/vc\/ya-se-acerca-creative-up-fest-conoce-de-que-se-trata\/\"},\"wordCount\":188,\"image\":{\"@id\":\"https:\/\/dev.antudigital.cl\/sites\/vc\/ya-se-acerca-creative-up-fest-conoce-de-que-se-trata\/#primaryimage\"},\"thumbnailUrl\":\"https:\/\/dev.antudigital.cl\/sites\/vc\/wp-content\/uploads\/2021\/09\/Captura-de-Pantalla-2021-09-20-a-las-09.26.06-e1635167981233.png\",\"articleSection\":[\"Uncategorized\"],\"inLanguage\":\"es\"},{\"@type\":\"WebPage\",\"@id\":\"https:\/\/dev.antudigital.cl\/sites\/vc\/ya-se-acerca-creative-up-fest-conoce-de-que-se-trata\/\",\"url\":\"https:\/\/dev.antudigital.cl\/sites\/vc\/ya-se-acerca-creative-up-fest-conoce-de-que-se-trata\/\",\"name\":\"Ya se acerca Creative Up Fest: conoce de qu\u00e9 se trata - Valpara\u00ed\u00adso Creativo\",\"isPartOf\":{\"@id\":\"https:\/\/dev.antudigital.cl\/sites\/vc\/#website\"},\"primaryImageOfPage\":{\"@id\":\"https:\/\/dev.antudigital.cl\/sites\/vc\/ya-se-acerca-creative-up-fest-conoce-de-que-se-trata\/#primaryimage\"},\"image\":{\"@id\":\"https:\/\/dev.antudigital.cl\/sites\/vc\/ya-se-acerca-creative-up-fest-conoce-de-que-se-trata\/#primaryimage\"},\"thumbnailUrl\":\"https:\/\/dev.antudigital.cl\/sites\/vc\/wp-content\/uploads\/2021\/09\/Captura-de-Pantalla-2021-09-20-a-las-09.26.06-e1635167981233.png\",\"datePublished\":\"2021-09-20T12:24:25+00:00\",\"author\":{\"@id\":\"https:\/\/dev.antudigital.cl\/sites\/vc\/#\/schema\/person\/81d1dcd51abd542b5dfc00f5f951a0f1\"},\"breadcrumb\":{\"@id\":\"https:\/\/dev.antudigital.cl\/sites\/vc\/ya-se-acerca-creative-up-fest-conoce-de-que-se-trata\/#breadcrumb\"},\"inLanguage\":\"es\",\"potentialAction\":[{\"@type\":\"ReadAction\",\"target\":[\"https:\/\/dev.antudigital.cl\/sites\/vc\/ya-se-acerca-creative-up-fest-conoce-de-que-se-trata\/\"]}]},{\"@type\":\"ImageObject\",\"inLanguage\":\"es\",\"@id\":\"https:\/\/dev.antudigital.cl\/sites\/vc\/ya-se-acerca-creative-up-fest-conoce-de-que-se-trata\/#primaryimage\",\"url\":\"https:\/\/dev.antudigital.cl\/sites\/vc\/wp-content\/uploads\/2021\/09\/Captura-de-Pantalla-2021-09-20-a-las-09.26.06-e1635167981233.png\",\"contentUrl\":\"https:\/\/dev.antudigital.cl\/sites\/vc\/wp-content\/uploads\/2021\/09\/Captura-de-Pantalla-2021-09-20-a-las-09.26.06-e1635167981233.png\",\"width\":957,\"height\":270},{\"@type\":\"BreadcrumbList\",\"@id\":\"https:\/\/dev.antudigital.cl\/sites\/vc\/ya-se-acerca-creative-up-fest-conoce-de-que-se-trata\/#breadcrumb\",\"itemListElement\":[{\"@type\":\"ListItem\",\"position\":1,\"name\":\"Home\",\"item\":\"https:\/\/dev.antudigital.cl\/sites\/vc\/\"},{\"@type\":\"ListItem\",\"position\":2,\"name\":\"Ya se acerca Creative Up Fest: conoce de qu\u00e9 se trata\"}]},{\"@type\":\"WebSite\",\"@id\":\"https:\/\/dev.antudigital.cl\/sites\/vc\/#website\",\"url\":\"https:\/\/dev.antudigital.cl\/sites\/vc\/\",\"name\":\"Valpara\u00ed\u00adso Creativo\",\"description\":\"\",\"potentialAction\":[{\"@type\":\"SearchAction\",\"target\":{\"@type\":\"EntryPoint\",\"urlTemplate\":\"https:\/\/dev.antudigital.cl\/sites\/vc\/?s={search_term_string}\"},\"query-input\":{\"@type\":\"PropertyValueSpecification\",\"valueRequired\":true,\"valueName\":\"search_term_string\"}}],\"inLanguage\":\"es\"},{\"@type\":\"Person\",\"@id\":\"https:\/\/dev.antudigital.cl\/sites\/vc\/#\/schema\/person\/81d1dcd51abd542b5dfc00f5f951a0f1\",\"name\":\"Valparaiso Creativo\",\"url\":\"https:\/\/dev.antudigital.cl\/sites\/vc\/author\/valparaiso-creativo\/\"}]}<\/script>\n<!-- \/ Yoast SEO plugin. -->","yoast_head_json":{"title":"Ya se acerca Creative Up Fest: conoce de qu\u00e9 se trata - Valpara\u00ed\u00adso Creativo","robots":{"index":"index","follow":"follow","max-snippet":"max-snippet:-1","max-image-preview":"max-image-preview:large","max-video-preview":"max-video-preview:-1"},"canonical":"https:\/\/dev.antudigital.cl\/sites\/vc\/ya-se-acerca-creative-up-fest-conoce-de-que-se-trata\/","og_locale":"es_ES","og_type":"article","og_title":"Ya se acerca Creative Up Fest: conoce de qu\u00e9 se trata - Valpara\u00ed\u00adso Creativo","og_description":"La Direcci\u00f3n de Incubaci\u00f3n y Negocios de la PUCV (DIN), invita a Creative Up Fest, evento para estudiantes de pre y post grado de la regi\u00f3n de Valpara\u00edso, que nos invita a so\u00f1ar y conectar con la creatividad como motor transformador de nuestro entorno. Habr\u00e1n m\u00e1s de 15 actividades que engloban la iniciativa, un gran [&hellip;]","og_url":"https:\/\/dev.antudigital.cl\/sites\/vc\/ya-se-acerca-creative-up-fest-conoce-de-que-se-trata\/","og_site_name":"Valpara\u00ed\u00adso Creativo","article_published_time":"2021-09-20T12:24:25+00:00","og_image":[{"width":957,"height":270,"url":"https:\/\/dev.antudigital.cl\/sites\/vc\/wp-content\/uploads\/2021\/09\/Captura-de-Pantalla-2021-09-20-a-las-09.26.06-e1635167981233.png","type":"image\/png"}],"author":"Valparaiso Creativo","twitter_card":"summary_large_image","twitter_misc":{"Escrito por":"Valparaiso Creativo","Tiempo de lectura":"1 minuto"},"schema":{"@context":"https:\/\/schema.org","@graph":[{"@type":"Article","@id":"https:\/\/dev.antudigital.cl\/sites\/vc\/ya-se-acerca-creative-up-fest-conoce-de-que-se-trata\/#article","isPartOf":{"@id":"https:\/\/dev.antudigital.cl\/sites\/vc\/ya-se-acerca-creative-up-fest-conoce-de-que-se-trata\/"},"author":{"name":"Valparaiso Creativo","@id":"https:\/\/dev.antudigital.cl\/sites\/vc\/#\/schema\/person\/81d1dcd51abd542b5dfc00f5f951a0f1"},"headline":"Ya se acerca Creative Up Fest: conoce de qu\u00e9 se trata","datePublished":"2021-09-20T12:24:25+00:00","mainEntityOfPage":{"@id":"https:\/\/dev.antudigital.cl\/sites\/vc\/ya-se-acerca-creative-up-fest-conoce-de-que-se-trata\/"},"wordCount":188,"image":{"@id":"https:\/\/dev.antudigital.cl\/sites\/vc\/ya-se-acerca-creative-up-fest-conoce-de-que-se-trata\/#primaryimage"},"thumbnailUrl":"https:\/\/dev.antudigital.cl\/sites\/vc\/wp-content\/uploads\/2021\/09\/Captura-de-Pantalla-2021-09-20-a-las-09.26.06-e1635167981233.png","articleSection":["Uncategorized"],"inLanguage":"es"},{"@type":"WebPage","@id":"https:\/\/dev.antudigital.cl\/sites\/vc\/ya-se-acerca-creative-up-fest-conoce-de-que-se-trata\/","url":"https:\/\/dev.antudigital.cl\/sites\/vc\/ya-se-acerca-creative-up-fest-conoce-de-que-se-trata\/","name":"Ya se acerca Creative Up Fest: conoce de qu\u00e9 se trata - Valpara\u00ed\u00adso Creativo","isPartOf":{"@id":"https:\/\/dev.antudigital.cl\/sites\/vc\/#website"},"primaryImageOfPage":{"@id":"https:\/\/dev.antudigital.cl\/sites\/vc\/ya-se-acerca-creative-up-fest-conoce-de-que-se-trata\/#primaryimage"},"image":{"@id":"https:\/\/dev.antudigital.cl\/sites\/vc\/ya-se-acerca-creative-up-fest-conoce-de-que-se-trata\/#primaryimage"},"thumbnailUrl":"https:\/\/dev.antudigital.cl\/sites\/vc\/wp-content\/uploads\/2021\/09\/Captura-de-Pantalla-2021-09-20-a-las-09.26.06-e1635167981233.png","datePublished":"2021-09-20T12:24:25+00:00","author":{"@id":"https:\/\/dev.antudigital.cl\/sites\/vc\/#\/schema\/person\/81d1dcd51abd542b5dfc00f5f951a0f1"},"breadcrumb":{"@id":"https:\/\/dev.antudigital.cl\/sites\/vc\/ya-se-acerca-creative-up-fest-conoce-de-que-se-trata\/#breadcrumb"},"inLanguage":"es","potentialAction":[{"@type":"ReadAction","target":["https:\/\/dev.antudigital.cl\/sites\/vc\/ya-se-acerca-creative-up-fest-conoce-de-que-se-trata\/"]}]},{"@type":"ImageObject","inLanguage":"es","@id":"https:\/\/dev.antudigital.cl\/sites\/vc\/ya-se-acerca-creative-up-fest-conoce-de-que-se-trata\/#primaryimage","url":"https:\/\/dev.antudigital.cl\/sites\/vc\/wp-content\/uploads\/2021\/09\/Captura-de-Pantalla-2021-09-20-a-las-09.26.06-e1635167981233.png","contentUrl":"https:\/\/dev.antudigital.cl\/sites\/vc\/wp-content\/uploads\/2021\/09\/Captura-de-Pantalla-2021-09-20-a-las-09.26.06-e1635167981233.png","width":957,"height":270},{"@type":"BreadcrumbList","@id":"https:\/\/dev.antudigital.cl\/sites\/vc\/ya-se-acerca-creative-up-fest-conoce-de-que-se-trata\/#breadcrumb","itemListElement":[{"@type":"ListItem","position":1,"name":"Home","item":"https:\/\/dev.antudigital.cl\/sites\/vc\/"},{"@type":"ListItem","position":2,"name":"Ya se acerca Creative Up Fest: conoce de qu\u00e9 se trata"}]},{"@type":"WebSite","@id":"https:\/\/dev.antudigital.cl\/sites\/vc\/#website","url":"https:\/\/dev.antudigital.cl\/sites\/vc\/","name":"Valpara\u00ed\u00adso Creativo","description":"","potentialAction":[{"@type":"SearchAction","target":{"@type":"EntryPoint","urlTemplate":"https:\/\/dev.antudigital.cl\/sites\/vc\/?s={search_term_string}"},"query-input":{"@type":"PropertyValueSpecification","valueRequired":true,"valueName":"search_term_string"}}],"inLanguage":"es"},{"@type":"Person","@id":"https:\/\/dev.antudigital.cl\/sites\/vc\/#\/schema\/person\/81d1dcd51abd542b5dfc00f5f951a0f1","name":"Valparaiso Creativo","url":"https:\/\/dev.antudigital.cl\/sites\/vc\/author\/valparaiso-creativo\/"}]}},"_links":{"self":[{"href":"https:\/\/dev.antudigital.cl\/sites\/vc\/wp-json\/wp\/v2\/posts\/7602","targetHints":{"allow":["GET"]}}],"collection":[{"href":"https:\/\/dev.antudigital.cl\/sites\/vc\/wp-json\/wp\/v2\/posts"}],"about":[{"href":"https:\/\/dev.antudigital.cl\/sites\/vc\/wp-json\/wp\/v2\/types\/post"}],"author":[{"embeddable":true,"href":"https:\/\/dev.antudigital.cl\/sites\/vc\/wp-json\/wp\/v2\/users\/3"}],"replies":[{"embeddable":true,"href":"https:\/\/dev.antudigital.cl\/sites\/vc\/wp-json\/wp\/v2\/comments?post=7602"}],"version-history":[{"count":0,"href":"https:\/\/dev.antudigital.cl\/sites\/vc\/wp-json\/wp\/v2\/posts\/7602\/revisions"}],"wp:featuredmedia":[{"embeddable":true,"href":"https:\/\/dev.antudigital.cl\/sites\/vc\/wp-json\/wp\/v2\/media\/7574"}],"wp:attachment":[{"href":"https:\/\/dev.antudigital.cl\/sites\/vc\/wp-json\/wp\/v2\/media?parent=7602"}],"wp:term":[{"taxonomy":"category","embeddable":true,"href":"https:\/\/dev.antudigital.cl\/sites\/vc\/wp-json\/wp\/v2\/categories?post=7602"},{"taxonomy":"post_tag","embeddable":true,"href":"https:\/\/dev.antudigital.cl\/sites\/vc\/wp-json\/wp\/v2\/tags?post=7602"}],"curies":[{"name":"wp","href":"https:\/\/api.w.org\/{rel}","templated":true}]}}