{"id":7605,"date":"2021-09-20T12:15:44","date_gmt":"2021-09-20T12:15:44","guid":{"rendered":"https:\/\/www.valparaisocreativo.cl\/?p=7692"},"modified":"2021-09-20T12:15:44","modified_gmt":"2021-09-20T12:15:44","slug":"convocatoria-curso-de-especializacion-en-ambiente-de-montana-para-excursionismo-y-trekking","status":"publish","type":"post","link":"https:\/\/dev.antudigital.cl\/sites\/vc\/convocatoria-curso-de-especializacion-en-ambiente-de-montana-para-excursionismo-y-trekking\/","title":{"rendered":"Convocatoria: Curso de Especializaci\u00f3n en Ambiente de Monta\u00f1a para Excursionismo y Trekking"},"content":{"rendered":"<p>Hasta el 30 de septiembre puedes postular a este diplomado, que busca formar capital humano que permita contar con personas con un alto nivel t\u00e9cnico en conocimientos y habilidades que les permitan desempe\u00f1arse como gu\u00edas de turismo aut\u00f3nomos, especializados en ambiente de monta\u00f1a para la actividad trekking, por medio de la profesionalizaci\u00f3n del gu\u00eda.<\/p>\n<p>Esta es una de las iniciativas dentro del marco de las Becas Capital Humano para Turismo de Corfo.<\/p>\n<p>A trav\u00e9s de una formaci\u00f3n intensiva, te\u00f3rica y pr\u00e1ctica, entregar\u00e1 a los alumnos los conocimientos y certificaciones que le permitan desempe\u00f1arse como gu\u00edas reconocidos a nivel nacional.<\/p>\n<p><strong>\u00bfA qui\u00e9nes est\u00e1 dirigido el diplomado?<\/strong><\/p>\n<p>Podr\u00e1n participar los chilenos o extranjeros con permanencia definitiva en Chile, que sean gu\u00edas de turismo en ambiente de monta\u00f1a que cuenten con experiencia demostrable.<\/p>\n<p>Si perteneces al \u00e1rea de turismo, esta convocatoria es para ti.<\/p>\n<p><span style=\"color: #ff6600;\">Encuentra las bases y la gu\u00eda del postulante <strong><a style=\"color: #ff6600;\" href=\"https:\/\/www.corfo.cl\/sites\/becascapitalhumano\/convocatorias\/trekking_y_excursionismo\">en el sitio web de Corfo<\/a><\/strong>, para revisar los requisitos para Becas Capital Humano.<\/span><\/p>\n","protected":false},"excerpt":{"rendered":"<p>Hasta el 30 de septiembre puedes postular a este diplomado, que busca formar capital humano que permita contar con personas con un alto nivel t\u00e9cnico en conocimientos y habilidades que les permitan desempe\u00f1arse como gu\u00edas de turismo aut\u00f3nomos, especializados en ambiente de monta\u00f1a para la actividad trekking, por medio de la profesionalizaci\u00f3n del gu\u00eda. Esta [&hellip;]<\/p>\n","protected":false},"author":3,"featured_media":7606,"comment_status":"closed","ping_status":"closed","sticky":false,"template":"","format":"standard","meta":{"_acf_changed":false,"footnotes":""},"categories":[1],"tags":[],"class_list":["post-7605","post","type-post","status-publish","format-standard","has-post-thumbnail","hentry","category-uncategorized"],"acf":[],"yoast_head":"<!-- This site is optimized with the Yoast SEO plugin v27.1.1 - https:\/\/yoast.com\/product\/yoast-seo-wordpress\/ -->\n<title>Convocatoria: Curso de Especializaci\u00f3n en Ambiente de Monta\u00f1a para Excursionismo y Trekking - Valpara\u00ed\u00adso Creativo<\/title>\n<meta name=\"robots\" content=\"index, follow, max-snippet:-1, max-image-preview:large, max-video-preview:-1\" \/>\n<link rel=\"canonical\" href=\"https:\/\/dev.antudigital.cl\/sites\/vc\/convocatoria-curso-de-especializacion-en-ambiente-de-montana-para-excursionismo-y-trekking\/\" \/>\n<meta property=\"og:locale\" content=\"es_ES\" \/>\n<meta property=\"og:type\" content=\"article\" \/>\n<meta property=\"og:title\" content=\"Convocatoria: Curso de Especializaci\u00f3n en Ambiente de Monta\u00f1a para Excursionismo y Trekking - Valpara\u00ed\u00adso Creativo\" \/>\n<meta property=\"og:description\" content=\"Hasta el 30 de septiembre puedes postular a este diplomado, que busca formar capital humano que permita contar con personas con un alto nivel t\u00e9cnico en conocimientos y habilidades que les permitan desempe\u00f1arse como gu\u00edas de turismo aut\u00f3nomos, especializados en ambiente de monta\u00f1a para la actividad trekking, por medio de la profesionalizaci\u00f3n del gu\u00eda. Esta [&hellip;]\" \/>\n<meta property=\"og:url\" content=\"https:\/\/dev.antudigital.cl\/sites\/vc\/convocatoria-curso-de-especializacion-en-ambiente-de-montana-para-excursionismo-y-trekking\/\" \/>\n<meta property=\"og:site_name\" content=\"Valpara\u00ed\u00adso Creativo\" \/>\n<meta property=\"article:published_time\" content=\"2021-09-20T12:15:44+00:00\" \/>\n<meta property=\"og:image\" content=\"https:\/\/dev.antudigital.cl\/sites\/vc\/wp-content\/uploads\/2021\/09\/1479297364-glaciar-grey.jpg\" \/>\n\t<meta property=\"og:image:width\" content=\"976\" \/>\n\t<meta property=\"og:image:height\" content=\"549\" \/>\n\t<meta property=\"og:image:type\" content=\"image\/jpeg\" \/>\n<meta name=\"author\" content=\"Valparaiso Creativo\" \/>\n<meta name=\"twitter:card\" content=\"summary_large_image\" \/>\n<meta name=\"twitter:label1\" content=\"Escrito por\" \/>\n\t<meta name=\"twitter:data1\" content=\"Valparaiso Creativo\" \/>\n\t<meta name=\"twitter:label2\" content=\"Tiempo de lectura\" \/>\n\t<meta name=\"twitter:data2\" content=\"1 minuto\" \/>\n<script type=\"application\/ld+json\" class=\"yoast-schema-graph\">{\"@context\":\"https:\/\/schema.org\",\"@graph\":[{\"@type\":\"Article\",\"@id\":\"https:\/\/dev.antudigital.cl\/sites\/vc\/convocatoria-curso-de-especializacion-en-ambiente-de-montana-para-excursionismo-y-trekking\/#article\",\"isPartOf\":{\"@id\":\"https:\/\/dev.antudigital.cl\/sites\/vc\/convocatoria-curso-de-especializacion-en-ambiente-de-montana-para-excursionismo-y-trekking\/\"},\"author\":{\"name\":\"Valparaiso Creativo\",\"@id\":\"https:\/\/dev.antudigital.cl\/sites\/vc\/#\/schema\/person\/81d1dcd51abd542b5dfc00f5f951a0f1\"},\"headline\":\"Convocatoria: Curso de Especializaci\u00f3n en Ambiente de Monta\u00f1a para Excursionismo y Trekking\",\"datePublished\":\"2021-09-20T12:15:44+00:00\",\"mainEntityOfPage\":{\"@id\":\"https:\/\/dev.antudigital.cl\/sites\/vc\/convocatoria-curso-de-especializacion-en-ambiente-de-montana-para-excursionismo-y-trekking\/\"},\"wordCount\":194,\"image\":{\"@id\":\"https:\/\/dev.antudigital.cl\/sites\/vc\/convocatoria-curso-de-especializacion-en-ambiente-de-montana-para-excursionismo-y-trekking\/#primaryimage\"},\"thumbnailUrl\":\"https:\/\/dev.antudigital.cl\/sites\/vc\/wp-content\/uploads\/2021\/09\/1479297364-glaciar-grey.jpg\",\"articleSection\":[\"Uncategorized\"],\"inLanguage\":\"es\"},{\"@type\":\"WebPage\",\"@id\":\"https:\/\/dev.antudigital.cl\/sites\/vc\/convocatoria-curso-de-especializacion-en-ambiente-de-montana-para-excursionismo-y-trekking\/\",\"url\":\"https:\/\/dev.antudigital.cl\/sites\/vc\/convocatoria-curso-de-especializacion-en-ambiente-de-montana-para-excursionismo-y-trekking\/\",\"name\":\"Convocatoria: Curso de Especializaci\u00f3n en Ambiente de Monta\u00f1a para Excursionismo y Trekking - Valpara\u00ed\u00adso Creativo\",\"isPartOf\":{\"@id\":\"https:\/\/dev.antudigital.cl\/sites\/vc\/#website\"},\"primaryImageOfPage\":{\"@id\":\"https:\/\/dev.antudigital.cl\/sites\/vc\/convocatoria-curso-de-especializacion-en-ambiente-de-montana-para-excursionismo-y-trekking\/#primaryimage\"},\"image\":{\"@id\":\"https:\/\/dev.antudigital.cl\/sites\/vc\/convocatoria-curso-de-especializacion-en-ambiente-de-montana-para-excursionismo-y-trekking\/#primaryimage\"},\"thumbnailUrl\":\"https:\/\/dev.antudigital.cl\/sites\/vc\/wp-content\/uploads\/2021\/09\/1479297364-glaciar-grey.jpg\",\"datePublished\":\"2021-09-20T12:15:44+00:00\",\"author\":{\"@id\":\"https:\/\/dev.antudigital.cl\/sites\/vc\/#\/schema\/person\/81d1dcd51abd542b5dfc00f5f951a0f1\"},\"breadcrumb\":{\"@id\":\"https:\/\/dev.antudigital.cl\/sites\/vc\/convocatoria-curso-de-especializacion-en-ambiente-de-montana-para-excursionismo-y-trekking\/#breadcrumb\"},\"inLanguage\":\"es\",\"potentialAction\":[{\"@type\":\"ReadAction\",\"target\":[\"https:\/\/dev.antudigital.cl\/sites\/vc\/convocatoria-curso-de-especializacion-en-ambiente-de-montana-para-excursionismo-y-trekking\/\"]}]},{\"@type\":\"ImageObject\",\"inLanguage\":\"es\",\"@id\":\"https:\/\/dev.antudigital.cl\/sites\/vc\/convocatoria-curso-de-especializacion-en-ambiente-de-montana-para-excursionismo-y-trekking\/#primaryimage\",\"url\":\"https:\/\/dev.antudigital.cl\/sites\/vc\/wp-content\/uploads\/2021\/09\/1479297364-glaciar-grey.jpg\",\"contentUrl\":\"https:\/\/dev.antudigital.cl\/sites\/vc\/wp-content\/uploads\/2021\/09\/1479297364-glaciar-grey.jpg\",\"width\":976,\"height\":549},{\"@type\":\"BreadcrumbList\",\"@id\":\"https:\/\/dev.antudigital.cl\/sites\/vc\/convocatoria-curso-de-especializacion-en-ambiente-de-montana-para-excursionismo-y-trekking\/#breadcrumb\",\"itemListElement\":[{\"@type\":\"ListItem\",\"position\":1,\"name\":\"Home\",\"item\":\"https:\/\/dev.antudigital.cl\/sites\/vc\/\"},{\"@type\":\"ListItem\",\"position\":2,\"name\":\"Convocatoria: Curso de Especializaci\u00f3n en Ambiente de Monta\u00f1a para Excursionismo y Trekking\"}]},{\"@type\":\"WebSite\",\"@id\":\"https:\/\/dev.antudigital.cl\/sites\/vc\/#website\",\"url\":\"https:\/\/dev.antudigital.cl\/sites\/vc\/\",\"name\":\"Valpara\u00ed\u00adso Creativo\",\"description\":\"\",\"potentialAction\":[{\"@type\":\"SearchAction\",\"target\":{\"@type\":\"EntryPoint\",\"urlTemplate\":\"https:\/\/dev.antudigital.cl\/sites\/vc\/?s={search_term_string}\"},\"query-input\":{\"@type\":\"PropertyValueSpecification\",\"valueRequired\":true,\"valueName\":\"search_term_string\"}}],\"inLanguage\":\"es\"},{\"@type\":\"Person\",\"@id\":\"https:\/\/dev.antudigital.cl\/sites\/vc\/#\/schema\/person\/81d1dcd51abd542b5dfc00f5f951a0f1\",\"name\":\"Valparaiso Creativo\",\"url\":\"https:\/\/dev.antudigital.cl\/sites\/vc\/author\/valparaiso-creativo\/\"}]}<\/script>\n<!-- \/ Yoast SEO plugin. -->","yoast_head_json":{"title":"Convocatoria: Curso de Especializaci\u00f3n en Ambiente de Monta\u00f1a para Excursionismo y Trekking - Valpara\u00ed\u00adso Creativo","robots":{"index":"index","follow":"follow","max-snippet":"max-snippet:-1","max-image-preview":"max-image-preview:large","max-video-preview":"max-video-preview:-1"},"canonical":"https:\/\/dev.antudigital.cl\/sites\/vc\/convocatoria-curso-de-especializacion-en-ambiente-de-montana-para-excursionismo-y-trekking\/","og_locale":"es_ES","og_type":"article","og_title":"Convocatoria: Curso de Especializaci\u00f3n en Ambiente de Monta\u00f1a para Excursionismo y Trekking - Valpara\u00ed\u00adso Creativo","og_description":"Hasta el 30 de septiembre puedes postular a este diplomado, que busca formar capital humano que permita contar con personas con un alto nivel t\u00e9cnico en conocimientos y habilidades que les permitan desempe\u00f1arse como gu\u00edas de turismo aut\u00f3nomos, especializados en ambiente de monta\u00f1a para la actividad trekking, por medio de la profesionalizaci\u00f3n del gu\u00eda. Esta [&hellip;]","og_url":"https:\/\/dev.antudigital.cl\/sites\/vc\/convocatoria-curso-de-especializacion-en-ambiente-de-montana-para-excursionismo-y-trekking\/","og_site_name":"Valpara\u00ed\u00adso Creativo","article_published_time":"2021-09-20T12:15:44+00:00","og_image":[{"width":976,"height":549,"url":"https:\/\/dev.antudigital.cl\/sites\/vc\/wp-content\/uploads\/2021\/09\/1479297364-glaciar-grey.jpg","type":"image\/jpeg"}],"author":"Valparaiso Creativo","twitter_card":"summary_large_image","twitter_misc":{"Escrito por":"Valparaiso Creativo","Tiempo de lectura":"1 minuto"},"schema":{"@context":"https:\/\/schema.org","@graph":[{"@type":"Article","@id":"https:\/\/dev.antudigital.cl\/sites\/vc\/convocatoria-curso-de-especializacion-en-ambiente-de-montana-para-excursionismo-y-trekking\/#article","isPartOf":{"@id":"https:\/\/dev.antudigital.cl\/sites\/vc\/convocatoria-curso-de-especializacion-en-ambiente-de-montana-para-excursionismo-y-trekking\/"},"author":{"name":"Valparaiso Creativo","@id":"https:\/\/dev.antudigital.cl\/sites\/vc\/#\/schema\/person\/81d1dcd51abd542b5dfc00f5f951a0f1"},"headline":"Convocatoria: Curso de Especializaci\u00f3n en Ambiente de Monta\u00f1a para Excursionismo y Trekking","datePublished":"2021-09-20T12:15:44+00:00","mainEntityOfPage":{"@id":"https:\/\/dev.antudigital.cl\/sites\/vc\/convocatoria-curso-de-especializacion-en-ambiente-de-montana-para-excursionismo-y-trekking\/"},"wordCount":194,"image":{"@id":"https:\/\/dev.antudigital.cl\/sites\/vc\/convocatoria-curso-de-especializacion-en-ambiente-de-montana-para-excursionismo-y-trekking\/#primaryimage"},"thumbnailUrl":"https:\/\/dev.antudigital.cl\/sites\/vc\/wp-content\/uploads\/2021\/09\/1479297364-glaciar-grey.jpg","articleSection":["Uncategorized"],"inLanguage":"es"},{"@type":"WebPage","@id":"https:\/\/dev.antudigital.cl\/sites\/vc\/convocatoria-curso-de-especializacion-en-ambiente-de-montana-para-excursionismo-y-trekking\/","url":"https:\/\/dev.antudigital.cl\/sites\/vc\/convocatoria-curso-de-especializacion-en-ambiente-de-montana-para-excursionismo-y-trekking\/","name":"Convocatoria: Curso de Especializaci\u00f3n en Ambiente de Monta\u00f1a para Excursionismo y Trekking - Valpara\u00ed\u00adso Creativo","isPartOf":{"@id":"https:\/\/dev.antudigital.cl\/sites\/vc\/#website"},"primaryImageOfPage":{"@id":"https:\/\/dev.antudigital.cl\/sites\/vc\/convocatoria-curso-de-especializacion-en-ambiente-de-montana-para-excursionismo-y-trekking\/#primaryimage"},"image":{"@id":"https:\/\/dev.antudigital.cl\/sites\/vc\/convocatoria-curso-de-especializacion-en-ambiente-de-montana-para-excursionismo-y-trekking\/#primaryimage"},"thumbnailUrl":"https:\/\/dev.antudigital.cl\/sites\/vc\/wp-content\/uploads\/2021\/09\/1479297364-glaciar-grey.jpg","datePublished":"2021-09-20T12:15:44+00:00","author":{"@id":"https:\/\/dev.antudigital.cl\/sites\/vc\/#\/schema\/person\/81d1dcd51abd542b5dfc00f5f951a0f1"},"breadcrumb":{"@id":"https:\/\/dev.antudigital.cl\/sites\/vc\/convocatoria-curso-de-especializacion-en-ambiente-de-montana-para-excursionismo-y-trekking\/#breadcrumb"},"inLanguage":"es","potentialAction":[{"@type":"ReadAction","target":["https:\/\/dev.antudigital.cl\/sites\/vc\/convocatoria-curso-de-especializacion-en-ambiente-de-montana-para-excursionismo-y-trekking\/"]}]},{"@type":"ImageObject","inLanguage":"es","@id":"https:\/\/dev.antudigital.cl\/sites\/vc\/convocatoria-curso-de-especializacion-en-ambiente-de-montana-para-excursionismo-y-trekking\/#primaryimage","url":"https:\/\/dev.antudigital.cl\/sites\/vc\/wp-content\/uploads\/2021\/09\/1479297364-glaciar-grey.jpg","contentUrl":"https:\/\/dev.antudigital.cl\/sites\/vc\/wp-content\/uploads\/2021\/09\/1479297364-glaciar-grey.jpg","width":976,"height":549},{"@type":"BreadcrumbList","@id":"https:\/\/dev.antudigital.cl\/sites\/vc\/convocatoria-curso-de-especializacion-en-ambiente-de-montana-para-excursionismo-y-trekking\/#breadcrumb","itemListElement":[{"@type":"ListItem","position":1,"name":"Home","item":"https:\/\/dev.antudigital.cl\/sites\/vc\/"},{"@type":"ListItem","position":2,"name":"Convocatoria: Curso de Especializaci\u00f3n en Ambiente de Monta\u00f1a para Excursionismo y Trekking"}]},{"@type":"WebSite","@id":"https:\/\/dev.antudigital.cl\/sites\/vc\/#website","url":"https:\/\/dev.antudigital.cl\/sites\/vc\/","name":"Valpara\u00ed\u00adso Creativo","description":"","potentialAction":[{"@type":"SearchAction","target":{"@type":"EntryPoint","urlTemplate":"https:\/\/dev.antudigital.cl\/sites\/vc\/?s={search_term_string}"},"query-input":{"@type":"PropertyValueSpecification","valueRequired":true,"valueName":"search_term_string"}}],"inLanguage":"es"},{"@type":"Person","@id":"https:\/\/dev.antudigital.cl\/sites\/vc\/#\/schema\/person\/81d1dcd51abd542b5dfc00f5f951a0f1","name":"Valparaiso Creativo","url":"https:\/\/dev.antudigital.cl\/sites\/vc\/author\/valparaiso-creativo\/"}]}},"_links":{"self":[{"href":"https:\/\/dev.antudigital.cl\/sites\/vc\/wp-json\/wp\/v2\/posts\/7605","targetHints":{"allow":["GET"]}}],"collection":[{"href":"https:\/\/dev.antudigital.cl\/sites\/vc\/wp-json\/wp\/v2\/posts"}],"about":[{"href":"https:\/\/dev.antudigital.cl\/sites\/vc\/wp-json\/wp\/v2\/types\/post"}],"author":[{"embeddable":true,"href":"https:\/\/dev.antudigital.cl\/sites\/vc\/wp-json\/wp\/v2\/users\/3"}],"replies":[{"embeddable":true,"href":"https:\/\/dev.antudigital.cl\/sites\/vc\/wp-json\/wp\/v2\/comments?post=7605"}],"version-history":[{"count":0,"href":"https:\/\/dev.antudigital.cl\/sites\/vc\/wp-json\/wp\/v2\/posts\/7605\/revisions"}],"wp:featuredmedia":[{"embeddable":true,"href":"https:\/\/dev.antudigital.cl\/sites\/vc\/wp-json\/wp\/v2\/media\/7606"}],"wp:attachment":[{"href":"https:\/\/dev.antudigital.cl\/sites\/vc\/wp-json\/wp\/v2\/media?parent=7605"}],"wp:term":[{"taxonomy":"category","embeddable":true,"href":"https:\/\/dev.antudigital.cl\/sites\/vc\/wp-json\/wp\/v2\/categories?post=7605"},{"taxonomy":"post_tag","embeddable":true,"href":"https:\/\/dev.antudigital.cl\/sites\/vc\/wp-json\/wp\/v2\/tags?post=7605"}],"curies":[{"name":"wp","href":"https:\/\/api.w.org\/{rel}","templated":true}]}}