{"id":7609,"date":"2021-09-20T11:50:35","date_gmt":"2021-09-20T11:50:35","guid":{"rendered":"https:\/\/www.valparaisocreativo.cl\/?p=7685"},"modified":"2021-09-20T11:50:35","modified_gmt":"2021-09-20T11:50:35","slug":"parque-cultural-de-valparaiso-invita-a-agitaciones-estado-de-las-cosas","status":"publish","type":"post","link":"https:\/\/dev.antudigital.cl\/sites\/vc\/parque-cultural-de-valparaiso-invita-a-agitaciones-estado-de-las-cosas\/","title":{"rendered":"Parque Cultural de Valpara\u00edso invita a \u00abAgitaciones: estado de las cosas\u00bb"},"content":{"rendered":"<p>Durante el mes de septiembre, el <a href=\"https:\/\/web.facebook.com\/parqueculturaldevalparaiso\/\">Parque Cultural de Valpara\u00edso<\/a> (PCdV) cuenta con <strong>Agitaciones,\u00a0<\/strong>que surge con<b> el prop\u00f3sito de dinamizar a\u00fan m\u00e1s los procesos de creaci\u00f3n, expandirlos y, visibilizarlos. <\/b>A trav\u00e9s de las mismas se pretende evidenciar capas de trabajo vinculadas a la reflexi\u00f3n y a la posibilidad de compartir miradas respecto a los procesos creativos y sus m\u00faltiples posibilidades.<\/p>\n<p>Se trata de una acci\u00f3n se enmarca en el contexto de las actividades de apertura correspondientes al \u00c1rea de Creaci\u00f3n e Investigaci\u00f3n en Artes Esc\u00e9nicas del Parque Cultural de Valpara\u00edso, programa piloto que est\u00e1 potenciando el acervo creativo de la ciudad y regi\u00f3n, y la sistematizaci\u00f3n de los procedimientos de sus artistas esc\u00e9nicos.<\/p>\n<p>Este espacio plantea un contacto permanente con creadores y creadoras, donde su plan de gesti\u00f3n e implementaci\u00f3n estar\u00e1 vinculado directamente a los procesos creativos a partir de residencias.<\/p>\n<p>Las primeras invitadas son Denisse Duarte Medina, Javiera Vilches Su\u00e1rez y Pita Torres, quienes se encuentran desplegando un proceso de creaci\u00f3n en formato de residencia en las instalaciones del Parque Cultural, basado en un dise\u00f1o curatorial que determinar\u00e1 conceptualmente las pr\u00e1cticas de los y las artistas convocadas para la residencia.<\/p>\n<p><img fetchpriority=\"high\" decoding=\"async\" class=\"aligncenter size-full wp-image-7686\" src=\"https:\/\/www.valparaisocreativo.cl\/wp-content\/uploads\/2021\/09\/1-3-480x480-1.jpg\" alt=\"\" width=\"480\" height=\"480\" \/><\/p>\n<p>Las actividades que contempla AGITACIONES: \u201cEstado de las Cosas\u201d, son:<\/p>\n<p><b>Martes 21 septiembre<\/b><\/p>\n<p><b>Live con las Artistas en Residencia<\/b><\/p>\n<p><b>Hora y lugar: 19:00 hrs. a trav\u00e9s del Instagram TV del PCdV<\/b><\/p>\n<p>Rese\u00f1a: Conversaci\u00f3n con las artistas en residencia. Modera la actriz y directora Katty L\u00f3pez.<\/p>\n<p><b>Mi\u00e9rcoles 22 de septiembre<\/b><\/p>\n<p>1.- <b>Apertura de Proceso Denisse Duarte Medina \/ \u201cANDAR, prueba esc\u00e9nica \u2013 imaginario creativo\u201d<\/b><\/p>\n<p><b>Hora y lugar: 12:00 hrs en el Edificio de Transmisi\u00f3n Parque Cultural de Valpara\u00edso.<\/b><\/p>\n<p>Rese\u00f1a: Prueba esc\u00e9nica sobre primeras im\u00e1genes del proceso.<\/p>\n<p>Para asistir se deber realizar inscripci\u00f3n previa en<a href=\"https:\/\/forms.gle\/Z6ai3EZ3sS76zTiQ9\"> <b>https:\/\/forms.gle\/Z6ai3EZ3sS76zTiQ9<\/b><\/a><\/p>\n<p>2.- <b>Masterclass Residencia Denisse Duarte Medina \u201cM\u00e9todo Feldenkrais en las artes esc\u00e9nicas\u201d<\/b><\/p>\n<p><b>Hora y lugar: 19:00 hrs a trav\u00e9s del Facebook del Parque Cultural de Valpara\u00edso y del Centro Cultural \u00abLeopoldo Silva Reynoard\u00bb de Quillota.<\/b><\/p>\n<p>Expone: Daniela \u00c1lvarez L\u00f3pez<\/p>\n<p>Rese\u00f1a: El M\u00e9todo Feldenkrais es parte del campo disciplinario denominado Educaci\u00f3n Som\u00e1tica, que tiene por objeto el aprendizaje de la conciencia del cuerpo viviente (el soma). La Educaci\u00f3n Som\u00e1tica agrupa pr\u00e1cticas corporales que apuntan al desarrollo humano. \u00c9stas presentan tres aspectos que lo distinguen: la educaci\u00f3n, el movimiento y la conciencia. La clase abordar\u00e1 su aplicaci\u00f3n a las artes esc\u00e9nicas y sus vinculaciones en el \u00e1rea interpretativa.<\/p>\n<p><b>Jueves 23 de Septiembre<\/b><\/p>\n<p>1.- <b>Apertura de Proceso Artista en Residencia Javiera Vilches\/ \u201cInmensurable\u201d<\/b><\/p>\n<p><b>Hora y lugar: 12:00 hrs en el Edificio de Transmisi\u00f3n Parque Cultural de Valpara\u00edso.<\/b><\/p>\n<p>Rese\u00f1a: Desde la premisa de pensar el futuro como un viaje hacia lo desconocido, imaginamos un espacio\/tiempo donde existen otros mundos posibles. Donde la ciencia y la ficci\u00f3n se funden entre s\u00ed dando origen a un nuevo renacer. Las posibilidades son infinitas como tambi\u00e9n lo es la galaxia. Solo nos tenemos que detener un momento, como si estuvi\u00e9ramos en el centro de la galaxia, y pensar: \u00bfC\u00f3mo imaginamos un mundo diferente al que ya habitamos?<\/p>\n<p>Para asistir se deber realizar inscripci\u00f3n previa en<a href=\"https:\/\/forms.gle\/Z6ai3EZ3sS76zTiQ9\"> <b>https:\/\/forms.gle\/Z6ai3EZ3sS76zTiQ9<\/b><\/a><\/p>\n<p>2.- <b>Masterclass Residencia Javiera Vilches \u201cLa creaci\u00f3n en grupo como un proceso polif\u00f3nico en la escena\u201d<\/b><\/p>\n<p><b>Hora y lugar: 19:00 hrs a trav\u00e9s del Facebook del Parque Cultural de Valpara\u00edso y del Centro Cultural \u00abLeopoldo Silva Reynoard\u00bb de Quillota.<\/b><\/p>\n<p>Expone: Javiera Vilches y Carla Avil\u00e9s<\/p>\n<p>Rese\u00f1a: Profundizaremos en el concepto de polifon\u00eda como met\u00e1fora de las m\u00faltiples voces que conforman un equipo creativo esc\u00e9nico. En la sesi\u00f3n se expondr\u00e1 a partir de la experiencia creativa en la C\u00eda. Teatr\u00f3sfera (Los ni\u00f1os caca, Chirona, Entre-lazadas) con el trabajo basado en la improvisaci\u00f3n, la m\u00fasica, la concepci\u00f3n del actor\/actriz creador\/a, lo multi autoral y el dramaturgismo como ejes en potencia para la creaci\u00f3n de grupo.<\/p>\n<p><b>Viernes 24 septiembre<\/b><\/p>\n<p>1.- <b>Apertura de Proceso Artista en Residencia Pita Torres\/ \u201cExceso de porvenir\u201d<\/b><\/p>\n<p><b>Hora y lugar: 12:00 hrs en el Edificio de Transmisi\u00f3n Parque Cultural de Valpara\u00edso.<\/b><\/p>\n<p>Para asistir se deber realizar inscripci\u00f3n previa en<a href=\"https:\/\/forms.gle\/Z6ai3EZ3sS76zTiQ9\"> <b>https:\/\/forms.gle\/Z6ai3EZ3sS76zTiQ9<\/b><\/a><\/p>\n<p>2.- <b>Masterclass Residencia Pita Torres \u201cEl arte de combinar la materia, Cuatro l\u00edneas de enfrentamiento\u201d<\/b><\/p>\n<p><b>Hora y lugar: 19:00 hrs a trav\u00e9s del Facebook del Parque Cultural de Valpara\u00edso y del Centro Cultural \u00abLeopoldo Silva Reynoard\u00bb de Quillota.<\/b><\/p>\n<p>Exponen: Daniela Ya\u00f1ez, Jairo Urtubia, Vale Michel Lisboa, Claudio Rojas.<\/p>\n<p>Rese\u00f1a: El arte de componer las relaciones que nos componen, el acto de amar a alguien, que es captarlo de una masa, sacar sus potencias, juntarlas con las m\u00edas, que penetren y penetrar las suyas, aunque sean de una naturaleza distinta, potenciarnos, y luego buscar otras manadas. Poner a prueba el cuerpo a estar en otras experiencias, experimentar es una pr\u00e1ctica que nos debemos. Ac\u00e1 se busca organizar un entrenamiento compartido entre les performers que actualmente est\u00e1n en el proceso de residencia del \u00c1rea de Creaci\u00f3n e investigaci\u00f3n del Parque Cultural de Valpara\u00edso, cada uno con su especificidad entregar\u00e1 material de la pr\u00e1ctica que en estos momentos se est\u00e1 desplegando, ser\u00e1 una mezcla entre saberes, t\u00e9cnicas y pensamientos. La metodolog\u00eda investigativa de la Master Class ser\u00e1 desarrollada mediante un conjunto de pr\u00e1cticas de movimiento entre ellas, activaci\u00f3n del cuerpo colectivo, mutaci\u00f3n y transformaci\u00f3n, fuerza, furia, existencia, combate.<\/p>\n","protected":false},"excerpt":{"rendered":"<p>Durante el mes de septiembre, el Parque Cultural de Valpara\u00edso (PCdV) cuenta con Agitaciones,\u00a0que surge con el prop\u00f3sito de dinamizar a\u00fan m\u00e1s los procesos de creaci\u00f3n, expandirlos y, visibilizarlos. A trav\u00e9s de las mismas se pretende evidenciar capas de trabajo vinculadas a la reflexi\u00f3n y a la posibilidad de compartir miradas respecto a los procesos [&hellip;]<\/p>\n","protected":false},"author":3,"featured_media":7610,"comment_status":"closed","ping_status":"closed","sticky":false,"template":"","format":"standard","meta":{"_acf_changed":false,"footnotes":""},"categories":[1],"tags":[],"class_list":["post-7609","post","type-post","status-publish","format-standard","has-post-thumbnail","hentry","category-uncategorized"],"acf":[],"yoast_head":"<!-- This site is optimized with the Yoast SEO plugin v27.1.1 - https:\/\/yoast.com\/product\/yoast-seo-wordpress\/ -->\n<title>Parque Cultural de Valpara\u00edso invita a &quot;Agitaciones: estado de las cosas&quot; - Valpara\u00ed\u00adso Creativo<\/title>\n<meta name=\"robots\" content=\"index, follow, max-snippet:-1, max-image-preview:large, max-video-preview:-1\" \/>\n<link rel=\"canonical\" href=\"https:\/\/dev.antudigital.cl\/sites\/vc\/parque-cultural-de-valparaiso-invita-a-agitaciones-estado-de-las-cosas\/\" \/>\n<meta property=\"og:locale\" content=\"es_ES\" \/>\n<meta property=\"og:type\" content=\"article\" \/>\n<meta property=\"og:title\" content=\"Parque Cultural de Valpara\u00edso invita a &quot;Agitaciones: estado de las cosas&quot; - Valpara\u00ed\u00adso Creativo\" \/>\n<meta property=\"og:description\" content=\"Durante el mes de septiembre, el Parque Cultural de Valpara\u00edso (PCdV) cuenta con Agitaciones,\u00a0que surge con el prop\u00f3sito de dinamizar a\u00fan m\u00e1s los procesos de creaci\u00f3n, expandirlos y, visibilizarlos. A trav\u00e9s de las mismas se pretende evidenciar capas de trabajo vinculadas a la reflexi\u00f3n y a la posibilidad de compartir miradas respecto a los procesos [&hellip;]\" \/>\n<meta property=\"og:url\" content=\"https:\/\/dev.antudigital.cl\/sites\/vc\/parque-cultural-de-valparaiso-invita-a-agitaciones-estado-de-las-cosas\/\" \/>\n<meta property=\"og:site_name\" content=\"Valpara\u00ed\u00adso Creativo\" \/>\n<meta property=\"article:published_time\" content=\"2021-09-20T11:50:35+00:00\" \/>\n<meta property=\"og:image\" content=\"https:\/\/dev.antudigital.cl\/sites\/vc\/wp-content\/uploads\/2021\/09\/Captura-de-Pantalla-2021-09-20-a-las-11.39.35.png\" \/>\n\t<meta property=\"og:image:width\" content=\"713\" \/>\n\t<meta property=\"og:image:height\" content=\"349\" \/>\n\t<meta property=\"og:image:type\" content=\"image\/png\" \/>\n<meta name=\"author\" content=\"Valparaiso Creativo\" \/>\n<meta name=\"twitter:card\" content=\"summary_large_image\" \/>\n<meta name=\"twitter:label1\" content=\"Escrito por\" \/>\n\t<meta name=\"twitter:data1\" content=\"Valparaiso Creativo\" \/>\n\t<meta name=\"twitter:label2\" content=\"Tiempo de lectura\" \/>\n\t<meta name=\"twitter:data2\" content=\"5 minutos\" \/>\n<script type=\"application\/ld+json\" class=\"yoast-schema-graph\">{\"@context\":\"https:\/\/schema.org\",\"@graph\":[{\"@type\":\"Article\",\"@id\":\"https:\/\/dev.antudigital.cl\/sites\/vc\/parque-cultural-de-valparaiso-invita-a-agitaciones-estado-de-las-cosas\/#article\",\"isPartOf\":{\"@id\":\"https:\/\/dev.antudigital.cl\/sites\/vc\/parque-cultural-de-valparaiso-invita-a-agitaciones-estado-de-las-cosas\/\"},\"author\":{\"name\":\"Valparaiso Creativo\",\"@id\":\"https:\/\/dev.antudigital.cl\/sites\/vc\/#\/schema\/person\/81d1dcd51abd542b5dfc00f5f951a0f1\"},\"headline\":\"Parque Cultural de Valpara\u00edso invita a \u00abAgitaciones: estado de las cosas\u00bb\",\"datePublished\":\"2021-09-20T11:50:35+00:00\",\"mainEntityOfPage\":{\"@id\":\"https:\/\/dev.antudigital.cl\/sites\/vc\/parque-cultural-de-valparaiso-invita-a-agitaciones-estado-de-las-cosas\/\"},\"wordCount\":969,\"image\":{\"@id\":\"https:\/\/dev.antudigital.cl\/sites\/vc\/parque-cultural-de-valparaiso-invita-a-agitaciones-estado-de-las-cosas\/#primaryimage\"},\"thumbnailUrl\":\"https:\/\/dev.antudigital.cl\/sites\/vc\/wp-content\/uploads\/2021\/09\/Captura-de-Pantalla-2021-09-20-a-las-11.39.35.png\",\"articleSection\":[\"Uncategorized\"],\"inLanguage\":\"es\"},{\"@type\":\"WebPage\",\"@id\":\"https:\/\/dev.antudigital.cl\/sites\/vc\/parque-cultural-de-valparaiso-invita-a-agitaciones-estado-de-las-cosas\/\",\"url\":\"https:\/\/dev.antudigital.cl\/sites\/vc\/parque-cultural-de-valparaiso-invita-a-agitaciones-estado-de-las-cosas\/\",\"name\":\"Parque Cultural de Valpara\u00edso invita a \\\"Agitaciones: estado de las cosas\\\" - Valpara\u00ed\u00adso Creativo\",\"isPartOf\":{\"@id\":\"https:\/\/dev.antudigital.cl\/sites\/vc\/#website\"},\"primaryImageOfPage\":{\"@id\":\"https:\/\/dev.antudigital.cl\/sites\/vc\/parque-cultural-de-valparaiso-invita-a-agitaciones-estado-de-las-cosas\/#primaryimage\"},\"image\":{\"@id\":\"https:\/\/dev.antudigital.cl\/sites\/vc\/parque-cultural-de-valparaiso-invita-a-agitaciones-estado-de-las-cosas\/#primaryimage\"},\"thumbnailUrl\":\"https:\/\/dev.antudigital.cl\/sites\/vc\/wp-content\/uploads\/2021\/09\/Captura-de-Pantalla-2021-09-20-a-las-11.39.35.png\",\"datePublished\":\"2021-09-20T11:50:35+00:00\",\"author\":{\"@id\":\"https:\/\/dev.antudigital.cl\/sites\/vc\/#\/schema\/person\/81d1dcd51abd542b5dfc00f5f951a0f1\"},\"breadcrumb\":{\"@id\":\"https:\/\/dev.antudigital.cl\/sites\/vc\/parque-cultural-de-valparaiso-invita-a-agitaciones-estado-de-las-cosas\/#breadcrumb\"},\"inLanguage\":\"es\",\"potentialAction\":[{\"@type\":\"ReadAction\",\"target\":[\"https:\/\/dev.antudigital.cl\/sites\/vc\/parque-cultural-de-valparaiso-invita-a-agitaciones-estado-de-las-cosas\/\"]}]},{\"@type\":\"ImageObject\",\"inLanguage\":\"es\",\"@id\":\"https:\/\/dev.antudigital.cl\/sites\/vc\/parque-cultural-de-valparaiso-invita-a-agitaciones-estado-de-las-cosas\/#primaryimage\",\"url\":\"https:\/\/dev.antudigital.cl\/sites\/vc\/wp-content\/uploads\/2021\/09\/Captura-de-Pantalla-2021-09-20-a-las-11.39.35.png\",\"contentUrl\":\"https:\/\/dev.antudigital.cl\/sites\/vc\/wp-content\/uploads\/2021\/09\/Captura-de-Pantalla-2021-09-20-a-las-11.39.35.png\",\"width\":713,\"height\":349},{\"@type\":\"BreadcrumbList\",\"@id\":\"https:\/\/dev.antudigital.cl\/sites\/vc\/parque-cultural-de-valparaiso-invita-a-agitaciones-estado-de-las-cosas\/#breadcrumb\",\"itemListElement\":[{\"@type\":\"ListItem\",\"position\":1,\"name\":\"Home\",\"item\":\"https:\/\/dev.antudigital.cl\/sites\/vc\/\"},{\"@type\":\"ListItem\",\"position\":2,\"name\":\"Parque Cultural de Valpara\u00edso invita a \u00abAgitaciones: estado de las cosas\u00bb\"}]},{\"@type\":\"WebSite\",\"@id\":\"https:\/\/dev.antudigital.cl\/sites\/vc\/#website\",\"url\":\"https:\/\/dev.antudigital.cl\/sites\/vc\/\",\"name\":\"Valpara\u00ed\u00adso Creativo\",\"description\":\"\",\"potentialAction\":[{\"@type\":\"SearchAction\",\"target\":{\"@type\":\"EntryPoint\",\"urlTemplate\":\"https:\/\/dev.antudigital.cl\/sites\/vc\/?s={search_term_string}\"},\"query-input\":{\"@type\":\"PropertyValueSpecification\",\"valueRequired\":true,\"valueName\":\"search_term_string\"}}],\"inLanguage\":\"es\"},{\"@type\":\"Person\",\"@id\":\"https:\/\/dev.antudigital.cl\/sites\/vc\/#\/schema\/person\/81d1dcd51abd542b5dfc00f5f951a0f1\",\"name\":\"Valparaiso Creativo\",\"url\":\"https:\/\/dev.antudigital.cl\/sites\/vc\/author\/valparaiso-creativo\/\"}]}<\/script>\n<!-- \/ Yoast SEO plugin. -->","yoast_head_json":{"title":"Parque Cultural de Valpara\u00edso invita a \"Agitaciones: estado de las cosas\" - Valpara\u00ed\u00adso Creativo","robots":{"index":"index","follow":"follow","max-snippet":"max-snippet:-1","max-image-preview":"max-image-preview:large","max-video-preview":"max-video-preview:-1"},"canonical":"https:\/\/dev.antudigital.cl\/sites\/vc\/parque-cultural-de-valparaiso-invita-a-agitaciones-estado-de-las-cosas\/","og_locale":"es_ES","og_type":"article","og_title":"Parque Cultural de Valpara\u00edso invita a \"Agitaciones: estado de las cosas\" - Valpara\u00ed\u00adso Creativo","og_description":"Durante el mes de septiembre, el Parque Cultural de Valpara\u00edso (PCdV) cuenta con Agitaciones,\u00a0que surge con el prop\u00f3sito de dinamizar a\u00fan m\u00e1s los procesos de creaci\u00f3n, expandirlos y, visibilizarlos. A trav\u00e9s de las mismas se pretende evidenciar capas de trabajo vinculadas a la reflexi\u00f3n y a la posibilidad de compartir miradas respecto a los procesos [&hellip;]","og_url":"https:\/\/dev.antudigital.cl\/sites\/vc\/parque-cultural-de-valparaiso-invita-a-agitaciones-estado-de-las-cosas\/","og_site_name":"Valpara\u00ed\u00adso Creativo","article_published_time":"2021-09-20T11:50:35+00:00","og_image":[{"width":713,"height":349,"url":"https:\/\/dev.antudigital.cl\/sites\/vc\/wp-content\/uploads\/2021\/09\/Captura-de-Pantalla-2021-09-20-a-las-11.39.35.png","type":"image\/png"}],"author":"Valparaiso Creativo","twitter_card":"summary_large_image","twitter_misc":{"Escrito por":"Valparaiso Creativo","Tiempo de lectura":"5 minutos"},"schema":{"@context":"https:\/\/schema.org","@graph":[{"@type":"Article","@id":"https:\/\/dev.antudigital.cl\/sites\/vc\/parque-cultural-de-valparaiso-invita-a-agitaciones-estado-de-las-cosas\/#article","isPartOf":{"@id":"https:\/\/dev.antudigital.cl\/sites\/vc\/parque-cultural-de-valparaiso-invita-a-agitaciones-estado-de-las-cosas\/"},"author":{"name":"Valparaiso Creativo","@id":"https:\/\/dev.antudigital.cl\/sites\/vc\/#\/schema\/person\/81d1dcd51abd542b5dfc00f5f951a0f1"},"headline":"Parque Cultural de Valpara\u00edso invita a \u00abAgitaciones: estado de las cosas\u00bb","datePublished":"2021-09-20T11:50:35+00:00","mainEntityOfPage":{"@id":"https:\/\/dev.antudigital.cl\/sites\/vc\/parque-cultural-de-valparaiso-invita-a-agitaciones-estado-de-las-cosas\/"},"wordCount":969,"image":{"@id":"https:\/\/dev.antudigital.cl\/sites\/vc\/parque-cultural-de-valparaiso-invita-a-agitaciones-estado-de-las-cosas\/#primaryimage"},"thumbnailUrl":"https:\/\/dev.antudigital.cl\/sites\/vc\/wp-content\/uploads\/2021\/09\/Captura-de-Pantalla-2021-09-20-a-las-11.39.35.png","articleSection":["Uncategorized"],"inLanguage":"es"},{"@type":"WebPage","@id":"https:\/\/dev.antudigital.cl\/sites\/vc\/parque-cultural-de-valparaiso-invita-a-agitaciones-estado-de-las-cosas\/","url":"https:\/\/dev.antudigital.cl\/sites\/vc\/parque-cultural-de-valparaiso-invita-a-agitaciones-estado-de-las-cosas\/","name":"Parque Cultural de Valpara\u00edso invita a \"Agitaciones: estado de las cosas\" - Valpara\u00ed\u00adso Creativo","isPartOf":{"@id":"https:\/\/dev.antudigital.cl\/sites\/vc\/#website"},"primaryImageOfPage":{"@id":"https:\/\/dev.antudigital.cl\/sites\/vc\/parque-cultural-de-valparaiso-invita-a-agitaciones-estado-de-las-cosas\/#primaryimage"},"image":{"@id":"https:\/\/dev.antudigital.cl\/sites\/vc\/parque-cultural-de-valparaiso-invita-a-agitaciones-estado-de-las-cosas\/#primaryimage"},"thumbnailUrl":"https:\/\/dev.antudigital.cl\/sites\/vc\/wp-content\/uploads\/2021\/09\/Captura-de-Pantalla-2021-09-20-a-las-11.39.35.png","datePublished":"2021-09-20T11:50:35+00:00","author":{"@id":"https:\/\/dev.antudigital.cl\/sites\/vc\/#\/schema\/person\/81d1dcd51abd542b5dfc00f5f951a0f1"},"breadcrumb":{"@id":"https:\/\/dev.antudigital.cl\/sites\/vc\/parque-cultural-de-valparaiso-invita-a-agitaciones-estado-de-las-cosas\/#breadcrumb"},"inLanguage":"es","potentialAction":[{"@type":"ReadAction","target":["https:\/\/dev.antudigital.cl\/sites\/vc\/parque-cultural-de-valparaiso-invita-a-agitaciones-estado-de-las-cosas\/"]}]},{"@type":"ImageObject","inLanguage":"es","@id":"https:\/\/dev.antudigital.cl\/sites\/vc\/parque-cultural-de-valparaiso-invita-a-agitaciones-estado-de-las-cosas\/#primaryimage","url":"https:\/\/dev.antudigital.cl\/sites\/vc\/wp-content\/uploads\/2021\/09\/Captura-de-Pantalla-2021-09-20-a-las-11.39.35.png","contentUrl":"https:\/\/dev.antudigital.cl\/sites\/vc\/wp-content\/uploads\/2021\/09\/Captura-de-Pantalla-2021-09-20-a-las-11.39.35.png","width":713,"height":349},{"@type":"BreadcrumbList","@id":"https:\/\/dev.antudigital.cl\/sites\/vc\/parque-cultural-de-valparaiso-invita-a-agitaciones-estado-de-las-cosas\/#breadcrumb","itemListElement":[{"@type":"ListItem","position":1,"name":"Home","item":"https:\/\/dev.antudigital.cl\/sites\/vc\/"},{"@type":"ListItem","position":2,"name":"Parque Cultural de Valpara\u00edso invita a \u00abAgitaciones: estado de las cosas\u00bb"}]},{"@type":"WebSite","@id":"https:\/\/dev.antudigital.cl\/sites\/vc\/#website","url":"https:\/\/dev.antudigital.cl\/sites\/vc\/","name":"Valpara\u00ed\u00adso Creativo","description":"","potentialAction":[{"@type":"SearchAction","target":{"@type":"EntryPoint","urlTemplate":"https:\/\/dev.antudigital.cl\/sites\/vc\/?s={search_term_string}"},"query-input":{"@type":"PropertyValueSpecification","valueRequired":true,"valueName":"search_term_string"}}],"inLanguage":"es"},{"@type":"Person","@id":"https:\/\/dev.antudigital.cl\/sites\/vc\/#\/schema\/person\/81d1dcd51abd542b5dfc00f5f951a0f1","name":"Valparaiso Creativo","url":"https:\/\/dev.antudigital.cl\/sites\/vc\/author\/valparaiso-creativo\/"}]}},"_links":{"self":[{"href":"https:\/\/dev.antudigital.cl\/sites\/vc\/wp-json\/wp\/v2\/posts\/7609","targetHints":{"allow":["GET"]}}],"collection":[{"href":"https:\/\/dev.antudigital.cl\/sites\/vc\/wp-json\/wp\/v2\/posts"}],"about":[{"href":"https:\/\/dev.antudigital.cl\/sites\/vc\/wp-json\/wp\/v2\/types\/post"}],"author":[{"embeddable":true,"href":"https:\/\/dev.antudigital.cl\/sites\/vc\/wp-json\/wp\/v2\/users\/3"}],"replies":[{"embeddable":true,"href":"https:\/\/dev.antudigital.cl\/sites\/vc\/wp-json\/wp\/v2\/comments?post=7609"}],"version-history":[{"count":0,"href":"https:\/\/dev.antudigital.cl\/sites\/vc\/wp-json\/wp\/v2\/posts\/7609\/revisions"}],"wp:featuredmedia":[{"embeddable":true,"href":"https:\/\/dev.antudigital.cl\/sites\/vc\/wp-json\/wp\/v2\/media\/7610"}],"wp:attachment":[{"href":"https:\/\/dev.antudigital.cl\/sites\/vc\/wp-json\/wp\/v2\/media?parent=7609"}],"wp:term":[{"taxonomy":"category","embeddable":true,"href":"https:\/\/dev.antudigital.cl\/sites\/vc\/wp-json\/wp\/v2\/categories?post=7609"},{"taxonomy":"post_tag","embeddable":true,"href":"https:\/\/dev.antudigital.cl\/sites\/vc\/wp-json\/wp\/v2\/tags?post=7609"}],"curies":[{"name":"wp","href":"https:\/\/api.w.org\/{rel}","templated":true}]}}