{"id":7612,"date":"2021-09-20T11:34:03","date_gmt":"2021-09-20T11:34:03","guid":{"rendered":"https:\/\/www.valparaisocreativo.cl\/?p=7682"},"modified":"2021-09-20T11:34:03","modified_gmt":"2021-09-20T11:34:03","slug":"te-invitamos-a-participar-de-la-agrupacion-de-emprendedores-plaza-waddington","status":"publish","type":"post","link":"https:\/\/dev.antudigital.cl\/sites\/vc\/te-invitamos-a-participar-de-la-agrupacion-de-emprendedores-plaza-waddington\/","title":{"rendered":"Te invitamos a participar de la agrupaci\u00f3n de Emprendedores Plaza Waddington"},"content":{"rendered":"<p>Desde el 2020 los vecinos de Playa Ancha organizaron ferias para fortalecer el emprendimiento local. Es as\u00ed que llega una nueva edici\u00f3n de la feria de la agrupaci\u00f3n de Emprendedores del cerro porte\u00f1o, que busca potenciar el comercio a trav\u00e9s de exposiciones donde los emprendimientos de vecinos y vecinas podr\u00e1n darse a conocer a los transe\u00fantes y visitantes.<\/p>\n<p>El prop\u00f3sito de esta actividad y de la Agrupaci\u00f3n es poder generar una vitrina local a trav\u00e9s de una serie de fechas con distintos expositores que se ubicar\u00e1n en Plaza Waddington, reactivando la vida de barrio post-pandemia.<\/p>\n<p>Hoy son m\u00e1s de<strong> 28 emprendimientos participante<\/strong>s, entre los cuales pueden encontrar vestuario, estampados, artesan\u00edas, tejidos, bazar, pinturas al \u00f3leo, alimentaci\u00f3n saludable y gourmet, jardiner\u00eda, fotograf\u00eda, entre muchos otros.<\/p>\n<h4><b>Pr\u00f3ximas fechas 2021: todos desde las 12:00 a las 18:00hrs.<\/b><\/h4>\n<p><b>Octubre<\/b><\/p>\n<ul>\n<li aria-level=\"1\">Domingo 03<\/li>\n<li aria-level=\"1\">Domingo 17<\/li>\n<li aria-level=\"1\">Domingo 31<\/li>\n<\/ul>\n<p><b>Diciembre<\/b><\/p>\n<ul>\n<li aria-level=\"1\">Domingo 05<\/li>\n<li aria-level=\"1\">Domingo 19<\/li>\n<li aria-level=\"1\">Mi\u00e9rcoles 29<\/li>\n<\/ul>\n<p><b>Expo Navidad<\/b><\/p>\n<ul>\n<li aria-level=\"1\">Martes 21<\/li>\n<li aria-level=\"1\">Mi\u00e9rcoles 22<\/li>\n<li aria-level=\"1\">Jueves 23<\/li>\n<\/ul>\n<p>&nbsp;<\/p>\n<p><span style=\"color: #ff6600;\">Si quieres postular y ser un integrante de la Agrupaci\u00f3n Emprendedores, contacta a <strong>postulaagrupacionpw@gmail.com<\/strong><\/span><\/p>\n","protected":false},"excerpt":{"rendered":"<p>Desde el 2020 los vecinos de Playa Ancha organizaron ferias para fortalecer el emprendimiento local. Es as\u00ed que llega una nueva edici\u00f3n de la feria de la agrupaci\u00f3n de Emprendedores del cerro porte\u00f1o, que busca potenciar el comercio a trav\u00e9s de exposiciones donde los emprendimientos de vecinos y vecinas podr\u00e1n darse a conocer a los [&hellip;]<\/p>\n","protected":false},"author":3,"featured_media":7613,"comment_status":"closed","ping_status":"closed","sticky":false,"template":"","format":"standard","meta":{"_acf_changed":false,"footnotes":""},"categories":[1],"tags":[],"class_list":["post-7612","post","type-post","status-publish","format-standard","has-post-thumbnail","hentry","category-uncategorized"],"acf":[],"yoast_head":"<!-- This site is optimized with the Yoast SEO plugin v27.1.1 - https:\/\/yoast.com\/product\/yoast-seo-wordpress\/ -->\n<title>Te invitamos a participar de la agrupaci\u00f3n de Emprendedores Plaza Waddington - Valpara\u00ed\u00adso Creativo<\/title>\n<meta name=\"robots\" content=\"index, follow, max-snippet:-1, max-image-preview:large, max-video-preview:-1\" \/>\n<link rel=\"canonical\" href=\"https:\/\/dev.antudigital.cl\/sites\/vc\/te-invitamos-a-participar-de-la-agrupacion-de-emprendedores-plaza-waddington\/\" \/>\n<meta property=\"og:locale\" content=\"es_ES\" \/>\n<meta property=\"og:type\" content=\"article\" \/>\n<meta property=\"og:title\" content=\"Te invitamos a participar de la agrupaci\u00f3n de Emprendedores Plaza Waddington - Valpara\u00ed\u00adso Creativo\" \/>\n<meta property=\"og:description\" content=\"Desde el 2020 los vecinos de Playa Ancha organizaron ferias para fortalecer el emprendimiento local. Es as\u00ed que llega una nueva edici\u00f3n de la feria de la agrupaci\u00f3n de Emprendedores del cerro porte\u00f1o, que busca potenciar el comercio a trav\u00e9s de exposiciones donde los emprendimientos de vecinos y vecinas podr\u00e1n darse a conocer a los [&hellip;]\" \/>\n<meta property=\"og:url\" content=\"https:\/\/dev.antudigital.cl\/sites\/vc\/te-invitamos-a-participar-de-la-agrupacion-de-emprendedores-plaza-waddington\/\" \/>\n<meta property=\"og:site_name\" content=\"Valpara\u00ed\u00adso Creativo\" \/>\n<meta property=\"article:published_time\" content=\"2021-09-20T11:34:03+00:00\" \/>\n<meta property=\"og:image\" content=\"https:\/\/dev.antudigital.cl\/sites\/vc\/wp-content\/uploads\/2021\/09\/Panoramica-con-plaza-pintada-1280.jpg\" \/>\n\t<meta property=\"og:image:width\" content=\"1280\" \/>\n\t<meta property=\"og:image:height\" content=\"587\" \/>\n\t<meta property=\"og:image:type\" content=\"image\/jpeg\" \/>\n<meta name=\"author\" content=\"Valparaiso Creativo\" \/>\n<meta name=\"twitter:card\" content=\"summary_large_image\" \/>\n<meta name=\"twitter:label1\" content=\"Escrito por\" \/>\n\t<meta name=\"twitter:data1\" content=\"Valparaiso Creativo\" \/>\n\t<meta name=\"twitter:label2\" content=\"Tiempo de lectura\" \/>\n\t<meta name=\"twitter:data2\" content=\"1 minuto\" \/>\n<script type=\"application\/ld+json\" class=\"yoast-schema-graph\">{\"@context\":\"https:\/\/schema.org\",\"@graph\":[{\"@type\":\"Article\",\"@id\":\"https:\/\/dev.antudigital.cl\/sites\/vc\/te-invitamos-a-participar-de-la-agrupacion-de-emprendedores-plaza-waddington\/#article\",\"isPartOf\":{\"@id\":\"https:\/\/dev.antudigital.cl\/sites\/vc\/te-invitamos-a-participar-de-la-agrupacion-de-emprendedores-plaza-waddington\/\"},\"author\":{\"name\":\"Valparaiso Creativo\",\"@id\":\"https:\/\/dev.antudigital.cl\/sites\/vc\/#\/schema\/person\/81d1dcd51abd542b5dfc00f5f951a0f1\"},\"headline\":\"Te invitamos a participar de la agrupaci\u00f3n de Emprendedores Plaza Waddington\",\"datePublished\":\"2021-09-20T11:34:03+00:00\",\"mainEntityOfPage\":{\"@id\":\"https:\/\/dev.antudigital.cl\/sites\/vc\/te-invitamos-a-participar-de-la-agrupacion-de-emprendedores-plaza-waddington\/\"},\"wordCount\":191,\"image\":{\"@id\":\"https:\/\/dev.antudigital.cl\/sites\/vc\/te-invitamos-a-participar-de-la-agrupacion-de-emprendedores-plaza-waddington\/#primaryimage\"},\"thumbnailUrl\":\"https:\/\/dev.antudigital.cl\/sites\/vc\/wp-content\/uploads\/2021\/09\/Panoramica-con-plaza-pintada-1280.jpg\",\"articleSection\":[\"Uncategorized\"],\"inLanguage\":\"es\"},{\"@type\":\"WebPage\",\"@id\":\"https:\/\/dev.antudigital.cl\/sites\/vc\/te-invitamos-a-participar-de-la-agrupacion-de-emprendedores-plaza-waddington\/\",\"url\":\"https:\/\/dev.antudigital.cl\/sites\/vc\/te-invitamos-a-participar-de-la-agrupacion-de-emprendedores-plaza-waddington\/\",\"name\":\"Te invitamos a participar de la agrupaci\u00f3n de Emprendedores Plaza Waddington - Valpara\u00ed\u00adso Creativo\",\"isPartOf\":{\"@id\":\"https:\/\/dev.antudigital.cl\/sites\/vc\/#website\"},\"primaryImageOfPage\":{\"@id\":\"https:\/\/dev.antudigital.cl\/sites\/vc\/te-invitamos-a-participar-de-la-agrupacion-de-emprendedores-plaza-waddington\/#primaryimage\"},\"image\":{\"@id\":\"https:\/\/dev.antudigital.cl\/sites\/vc\/te-invitamos-a-participar-de-la-agrupacion-de-emprendedores-plaza-waddington\/#primaryimage\"},\"thumbnailUrl\":\"https:\/\/dev.antudigital.cl\/sites\/vc\/wp-content\/uploads\/2021\/09\/Panoramica-con-plaza-pintada-1280.jpg\",\"datePublished\":\"2021-09-20T11:34:03+00:00\",\"author\":{\"@id\":\"https:\/\/dev.antudigital.cl\/sites\/vc\/#\/schema\/person\/81d1dcd51abd542b5dfc00f5f951a0f1\"},\"breadcrumb\":{\"@id\":\"https:\/\/dev.antudigital.cl\/sites\/vc\/te-invitamos-a-participar-de-la-agrupacion-de-emprendedores-plaza-waddington\/#breadcrumb\"},\"inLanguage\":\"es\",\"potentialAction\":[{\"@type\":\"ReadAction\",\"target\":[\"https:\/\/dev.antudigital.cl\/sites\/vc\/te-invitamos-a-participar-de-la-agrupacion-de-emprendedores-plaza-waddington\/\"]}]},{\"@type\":\"ImageObject\",\"inLanguage\":\"es\",\"@id\":\"https:\/\/dev.antudigital.cl\/sites\/vc\/te-invitamos-a-participar-de-la-agrupacion-de-emprendedores-plaza-waddington\/#primaryimage\",\"url\":\"https:\/\/dev.antudigital.cl\/sites\/vc\/wp-content\/uploads\/2021\/09\/Panoramica-con-plaza-pintada-1280.jpg\",\"contentUrl\":\"https:\/\/dev.antudigital.cl\/sites\/vc\/wp-content\/uploads\/2021\/09\/Panoramica-con-plaza-pintada-1280.jpg\",\"width\":1280,\"height\":587},{\"@type\":\"BreadcrumbList\",\"@id\":\"https:\/\/dev.antudigital.cl\/sites\/vc\/te-invitamos-a-participar-de-la-agrupacion-de-emprendedores-plaza-waddington\/#breadcrumb\",\"itemListElement\":[{\"@type\":\"ListItem\",\"position\":1,\"name\":\"Home\",\"item\":\"https:\/\/dev.antudigital.cl\/sites\/vc\/\"},{\"@type\":\"ListItem\",\"position\":2,\"name\":\"Te invitamos a participar de la agrupaci\u00f3n de Emprendedores Plaza Waddington\"}]},{\"@type\":\"WebSite\",\"@id\":\"https:\/\/dev.antudigital.cl\/sites\/vc\/#website\",\"url\":\"https:\/\/dev.antudigital.cl\/sites\/vc\/\",\"name\":\"Valpara\u00ed\u00adso Creativo\",\"description\":\"\",\"potentialAction\":[{\"@type\":\"SearchAction\",\"target\":{\"@type\":\"EntryPoint\",\"urlTemplate\":\"https:\/\/dev.antudigital.cl\/sites\/vc\/?s={search_term_string}\"},\"query-input\":{\"@type\":\"PropertyValueSpecification\",\"valueRequired\":true,\"valueName\":\"search_term_string\"}}],\"inLanguage\":\"es\"},{\"@type\":\"Person\",\"@id\":\"https:\/\/dev.antudigital.cl\/sites\/vc\/#\/schema\/person\/81d1dcd51abd542b5dfc00f5f951a0f1\",\"name\":\"Valparaiso Creativo\",\"url\":\"https:\/\/dev.antudigital.cl\/sites\/vc\/author\/valparaiso-creativo\/\"}]}<\/script>\n<!-- \/ Yoast SEO plugin. -->","yoast_head_json":{"title":"Te invitamos a participar de la agrupaci\u00f3n de Emprendedores Plaza Waddington - Valpara\u00ed\u00adso Creativo","robots":{"index":"index","follow":"follow","max-snippet":"max-snippet:-1","max-image-preview":"max-image-preview:large","max-video-preview":"max-video-preview:-1"},"canonical":"https:\/\/dev.antudigital.cl\/sites\/vc\/te-invitamos-a-participar-de-la-agrupacion-de-emprendedores-plaza-waddington\/","og_locale":"es_ES","og_type":"article","og_title":"Te invitamos a participar de la agrupaci\u00f3n de Emprendedores Plaza Waddington - Valpara\u00ed\u00adso Creativo","og_description":"Desde el 2020 los vecinos de Playa Ancha organizaron ferias para fortalecer el emprendimiento local. Es as\u00ed que llega una nueva edici\u00f3n de la feria de la agrupaci\u00f3n de Emprendedores del cerro porte\u00f1o, que busca potenciar el comercio a trav\u00e9s de exposiciones donde los emprendimientos de vecinos y vecinas podr\u00e1n darse a conocer a los [&hellip;]","og_url":"https:\/\/dev.antudigital.cl\/sites\/vc\/te-invitamos-a-participar-de-la-agrupacion-de-emprendedores-plaza-waddington\/","og_site_name":"Valpara\u00ed\u00adso Creativo","article_published_time":"2021-09-20T11:34:03+00:00","og_image":[{"width":1280,"height":587,"url":"https:\/\/dev.antudigital.cl\/sites\/vc\/wp-content\/uploads\/2021\/09\/Panoramica-con-plaza-pintada-1280.jpg","type":"image\/jpeg"}],"author":"Valparaiso Creativo","twitter_card":"summary_large_image","twitter_misc":{"Escrito por":"Valparaiso Creativo","Tiempo de lectura":"1 minuto"},"schema":{"@context":"https:\/\/schema.org","@graph":[{"@type":"Article","@id":"https:\/\/dev.antudigital.cl\/sites\/vc\/te-invitamos-a-participar-de-la-agrupacion-de-emprendedores-plaza-waddington\/#article","isPartOf":{"@id":"https:\/\/dev.antudigital.cl\/sites\/vc\/te-invitamos-a-participar-de-la-agrupacion-de-emprendedores-plaza-waddington\/"},"author":{"name":"Valparaiso Creativo","@id":"https:\/\/dev.antudigital.cl\/sites\/vc\/#\/schema\/person\/81d1dcd51abd542b5dfc00f5f951a0f1"},"headline":"Te invitamos a participar de la agrupaci\u00f3n de Emprendedores Plaza Waddington","datePublished":"2021-09-20T11:34:03+00:00","mainEntityOfPage":{"@id":"https:\/\/dev.antudigital.cl\/sites\/vc\/te-invitamos-a-participar-de-la-agrupacion-de-emprendedores-plaza-waddington\/"},"wordCount":191,"image":{"@id":"https:\/\/dev.antudigital.cl\/sites\/vc\/te-invitamos-a-participar-de-la-agrupacion-de-emprendedores-plaza-waddington\/#primaryimage"},"thumbnailUrl":"https:\/\/dev.antudigital.cl\/sites\/vc\/wp-content\/uploads\/2021\/09\/Panoramica-con-plaza-pintada-1280.jpg","articleSection":["Uncategorized"],"inLanguage":"es"},{"@type":"WebPage","@id":"https:\/\/dev.antudigital.cl\/sites\/vc\/te-invitamos-a-participar-de-la-agrupacion-de-emprendedores-plaza-waddington\/","url":"https:\/\/dev.antudigital.cl\/sites\/vc\/te-invitamos-a-participar-de-la-agrupacion-de-emprendedores-plaza-waddington\/","name":"Te invitamos a participar de la agrupaci\u00f3n de Emprendedores Plaza Waddington - Valpara\u00ed\u00adso Creativo","isPartOf":{"@id":"https:\/\/dev.antudigital.cl\/sites\/vc\/#website"},"primaryImageOfPage":{"@id":"https:\/\/dev.antudigital.cl\/sites\/vc\/te-invitamos-a-participar-de-la-agrupacion-de-emprendedores-plaza-waddington\/#primaryimage"},"image":{"@id":"https:\/\/dev.antudigital.cl\/sites\/vc\/te-invitamos-a-participar-de-la-agrupacion-de-emprendedores-plaza-waddington\/#primaryimage"},"thumbnailUrl":"https:\/\/dev.antudigital.cl\/sites\/vc\/wp-content\/uploads\/2021\/09\/Panoramica-con-plaza-pintada-1280.jpg","datePublished":"2021-09-20T11:34:03+00:00","author":{"@id":"https:\/\/dev.antudigital.cl\/sites\/vc\/#\/schema\/person\/81d1dcd51abd542b5dfc00f5f951a0f1"},"breadcrumb":{"@id":"https:\/\/dev.antudigital.cl\/sites\/vc\/te-invitamos-a-participar-de-la-agrupacion-de-emprendedores-plaza-waddington\/#breadcrumb"},"inLanguage":"es","potentialAction":[{"@type":"ReadAction","target":["https:\/\/dev.antudigital.cl\/sites\/vc\/te-invitamos-a-participar-de-la-agrupacion-de-emprendedores-plaza-waddington\/"]}]},{"@type":"ImageObject","inLanguage":"es","@id":"https:\/\/dev.antudigital.cl\/sites\/vc\/te-invitamos-a-participar-de-la-agrupacion-de-emprendedores-plaza-waddington\/#primaryimage","url":"https:\/\/dev.antudigital.cl\/sites\/vc\/wp-content\/uploads\/2021\/09\/Panoramica-con-plaza-pintada-1280.jpg","contentUrl":"https:\/\/dev.antudigital.cl\/sites\/vc\/wp-content\/uploads\/2021\/09\/Panoramica-con-plaza-pintada-1280.jpg","width":1280,"height":587},{"@type":"BreadcrumbList","@id":"https:\/\/dev.antudigital.cl\/sites\/vc\/te-invitamos-a-participar-de-la-agrupacion-de-emprendedores-plaza-waddington\/#breadcrumb","itemListElement":[{"@type":"ListItem","position":1,"name":"Home","item":"https:\/\/dev.antudigital.cl\/sites\/vc\/"},{"@type":"ListItem","position":2,"name":"Te invitamos a participar de la agrupaci\u00f3n de Emprendedores Plaza Waddington"}]},{"@type":"WebSite","@id":"https:\/\/dev.antudigital.cl\/sites\/vc\/#website","url":"https:\/\/dev.antudigital.cl\/sites\/vc\/","name":"Valpara\u00ed\u00adso Creativo","description":"","potentialAction":[{"@type":"SearchAction","target":{"@type":"EntryPoint","urlTemplate":"https:\/\/dev.antudigital.cl\/sites\/vc\/?s={search_term_string}"},"query-input":{"@type":"PropertyValueSpecification","valueRequired":true,"valueName":"search_term_string"}}],"inLanguage":"es"},{"@type":"Person","@id":"https:\/\/dev.antudigital.cl\/sites\/vc\/#\/schema\/person\/81d1dcd51abd542b5dfc00f5f951a0f1","name":"Valparaiso Creativo","url":"https:\/\/dev.antudigital.cl\/sites\/vc\/author\/valparaiso-creativo\/"}]}},"_links":{"self":[{"href":"https:\/\/dev.antudigital.cl\/sites\/vc\/wp-json\/wp\/v2\/posts\/7612","targetHints":{"allow":["GET"]}}],"collection":[{"href":"https:\/\/dev.antudigital.cl\/sites\/vc\/wp-json\/wp\/v2\/posts"}],"about":[{"href":"https:\/\/dev.antudigital.cl\/sites\/vc\/wp-json\/wp\/v2\/types\/post"}],"author":[{"embeddable":true,"href":"https:\/\/dev.antudigital.cl\/sites\/vc\/wp-json\/wp\/v2\/users\/3"}],"replies":[{"embeddable":true,"href":"https:\/\/dev.antudigital.cl\/sites\/vc\/wp-json\/wp\/v2\/comments?post=7612"}],"version-history":[{"count":0,"href":"https:\/\/dev.antudigital.cl\/sites\/vc\/wp-json\/wp\/v2\/posts\/7612\/revisions"}],"wp:featuredmedia":[{"embeddable":true,"href":"https:\/\/dev.antudigital.cl\/sites\/vc\/wp-json\/wp\/v2\/media\/7613"}],"wp:attachment":[{"href":"https:\/\/dev.antudigital.cl\/sites\/vc\/wp-json\/wp\/v2\/media?parent=7612"}],"wp:term":[{"taxonomy":"category","embeddable":true,"href":"https:\/\/dev.antudigital.cl\/sites\/vc\/wp-json\/wp\/v2\/categories?post=7612"},{"taxonomy":"post_tag","embeddable":true,"href":"https:\/\/dev.antudigital.cl\/sites\/vc\/wp-json\/wp\/v2\/tags?post=7612"}],"curies":[{"name":"wp","href":"https:\/\/api.w.org\/{rel}","templated":true}]}}