{"id":7617,"date":"2021-09-20T10:57:11","date_gmt":"2021-09-20T10:57:11","guid":{"rendered":"https:\/\/www.valparaisocreativo.cl\/?p=7668"},"modified":"2021-09-20T10:57:11","modified_gmt":"2021-09-20T10:57:11","slug":"poner-en-valor-el-oficio-orfebre-vesna-ancic-desde-vina-del-mar","status":"publish","type":"post","link":"https:\/\/dev.antudigital.cl\/sites\/vc\/poner-en-valor-el-oficio-orfebre-vesna-ancic-desde-vina-del-mar\/","title":{"rendered":"Poner en valor el oficio orfebre: Vesna Ancic desde Vi\u00f1a del Mar"},"content":{"rendered":"<p><a href=\"https:\/\/www.instagram.com\/vesna.ancic.joyas\/\"><b>Vesna Ancic <\/b><\/a>es de vi\u00f1a del mar y tiene 33 a\u00f1os. Si bien su curiosidad inicial fue por el dise\u00f1o de vestuario, carrera que estudi\u00f3, comenz\u00f3 a interesarse por los detalles y accesorios del vestuario (como la joyer\u00eda). Al terminar su carrera tom\u00f3 un curso de orfebrer\u00eda y continu\u00f3 perfeccion\u00e1ndose para crear su propia marca de joyas.<\/p>\n<p>Lleva 7 a\u00f1os dedic\u00e1ndose a hacer sus propias joyas, que gracias a la venta en l\u00ednea llegan a todo Chile. Su trabajo es delicado y centrado en insectos y flores, entre otras figuras que plasma en plata. Aqu\u00ed hablamos con esta dise\u00f1adora y orfebre sobre la creatividad y su oficio.<\/p>\n<p><img fetchpriority=\"high\" decoding=\"async\" class=\"aligncenter size-full wp-image-7672\" src=\"https:\/\/www.valparaisocreativo.cl\/wp-content\/uploads\/2021\/09\/vesna-1.jpg\" alt=\"\" width=\"960\" height=\"960\" \/><\/p>\n<p><b>\u00bfDe qu\u00e9 manera nace Vesna Ancic Joyas, tu marca?\u00a0<\/b><\/p>\n<p>-Una vez que comenc\u00e9 con el curso de orfebrer\u00eda (tom\u00e9 un curso en el taller de orfebrer\u00eda de Carola Mendez en Vi\u00f1a del Mar), al principio fue solamente de curiosidad. Paralelamente a eso cre\u00e9 una marca de vestuario y accesorios llamada Drama Queen (alrededor del a\u00f1o 2013). Dise\u00f1\u00e9 una l\u00ednea de vestidos y tambi\u00e9n de\u00a0 accesorios (de bisuter\u00eda principalmente) y fue entonces que comenc\u00e9 a hacer joyas de cobre y bronce.<\/p>\n<p>Finalmente me fui por el lado de la joyer\u00eda, incorporando el trabajo en plata. Cuando\u00a0 decid\u00ed que esto era lo m\u00edo, quise perfeccionarme y fui a estudiar a Florencia (Italia) en el a\u00f1o 2016. Desde que regres\u00e9 a Chile el a\u00f1o 2017 me dediqu\u00e9 100% a la joyer\u00eda y ah\u00ed naci\u00f3 la marca Vesna Ancic Joyas.<\/p>\n<div id='gallery-1' class='gallery galleryid-7617 gallery-columns-3 gallery-size-thumbnail'><figure class='gallery-item'>\n\t\t\t<div class='gallery-icon landscape'>\n\t\t\t\t<a href='https:\/\/dev.antudigital.cl\/sites\/vc\/nl7-1024x682-1\/'><img decoding=\"async\" width=\"96\" height=\"96\" src=\"https:\/\/dev.antudigital.cl\/sites\/vc\/wp-content\/uploads\/2021\/12\/NL7-1024x682-1-150x150.png\" class=\"attachment-thumbnail size-thumbnail\" alt=\"\" \/><\/a>\n\t\t\t<\/div><\/figure><figure class='gallery-item'>\n\t\t\t<div class='gallery-icon landscape'>\n\t\t\t\t<a href='https:\/\/dev.antudigital.cl\/sites\/vc\/nl4-1024x682-1\/'><img decoding=\"async\" width=\"96\" height=\"96\" src=\"https:\/\/dev.antudigital.cl\/sites\/vc\/wp-content\/uploads\/2021\/12\/NL4-1024x682-1-150x150.png\" class=\"attachment-thumbnail size-thumbnail\" alt=\"\" \/><\/a>\n\t\t\t<\/div><\/figure>\n\t\t<\/div>\n\n<p><b>\u00bfDe qu\u00e9 manera crees que te vinculas con la creatividad? \u00bfQu\u00e9 es eso para ti?<\/b><\/p>\n<p>-Desde muy chica que me vinculo con la creatividad. Recuerdo siempre desde inventar cuentos, historias hasta dise\u00f1os de ropa de mis mu\u00f1ecas. Es parte de mi imaginaci\u00f3n y creo que no podr\u00eda estar sin crear algo.<\/p>\n<p><b>\u00bfQu\u00e9 te inspira a <\/b><b><i>crear<\/i><\/b><b>?<\/b><\/p>\n<p>-Me inspira principalmente lo que me rodea: la naturaleza, sus colores, sus formas. Como tambi\u00e9n me inspiro en las tendencias de la moda en general. Es una mezcla de ambas cosas donde a cada dise\u00f1o le pongo mi toque personal.<\/p>\n<figure id=\"attachment_7673\" aria-describedby=\"caption-attachment-7673\" style=\"width: 768px\" class=\"wp-caption aligncenter\"><img loading=\"lazy\" decoding=\"async\" class=\"size-full wp-image-7673\" src=\"https:\/\/www.valparaisocreativo.cl\/wp-content\/uploads\/2021\/09\/Trabajando_1.jpg\" alt=\"\" width=\"768\" height=\"965\" \/><figcaption id=\"caption-attachment-7673\" class=\"wp-caption-text\">Processed with VSCO with j1 preset<\/figcaption><\/figure>\n<p><b>Me gustar\u00eda conocer tu experiencia c\u00f3mo \u00abemprendedora\u00bb: tanto lo bueno como lo malo, lo aprendido<\/b><\/p>\n<p>-Lo bueno de emprender es la independencia. La libertad de horarios, ya que en los procesos creativos es muy necesario que fluyan sin presi\u00f3n de tiempos.<\/p>\n<p>Lo malo puede ser la inestabilidad sobre todo al comienzo, hay que ser muy perseverante y nunca sabes realmente c\u00f3mo viene la cosa. Dependes mucho de factores externos, pero uno va aprendiendo en el camino y conociendo al mercado y los clientes y te vas adaptando constantemente a eso. La verdad a pesar de eso no lo cambio por nada.<\/p>\n<p><b>\u00bfC\u00f3mo te proyectas hoy?<\/b><\/p>\n<p>-Por el momento estoy vendiendo exclusivamente en l\u00ednea. Me gustar\u00eda eventualmente vender mis joyas en una tienda f\u00edsica e ir creciendo e incorporar a alguna persona que me ayude con la mano de obra de esta manera ir pudiendo crecer.<\/p>\n<p><span style=\"color: #ff6600;\">Si deseas conocer m\u00e1s de Vesna y su trabajo, s\u00edguela en <a style=\"color: #ff6600;\" href=\"https:\/\/www.instagram.com\/vesna.ancic.joyas\/\">Instagram haciendo click aqu\u00ed<\/a>.<\/span><\/p>\n","protected":false},"excerpt":{"rendered":"<p>Vesna Ancic es de vi\u00f1a del mar y tiene 33 a\u00f1os. Si bien su curiosidad inicial fue por el dise\u00f1o de vestuario, carrera que estudi\u00f3, comenz\u00f3 a interesarse por los detalles y accesorios del vestuario (como la joyer\u00eda). Al terminar su carrera tom\u00f3 un curso de orfebrer\u00eda y continu\u00f3 perfeccion\u00e1ndose para crear su propia marca [&hellip;]<\/p>\n","protected":false},"author":3,"featured_media":7618,"comment_status":"closed","ping_status":"closed","sticky":false,"template":"","format":"standard","meta":{"_acf_changed":false,"footnotes":""},"categories":[1],"tags":[],"class_list":["post-7617","post","type-post","status-publish","format-standard","has-post-thumbnail","hentry","category-uncategorized"],"acf":[],"yoast_head":"<!-- This site is optimized with the Yoast SEO plugin v27.1.1 - https:\/\/yoast.com\/product\/yoast-seo-wordpress\/ -->\n<title>Poner en valor el oficio orfebre: Vesna Ancic desde Vi\u00f1a del Mar - Valpara\u00ed\u00adso Creativo<\/title>\n<meta name=\"robots\" content=\"index, follow, max-snippet:-1, max-image-preview:large, max-video-preview:-1\" \/>\n<link rel=\"canonical\" href=\"https:\/\/dev.antudigital.cl\/sites\/vc\/poner-en-valor-el-oficio-orfebre-vesna-ancic-desde-vina-del-mar\/\" \/>\n<meta property=\"og:locale\" content=\"es_ES\" \/>\n<meta property=\"og:type\" content=\"article\" \/>\n<meta property=\"og:title\" content=\"Poner en valor el oficio orfebre: Vesna Ancic desde Vi\u00f1a del Mar - Valpara\u00ed\u00adso Creativo\" \/>\n<meta property=\"og:description\" content=\"Vesna Ancic es de vi\u00f1a del mar y tiene 33 a\u00f1os. Si bien su curiosidad inicial fue por el dise\u00f1o de vestuario, carrera que estudi\u00f3, comenz\u00f3 a interesarse por los detalles y accesorios del vestuario (como la joyer\u00eda). Al terminar su carrera tom\u00f3 un curso de orfebrer\u00eda y continu\u00f3 perfeccion\u00e1ndose para crear su propia marca [&hellip;]\" \/>\n<meta property=\"og:url\" content=\"https:\/\/dev.antudigital.cl\/sites\/vc\/poner-en-valor-el-oficio-orfebre-vesna-ancic-desde-vina-del-mar\/\" \/>\n<meta property=\"og:site_name\" content=\"Valpara\u00ed\u00adso Creativo\" \/>\n<meta property=\"article:published_time\" content=\"2021-09-20T10:57:11+00:00\" \/>\n<meta property=\"og:image\" content=\"https:\/\/dev.antudigital.cl\/sites\/vc\/wp-content\/uploads\/2021\/09\/221.jpg\" \/>\n\t<meta property=\"og:image:width\" content=\"1701\" \/>\n\t<meta property=\"og:image:height\" content=\"896\" \/>\n\t<meta property=\"og:image:type\" content=\"image\/jpeg\" \/>\n<meta name=\"author\" content=\"Valparaiso Creativo\" \/>\n<meta name=\"twitter:card\" content=\"summary_large_image\" \/>\n<meta name=\"twitter:label1\" content=\"Escrito por\" \/>\n\t<meta name=\"twitter:data1\" content=\"Valparaiso Creativo\" \/>\n\t<meta name=\"twitter:label2\" content=\"Tiempo de lectura\" \/>\n\t<meta name=\"twitter:data2\" content=\"3 minutos\" \/>\n<script type=\"application\/ld+json\" class=\"yoast-schema-graph\">{\"@context\":\"https:\/\/schema.org\",\"@graph\":[{\"@type\":\"Article\",\"@id\":\"https:\/\/dev.antudigital.cl\/sites\/vc\/poner-en-valor-el-oficio-orfebre-vesna-ancic-desde-vina-del-mar\/#article\",\"isPartOf\":{\"@id\":\"https:\/\/dev.antudigital.cl\/sites\/vc\/poner-en-valor-el-oficio-orfebre-vesna-ancic-desde-vina-del-mar\/\"},\"author\":{\"name\":\"Valparaiso Creativo\",\"@id\":\"https:\/\/dev.antudigital.cl\/sites\/vc\/#\/schema\/person\/81d1dcd51abd542b5dfc00f5f951a0f1\"},\"headline\":\"Poner en valor el oficio orfebre: Vesna Ancic desde Vi\u00f1a del Mar\",\"datePublished\":\"2021-09-20T10:57:11+00:00\",\"mainEntityOfPage\":{\"@id\":\"https:\/\/dev.antudigital.cl\/sites\/vc\/poner-en-valor-el-oficio-orfebre-vesna-ancic-desde-vina-del-mar\/\"},\"wordCount\":559,\"image\":{\"@id\":\"https:\/\/dev.antudigital.cl\/sites\/vc\/poner-en-valor-el-oficio-orfebre-vesna-ancic-desde-vina-del-mar\/#primaryimage\"},\"thumbnailUrl\":\"https:\/\/dev.antudigital.cl\/sites\/vc\/wp-content\/uploads\/2021\/09\/221.jpg\",\"articleSection\":[\"Uncategorized\"],\"inLanguage\":\"es\"},{\"@type\":\"WebPage\",\"@id\":\"https:\/\/dev.antudigital.cl\/sites\/vc\/poner-en-valor-el-oficio-orfebre-vesna-ancic-desde-vina-del-mar\/\",\"url\":\"https:\/\/dev.antudigital.cl\/sites\/vc\/poner-en-valor-el-oficio-orfebre-vesna-ancic-desde-vina-del-mar\/\",\"name\":\"Poner en valor el oficio orfebre: Vesna Ancic desde Vi\u00f1a del Mar - Valpara\u00ed\u00adso Creativo\",\"isPartOf\":{\"@id\":\"https:\/\/dev.antudigital.cl\/sites\/vc\/#website\"},\"primaryImageOfPage\":{\"@id\":\"https:\/\/dev.antudigital.cl\/sites\/vc\/poner-en-valor-el-oficio-orfebre-vesna-ancic-desde-vina-del-mar\/#primaryimage\"},\"image\":{\"@id\":\"https:\/\/dev.antudigital.cl\/sites\/vc\/poner-en-valor-el-oficio-orfebre-vesna-ancic-desde-vina-del-mar\/#primaryimage\"},\"thumbnailUrl\":\"https:\/\/dev.antudigital.cl\/sites\/vc\/wp-content\/uploads\/2021\/09\/221.jpg\",\"datePublished\":\"2021-09-20T10:57:11+00:00\",\"author\":{\"@id\":\"https:\/\/dev.antudigital.cl\/sites\/vc\/#\/schema\/person\/81d1dcd51abd542b5dfc00f5f951a0f1\"},\"breadcrumb\":{\"@id\":\"https:\/\/dev.antudigital.cl\/sites\/vc\/poner-en-valor-el-oficio-orfebre-vesna-ancic-desde-vina-del-mar\/#breadcrumb\"},\"inLanguage\":\"es\",\"potentialAction\":[{\"@type\":\"ReadAction\",\"target\":[\"https:\/\/dev.antudigital.cl\/sites\/vc\/poner-en-valor-el-oficio-orfebre-vesna-ancic-desde-vina-del-mar\/\"]}]},{\"@type\":\"ImageObject\",\"inLanguage\":\"es\",\"@id\":\"https:\/\/dev.antudigital.cl\/sites\/vc\/poner-en-valor-el-oficio-orfebre-vesna-ancic-desde-vina-del-mar\/#primaryimage\",\"url\":\"https:\/\/dev.antudigital.cl\/sites\/vc\/wp-content\/uploads\/2021\/09\/221.jpg\",\"contentUrl\":\"https:\/\/dev.antudigital.cl\/sites\/vc\/wp-content\/uploads\/2021\/09\/221.jpg\",\"width\":1701,\"height\":896},{\"@type\":\"BreadcrumbList\",\"@id\":\"https:\/\/dev.antudigital.cl\/sites\/vc\/poner-en-valor-el-oficio-orfebre-vesna-ancic-desde-vina-del-mar\/#breadcrumb\",\"itemListElement\":[{\"@type\":\"ListItem\",\"position\":1,\"name\":\"Home\",\"item\":\"https:\/\/dev.antudigital.cl\/sites\/vc\/\"},{\"@type\":\"ListItem\",\"position\":2,\"name\":\"Poner en valor el oficio orfebre: Vesna Ancic desde Vi\u00f1a del Mar\"}]},{\"@type\":\"WebSite\",\"@id\":\"https:\/\/dev.antudigital.cl\/sites\/vc\/#website\",\"url\":\"https:\/\/dev.antudigital.cl\/sites\/vc\/\",\"name\":\"Valpara\u00ed\u00adso Creativo\",\"description\":\"\",\"potentialAction\":[{\"@type\":\"SearchAction\",\"target\":{\"@type\":\"EntryPoint\",\"urlTemplate\":\"https:\/\/dev.antudigital.cl\/sites\/vc\/?s={search_term_string}\"},\"query-input\":{\"@type\":\"PropertyValueSpecification\",\"valueRequired\":true,\"valueName\":\"search_term_string\"}}],\"inLanguage\":\"es\"},{\"@type\":\"Person\",\"@id\":\"https:\/\/dev.antudigital.cl\/sites\/vc\/#\/schema\/person\/81d1dcd51abd542b5dfc00f5f951a0f1\",\"name\":\"Valparaiso Creativo\",\"url\":\"https:\/\/dev.antudigital.cl\/sites\/vc\/author\/valparaiso-creativo\/\"}]}<\/script>\n<!-- \/ Yoast SEO plugin. -->","yoast_head_json":{"title":"Poner en valor el oficio orfebre: Vesna Ancic desde Vi\u00f1a del Mar - Valpara\u00ed\u00adso Creativo","robots":{"index":"index","follow":"follow","max-snippet":"max-snippet:-1","max-image-preview":"max-image-preview:large","max-video-preview":"max-video-preview:-1"},"canonical":"https:\/\/dev.antudigital.cl\/sites\/vc\/poner-en-valor-el-oficio-orfebre-vesna-ancic-desde-vina-del-mar\/","og_locale":"es_ES","og_type":"article","og_title":"Poner en valor el oficio orfebre: Vesna Ancic desde Vi\u00f1a del Mar - Valpara\u00ed\u00adso Creativo","og_description":"Vesna Ancic es de vi\u00f1a del mar y tiene 33 a\u00f1os. Si bien su curiosidad inicial fue por el dise\u00f1o de vestuario, carrera que estudi\u00f3, comenz\u00f3 a interesarse por los detalles y accesorios del vestuario (como la joyer\u00eda). Al terminar su carrera tom\u00f3 un curso de orfebrer\u00eda y continu\u00f3 perfeccion\u00e1ndose para crear su propia marca [&hellip;]","og_url":"https:\/\/dev.antudigital.cl\/sites\/vc\/poner-en-valor-el-oficio-orfebre-vesna-ancic-desde-vina-del-mar\/","og_site_name":"Valpara\u00ed\u00adso Creativo","article_published_time":"2021-09-20T10:57:11+00:00","og_image":[{"width":1701,"height":896,"url":"https:\/\/dev.antudigital.cl\/sites\/vc\/wp-content\/uploads\/2021\/09\/221.jpg","type":"image\/jpeg"}],"author":"Valparaiso Creativo","twitter_card":"summary_large_image","twitter_misc":{"Escrito por":"Valparaiso Creativo","Tiempo de lectura":"3 minutos"},"schema":{"@context":"https:\/\/schema.org","@graph":[{"@type":"Article","@id":"https:\/\/dev.antudigital.cl\/sites\/vc\/poner-en-valor-el-oficio-orfebre-vesna-ancic-desde-vina-del-mar\/#article","isPartOf":{"@id":"https:\/\/dev.antudigital.cl\/sites\/vc\/poner-en-valor-el-oficio-orfebre-vesna-ancic-desde-vina-del-mar\/"},"author":{"name":"Valparaiso Creativo","@id":"https:\/\/dev.antudigital.cl\/sites\/vc\/#\/schema\/person\/81d1dcd51abd542b5dfc00f5f951a0f1"},"headline":"Poner en valor el oficio orfebre: Vesna Ancic desde Vi\u00f1a del Mar","datePublished":"2021-09-20T10:57:11+00:00","mainEntityOfPage":{"@id":"https:\/\/dev.antudigital.cl\/sites\/vc\/poner-en-valor-el-oficio-orfebre-vesna-ancic-desde-vina-del-mar\/"},"wordCount":559,"image":{"@id":"https:\/\/dev.antudigital.cl\/sites\/vc\/poner-en-valor-el-oficio-orfebre-vesna-ancic-desde-vina-del-mar\/#primaryimage"},"thumbnailUrl":"https:\/\/dev.antudigital.cl\/sites\/vc\/wp-content\/uploads\/2021\/09\/221.jpg","articleSection":["Uncategorized"],"inLanguage":"es"},{"@type":"WebPage","@id":"https:\/\/dev.antudigital.cl\/sites\/vc\/poner-en-valor-el-oficio-orfebre-vesna-ancic-desde-vina-del-mar\/","url":"https:\/\/dev.antudigital.cl\/sites\/vc\/poner-en-valor-el-oficio-orfebre-vesna-ancic-desde-vina-del-mar\/","name":"Poner en valor el oficio orfebre: Vesna Ancic desde Vi\u00f1a del Mar - Valpara\u00ed\u00adso Creativo","isPartOf":{"@id":"https:\/\/dev.antudigital.cl\/sites\/vc\/#website"},"primaryImageOfPage":{"@id":"https:\/\/dev.antudigital.cl\/sites\/vc\/poner-en-valor-el-oficio-orfebre-vesna-ancic-desde-vina-del-mar\/#primaryimage"},"image":{"@id":"https:\/\/dev.antudigital.cl\/sites\/vc\/poner-en-valor-el-oficio-orfebre-vesna-ancic-desde-vina-del-mar\/#primaryimage"},"thumbnailUrl":"https:\/\/dev.antudigital.cl\/sites\/vc\/wp-content\/uploads\/2021\/09\/221.jpg","datePublished":"2021-09-20T10:57:11+00:00","author":{"@id":"https:\/\/dev.antudigital.cl\/sites\/vc\/#\/schema\/person\/81d1dcd51abd542b5dfc00f5f951a0f1"},"breadcrumb":{"@id":"https:\/\/dev.antudigital.cl\/sites\/vc\/poner-en-valor-el-oficio-orfebre-vesna-ancic-desde-vina-del-mar\/#breadcrumb"},"inLanguage":"es","potentialAction":[{"@type":"ReadAction","target":["https:\/\/dev.antudigital.cl\/sites\/vc\/poner-en-valor-el-oficio-orfebre-vesna-ancic-desde-vina-del-mar\/"]}]},{"@type":"ImageObject","inLanguage":"es","@id":"https:\/\/dev.antudigital.cl\/sites\/vc\/poner-en-valor-el-oficio-orfebre-vesna-ancic-desde-vina-del-mar\/#primaryimage","url":"https:\/\/dev.antudigital.cl\/sites\/vc\/wp-content\/uploads\/2021\/09\/221.jpg","contentUrl":"https:\/\/dev.antudigital.cl\/sites\/vc\/wp-content\/uploads\/2021\/09\/221.jpg","width":1701,"height":896},{"@type":"BreadcrumbList","@id":"https:\/\/dev.antudigital.cl\/sites\/vc\/poner-en-valor-el-oficio-orfebre-vesna-ancic-desde-vina-del-mar\/#breadcrumb","itemListElement":[{"@type":"ListItem","position":1,"name":"Home","item":"https:\/\/dev.antudigital.cl\/sites\/vc\/"},{"@type":"ListItem","position":2,"name":"Poner en valor el oficio orfebre: Vesna Ancic desde Vi\u00f1a del Mar"}]},{"@type":"WebSite","@id":"https:\/\/dev.antudigital.cl\/sites\/vc\/#website","url":"https:\/\/dev.antudigital.cl\/sites\/vc\/","name":"Valpara\u00ed\u00adso Creativo","description":"","potentialAction":[{"@type":"SearchAction","target":{"@type":"EntryPoint","urlTemplate":"https:\/\/dev.antudigital.cl\/sites\/vc\/?s={search_term_string}"},"query-input":{"@type":"PropertyValueSpecification","valueRequired":true,"valueName":"search_term_string"}}],"inLanguage":"es"},{"@type":"Person","@id":"https:\/\/dev.antudigital.cl\/sites\/vc\/#\/schema\/person\/81d1dcd51abd542b5dfc00f5f951a0f1","name":"Valparaiso Creativo","url":"https:\/\/dev.antudigital.cl\/sites\/vc\/author\/valparaiso-creativo\/"}]}},"_links":{"self":[{"href":"https:\/\/dev.antudigital.cl\/sites\/vc\/wp-json\/wp\/v2\/posts\/7617","targetHints":{"allow":["GET"]}}],"collection":[{"href":"https:\/\/dev.antudigital.cl\/sites\/vc\/wp-json\/wp\/v2\/posts"}],"about":[{"href":"https:\/\/dev.antudigital.cl\/sites\/vc\/wp-json\/wp\/v2\/types\/post"}],"author":[{"embeddable":true,"href":"https:\/\/dev.antudigital.cl\/sites\/vc\/wp-json\/wp\/v2\/users\/3"}],"replies":[{"embeddable":true,"href":"https:\/\/dev.antudigital.cl\/sites\/vc\/wp-json\/wp\/v2\/comments?post=7617"}],"version-history":[{"count":0,"href":"https:\/\/dev.antudigital.cl\/sites\/vc\/wp-json\/wp\/v2\/posts\/7617\/revisions"}],"wp:featuredmedia":[{"embeddable":true,"href":"https:\/\/dev.antudigital.cl\/sites\/vc\/wp-json\/wp\/v2\/media\/7618"}],"wp:attachment":[{"href":"https:\/\/dev.antudigital.cl\/sites\/vc\/wp-json\/wp\/v2\/media?parent=7617"}],"wp:term":[{"taxonomy":"category","embeddable":true,"href":"https:\/\/dev.antudigital.cl\/sites\/vc\/wp-json\/wp\/v2\/categories?post=7617"},{"taxonomy":"post_tag","embeddable":true,"href":"https:\/\/dev.antudigital.cl\/sites\/vc\/wp-json\/wp\/v2\/tags?post=7617"}],"curies":[{"name":"wp","href":"https:\/\/api.w.org\/{rel}","templated":true}]}}