{"id":7638,"date":"2021-09-13T13:09:14","date_gmt":"2021-09-13T13:09:14","guid":{"rendered":"https:\/\/www.valparaisocreativo.cl\/?p=7635"},"modified":"2021-09-13T13:09:14","modified_gmt":"2021-09-13T13:09:14","slug":"la-pelicula-que-se-graba-en-tiempo-record-desde-vina-del-mar","status":"publish","type":"post","link":"https:\/\/dev.antudigital.cl\/sites\/vc\/la-pelicula-que-se-graba-en-tiempo-record-desde-vina-del-mar\/","title":{"rendered":"La pel\u00edcula que se graba en tiempo r\u00e9cord desde Vi\u00f1a del Mar"},"content":{"rendered":"<p>Una producci\u00f3n en tiempo r\u00e9cord. Eso es lo que est\u00e1n haciendo en <a href=\"https:\/\/www.atacamapictures.cl\/\">Atacama Pictures<\/a>, quienes llevan dos semanas de rodaje junto a su equipo, tras a\u00f1os de preparaci\u00f3n para <b>Un like de Navidad<\/b>, una propuesta que se diferencia a todo lo que has visto en el cine chileno hasta ahora.<\/p>\n<p>Desde la Regi\u00f3n de Valpara\u00edso se est\u00e1 gestando <b>la primera comedia fant\u00e1stica navide\u00f1a situada en Chile, <\/b>una producci\u00f3n que \u201cquiere mostrar c\u00f3mo vivimos la navidad desde este lado del mundo\u201d, como nos cuenta el realizador Joaqu\u00edn Matamala de Atacama Pictures en entrevista.<\/p>\n<p>Joaqu\u00edn comenta que \u201cEstamos acostumbrados a ver una navidad con nieve, por lo que queremos mostrar nuestra versi\u00f3n con calor\u201d, dando una vuelta a todo el relato hollywoodense al que estamos acostumbrados en Chile y el mundo.<\/p>\n<p>Adem\u00e1s, es una comedia. \u00bfC\u00f3mo se combinan todos estos elementos? En palabras del guionista y productor, el tema central se enfoca en \u201cdos adolescentes que quieren ser influencers y revivir la magia de la Navidad. Es as\u00ed que atrapan a un ladr\u00f3n disfrazado de Viejo Pascuero &#8211; todo esto en Vi\u00f1a del Mar &#8211; hasta encontrarse con el real <i>Viejo pascuero\u201d<\/i>.<\/p>\n<p><img fetchpriority=\"high\" decoding=\"async\" class=\"aligncenter size-large wp-image-7637\" src=\"https:\/\/www.valparaisocreativo.cl\/wp-content\/uploads\/2021\/09\/WhatsApp-Image-2021-09-10-at-09.14.11-1-1024x682.jpeg\" alt=\"\" width=\"1024\" height=\"682\" \/><\/p>\n<p><b>Un equipo de otro nivel<\/b><\/p>\n<p>Esta propuesta juega con el absurdo y la fantas\u00eda, para convocar desde la risa. Es dirigida por el reconocido actor y director Boris Quercia, y cuenta con Diego Ayala, quien es el guionista de Luis Miguel (la serie). En el elenco participan la <em>tiktoker<\/em> Ignacia Antonia, la actriz Francisca Imboden, los actores Ricardo Fern\u00e1ndez y Rodrigo Salinas, contando con varios nombres consagrados de la escena nacional.<\/p>\n<p>Joaqu\u00edn comenz\u00f3 este proyecto el 2018 y fue creciendo poco a poco por medio de aportes privados e inversi\u00f3n de marcas, ya que era arriesgado depender de fondos en un film de comedia con las caracter\u00edsticas que quer\u00edan lograr desde Atacama Pictures.<\/p>\n<p>\u201cLos proyectos de comedia no ven la luz, y menos en la regi\u00f3n. No hab\u00eda un antecedente. Rompimos ese prejuicio de que <i>solo se hace en Santiago\u201d<\/i> confiesa Joaqu\u00edn, quien afirma que en Un like de navidad \u201cse reencontrar\u00e1n con la magia navide\u00f1a\u201d.<\/p>\n<p><img decoding=\"async\" class=\"aligncenter size-large wp-image-7638\" src=\"https:\/\/www.valparaisocreativo.cl\/wp-content\/uploads\/2021\/09\/WhatsApp-Image-2021-09-10-at-09.14.11-2-1024x682.jpeg\" alt=\"\" width=\"1024\" height=\"682\" \/><\/p>\n<p>Por otra parte, se asociaron con <a href=\"https:\/\/www.poston.cl\/\">Poston Works<\/a>, estudio creativo nacional que se dedica a los efectos especiales, para agregar a\u00fan m\u00e1s calidad al trabajo.<\/p>\n<p>El est\u00e1ndar de producci\u00f3n que manejan es muy alto: \u201cPara muchos de los que trabajamos es el primer proyecto largometraje que hemos hecho. Estamos aprendiendo en el camino. Fue un salto al vac\u00edo, un salto de fe\u201d, agrega Joaqu\u00edn Matamala.<\/p>\n<p>Actualmente est\u00e1n en la cuarta semana de rodaje, y empezaron el montaje apenas comenzaron a grabar. \u201cEs un proceso que no siempre se da en Chile y responde a ciertos tiempos de producci\u00f3n, pues apuntamos la entrega para diciembre de este a\u00f1o\u201d.<\/p>\n<p><span style=\"color: #ff6600;\">Atenci\u00f3n con esta producci\u00f3n que ver\u00e1 la luz v\u00eda streaming en diciembre 2021, ampliando el abanico de propuestas del cine nacional y aportando con enfoque regional. Puedes conectarte con sus noticias por <a href=\"https:\/\/www.linkedin.com\/pulse\/un-like-de-navidad-atacama-pictures\/?trackingId=dA7z%2B1Nfg9gzo%2BrMIdVNaQ%3D%3D\">LinkedIn<\/a>.<br \/>\n<\/span><\/p>\n<p><img decoding=\"async\" class=\"aligncenter size-large wp-image-7639\" src=\"https:\/\/www.valparaisocreativo.cl\/wp-content\/uploads\/2021\/09\/1626749412267-1024x578.jpg\" alt=\"\" width=\"1024\" height=\"578\" srcset=\"https:\/\/dev.antudigital.cl\/sites\/vc\/wp-content\/uploads\/2021\/09\/1626749412267-1024x578.jpg 1024w, https:\/\/dev.antudigital.cl\/sites\/vc\/wp-content\/uploads\/2021\/09\/1626749412267-300x169.jpg 300w, https:\/\/dev.antudigital.cl\/sites\/vc\/wp-content\/uploads\/2021\/09\/1626749412267-768x434.jpg 768w, https:\/\/dev.antudigital.cl\/sites\/vc\/wp-content\/uploads\/2021\/09\/1626749412267-1080x610.jpg 1080w, https:\/\/dev.antudigital.cl\/sites\/vc\/wp-content\/uploads\/2021\/09\/1626749412267-980x553.jpg 980w, https:\/\/dev.antudigital.cl\/sites\/vc\/wp-content\/uploads\/2021\/09\/1626749412267-480x271.jpg 480w, https:\/\/dev.antudigital.cl\/sites\/vc\/wp-content\/uploads\/2021\/09\/1626749412267.jpg 1275w\" sizes=\"(max-width: 1024px) 100vw, 1024px\" \/><\/p>\n<p><span style=\"color: #008080;\"><strong>Si deseas difundir tu contenido con nosotros, cont\u00e1ctanos con tu propuesta a comunicaciones@valparaisocreativo.cl<\/strong><\/span><\/p>\n","protected":false},"excerpt":{"rendered":"<p>Una producci\u00f3n en tiempo r\u00e9cord. Eso es lo que est\u00e1n haciendo en Atacama Pictures, quienes llevan dos semanas de rodaje junto a su equipo, tras a\u00f1os de preparaci\u00f3n para Un like de Navidad, una propuesta que se diferencia a todo lo que has visto en el cine chileno hasta ahora. Desde la Regi\u00f3n de Valpara\u00edso [&hellip;]<\/p>\n","protected":false},"author":3,"featured_media":7642,"comment_status":"closed","ping_status":"closed","sticky":false,"template":"","format":"standard","meta":{"_acf_changed":false,"footnotes":""},"categories":[1],"tags":[],"class_list":["post-7638","post","type-post","status-publish","format-standard","has-post-thumbnail","hentry","category-uncategorized"],"acf":[],"yoast_head":"<!-- This site is optimized with the Yoast SEO plugin v27.1.1 - https:\/\/yoast.com\/product\/yoast-seo-wordpress\/ -->\n<title>La pel\u00edcula que se graba en tiempo r\u00e9cord desde Vi\u00f1a del Mar - Valpara\u00ed\u00adso Creativo<\/title>\n<meta name=\"robots\" content=\"index, follow, max-snippet:-1, max-image-preview:large, max-video-preview:-1\" \/>\n<link rel=\"canonical\" href=\"https:\/\/dev.antudigital.cl\/sites\/vc\/la-pelicula-que-se-graba-en-tiempo-record-desde-vina-del-mar\/\" \/>\n<meta property=\"og:locale\" content=\"es_ES\" \/>\n<meta property=\"og:type\" content=\"article\" \/>\n<meta property=\"og:title\" content=\"La pel\u00edcula que se graba en tiempo r\u00e9cord desde Vi\u00f1a del Mar - Valpara\u00ed\u00adso Creativo\" \/>\n<meta property=\"og:description\" content=\"Una producci\u00f3n en tiempo r\u00e9cord. Eso es lo que est\u00e1n haciendo en Atacama Pictures, quienes llevan dos semanas de rodaje junto a su equipo, tras a\u00f1os de preparaci\u00f3n para Un like de Navidad, una propuesta que se diferencia a todo lo que has visto en el cine chileno hasta ahora. Desde la Regi\u00f3n de Valpara\u00edso [&hellip;]\" \/>\n<meta property=\"og:url\" content=\"https:\/\/dev.antudigital.cl\/sites\/vc\/la-pelicula-que-se-graba-en-tiempo-record-desde-vina-del-mar\/\" \/>\n<meta property=\"og:site_name\" content=\"Valpara\u00ed\u00adso Creativo\" \/>\n<meta property=\"article:published_time\" content=\"2021-09-13T13:09:14+00:00\" \/>\n<meta property=\"og:image\" content=\"https:\/\/dev.antudigital.cl\/sites\/vc\/wp-content\/uploads\/2021\/09\/WhatsApp-Image-2021-09-10-at-09.16.29.jpeg\" \/>\n\t<meta property=\"og:image:width\" content=\"1280\" \/>\n\t<meta property=\"og:image:height\" content=\"853\" \/>\n\t<meta property=\"og:image:type\" content=\"image\/jpeg\" \/>\n<meta name=\"author\" content=\"Valparaiso Creativo\" \/>\n<meta name=\"twitter:card\" content=\"summary_large_image\" \/>\n<meta name=\"twitter:label1\" content=\"Escrito por\" \/>\n\t<meta name=\"twitter:data1\" content=\"Valparaiso Creativo\" \/>\n\t<meta name=\"twitter:label2\" content=\"Tiempo de lectura\" \/>\n\t<meta name=\"twitter:data2\" content=\"3 minutos\" \/>\n<script type=\"application\/ld+json\" class=\"yoast-schema-graph\">{\"@context\":\"https:\/\/schema.org\",\"@graph\":[{\"@type\":\"Article\",\"@id\":\"https:\/\/dev.antudigital.cl\/sites\/vc\/la-pelicula-que-se-graba-en-tiempo-record-desde-vina-del-mar\/#article\",\"isPartOf\":{\"@id\":\"https:\/\/dev.antudigital.cl\/sites\/vc\/la-pelicula-que-se-graba-en-tiempo-record-desde-vina-del-mar\/\"},\"author\":{\"name\":\"Valparaiso Creativo\",\"@id\":\"https:\/\/dev.antudigital.cl\/sites\/vc\/#\/schema\/person\/81d1dcd51abd542b5dfc00f5f951a0f1\"},\"headline\":\"La pel\u00edcula que se graba en tiempo r\u00e9cord desde Vi\u00f1a del Mar\",\"datePublished\":\"2021-09-13T13:09:14+00:00\",\"mainEntityOfPage\":{\"@id\":\"https:\/\/dev.antudigital.cl\/sites\/vc\/la-pelicula-que-se-graba-en-tiempo-record-desde-vina-del-mar\/\"},\"wordCount\":556,\"image\":{\"@id\":\"https:\/\/dev.antudigital.cl\/sites\/vc\/la-pelicula-que-se-graba-en-tiempo-record-desde-vina-del-mar\/#primaryimage\"},\"thumbnailUrl\":\"https:\/\/dev.antudigital.cl\/sites\/vc\/wp-content\/uploads\/2021\/09\/WhatsApp-Image-2021-09-10-at-09.16.29.jpeg\",\"articleSection\":[\"Uncategorized\"],\"inLanguage\":\"es\"},{\"@type\":\"WebPage\",\"@id\":\"https:\/\/dev.antudigital.cl\/sites\/vc\/la-pelicula-que-se-graba-en-tiempo-record-desde-vina-del-mar\/\",\"url\":\"https:\/\/dev.antudigital.cl\/sites\/vc\/la-pelicula-que-se-graba-en-tiempo-record-desde-vina-del-mar\/\",\"name\":\"La pel\u00edcula que se graba en tiempo r\u00e9cord desde Vi\u00f1a del Mar - Valpara\u00ed\u00adso Creativo\",\"isPartOf\":{\"@id\":\"https:\/\/dev.antudigital.cl\/sites\/vc\/#website\"},\"primaryImageOfPage\":{\"@id\":\"https:\/\/dev.antudigital.cl\/sites\/vc\/la-pelicula-que-se-graba-en-tiempo-record-desde-vina-del-mar\/#primaryimage\"},\"image\":{\"@id\":\"https:\/\/dev.antudigital.cl\/sites\/vc\/la-pelicula-que-se-graba-en-tiempo-record-desde-vina-del-mar\/#primaryimage\"},\"thumbnailUrl\":\"https:\/\/dev.antudigital.cl\/sites\/vc\/wp-content\/uploads\/2021\/09\/WhatsApp-Image-2021-09-10-at-09.16.29.jpeg\",\"datePublished\":\"2021-09-13T13:09:14+00:00\",\"author\":{\"@id\":\"https:\/\/dev.antudigital.cl\/sites\/vc\/#\/schema\/person\/81d1dcd51abd542b5dfc00f5f951a0f1\"},\"breadcrumb\":{\"@id\":\"https:\/\/dev.antudigital.cl\/sites\/vc\/la-pelicula-que-se-graba-en-tiempo-record-desde-vina-del-mar\/#breadcrumb\"},\"inLanguage\":\"es\",\"potentialAction\":[{\"@type\":\"ReadAction\",\"target\":[\"https:\/\/dev.antudigital.cl\/sites\/vc\/la-pelicula-que-se-graba-en-tiempo-record-desde-vina-del-mar\/\"]}]},{\"@type\":\"ImageObject\",\"inLanguage\":\"es\",\"@id\":\"https:\/\/dev.antudigital.cl\/sites\/vc\/la-pelicula-que-se-graba-en-tiempo-record-desde-vina-del-mar\/#primaryimage\",\"url\":\"https:\/\/dev.antudigital.cl\/sites\/vc\/wp-content\/uploads\/2021\/09\/WhatsApp-Image-2021-09-10-at-09.16.29.jpeg\",\"contentUrl\":\"https:\/\/dev.antudigital.cl\/sites\/vc\/wp-content\/uploads\/2021\/09\/WhatsApp-Image-2021-09-10-at-09.16.29.jpeg\",\"width\":1280,\"height\":853},{\"@type\":\"BreadcrumbList\",\"@id\":\"https:\/\/dev.antudigital.cl\/sites\/vc\/la-pelicula-que-se-graba-en-tiempo-record-desde-vina-del-mar\/#breadcrumb\",\"itemListElement\":[{\"@type\":\"ListItem\",\"position\":1,\"name\":\"Home\",\"item\":\"https:\/\/dev.antudigital.cl\/sites\/vc\/\"},{\"@type\":\"ListItem\",\"position\":2,\"name\":\"La pel\u00edcula que se graba en tiempo r\u00e9cord desde Vi\u00f1a del Mar\"}]},{\"@type\":\"WebSite\",\"@id\":\"https:\/\/dev.antudigital.cl\/sites\/vc\/#website\",\"url\":\"https:\/\/dev.antudigital.cl\/sites\/vc\/\",\"name\":\"Valpara\u00ed\u00adso Creativo\",\"description\":\"\",\"potentialAction\":[{\"@type\":\"SearchAction\",\"target\":{\"@type\":\"EntryPoint\",\"urlTemplate\":\"https:\/\/dev.antudigital.cl\/sites\/vc\/?s={search_term_string}\"},\"query-input\":{\"@type\":\"PropertyValueSpecification\",\"valueRequired\":true,\"valueName\":\"search_term_string\"}}],\"inLanguage\":\"es\"},{\"@type\":\"Person\",\"@id\":\"https:\/\/dev.antudigital.cl\/sites\/vc\/#\/schema\/person\/81d1dcd51abd542b5dfc00f5f951a0f1\",\"name\":\"Valparaiso Creativo\",\"url\":\"https:\/\/dev.antudigital.cl\/sites\/vc\/author\/valparaiso-creativo\/\"}]}<\/script>\n<!-- \/ Yoast SEO plugin. -->","yoast_head_json":{"title":"La pel\u00edcula que se graba en tiempo r\u00e9cord desde Vi\u00f1a del Mar - Valpara\u00ed\u00adso Creativo","robots":{"index":"index","follow":"follow","max-snippet":"max-snippet:-1","max-image-preview":"max-image-preview:large","max-video-preview":"max-video-preview:-1"},"canonical":"https:\/\/dev.antudigital.cl\/sites\/vc\/la-pelicula-que-se-graba-en-tiempo-record-desde-vina-del-mar\/","og_locale":"es_ES","og_type":"article","og_title":"La pel\u00edcula que se graba en tiempo r\u00e9cord desde Vi\u00f1a del Mar - Valpara\u00ed\u00adso Creativo","og_description":"Una producci\u00f3n en tiempo r\u00e9cord. Eso es lo que est\u00e1n haciendo en Atacama Pictures, quienes llevan dos semanas de rodaje junto a su equipo, tras a\u00f1os de preparaci\u00f3n para Un like de Navidad, una propuesta que se diferencia a todo lo que has visto en el cine chileno hasta ahora. Desde la Regi\u00f3n de Valpara\u00edso [&hellip;]","og_url":"https:\/\/dev.antudigital.cl\/sites\/vc\/la-pelicula-que-se-graba-en-tiempo-record-desde-vina-del-mar\/","og_site_name":"Valpara\u00ed\u00adso Creativo","article_published_time":"2021-09-13T13:09:14+00:00","og_image":[{"width":1280,"height":853,"url":"https:\/\/dev.antudigital.cl\/sites\/vc\/wp-content\/uploads\/2021\/09\/WhatsApp-Image-2021-09-10-at-09.16.29.jpeg","type":"image\/jpeg"}],"author":"Valparaiso Creativo","twitter_card":"summary_large_image","twitter_misc":{"Escrito por":"Valparaiso Creativo","Tiempo de lectura":"3 minutos"},"schema":{"@context":"https:\/\/schema.org","@graph":[{"@type":"Article","@id":"https:\/\/dev.antudigital.cl\/sites\/vc\/la-pelicula-que-se-graba-en-tiempo-record-desde-vina-del-mar\/#article","isPartOf":{"@id":"https:\/\/dev.antudigital.cl\/sites\/vc\/la-pelicula-que-se-graba-en-tiempo-record-desde-vina-del-mar\/"},"author":{"name":"Valparaiso Creativo","@id":"https:\/\/dev.antudigital.cl\/sites\/vc\/#\/schema\/person\/81d1dcd51abd542b5dfc00f5f951a0f1"},"headline":"La pel\u00edcula que se graba en tiempo r\u00e9cord desde Vi\u00f1a del Mar","datePublished":"2021-09-13T13:09:14+00:00","mainEntityOfPage":{"@id":"https:\/\/dev.antudigital.cl\/sites\/vc\/la-pelicula-que-se-graba-en-tiempo-record-desde-vina-del-mar\/"},"wordCount":556,"image":{"@id":"https:\/\/dev.antudigital.cl\/sites\/vc\/la-pelicula-que-se-graba-en-tiempo-record-desde-vina-del-mar\/#primaryimage"},"thumbnailUrl":"https:\/\/dev.antudigital.cl\/sites\/vc\/wp-content\/uploads\/2021\/09\/WhatsApp-Image-2021-09-10-at-09.16.29.jpeg","articleSection":["Uncategorized"],"inLanguage":"es"},{"@type":"WebPage","@id":"https:\/\/dev.antudigital.cl\/sites\/vc\/la-pelicula-que-se-graba-en-tiempo-record-desde-vina-del-mar\/","url":"https:\/\/dev.antudigital.cl\/sites\/vc\/la-pelicula-que-se-graba-en-tiempo-record-desde-vina-del-mar\/","name":"La pel\u00edcula que se graba en tiempo r\u00e9cord desde Vi\u00f1a del Mar - Valpara\u00ed\u00adso Creativo","isPartOf":{"@id":"https:\/\/dev.antudigital.cl\/sites\/vc\/#website"},"primaryImageOfPage":{"@id":"https:\/\/dev.antudigital.cl\/sites\/vc\/la-pelicula-que-se-graba-en-tiempo-record-desde-vina-del-mar\/#primaryimage"},"image":{"@id":"https:\/\/dev.antudigital.cl\/sites\/vc\/la-pelicula-que-se-graba-en-tiempo-record-desde-vina-del-mar\/#primaryimage"},"thumbnailUrl":"https:\/\/dev.antudigital.cl\/sites\/vc\/wp-content\/uploads\/2021\/09\/WhatsApp-Image-2021-09-10-at-09.16.29.jpeg","datePublished":"2021-09-13T13:09:14+00:00","author":{"@id":"https:\/\/dev.antudigital.cl\/sites\/vc\/#\/schema\/person\/81d1dcd51abd542b5dfc00f5f951a0f1"},"breadcrumb":{"@id":"https:\/\/dev.antudigital.cl\/sites\/vc\/la-pelicula-que-se-graba-en-tiempo-record-desde-vina-del-mar\/#breadcrumb"},"inLanguage":"es","potentialAction":[{"@type":"ReadAction","target":["https:\/\/dev.antudigital.cl\/sites\/vc\/la-pelicula-que-se-graba-en-tiempo-record-desde-vina-del-mar\/"]}]},{"@type":"ImageObject","inLanguage":"es","@id":"https:\/\/dev.antudigital.cl\/sites\/vc\/la-pelicula-que-se-graba-en-tiempo-record-desde-vina-del-mar\/#primaryimage","url":"https:\/\/dev.antudigital.cl\/sites\/vc\/wp-content\/uploads\/2021\/09\/WhatsApp-Image-2021-09-10-at-09.16.29.jpeg","contentUrl":"https:\/\/dev.antudigital.cl\/sites\/vc\/wp-content\/uploads\/2021\/09\/WhatsApp-Image-2021-09-10-at-09.16.29.jpeg","width":1280,"height":853},{"@type":"BreadcrumbList","@id":"https:\/\/dev.antudigital.cl\/sites\/vc\/la-pelicula-que-se-graba-en-tiempo-record-desde-vina-del-mar\/#breadcrumb","itemListElement":[{"@type":"ListItem","position":1,"name":"Home","item":"https:\/\/dev.antudigital.cl\/sites\/vc\/"},{"@type":"ListItem","position":2,"name":"La pel\u00edcula que se graba en tiempo r\u00e9cord desde Vi\u00f1a del Mar"}]},{"@type":"WebSite","@id":"https:\/\/dev.antudigital.cl\/sites\/vc\/#website","url":"https:\/\/dev.antudigital.cl\/sites\/vc\/","name":"Valpara\u00ed\u00adso Creativo","description":"","potentialAction":[{"@type":"SearchAction","target":{"@type":"EntryPoint","urlTemplate":"https:\/\/dev.antudigital.cl\/sites\/vc\/?s={search_term_string}"},"query-input":{"@type":"PropertyValueSpecification","valueRequired":true,"valueName":"search_term_string"}}],"inLanguage":"es"},{"@type":"Person","@id":"https:\/\/dev.antudigital.cl\/sites\/vc\/#\/schema\/person\/81d1dcd51abd542b5dfc00f5f951a0f1","name":"Valparaiso Creativo","url":"https:\/\/dev.antudigital.cl\/sites\/vc\/author\/valparaiso-creativo\/"}]}},"_links":{"self":[{"href":"https:\/\/dev.antudigital.cl\/sites\/vc\/wp-json\/wp\/v2\/posts\/7638","targetHints":{"allow":["GET"]}}],"collection":[{"href":"https:\/\/dev.antudigital.cl\/sites\/vc\/wp-json\/wp\/v2\/posts"}],"about":[{"href":"https:\/\/dev.antudigital.cl\/sites\/vc\/wp-json\/wp\/v2\/types\/post"}],"author":[{"embeddable":true,"href":"https:\/\/dev.antudigital.cl\/sites\/vc\/wp-json\/wp\/v2\/users\/3"}],"replies":[{"embeddable":true,"href":"https:\/\/dev.antudigital.cl\/sites\/vc\/wp-json\/wp\/v2\/comments?post=7638"}],"version-history":[{"count":0,"href":"https:\/\/dev.antudigital.cl\/sites\/vc\/wp-json\/wp\/v2\/posts\/7638\/revisions"}],"wp:featuredmedia":[{"embeddable":true,"href":"https:\/\/dev.antudigital.cl\/sites\/vc\/wp-json\/wp\/v2\/media\/7642"}],"wp:attachment":[{"href":"https:\/\/dev.antudigital.cl\/sites\/vc\/wp-json\/wp\/v2\/media?parent=7638"}],"wp:term":[{"taxonomy":"category","embeddable":true,"href":"https:\/\/dev.antudigital.cl\/sites\/vc\/wp-json\/wp\/v2\/categories?post=7638"},{"taxonomy":"post_tag","embeddable":true,"href":"https:\/\/dev.antudigital.cl\/sites\/vc\/wp-json\/wp\/v2\/tags?post=7638"}],"curies":[{"name":"wp","href":"https:\/\/api.w.org\/{rel}","templated":true}]}}