{"id":7643,"date":"2021-09-06T13:34:27","date_gmt":"2021-09-06T13:34:27","guid":{"rendered":"https:\/\/www.valparaisocreativo.cl\/?p=7617"},"modified":"2022-03-11T20:48:44","modified_gmt":"2022-03-11T20:48:44","slug":"un-cruce-de-temporalidad-y-fronteras-que-rescata-patrimonio-entre-valparaiso-e-italia","status":"publish","type":"post","link":"https:\/\/dev.antudigital.cl\/sites\/vc\/un-cruce-de-temporalidad-y-fronteras-que-rescata-patrimonio-entre-valparaiso-e-italia\/","title":{"rendered":"Un cruce de temporalidad y fronteras que rescata patrimonio entre Valpara\u00edso e Italia"},"content":{"rendered":"<p>Javiera Tapia es titulada en interpretaci\u00f3n con menci\u00f3n en canto l\u00edrico de la Escuela Moderna de M\u00fasica y Danza. Lleva a\u00f1os de trayectoria estudiando y present\u00e1ndose en diversos pa\u00edses, y hoy est\u00e1 armando un tremendo proyecto con artistas chilenos en Italia. Ahora est\u00e1 gestionando un hito para la m\u00fasica nacional: la interpretaci\u00f3n de una obra chilena en el m\u00edtico Teatro Rossini de P\u00e9saro, en Italia.<\/p>\n<p>Hoy graba el <i>making off <\/i>de \u201cDe la partitura a la voz\u201d, un documental de voces chilenas que une a Valpara\u00edso y P\u00e9saro, ambas ciudades creativas de la m\u00fasica de la UNESCO. Quisimos conocer m\u00e1s sobre la historia que Javiera fue develando, que se inici\u00f3 con la partitura de m\u00e1s de cien a\u00f1os de un olvidado autor porte\u00f1o.<\/p>\n<p><b>\u00bfQu\u00e9 te llev\u00f3 a vivir en el extranjero?<\/b><\/p>\n<p>-Vengo cantando ac\u00e1 hace mucho tiempo, vine a hacer una especializaci\u00f3n en Berl\u00edn el 2016. Y luego me vine por trabajo ac\u00e1 a P\u00e9saro.<\/p>\n<p><b>\u00bfC\u00f3mo fue que derivaste en esta gesti\u00f3n, en el trabajo con esta obra?<\/b><\/p>\n<p>-Durante mi estancia en Berl\u00edn conoc\u00ed a un profesor llamado Gonzalo Cuadra, junto a \u00e9l me fij\u00e9 en Felipe Heliodoro Ortiz, que fue el primer compositor chileno que hizo una \u00f3pera grande en Italia. Nos encontramos con una partitura que se estren\u00f3 en el a\u00f1o 1902 en el teatro municipal de ac\u00e1 en P\u00e9saro, por lo que ahora estar\u00edamos preparando el segundo estreno oficial en la misma ciudad, m\u00e1s de 100 a\u00f1os despu\u00e9s.<\/p>\n<p><b>\u00bfCu\u00e1l ser\u00e1 el resultado de su trabajo? Entiendo que este es un esfuerzo autogestionado.<\/b><\/p>\n<p>-La \u00f3pera tendr\u00e1 un estreno internacional con cantantes l\u00edricos solo provenientes de Chile, que ser\u00e1 el 18 de septiembre del 2022. Mientras tanto, grabamos el documental llamado <i>De la partitura a la voz, <\/i>que cuenta el proceso de reconstrucci\u00f3n de esta partitura, su transcripci\u00f3n y todo lo que hemos hecho desde cero.<\/p>\n<p><img fetchpriority=\"high\" decoding=\"async\" class=\"aligncenter size-large wp-image-7625\" src=\"https:\/\/www.valparaisocreativo.cl\/wp-content\/uploads\/2021\/09\/7-1024x576.jpg\" alt=\"\" width=\"1024\" height=\"576\" \/><\/p>\n<p><b>\u00bfQu\u00e9 podr\u00edas contarnos sobre la narraci\u00f3n, sobre la historia que se presenta en esta obra de Felipe Heliodoro Ortiz?<\/b><\/p>\n<p>-Esta \u00f3pera cuenta un pedazo de la historia de Chile y de nuestra identidad, aunque el texto est\u00e1 en italiano por el tipo de pieza que es. Este compositor chileno, de Valpara\u00edso, vino ac\u00e1 y se perfeccion\u00f3 en el Conservatorio de Mil\u00e1n y agarr\u00f3 esta influencia y el sonido de ac\u00e1. Finalmente tom\u00f3 historia de Chile y la puso en una obra que es una trilog\u00eda de la conquista, pasando por la colonia y la independencia.<\/p>\n<p><b>Javiera, \u00bfdesde cu\u00e1ndo que te vinculas con la m\u00fasica?<\/b><\/p>\n<p>-La verdad desde que soy ni\u00f1a, ya que part\u00ed cantando en coro en el Liceo de M\u00fasica de Copiap\u00f3 hasta la adolescencia, m\u00e1s de la mitad de mi vida la llevo cantando. Hoy ya me especialic\u00e9.<\/p>\n<p><b>\u00bfEn qu\u00e9 etapa se encuentran hoy con esta gesti\u00f3n? Est\u00e1n grabando el documental, ensayando&#8230;<\/b><\/p>\n<p>-S\u00ed, m\u00e1s que nada hoy buscamos a quienes nos puedan respaldar para que el documental se distribuya en Chile. Esto es algo in\u00e9dito, es primera vez que hay un producto chileno de estas caracter\u00edsticas en Europa. Buscamos financiamiento y expandir el proyecto, que tiene por prop\u00f3sito generar una colaboraci\u00f3n entre pa\u00edses, y nace desde el compromiso y el amor por Chile.<\/p>\n<p><b>\u00bfCu\u00e1l es tu prop\u00f3sito con todo este enorme trabajo?<\/b><\/p>\n<p>-Quiero que el documental y esta obra llegue a todas las personas y que conecte con ellas.<\/p>\n","protected":false},"excerpt":{"rendered":"<p>Javiera Tapia es titulada en interpretaci\u00f3n con menci\u00f3n en canto l\u00edrico de la Escuela Moderna de M\u00fasica y Danza. Lleva a\u00f1os de trayectoria estudiando y present\u00e1ndose en diversos pa\u00edses, y hoy est\u00e1 armando un tremendo proyecto con artistas chilenos en Italia. Ahora est\u00e1 gestionando un hito para la m\u00fasica nacional: la interpretaci\u00f3n de una obra [&hellip;]<\/p>\n","protected":false},"author":3,"featured_media":9899,"comment_status":"closed","ping_status":"closed","sticky":false,"template":"","format":"standard","meta":{"_acf_changed":false,"footnotes":""},"categories":[1],"tags":[],"class_list":["post-7643","post","type-post","status-publish","format-standard","has-post-thumbnail","hentry","category-uncategorized"],"acf":[],"yoast_head":"<!-- This site is optimized with the Yoast SEO plugin v27.1.1 - https:\/\/yoast.com\/product\/yoast-seo-wordpress\/ -->\n<title>Un cruce de temporalidad y fronteras que rescata patrimonio entre Valpara\u00edso e Italia - Valpara\u00ed\u00adso Creativo<\/title>\n<meta name=\"robots\" content=\"index, follow, max-snippet:-1, max-image-preview:large, max-video-preview:-1\" \/>\n<link rel=\"canonical\" href=\"https:\/\/dev.antudigital.cl\/sites\/vc\/un-cruce-de-temporalidad-y-fronteras-que-rescata-patrimonio-entre-valparaiso-e-italia\/\" \/>\n<meta property=\"og:locale\" content=\"es_ES\" \/>\n<meta property=\"og:type\" content=\"article\" \/>\n<meta property=\"og:title\" content=\"Un cruce de temporalidad y fronteras que rescata patrimonio entre Valpara\u00edso e Italia - Valpara\u00ed\u00adso Creativo\" \/>\n<meta property=\"og:description\" content=\"Javiera Tapia es titulada en interpretaci\u00f3n con menci\u00f3n en canto l\u00edrico de la Escuela Moderna de M\u00fasica y Danza. Lleva a\u00f1os de trayectoria estudiando y present\u00e1ndose en diversos pa\u00edses, y hoy est\u00e1 armando un tremendo proyecto con artistas chilenos en Italia. Ahora est\u00e1 gestionando un hito para la m\u00fasica nacional: la interpretaci\u00f3n de una obra [&hellip;]\" \/>\n<meta property=\"og:url\" content=\"https:\/\/dev.antudigital.cl\/sites\/vc\/un-cruce-de-temporalidad-y-fronteras-que-rescata-patrimonio-entre-valparaiso-e-italia\/\" \/>\n<meta property=\"og:site_name\" content=\"Valpara\u00ed\u00adso Creativo\" \/>\n<meta property=\"article:published_time\" content=\"2021-09-06T13:34:27+00:00\" \/>\n<meta property=\"article:modified_time\" content=\"2022-03-11T20:48:44+00:00\" \/>\n<meta property=\"og:image\" content=\"https:\/\/dev.antudigital.cl\/sites\/vc\/wp-content\/uploads\/2021\/09\/ROF-GRANDE-BASICA.jpg\" \/>\n\t<meta property=\"og:image:width\" content=\"1380\" \/>\n\t<meta property=\"og:image:height\" content=\"680\" \/>\n\t<meta property=\"og:image:type\" content=\"image\/jpeg\" \/>\n<meta name=\"author\" content=\"Valparaiso Creativo\" \/>\n<meta name=\"twitter:card\" content=\"summary_large_image\" \/>\n<meta name=\"twitter:label1\" content=\"Escrito por\" \/>\n\t<meta name=\"twitter:data1\" content=\"Valparaiso Creativo\" \/>\n\t<meta name=\"twitter:label2\" content=\"Tiempo de lectura\" \/>\n\t<meta name=\"twitter:data2\" content=\"3 minutos\" \/>\n<script type=\"application\/ld+json\" class=\"yoast-schema-graph\">{\"@context\":\"https:\/\/schema.org\",\"@graph\":[{\"@type\":\"Article\",\"@id\":\"https:\/\/dev.antudigital.cl\/sites\/vc\/un-cruce-de-temporalidad-y-fronteras-que-rescata-patrimonio-entre-valparaiso-e-italia\/#article\",\"isPartOf\":{\"@id\":\"https:\/\/dev.antudigital.cl\/sites\/vc\/un-cruce-de-temporalidad-y-fronteras-que-rescata-patrimonio-entre-valparaiso-e-italia\/\"},\"author\":{\"name\":\"Valparaiso Creativo\",\"@id\":\"https:\/\/dev.antudigital.cl\/sites\/vc\/#\/schema\/person\/81d1dcd51abd542b5dfc00f5f951a0f1\"},\"headline\":\"Un cruce de temporalidad y fronteras que rescata patrimonio entre Valpara\u00edso e Italia\",\"datePublished\":\"2021-09-06T13:34:27+00:00\",\"dateModified\":\"2022-03-11T20:48:44+00:00\",\"mainEntityOfPage\":{\"@id\":\"https:\/\/dev.antudigital.cl\/sites\/vc\/un-cruce-de-temporalidad-y-fronteras-que-rescata-patrimonio-entre-valparaiso-e-italia\/\"},\"wordCount\":611,\"image\":{\"@id\":\"https:\/\/dev.antudigital.cl\/sites\/vc\/un-cruce-de-temporalidad-y-fronteras-que-rescata-patrimonio-entre-valparaiso-e-italia\/#primaryimage\"},\"thumbnailUrl\":\"https:\/\/dev.antudigital.cl\/sites\/vc\/wp-content\/uploads\/2021\/09\/ROF-GRANDE-BASICA.jpg\",\"articleSection\":[\"Uncategorized\"],\"inLanguage\":\"es\"},{\"@type\":\"WebPage\",\"@id\":\"https:\/\/dev.antudigital.cl\/sites\/vc\/un-cruce-de-temporalidad-y-fronteras-que-rescata-patrimonio-entre-valparaiso-e-italia\/\",\"url\":\"https:\/\/dev.antudigital.cl\/sites\/vc\/un-cruce-de-temporalidad-y-fronteras-que-rescata-patrimonio-entre-valparaiso-e-italia\/\",\"name\":\"Un cruce de temporalidad y fronteras que rescata patrimonio entre Valpara\u00edso e Italia - Valpara\u00ed\u00adso Creativo\",\"isPartOf\":{\"@id\":\"https:\/\/dev.antudigital.cl\/sites\/vc\/#website\"},\"primaryImageOfPage\":{\"@id\":\"https:\/\/dev.antudigital.cl\/sites\/vc\/un-cruce-de-temporalidad-y-fronteras-que-rescata-patrimonio-entre-valparaiso-e-italia\/#primaryimage\"},\"image\":{\"@id\":\"https:\/\/dev.antudigital.cl\/sites\/vc\/un-cruce-de-temporalidad-y-fronteras-que-rescata-patrimonio-entre-valparaiso-e-italia\/#primaryimage\"},\"thumbnailUrl\":\"https:\/\/dev.antudigital.cl\/sites\/vc\/wp-content\/uploads\/2021\/09\/ROF-GRANDE-BASICA.jpg\",\"datePublished\":\"2021-09-06T13:34:27+00:00\",\"dateModified\":\"2022-03-11T20:48:44+00:00\",\"author\":{\"@id\":\"https:\/\/dev.antudigital.cl\/sites\/vc\/#\/schema\/person\/81d1dcd51abd542b5dfc00f5f951a0f1\"},\"breadcrumb\":{\"@id\":\"https:\/\/dev.antudigital.cl\/sites\/vc\/un-cruce-de-temporalidad-y-fronteras-que-rescata-patrimonio-entre-valparaiso-e-italia\/#breadcrumb\"},\"inLanguage\":\"es\",\"potentialAction\":[{\"@type\":\"ReadAction\",\"target\":[\"https:\/\/dev.antudigital.cl\/sites\/vc\/un-cruce-de-temporalidad-y-fronteras-que-rescata-patrimonio-entre-valparaiso-e-italia\/\"]}]},{\"@type\":\"ImageObject\",\"inLanguage\":\"es\",\"@id\":\"https:\/\/dev.antudigital.cl\/sites\/vc\/un-cruce-de-temporalidad-y-fronteras-que-rescata-patrimonio-entre-valparaiso-e-italia\/#primaryimage\",\"url\":\"https:\/\/dev.antudigital.cl\/sites\/vc\/wp-content\/uploads\/2021\/09\/ROF-GRANDE-BASICA.jpg\",\"contentUrl\":\"https:\/\/dev.antudigital.cl\/sites\/vc\/wp-content\/uploads\/2021\/09\/ROF-GRANDE-BASICA.jpg\",\"width\":1380,\"height\":680},{\"@type\":\"BreadcrumbList\",\"@id\":\"https:\/\/dev.antudigital.cl\/sites\/vc\/un-cruce-de-temporalidad-y-fronteras-que-rescata-patrimonio-entre-valparaiso-e-italia\/#breadcrumb\",\"itemListElement\":[{\"@type\":\"ListItem\",\"position\":1,\"name\":\"Home\",\"item\":\"https:\/\/dev.antudigital.cl\/sites\/vc\/\"},{\"@type\":\"ListItem\",\"position\":2,\"name\":\"Un cruce de temporalidad y fronteras que rescata patrimonio entre Valpara\u00edso e Italia\"}]},{\"@type\":\"WebSite\",\"@id\":\"https:\/\/dev.antudigital.cl\/sites\/vc\/#website\",\"url\":\"https:\/\/dev.antudigital.cl\/sites\/vc\/\",\"name\":\"Valpara\u00ed\u00adso Creativo\",\"description\":\"\",\"potentialAction\":[{\"@type\":\"SearchAction\",\"target\":{\"@type\":\"EntryPoint\",\"urlTemplate\":\"https:\/\/dev.antudigital.cl\/sites\/vc\/?s={search_term_string}\"},\"query-input\":{\"@type\":\"PropertyValueSpecification\",\"valueRequired\":true,\"valueName\":\"search_term_string\"}}],\"inLanguage\":\"es\"},{\"@type\":\"Person\",\"@id\":\"https:\/\/dev.antudigital.cl\/sites\/vc\/#\/schema\/person\/81d1dcd51abd542b5dfc00f5f951a0f1\",\"name\":\"Valparaiso Creativo\",\"url\":\"https:\/\/dev.antudigital.cl\/sites\/vc\/author\/valparaiso-creativo\/\"}]}<\/script>\n<!-- \/ Yoast SEO plugin. -->","yoast_head_json":{"title":"Un cruce de temporalidad y fronteras que rescata patrimonio entre Valpara\u00edso e Italia - Valpara\u00ed\u00adso Creativo","robots":{"index":"index","follow":"follow","max-snippet":"max-snippet:-1","max-image-preview":"max-image-preview:large","max-video-preview":"max-video-preview:-1"},"canonical":"https:\/\/dev.antudigital.cl\/sites\/vc\/un-cruce-de-temporalidad-y-fronteras-que-rescata-patrimonio-entre-valparaiso-e-italia\/","og_locale":"es_ES","og_type":"article","og_title":"Un cruce de temporalidad y fronteras que rescata patrimonio entre Valpara\u00edso e Italia - Valpara\u00ed\u00adso Creativo","og_description":"Javiera Tapia es titulada en interpretaci\u00f3n con menci\u00f3n en canto l\u00edrico de la Escuela Moderna de M\u00fasica y Danza. Lleva a\u00f1os de trayectoria estudiando y present\u00e1ndose en diversos pa\u00edses, y hoy est\u00e1 armando un tremendo proyecto con artistas chilenos en Italia. Ahora est\u00e1 gestionando un hito para la m\u00fasica nacional: la interpretaci\u00f3n de una obra [&hellip;]","og_url":"https:\/\/dev.antudigital.cl\/sites\/vc\/un-cruce-de-temporalidad-y-fronteras-que-rescata-patrimonio-entre-valparaiso-e-italia\/","og_site_name":"Valpara\u00ed\u00adso Creativo","article_published_time":"2021-09-06T13:34:27+00:00","article_modified_time":"2022-03-11T20:48:44+00:00","og_image":[{"width":1380,"height":680,"url":"https:\/\/dev.antudigital.cl\/sites\/vc\/wp-content\/uploads\/2021\/09\/ROF-GRANDE-BASICA.jpg","type":"image\/jpeg"}],"author":"Valparaiso Creativo","twitter_card":"summary_large_image","twitter_misc":{"Escrito por":"Valparaiso Creativo","Tiempo de lectura":"3 minutos"},"schema":{"@context":"https:\/\/schema.org","@graph":[{"@type":"Article","@id":"https:\/\/dev.antudigital.cl\/sites\/vc\/un-cruce-de-temporalidad-y-fronteras-que-rescata-patrimonio-entre-valparaiso-e-italia\/#article","isPartOf":{"@id":"https:\/\/dev.antudigital.cl\/sites\/vc\/un-cruce-de-temporalidad-y-fronteras-que-rescata-patrimonio-entre-valparaiso-e-italia\/"},"author":{"name":"Valparaiso Creativo","@id":"https:\/\/dev.antudigital.cl\/sites\/vc\/#\/schema\/person\/81d1dcd51abd542b5dfc00f5f951a0f1"},"headline":"Un cruce de temporalidad y fronteras que rescata patrimonio entre Valpara\u00edso e Italia","datePublished":"2021-09-06T13:34:27+00:00","dateModified":"2022-03-11T20:48:44+00:00","mainEntityOfPage":{"@id":"https:\/\/dev.antudigital.cl\/sites\/vc\/un-cruce-de-temporalidad-y-fronteras-que-rescata-patrimonio-entre-valparaiso-e-italia\/"},"wordCount":611,"image":{"@id":"https:\/\/dev.antudigital.cl\/sites\/vc\/un-cruce-de-temporalidad-y-fronteras-que-rescata-patrimonio-entre-valparaiso-e-italia\/#primaryimage"},"thumbnailUrl":"https:\/\/dev.antudigital.cl\/sites\/vc\/wp-content\/uploads\/2021\/09\/ROF-GRANDE-BASICA.jpg","articleSection":["Uncategorized"],"inLanguage":"es"},{"@type":"WebPage","@id":"https:\/\/dev.antudigital.cl\/sites\/vc\/un-cruce-de-temporalidad-y-fronteras-que-rescata-patrimonio-entre-valparaiso-e-italia\/","url":"https:\/\/dev.antudigital.cl\/sites\/vc\/un-cruce-de-temporalidad-y-fronteras-que-rescata-patrimonio-entre-valparaiso-e-italia\/","name":"Un cruce de temporalidad y fronteras que rescata patrimonio entre Valpara\u00edso e Italia - Valpara\u00ed\u00adso Creativo","isPartOf":{"@id":"https:\/\/dev.antudigital.cl\/sites\/vc\/#website"},"primaryImageOfPage":{"@id":"https:\/\/dev.antudigital.cl\/sites\/vc\/un-cruce-de-temporalidad-y-fronteras-que-rescata-patrimonio-entre-valparaiso-e-italia\/#primaryimage"},"image":{"@id":"https:\/\/dev.antudigital.cl\/sites\/vc\/un-cruce-de-temporalidad-y-fronteras-que-rescata-patrimonio-entre-valparaiso-e-italia\/#primaryimage"},"thumbnailUrl":"https:\/\/dev.antudigital.cl\/sites\/vc\/wp-content\/uploads\/2021\/09\/ROF-GRANDE-BASICA.jpg","datePublished":"2021-09-06T13:34:27+00:00","dateModified":"2022-03-11T20:48:44+00:00","author":{"@id":"https:\/\/dev.antudigital.cl\/sites\/vc\/#\/schema\/person\/81d1dcd51abd542b5dfc00f5f951a0f1"},"breadcrumb":{"@id":"https:\/\/dev.antudigital.cl\/sites\/vc\/un-cruce-de-temporalidad-y-fronteras-que-rescata-patrimonio-entre-valparaiso-e-italia\/#breadcrumb"},"inLanguage":"es","potentialAction":[{"@type":"ReadAction","target":["https:\/\/dev.antudigital.cl\/sites\/vc\/un-cruce-de-temporalidad-y-fronteras-que-rescata-patrimonio-entre-valparaiso-e-italia\/"]}]},{"@type":"ImageObject","inLanguage":"es","@id":"https:\/\/dev.antudigital.cl\/sites\/vc\/un-cruce-de-temporalidad-y-fronteras-que-rescata-patrimonio-entre-valparaiso-e-italia\/#primaryimage","url":"https:\/\/dev.antudigital.cl\/sites\/vc\/wp-content\/uploads\/2021\/09\/ROF-GRANDE-BASICA.jpg","contentUrl":"https:\/\/dev.antudigital.cl\/sites\/vc\/wp-content\/uploads\/2021\/09\/ROF-GRANDE-BASICA.jpg","width":1380,"height":680},{"@type":"BreadcrumbList","@id":"https:\/\/dev.antudigital.cl\/sites\/vc\/un-cruce-de-temporalidad-y-fronteras-que-rescata-patrimonio-entre-valparaiso-e-italia\/#breadcrumb","itemListElement":[{"@type":"ListItem","position":1,"name":"Home","item":"https:\/\/dev.antudigital.cl\/sites\/vc\/"},{"@type":"ListItem","position":2,"name":"Un cruce de temporalidad y fronteras que rescata patrimonio entre Valpara\u00edso e Italia"}]},{"@type":"WebSite","@id":"https:\/\/dev.antudigital.cl\/sites\/vc\/#website","url":"https:\/\/dev.antudigital.cl\/sites\/vc\/","name":"Valpara\u00ed\u00adso Creativo","description":"","potentialAction":[{"@type":"SearchAction","target":{"@type":"EntryPoint","urlTemplate":"https:\/\/dev.antudigital.cl\/sites\/vc\/?s={search_term_string}"},"query-input":{"@type":"PropertyValueSpecification","valueRequired":true,"valueName":"search_term_string"}}],"inLanguage":"es"},{"@type":"Person","@id":"https:\/\/dev.antudigital.cl\/sites\/vc\/#\/schema\/person\/81d1dcd51abd542b5dfc00f5f951a0f1","name":"Valparaiso Creativo","url":"https:\/\/dev.antudigital.cl\/sites\/vc\/author\/valparaiso-creativo\/"}]}},"_links":{"self":[{"href":"https:\/\/dev.antudigital.cl\/sites\/vc\/wp-json\/wp\/v2\/posts\/7643","targetHints":{"allow":["GET"]}}],"collection":[{"href":"https:\/\/dev.antudigital.cl\/sites\/vc\/wp-json\/wp\/v2\/posts"}],"about":[{"href":"https:\/\/dev.antudigital.cl\/sites\/vc\/wp-json\/wp\/v2\/types\/post"}],"author":[{"embeddable":true,"href":"https:\/\/dev.antudigital.cl\/sites\/vc\/wp-json\/wp\/v2\/users\/3"}],"replies":[{"embeddable":true,"href":"https:\/\/dev.antudigital.cl\/sites\/vc\/wp-json\/wp\/v2\/comments?post=7643"}],"version-history":[{"count":1,"href":"https:\/\/dev.antudigital.cl\/sites\/vc\/wp-json\/wp\/v2\/posts\/7643\/revisions"}],"predecessor-version":[{"id":9900,"href":"https:\/\/dev.antudigital.cl\/sites\/vc\/wp-json\/wp\/v2\/posts\/7643\/revisions\/9900"}],"wp:featuredmedia":[{"embeddable":true,"href":"https:\/\/dev.antudigital.cl\/sites\/vc\/wp-json\/wp\/v2\/media\/9899"}],"wp:attachment":[{"href":"https:\/\/dev.antudigital.cl\/sites\/vc\/wp-json\/wp\/v2\/media?parent=7643"}],"wp:term":[{"taxonomy":"category","embeddable":true,"href":"https:\/\/dev.antudigital.cl\/sites\/vc\/wp-json\/wp\/v2\/categories?post=7643"},{"taxonomy":"post_tag","embeddable":true,"href":"https:\/\/dev.antudigital.cl\/sites\/vc\/wp-json\/wp\/v2\/tags?post=7643"}],"curies":[{"name":"wp","href":"https:\/\/api.w.org\/{rel}","templated":true}]}}