{"id":8191,"date":"2021-03-26T19:41:47","date_gmt":"2021-03-26T19:41:47","guid":{"rendered":"https:\/\/www.valparaisocreativo.cl\/?p=6086"},"modified":"2021-03-26T19:41:47","modified_gmt":"2021-03-26T19:41:47","slug":"valparaiso-profundo-lanza-convocatoria-para-su-programacion","status":"publish","type":"post","link":"https:\/\/dev.antudigital.cl\/sites\/vc\/valparaiso-profundo-lanza-convocatoria-para-su-programacion\/","title":{"rendered":"Valpara\u00edso Profundo lanza convocatoria para su programaci\u00f3n"},"content":{"rendered":"<p><strong>M\u00fasica y Artes Esc\u00e9nicas tendr\u00e1n su espacio a partir de abril, por lo que se invita a las trabajadoras y trabajadores de las artes a postular y palear en algo la grave crisis econ\u00f3mica que vive el sector a causa de la pandemia.<\/strong><\/p>\n<p>La iniciativa es posible gracias al proyecto denominado \u201cFortalecimiento de la gesti\u00f3n y programaci\u00f3n de Dispositivo Cultural\/Valpara\u00edso Profundo: Reencontrarte\u201d del Programa del Ministerio de las Culturas en su l\u00ednea de Apoyo a Organizaciones Culturales Colaboradoras, PAOCC.<\/p>\n<p>La iniciativa levantada por este polo art\u00edstico y cultural ubicado en la escala Fisher o de Colores de cerro Concepci\u00f3n, es posible gracias al proyecto denominado \u201cFortalecimiento de la gesti\u00f3n y programaci\u00f3n de Dispositivo Cultural\/Valpara\u00edso Profundo: Reencontrarte\u201d del Ministerio de las Culturas en su l\u00ednea de Apoyo a Organizaciones Culturales Colaboradoras, PAOCC.<\/p>\n<p>&nbsp;<\/p>\n<p><strong>Cartelera y territorio<\/strong><\/p>\n<p>Valpara\u00edso Profunde propone con esta convocatoria levantar una cartelera de dos espect\u00e1culos a la semana, en las l\u00edneas de m\u00fasica y artes esc\u00e9nicas. \u201cRecibiremos postulaciones durante todo el a\u00f1o. Si son seleccionados o seleccionadas, agendamos la funci\u00f3n o concierto en fecha a convenir. Con una posibilidad de exhibici\u00f3n de viernes y s\u00e1bado a las 20:00 horas\u201d acot\u00f3 Mart\u00ednez.<\/p>\n<p>En t\u00e9rminos tem\u00e1ticos, la dupla femenina de Valpara\u00edso Profundo, Directora y Productora, se\u00f1alaron que se \u201cprivilegiar\u00e1 obras y reflexiones situacionales que ahonden en temas del territorio, en cuanto lo social; y tambi\u00e9n en lo inmersivo de los procesos de investigaci\u00f3n y exploraci\u00f3n de lenguajes, en un ejercicio de mirarnos y experimentar\u201d manifestaron.<\/p>\n<p><strong>Nuevos p\u00fablicos e informaci\u00f3n relevante<\/strong><\/p>\n<p>Con la idea de llegar a nuevos p\u00fablicos y no s\u00f3lo a los que se conecten a las plataformas de Valpara\u00edso Profundo, se implementar\u00e1 un sistema de tickets virtuales a trav\u00e9s de la plataforma Passline que aumentar\u00e1 la posibilidad de llegar a otros p\u00fablicos de distintas partes del orbe.<\/p>\n<h3><span style=\"color: #ff6600;\">Las y los interesados deben solicitar el formulario de postulaci\u00f3n al correo valparaisoprofundo@gmail.com y tambi\u00e9n ver la convocatoria completa que incluye elementos t\u00e9cnicos en las redes sociales de Valpara\u00edso Profundo.<\/span><\/h3>\n<p>Finalmente, Alejandra Jim\u00e9nez se\u00f1al\u00f3 que \u201cpr\u00f3ximamente lanzaremos una convocatoria para ponencias, talleres, charlas, y encuentros en un nuevo desaf\u00edo para nuestro espacio y en una nueva posibilidad para la ciudadan\u00eda \u00e1vida de arte, cultura y reflexi\u00f3n\u201d concluy\u00f3.<\/p>\n","protected":false},"excerpt":{"rendered":"<p>M\u00fasica y Artes Esc\u00e9nicas tendr\u00e1n su espacio a partir de abril, por lo que se invita a las trabajadoras y trabajadores de las artes a postular y palear en algo la grave crisis econ\u00f3mica que vive el sector a causa de la pandemia. La iniciativa es posible gracias al proyecto denominado \u201cFortalecimiento de la gesti\u00f3n [&hellip;]<\/p>\n","protected":false},"author":3,"featured_media":8192,"comment_status":"closed","ping_status":"closed","sticky":false,"template":"","format":"standard","meta":{"_acf_changed":false,"footnotes":""},"categories":[8],"tags":[],"class_list":["post-8191","post","type-post","status-publish","format-standard","has-post-thumbnail","hentry","category-noticia"],"acf":[],"yoast_head":"<!-- This site is optimized with the Yoast SEO plugin v27.1.1 - https:\/\/yoast.com\/product\/yoast-seo-wordpress\/ -->\n<title>Valpara\u00edso Profundo lanza convocatoria para su programaci\u00f3n - Valpara\u00ed\u00adso Creativo<\/title>\n<meta name=\"robots\" content=\"index, follow, max-snippet:-1, max-image-preview:large, max-video-preview:-1\" \/>\n<link rel=\"canonical\" href=\"https:\/\/dev.antudigital.cl\/sites\/vc\/valparaiso-profundo-lanza-convocatoria-para-su-programacion\/\" \/>\n<meta property=\"og:locale\" content=\"es_ES\" \/>\n<meta property=\"og:type\" content=\"article\" \/>\n<meta property=\"og:title\" content=\"Valpara\u00edso Profundo lanza convocatoria para su programaci\u00f3n - Valpara\u00ed\u00adso Creativo\" \/>\n<meta property=\"og:description\" content=\"M\u00fasica y Artes Esc\u00e9nicas tendr\u00e1n su espacio a partir de abril, por lo que se invita a las trabajadoras y trabajadores de las artes a postular y palear en algo la grave crisis econ\u00f3mica que vive el sector a causa de la pandemia. La iniciativa es posible gracias al proyecto denominado \u201cFortalecimiento de la gesti\u00f3n [&hellip;]\" \/>\n<meta property=\"og:url\" content=\"https:\/\/dev.antudigital.cl\/sites\/vc\/valparaiso-profundo-lanza-convocatoria-para-su-programacion\/\" \/>\n<meta property=\"og:site_name\" content=\"Valpara\u00ed\u00adso Creativo\" \/>\n<meta property=\"article:published_time\" content=\"2021-03-26T19:41:47+00:00\" \/>\n<meta property=\"og:image\" content=\"https:\/\/dev.antudigital.cl\/sites\/vc\/wp-content\/uploads\/2021\/03\/Valpo-Profundo.jpg\" \/>\n\t<meta property=\"og:image:width\" content=\"1080\" \/>\n\t<meta property=\"og:image:height\" content=\"810\" \/>\n\t<meta property=\"og:image:type\" content=\"image\/jpeg\" \/>\n<meta name=\"author\" content=\"Valparaiso Creativo\" \/>\n<meta name=\"twitter:card\" content=\"summary_large_image\" \/>\n<meta name=\"twitter:label1\" content=\"Escrito por\" \/>\n\t<meta name=\"twitter:data1\" content=\"Valparaiso Creativo\" \/>\n\t<meta name=\"twitter:label2\" content=\"Tiempo de lectura\" \/>\n\t<meta name=\"twitter:data2\" content=\"2 minutos\" \/>\n<script type=\"application\/ld+json\" class=\"yoast-schema-graph\">{\"@context\":\"https:\/\/schema.org\",\"@graph\":[{\"@type\":\"Article\",\"@id\":\"https:\/\/dev.antudigital.cl\/sites\/vc\/valparaiso-profundo-lanza-convocatoria-para-su-programacion\/#article\",\"isPartOf\":{\"@id\":\"https:\/\/dev.antudigital.cl\/sites\/vc\/valparaiso-profundo-lanza-convocatoria-para-su-programacion\/\"},\"author\":{\"name\":\"Valparaiso Creativo\",\"@id\":\"https:\/\/dev.antudigital.cl\/sites\/vc\/#\/schema\/person\/81d1dcd51abd542b5dfc00f5f951a0f1\"},\"headline\":\"Valpara\u00edso Profundo lanza convocatoria para su programaci\u00f3n\",\"datePublished\":\"2021-03-26T19:41:47+00:00\",\"mainEntityOfPage\":{\"@id\":\"https:\/\/dev.antudigital.cl\/sites\/vc\/valparaiso-profundo-lanza-convocatoria-para-su-programacion\/\"},\"wordCount\":426,\"image\":{\"@id\":\"https:\/\/dev.antudigital.cl\/sites\/vc\/valparaiso-profundo-lanza-convocatoria-para-su-programacion\/#primaryimage\"},\"thumbnailUrl\":\"https:\/\/dev.antudigital.cl\/sites\/vc\/wp-content\/uploads\/2021\/03\/Valpo-Profundo.jpg\",\"articleSection\":[\"Noticia\"],\"inLanguage\":\"es\"},{\"@type\":\"WebPage\",\"@id\":\"https:\/\/dev.antudigital.cl\/sites\/vc\/valparaiso-profundo-lanza-convocatoria-para-su-programacion\/\",\"url\":\"https:\/\/dev.antudigital.cl\/sites\/vc\/valparaiso-profundo-lanza-convocatoria-para-su-programacion\/\",\"name\":\"Valpara\u00edso Profundo lanza convocatoria para su programaci\u00f3n - Valpara\u00ed\u00adso Creativo\",\"isPartOf\":{\"@id\":\"https:\/\/dev.antudigital.cl\/sites\/vc\/#website\"},\"primaryImageOfPage\":{\"@id\":\"https:\/\/dev.antudigital.cl\/sites\/vc\/valparaiso-profundo-lanza-convocatoria-para-su-programacion\/#primaryimage\"},\"image\":{\"@id\":\"https:\/\/dev.antudigital.cl\/sites\/vc\/valparaiso-profundo-lanza-convocatoria-para-su-programacion\/#primaryimage\"},\"thumbnailUrl\":\"https:\/\/dev.antudigital.cl\/sites\/vc\/wp-content\/uploads\/2021\/03\/Valpo-Profundo.jpg\",\"datePublished\":\"2021-03-26T19:41:47+00:00\",\"author\":{\"@id\":\"https:\/\/dev.antudigital.cl\/sites\/vc\/#\/schema\/person\/81d1dcd51abd542b5dfc00f5f951a0f1\"},\"breadcrumb\":{\"@id\":\"https:\/\/dev.antudigital.cl\/sites\/vc\/valparaiso-profundo-lanza-convocatoria-para-su-programacion\/#breadcrumb\"},\"inLanguage\":\"es\",\"potentialAction\":[{\"@type\":\"ReadAction\",\"target\":[\"https:\/\/dev.antudigital.cl\/sites\/vc\/valparaiso-profundo-lanza-convocatoria-para-su-programacion\/\"]}]},{\"@type\":\"ImageObject\",\"inLanguage\":\"es\",\"@id\":\"https:\/\/dev.antudigital.cl\/sites\/vc\/valparaiso-profundo-lanza-convocatoria-para-su-programacion\/#primaryimage\",\"url\":\"https:\/\/dev.antudigital.cl\/sites\/vc\/wp-content\/uploads\/2021\/03\/Valpo-Profundo.jpg\",\"contentUrl\":\"https:\/\/dev.antudigital.cl\/sites\/vc\/wp-content\/uploads\/2021\/03\/Valpo-Profundo.jpg\",\"width\":1080,\"height\":810},{\"@type\":\"BreadcrumbList\",\"@id\":\"https:\/\/dev.antudigital.cl\/sites\/vc\/valparaiso-profundo-lanza-convocatoria-para-su-programacion\/#breadcrumb\",\"itemListElement\":[{\"@type\":\"ListItem\",\"position\":1,\"name\":\"Home\",\"item\":\"https:\/\/dev.antudigital.cl\/sites\/vc\/\"},{\"@type\":\"ListItem\",\"position\":2,\"name\":\"Valpara\u00edso Profundo lanza convocatoria para su programaci\u00f3n\"}]},{\"@type\":\"WebSite\",\"@id\":\"https:\/\/dev.antudigital.cl\/sites\/vc\/#website\",\"url\":\"https:\/\/dev.antudigital.cl\/sites\/vc\/\",\"name\":\"Valpara\u00ed\u00adso Creativo\",\"description\":\"\",\"potentialAction\":[{\"@type\":\"SearchAction\",\"target\":{\"@type\":\"EntryPoint\",\"urlTemplate\":\"https:\/\/dev.antudigital.cl\/sites\/vc\/?s={search_term_string}\"},\"query-input\":{\"@type\":\"PropertyValueSpecification\",\"valueRequired\":true,\"valueName\":\"search_term_string\"}}],\"inLanguage\":\"es\"},{\"@type\":\"Person\",\"@id\":\"https:\/\/dev.antudigital.cl\/sites\/vc\/#\/schema\/person\/81d1dcd51abd542b5dfc00f5f951a0f1\",\"name\":\"Valparaiso Creativo\",\"url\":\"https:\/\/dev.antudigital.cl\/sites\/vc\/author\/valparaiso-creativo\/\"}]}<\/script>\n<!-- \/ Yoast SEO plugin. -->","yoast_head_json":{"title":"Valpara\u00edso Profundo lanza convocatoria para su programaci\u00f3n - Valpara\u00ed\u00adso Creativo","robots":{"index":"index","follow":"follow","max-snippet":"max-snippet:-1","max-image-preview":"max-image-preview:large","max-video-preview":"max-video-preview:-1"},"canonical":"https:\/\/dev.antudigital.cl\/sites\/vc\/valparaiso-profundo-lanza-convocatoria-para-su-programacion\/","og_locale":"es_ES","og_type":"article","og_title":"Valpara\u00edso Profundo lanza convocatoria para su programaci\u00f3n - Valpara\u00ed\u00adso Creativo","og_description":"M\u00fasica y Artes Esc\u00e9nicas tendr\u00e1n su espacio a partir de abril, por lo que se invita a las trabajadoras y trabajadores de las artes a postular y palear en algo la grave crisis econ\u00f3mica que vive el sector a causa de la pandemia. La iniciativa es posible gracias al proyecto denominado \u201cFortalecimiento de la gesti\u00f3n [&hellip;]","og_url":"https:\/\/dev.antudigital.cl\/sites\/vc\/valparaiso-profundo-lanza-convocatoria-para-su-programacion\/","og_site_name":"Valpara\u00ed\u00adso Creativo","article_published_time":"2021-03-26T19:41:47+00:00","og_image":[{"width":1080,"height":810,"url":"https:\/\/dev.antudigital.cl\/sites\/vc\/wp-content\/uploads\/2021\/03\/Valpo-Profundo.jpg","type":"image\/jpeg"}],"author":"Valparaiso Creativo","twitter_card":"summary_large_image","twitter_misc":{"Escrito por":"Valparaiso Creativo","Tiempo de lectura":"2 minutos"},"schema":{"@context":"https:\/\/schema.org","@graph":[{"@type":"Article","@id":"https:\/\/dev.antudigital.cl\/sites\/vc\/valparaiso-profundo-lanza-convocatoria-para-su-programacion\/#article","isPartOf":{"@id":"https:\/\/dev.antudigital.cl\/sites\/vc\/valparaiso-profundo-lanza-convocatoria-para-su-programacion\/"},"author":{"name":"Valparaiso Creativo","@id":"https:\/\/dev.antudigital.cl\/sites\/vc\/#\/schema\/person\/81d1dcd51abd542b5dfc00f5f951a0f1"},"headline":"Valpara\u00edso Profundo lanza convocatoria para su programaci\u00f3n","datePublished":"2021-03-26T19:41:47+00:00","mainEntityOfPage":{"@id":"https:\/\/dev.antudigital.cl\/sites\/vc\/valparaiso-profundo-lanza-convocatoria-para-su-programacion\/"},"wordCount":426,"image":{"@id":"https:\/\/dev.antudigital.cl\/sites\/vc\/valparaiso-profundo-lanza-convocatoria-para-su-programacion\/#primaryimage"},"thumbnailUrl":"https:\/\/dev.antudigital.cl\/sites\/vc\/wp-content\/uploads\/2021\/03\/Valpo-Profundo.jpg","articleSection":["Noticia"],"inLanguage":"es"},{"@type":"WebPage","@id":"https:\/\/dev.antudigital.cl\/sites\/vc\/valparaiso-profundo-lanza-convocatoria-para-su-programacion\/","url":"https:\/\/dev.antudigital.cl\/sites\/vc\/valparaiso-profundo-lanza-convocatoria-para-su-programacion\/","name":"Valpara\u00edso Profundo lanza convocatoria para su programaci\u00f3n - Valpara\u00ed\u00adso Creativo","isPartOf":{"@id":"https:\/\/dev.antudigital.cl\/sites\/vc\/#website"},"primaryImageOfPage":{"@id":"https:\/\/dev.antudigital.cl\/sites\/vc\/valparaiso-profundo-lanza-convocatoria-para-su-programacion\/#primaryimage"},"image":{"@id":"https:\/\/dev.antudigital.cl\/sites\/vc\/valparaiso-profundo-lanza-convocatoria-para-su-programacion\/#primaryimage"},"thumbnailUrl":"https:\/\/dev.antudigital.cl\/sites\/vc\/wp-content\/uploads\/2021\/03\/Valpo-Profundo.jpg","datePublished":"2021-03-26T19:41:47+00:00","author":{"@id":"https:\/\/dev.antudigital.cl\/sites\/vc\/#\/schema\/person\/81d1dcd51abd542b5dfc00f5f951a0f1"},"breadcrumb":{"@id":"https:\/\/dev.antudigital.cl\/sites\/vc\/valparaiso-profundo-lanza-convocatoria-para-su-programacion\/#breadcrumb"},"inLanguage":"es","potentialAction":[{"@type":"ReadAction","target":["https:\/\/dev.antudigital.cl\/sites\/vc\/valparaiso-profundo-lanza-convocatoria-para-su-programacion\/"]}]},{"@type":"ImageObject","inLanguage":"es","@id":"https:\/\/dev.antudigital.cl\/sites\/vc\/valparaiso-profundo-lanza-convocatoria-para-su-programacion\/#primaryimage","url":"https:\/\/dev.antudigital.cl\/sites\/vc\/wp-content\/uploads\/2021\/03\/Valpo-Profundo.jpg","contentUrl":"https:\/\/dev.antudigital.cl\/sites\/vc\/wp-content\/uploads\/2021\/03\/Valpo-Profundo.jpg","width":1080,"height":810},{"@type":"BreadcrumbList","@id":"https:\/\/dev.antudigital.cl\/sites\/vc\/valparaiso-profundo-lanza-convocatoria-para-su-programacion\/#breadcrumb","itemListElement":[{"@type":"ListItem","position":1,"name":"Home","item":"https:\/\/dev.antudigital.cl\/sites\/vc\/"},{"@type":"ListItem","position":2,"name":"Valpara\u00edso Profundo lanza convocatoria para su programaci\u00f3n"}]},{"@type":"WebSite","@id":"https:\/\/dev.antudigital.cl\/sites\/vc\/#website","url":"https:\/\/dev.antudigital.cl\/sites\/vc\/","name":"Valpara\u00ed\u00adso Creativo","description":"","potentialAction":[{"@type":"SearchAction","target":{"@type":"EntryPoint","urlTemplate":"https:\/\/dev.antudigital.cl\/sites\/vc\/?s={search_term_string}"},"query-input":{"@type":"PropertyValueSpecification","valueRequired":true,"valueName":"search_term_string"}}],"inLanguage":"es"},{"@type":"Person","@id":"https:\/\/dev.antudigital.cl\/sites\/vc\/#\/schema\/person\/81d1dcd51abd542b5dfc00f5f951a0f1","name":"Valparaiso Creativo","url":"https:\/\/dev.antudigital.cl\/sites\/vc\/author\/valparaiso-creativo\/"}]}},"_links":{"self":[{"href":"https:\/\/dev.antudigital.cl\/sites\/vc\/wp-json\/wp\/v2\/posts\/8191","targetHints":{"allow":["GET"]}}],"collection":[{"href":"https:\/\/dev.antudigital.cl\/sites\/vc\/wp-json\/wp\/v2\/posts"}],"about":[{"href":"https:\/\/dev.antudigital.cl\/sites\/vc\/wp-json\/wp\/v2\/types\/post"}],"author":[{"embeddable":true,"href":"https:\/\/dev.antudigital.cl\/sites\/vc\/wp-json\/wp\/v2\/users\/3"}],"replies":[{"embeddable":true,"href":"https:\/\/dev.antudigital.cl\/sites\/vc\/wp-json\/wp\/v2\/comments?post=8191"}],"version-history":[{"count":0,"href":"https:\/\/dev.antudigital.cl\/sites\/vc\/wp-json\/wp\/v2\/posts\/8191\/revisions"}],"wp:featuredmedia":[{"embeddable":true,"href":"https:\/\/dev.antudigital.cl\/sites\/vc\/wp-json\/wp\/v2\/media\/8192"}],"wp:attachment":[{"href":"https:\/\/dev.antudigital.cl\/sites\/vc\/wp-json\/wp\/v2\/media?parent=8191"}],"wp:term":[{"taxonomy":"category","embeddable":true,"href":"https:\/\/dev.antudigital.cl\/sites\/vc\/wp-json\/wp\/v2\/categories?post=8191"},{"taxonomy":"post_tag","embeddable":true,"href":"https:\/\/dev.antudigital.cl\/sites\/vc\/wp-json\/wp\/v2\/tags?post=8191"}],"curies":[{"name":"wp","href":"https:\/\/api.w.org\/{rel}","templated":true}]}}