{"id":8193,"date":"2021-03-26T16:19:34","date_gmt":"2021-03-26T16:19:34","guid":{"rendered":"https:\/\/www.valparaisocreativo.cl\/?p=6083"},"modified":"2021-03-26T16:19:34","modified_gmt":"2021-03-26T16:19:34","slug":"nueva-convocatoria-impulsa-de-gen-e-pucv-busca-apoyar-emprendimientos-sociales-de-la-region","status":"publish","type":"post","link":"https:\/\/dev.antudigital.cl\/sites\/vc\/nueva-convocatoria-impulsa-de-gen-e-pucv-busca-apoyar-emprendimientos-sociales-de-la-region\/","title":{"rendered":"Nueva convocatoria IMPULSA+ de Gen-E PUCV busca apoyar emprendimientos sociales de la Regi\u00f3n"},"content":{"rendered":"<p>La Incubadora Social Gen-E perteneciente a la Direcci\u00f3n de Innovaci\u00f3n y Emprendimiento de la Pontificia Universidad Cat\u00f3lica de Valpara\u00edso, inicia la convocatoria 2021 de su programa IMPULSA+ para emprendimientos sociales, la que estar\u00e1 abierta hasta el d\u00eda 11 de abril. Este programa de incubaci\u00f3n ofrece una amplia gama de recursos y servicios para fortalecer los proyectos y\/o emprendimientos con impacto en alguna dimensi\u00f3n social.<\/p>\n<p>El programa IMPULSA+ desde 2013 trabaja con el objetivo de entregar una red de soporte integral que fomente el emprendimiento social en la Regi\u00f3n de Valpara\u00edso. Y, en esta ocasi\u00f3n, por medio de un plan formativo y acompa\u00f1amiento personalizado y constante, busca fortalecer y minimizar los riesgos de fracaso una vez que los proyectos salgan al mercado.<\/p>\n<p>Al mismo tiempo, apoya en la formaci\u00f3n de actores de cambio y la relevancia de su impacto en la sociedad; en las habilidades sociales de cada persona, el trabajo en equipo, la importancia de las vinculaciones y la generaci\u00f3n de redes.<\/p>\n<p>En esta convocatoria, Gen-E considera entre sus dimensiones sociales a abordar, el trabajo, la salud y movilidad, el ingreso, lo ambiental, el capital social y capital humano. Entendiendo siempre los problemas sociales a nivel global, es que se trabaja bajo el alero de los 17 Objetivos de Desarrollo Sostenible (ODS) de la Organizaci\u00f3n de las Naciones Unidas (ONU), vi\u00e9ndolos como una oportunidad para emprender un nuevo camino con el cual mejorar la vida de todos y todas.<\/p>\n<p>Quienes postulen a esta IMPULSA+ deben cumplir con ciertos requisitos, donde destaca que el equipo fundador del proyecto sean al menos dos personas y busquen aumentar este n\u00famero durante el programa de incubaci\u00f3n, al mismo tiempo, se busca que estos emprendedores est\u00e9n interesados y comprometidos en participar de las que etapas que considera esta incubaci\u00f3n.<\/p>\n<h3><span style=\"color: #ff6600;\">La etapa de difusi\u00f3n y postulaci\u00f3n estar\u00e1 disponible hasta el domingo 11 de abril de 2021 a las 23:59 horas en <a style=\"color: #ff6600;\" href=\"http:\/\/www.gen-e.cl\/\">\u00a0<\/a><a style=\"color: #ff6600;\" href=\"http:\/\/impulsamas.gen-e.cl\/\">www.impulsamas.gen-e.cl<\/a>, donde tambi\u00e9n est\u00e1n todos los detalles de la postulaci\u00f3n y los requisitos necesarios para ser parte de esta convocatoria.<\/span><\/h3>\n","protected":false},"excerpt":{"rendered":"<p>La Incubadora Social Gen-E perteneciente a la Direcci\u00f3n de Innovaci\u00f3n y Emprendimiento de la Pontificia Universidad Cat\u00f3lica de Valpara\u00edso, inicia la convocatoria 2021 de su programa IMPULSA+ para emprendimientos sociales, la que estar\u00e1 abierta hasta el d\u00eda 11 de abril. Este programa de incubaci\u00f3n ofrece una amplia gama de recursos y servicios para fortalecer los [&hellip;]<\/p>\n","protected":false},"author":3,"featured_media":8194,"comment_status":"closed","ping_status":"closed","sticky":false,"template":"","format":"standard","meta":{"_acf_changed":false,"footnotes":""},"categories":[8],"tags":[],"class_list":["post-8193","post","type-post","status-publish","format-standard","has-post-thumbnail","hentry","category-noticia"],"acf":[],"yoast_head":"<!-- This site is optimized with the Yoast SEO plugin v27.1.1 - https:\/\/yoast.com\/product\/yoast-seo-wordpress\/ -->\n<title>Nueva convocatoria IMPULSA+ de Gen-E PUCV busca apoyar emprendimientos sociales de la Regi\u00f3n - Valpara\u00ed\u00adso Creativo<\/title>\n<meta name=\"robots\" content=\"index, follow, max-snippet:-1, max-image-preview:large, max-video-preview:-1\" \/>\n<link rel=\"canonical\" href=\"https:\/\/dev.antudigital.cl\/sites\/vc\/nueva-convocatoria-impulsa-de-gen-e-pucv-busca-apoyar-emprendimientos-sociales-de-la-region\/\" \/>\n<meta property=\"og:locale\" content=\"es_ES\" \/>\n<meta property=\"og:type\" content=\"article\" \/>\n<meta property=\"og:title\" content=\"Nueva convocatoria IMPULSA+ de Gen-E PUCV busca apoyar emprendimientos sociales de la Regi\u00f3n - Valpara\u00ed\u00adso Creativo\" \/>\n<meta property=\"og:description\" content=\"La Incubadora Social Gen-E perteneciente a la Direcci\u00f3n de Innovaci\u00f3n y Emprendimiento de la Pontificia Universidad Cat\u00f3lica de Valpara\u00edso, inicia la convocatoria 2021 de su programa IMPULSA+ para emprendimientos sociales, la que estar\u00e1 abierta hasta el d\u00eda 11 de abril. Este programa de incubaci\u00f3n ofrece una amplia gama de recursos y servicios para fortalecer los [&hellip;]\" \/>\n<meta property=\"og:url\" content=\"https:\/\/dev.antudigital.cl\/sites\/vc\/nueva-convocatoria-impulsa-de-gen-e-pucv-busca-apoyar-emprendimientos-sociales-de-la-region\/\" \/>\n<meta property=\"og:site_name\" content=\"Valpara\u00ed\u00adso Creativo\" \/>\n<meta property=\"article:published_time\" content=\"2021-03-26T16:19:34+00:00\" \/>\n<meta property=\"og:image\" content=\"https:\/\/dev.antudigital.cl\/sites\/vc\/wp-content\/uploads\/2021\/03\/Banner-Gen-E.jpg\" \/>\n\t<meta property=\"og:image:width\" content=\"1000\" \/>\n\t<meta property=\"og:image:height\" content=\"371\" \/>\n\t<meta property=\"og:image:type\" content=\"image\/jpeg\" \/>\n<meta name=\"author\" content=\"Valparaiso Creativo\" \/>\n<meta name=\"twitter:card\" content=\"summary_large_image\" \/>\n<meta name=\"twitter:label1\" content=\"Escrito por\" \/>\n\t<meta name=\"twitter:data1\" content=\"Valparaiso Creativo\" \/>\n\t<meta name=\"twitter:label2\" content=\"Tiempo de lectura\" \/>\n\t<meta name=\"twitter:data2\" content=\"2 minutos\" \/>\n<script type=\"application\/ld+json\" class=\"yoast-schema-graph\">{\"@context\":\"https:\/\/schema.org\",\"@graph\":[{\"@type\":\"Article\",\"@id\":\"https:\/\/dev.antudigital.cl\/sites\/vc\/nueva-convocatoria-impulsa-de-gen-e-pucv-busca-apoyar-emprendimientos-sociales-de-la-region\/#article\",\"isPartOf\":{\"@id\":\"https:\/\/dev.antudigital.cl\/sites\/vc\/nueva-convocatoria-impulsa-de-gen-e-pucv-busca-apoyar-emprendimientos-sociales-de-la-region\/\"},\"author\":{\"name\":\"Valparaiso Creativo\",\"@id\":\"https:\/\/dev.antudigital.cl\/sites\/vc\/#\/schema\/person\/81d1dcd51abd542b5dfc00f5f951a0f1\"},\"headline\":\"Nueva convocatoria IMPULSA+ de Gen-E PUCV busca apoyar emprendimientos sociales de la Regi\u00f3n\",\"datePublished\":\"2021-03-26T16:19:34+00:00\",\"mainEntityOfPage\":{\"@id\":\"https:\/\/dev.antudigital.cl\/sites\/vc\/nueva-convocatoria-impulsa-de-gen-e-pucv-busca-apoyar-emprendimientos-sociales-de-la-region\/\"},\"wordCount\":370,\"image\":{\"@id\":\"https:\/\/dev.antudigital.cl\/sites\/vc\/nueva-convocatoria-impulsa-de-gen-e-pucv-busca-apoyar-emprendimientos-sociales-de-la-region\/#primaryimage\"},\"thumbnailUrl\":\"https:\/\/dev.antudigital.cl\/sites\/vc\/wp-content\/uploads\/2021\/03\/Banner-Gen-E.jpg\",\"articleSection\":[\"Noticia\"],\"inLanguage\":\"es\"},{\"@type\":\"WebPage\",\"@id\":\"https:\/\/dev.antudigital.cl\/sites\/vc\/nueva-convocatoria-impulsa-de-gen-e-pucv-busca-apoyar-emprendimientos-sociales-de-la-region\/\",\"url\":\"https:\/\/dev.antudigital.cl\/sites\/vc\/nueva-convocatoria-impulsa-de-gen-e-pucv-busca-apoyar-emprendimientos-sociales-de-la-region\/\",\"name\":\"Nueva convocatoria IMPULSA+ de Gen-E PUCV busca apoyar emprendimientos sociales de la Regi\u00f3n - Valpara\u00ed\u00adso Creativo\",\"isPartOf\":{\"@id\":\"https:\/\/dev.antudigital.cl\/sites\/vc\/#website\"},\"primaryImageOfPage\":{\"@id\":\"https:\/\/dev.antudigital.cl\/sites\/vc\/nueva-convocatoria-impulsa-de-gen-e-pucv-busca-apoyar-emprendimientos-sociales-de-la-region\/#primaryimage\"},\"image\":{\"@id\":\"https:\/\/dev.antudigital.cl\/sites\/vc\/nueva-convocatoria-impulsa-de-gen-e-pucv-busca-apoyar-emprendimientos-sociales-de-la-region\/#primaryimage\"},\"thumbnailUrl\":\"https:\/\/dev.antudigital.cl\/sites\/vc\/wp-content\/uploads\/2021\/03\/Banner-Gen-E.jpg\",\"datePublished\":\"2021-03-26T16:19:34+00:00\",\"author\":{\"@id\":\"https:\/\/dev.antudigital.cl\/sites\/vc\/#\/schema\/person\/81d1dcd51abd542b5dfc00f5f951a0f1\"},\"breadcrumb\":{\"@id\":\"https:\/\/dev.antudigital.cl\/sites\/vc\/nueva-convocatoria-impulsa-de-gen-e-pucv-busca-apoyar-emprendimientos-sociales-de-la-region\/#breadcrumb\"},\"inLanguage\":\"es\",\"potentialAction\":[{\"@type\":\"ReadAction\",\"target\":[\"https:\/\/dev.antudigital.cl\/sites\/vc\/nueva-convocatoria-impulsa-de-gen-e-pucv-busca-apoyar-emprendimientos-sociales-de-la-region\/\"]}]},{\"@type\":\"ImageObject\",\"inLanguage\":\"es\",\"@id\":\"https:\/\/dev.antudigital.cl\/sites\/vc\/nueva-convocatoria-impulsa-de-gen-e-pucv-busca-apoyar-emprendimientos-sociales-de-la-region\/#primaryimage\",\"url\":\"https:\/\/dev.antudigital.cl\/sites\/vc\/wp-content\/uploads\/2021\/03\/Banner-Gen-E.jpg\",\"contentUrl\":\"https:\/\/dev.antudigital.cl\/sites\/vc\/wp-content\/uploads\/2021\/03\/Banner-Gen-E.jpg\",\"width\":1000,\"height\":371},{\"@type\":\"BreadcrumbList\",\"@id\":\"https:\/\/dev.antudigital.cl\/sites\/vc\/nueva-convocatoria-impulsa-de-gen-e-pucv-busca-apoyar-emprendimientos-sociales-de-la-region\/#breadcrumb\",\"itemListElement\":[{\"@type\":\"ListItem\",\"position\":1,\"name\":\"Home\",\"item\":\"https:\/\/dev.antudigital.cl\/sites\/vc\/\"},{\"@type\":\"ListItem\",\"position\":2,\"name\":\"Nueva convocatoria IMPULSA+ de Gen-E PUCV busca apoyar emprendimientos sociales de la Regi\u00f3n\"}]},{\"@type\":\"WebSite\",\"@id\":\"https:\/\/dev.antudigital.cl\/sites\/vc\/#website\",\"url\":\"https:\/\/dev.antudigital.cl\/sites\/vc\/\",\"name\":\"Valpara\u00ed\u00adso Creativo\",\"description\":\"\",\"potentialAction\":[{\"@type\":\"SearchAction\",\"target\":{\"@type\":\"EntryPoint\",\"urlTemplate\":\"https:\/\/dev.antudigital.cl\/sites\/vc\/?s={search_term_string}\"},\"query-input\":{\"@type\":\"PropertyValueSpecification\",\"valueRequired\":true,\"valueName\":\"search_term_string\"}}],\"inLanguage\":\"es\"},{\"@type\":\"Person\",\"@id\":\"https:\/\/dev.antudigital.cl\/sites\/vc\/#\/schema\/person\/81d1dcd51abd542b5dfc00f5f951a0f1\",\"name\":\"Valparaiso Creativo\",\"url\":\"https:\/\/dev.antudigital.cl\/sites\/vc\/author\/valparaiso-creativo\/\"}]}<\/script>\n<!-- \/ Yoast SEO plugin. -->","yoast_head_json":{"title":"Nueva convocatoria IMPULSA+ de Gen-E PUCV busca apoyar emprendimientos sociales de la Regi\u00f3n - Valpara\u00ed\u00adso Creativo","robots":{"index":"index","follow":"follow","max-snippet":"max-snippet:-1","max-image-preview":"max-image-preview:large","max-video-preview":"max-video-preview:-1"},"canonical":"https:\/\/dev.antudigital.cl\/sites\/vc\/nueva-convocatoria-impulsa-de-gen-e-pucv-busca-apoyar-emprendimientos-sociales-de-la-region\/","og_locale":"es_ES","og_type":"article","og_title":"Nueva convocatoria IMPULSA+ de Gen-E PUCV busca apoyar emprendimientos sociales de la Regi\u00f3n - Valpara\u00ed\u00adso Creativo","og_description":"La Incubadora Social Gen-E perteneciente a la Direcci\u00f3n de Innovaci\u00f3n y Emprendimiento de la Pontificia Universidad Cat\u00f3lica de Valpara\u00edso, inicia la convocatoria 2021 de su programa IMPULSA+ para emprendimientos sociales, la que estar\u00e1 abierta hasta el d\u00eda 11 de abril. Este programa de incubaci\u00f3n ofrece una amplia gama de recursos y servicios para fortalecer los [&hellip;]","og_url":"https:\/\/dev.antudigital.cl\/sites\/vc\/nueva-convocatoria-impulsa-de-gen-e-pucv-busca-apoyar-emprendimientos-sociales-de-la-region\/","og_site_name":"Valpara\u00ed\u00adso Creativo","article_published_time":"2021-03-26T16:19:34+00:00","og_image":[{"width":1000,"height":371,"url":"https:\/\/dev.antudigital.cl\/sites\/vc\/wp-content\/uploads\/2021\/03\/Banner-Gen-E.jpg","type":"image\/jpeg"}],"author":"Valparaiso Creativo","twitter_card":"summary_large_image","twitter_misc":{"Escrito por":"Valparaiso Creativo","Tiempo de lectura":"2 minutos"},"schema":{"@context":"https:\/\/schema.org","@graph":[{"@type":"Article","@id":"https:\/\/dev.antudigital.cl\/sites\/vc\/nueva-convocatoria-impulsa-de-gen-e-pucv-busca-apoyar-emprendimientos-sociales-de-la-region\/#article","isPartOf":{"@id":"https:\/\/dev.antudigital.cl\/sites\/vc\/nueva-convocatoria-impulsa-de-gen-e-pucv-busca-apoyar-emprendimientos-sociales-de-la-region\/"},"author":{"name":"Valparaiso Creativo","@id":"https:\/\/dev.antudigital.cl\/sites\/vc\/#\/schema\/person\/81d1dcd51abd542b5dfc00f5f951a0f1"},"headline":"Nueva convocatoria IMPULSA+ de Gen-E PUCV busca apoyar emprendimientos sociales de la Regi\u00f3n","datePublished":"2021-03-26T16:19:34+00:00","mainEntityOfPage":{"@id":"https:\/\/dev.antudigital.cl\/sites\/vc\/nueva-convocatoria-impulsa-de-gen-e-pucv-busca-apoyar-emprendimientos-sociales-de-la-region\/"},"wordCount":370,"image":{"@id":"https:\/\/dev.antudigital.cl\/sites\/vc\/nueva-convocatoria-impulsa-de-gen-e-pucv-busca-apoyar-emprendimientos-sociales-de-la-region\/#primaryimage"},"thumbnailUrl":"https:\/\/dev.antudigital.cl\/sites\/vc\/wp-content\/uploads\/2021\/03\/Banner-Gen-E.jpg","articleSection":["Noticia"],"inLanguage":"es"},{"@type":"WebPage","@id":"https:\/\/dev.antudigital.cl\/sites\/vc\/nueva-convocatoria-impulsa-de-gen-e-pucv-busca-apoyar-emprendimientos-sociales-de-la-region\/","url":"https:\/\/dev.antudigital.cl\/sites\/vc\/nueva-convocatoria-impulsa-de-gen-e-pucv-busca-apoyar-emprendimientos-sociales-de-la-region\/","name":"Nueva convocatoria IMPULSA+ de Gen-E PUCV busca apoyar emprendimientos sociales de la Regi\u00f3n - Valpara\u00ed\u00adso Creativo","isPartOf":{"@id":"https:\/\/dev.antudigital.cl\/sites\/vc\/#website"},"primaryImageOfPage":{"@id":"https:\/\/dev.antudigital.cl\/sites\/vc\/nueva-convocatoria-impulsa-de-gen-e-pucv-busca-apoyar-emprendimientos-sociales-de-la-region\/#primaryimage"},"image":{"@id":"https:\/\/dev.antudigital.cl\/sites\/vc\/nueva-convocatoria-impulsa-de-gen-e-pucv-busca-apoyar-emprendimientos-sociales-de-la-region\/#primaryimage"},"thumbnailUrl":"https:\/\/dev.antudigital.cl\/sites\/vc\/wp-content\/uploads\/2021\/03\/Banner-Gen-E.jpg","datePublished":"2021-03-26T16:19:34+00:00","author":{"@id":"https:\/\/dev.antudigital.cl\/sites\/vc\/#\/schema\/person\/81d1dcd51abd542b5dfc00f5f951a0f1"},"breadcrumb":{"@id":"https:\/\/dev.antudigital.cl\/sites\/vc\/nueva-convocatoria-impulsa-de-gen-e-pucv-busca-apoyar-emprendimientos-sociales-de-la-region\/#breadcrumb"},"inLanguage":"es","potentialAction":[{"@type":"ReadAction","target":["https:\/\/dev.antudigital.cl\/sites\/vc\/nueva-convocatoria-impulsa-de-gen-e-pucv-busca-apoyar-emprendimientos-sociales-de-la-region\/"]}]},{"@type":"ImageObject","inLanguage":"es","@id":"https:\/\/dev.antudigital.cl\/sites\/vc\/nueva-convocatoria-impulsa-de-gen-e-pucv-busca-apoyar-emprendimientos-sociales-de-la-region\/#primaryimage","url":"https:\/\/dev.antudigital.cl\/sites\/vc\/wp-content\/uploads\/2021\/03\/Banner-Gen-E.jpg","contentUrl":"https:\/\/dev.antudigital.cl\/sites\/vc\/wp-content\/uploads\/2021\/03\/Banner-Gen-E.jpg","width":1000,"height":371},{"@type":"BreadcrumbList","@id":"https:\/\/dev.antudigital.cl\/sites\/vc\/nueva-convocatoria-impulsa-de-gen-e-pucv-busca-apoyar-emprendimientos-sociales-de-la-region\/#breadcrumb","itemListElement":[{"@type":"ListItem","position":1,"name":"Home","item":"https:\/\/dev.antudigital.cl\/sites\/vc\/"},{"@type":"ListItem","position":2,"name":"Nueva convocatoria IMPULSA+ de Gen-E PUCV busca apoyar emprendimientos sociales de la Regi\u00f3n"}]},{"@type":"WebSite","@id":"https:\/\/dev.antudigital.cl\/sites\/vc\/#website","url":"https:\/\/dev.antudigital.cl\/sites\/vc\/","name":"Valpara\u00ed\u00adso Creativo","description":"","potentialAction":[{"@type":"SearchAction","target":{"@type":"EntryPoint","urlTemplate":"https:\/\/dev.antudigital.cl\/sites\/vc\/?s={search_term_string}"},"query-input":{"@type":"PropertyValueSpecification","valueRequired":true,"valueName":"search_term_string"}}],"inLanguage":"es"},{"@type":"Person","@id":"https:\/\/dev.antudigital.cl\/sites\/vc\/#\/schema\/person\/81d1dcd51abd542b5dfc00f5f951a0f1","name":"Valparaiso Creativo","url":"https:\/\/dev.antudigital.cl\/sites\/vc\/author\/valparaiso-creativo\/"}]}},"_links":{"self":[{"href":"https:\/\/dev.antudigital.cl\/sites\/vc\/wp-json\/wp\/v2\/posts\/8193","targetHints":{"allow":["GET"]}}],"collection":[{"href":"https:\/\/dev.antudigital.cl\/sites\/vc\/wp-json\/wp\/v2\/posts"}],"about":[{"href":"https:\/\/dev.antudigital.cl\/sites\/vc\/wp-json\/wp\/v2\/types\/post"}],"author":[{"embeddable":true,"href":"https:\/\/dev.antudigital.cl\/sites\/vc\/wp-json\/wp\/v2\/users\/3"}],"replies":[{"embeddable":true,"href":"https:\/\/dev.antudigital.cl\/sites\/vc\/wp-json\/wp\/v2\/comments?post=8193"}],"version-history":[{"count":0,"href":"https:\/\/dev.antudigital.cl\/sites\/vc\/wp-json\/wp\/v2\/posts\/8193\/revisions"}],"wp:featuredmedia":[{"embeddable":true,"href":"https:\/\/dev.antudigital.cl\/sites\/vc\/wp-json\/wp\/v2\/media\/8194"}],"wp:attachment":[{"href":"https:\/\/dev.antudigital.cl\/sites\/vc\/wp-json\/wp\/v2\/media?parent=8193"}],"wp:term":[{"taxonomy":"category","embeddable":true,"href":"https:\/\/dev.antudigital.cl\/sites\/vc\/wp-json\/wp\/v2\/categories?post=8193"},{"taxonomy":"post_tag","embeddable":true,"href":"https:\/\/dev.antudigital.cl\/sites\/vc\/wp-json\/wp\/v2\/tags?post=8193"}],"curies":[{"name":"wp","href":"https:\/\/api.w.org\/{rel}","templated":true}]}}