{"id":8208,"date":"2021-03-15T17:40:12","date_gmt":"2021-03-15T17:40:12","guid":{"rendered":"https:\/\/www.valparaisocreativo.cl\/?p=6052"},"modified":"2021-03-15T17:40:12","modified_gmt":"2021-03-15T17:40:12","slug":"ody-oficial-musica-costera-para-compartir-felicidad","status":"publish","type":"post","link":"https:\/\/dev.antudigital.cl\/sites\/vc\/ody-oficial-musica-costera-para-compartir-felicidad\/","title":{"rendered":"Ody Oficial, m\u00fasica costera para compartir felicidad"},"content":{"rendered":"<p><a href=\"http:\/\/instagram.com\/ody.oficial\"><b>Ody <\/b><\/a>es una banda de Cartagena. Desde aqu\u00ed, con una fusi\u00f3n de ritmos y tradici\u00f3n latinoamericana, est\u00e1n creando sonidos que levantan el \u00e1nimo. Conversamos con el primer miembro, <a href=\"http:\/\/instagram.com\/ody.oficial\">Ody<\/a>, quien comenz\u00f3 este proyecto como solista hace ya varios a\u00f1os. Hoy son cinco miembros que trabajan en conjunto para entregar sonidos de calidad.<\/p>\n<p>&nbsp;<\/p>\n<p><b>\u00bfC\u00f3mo comienza tu relaci\u00f3n con la m\u00fasica?<\/b><\/p>\n<ul>\n<li aria-level=\"1\">Mi mam\u00e1 siempre estuvo relacionada a la m\u00fasica, al folcklore. Cuando fui creciendo me fui metiendo cada vez m\u00e1s en la m\u00fasica, hasta que en los 28 a\u00f1os me atrev\u00ed a sacar mi primera producci\u00f3n musical.<\/li>\n<\/ul>\n<p><b>\u00bfTocabas en locales?<\/b><\/p>\n<ul>\n<li aria-level=\"1\">En San Antonio se daba harto en ese tiempo, una escena under con tocatas en bares. A los 28 a\u00f1os saqu\u00e9 esa primera producci\u00f3n de manera autogestionada, lo que gust\u00f3 a las personas, y me puse a tocar m\u00e1s seguido. Me gust\u00f3 mucho la sensaci\u00f3n de estar tocando y cantando mis propias vivencias. As\u00ed empez\u00f3 todo.<\/li>\n<\/ul>\n<p><img fetchpriority=\"high\" decoding=\"async\" class=\"alignleft size-medium wp-image-6053\" src=\"https:\/\/www.valparaisocreativo.cl\/wp-content\/uploads\/2021\/03\/Ody-2-300x199.jpg\" alt=\"\" width=\"300\" height=\"199\" \/><\/p>\n<p><b>Desde entonces, \u00bfhas continuado lanzando producciones?<\/b><\/p>\n<ul>\n<li aria-level=\"1\">S\u00ed, primero un \u00e1lbum de 7 canciones, llamado <b>Papel Marr\u00f3n. <\/b>Desde entonces me fui involucrando con otros instrumentos y sonidos. De hecho nuestra producci\u00f3n musical actual es s\u00f3lo m\u00fasica latina. Soy fan\u00e1tico del ukelele, as\u00ed que tambi\u00e9n he integrado esos sonidos, o el bolero, la bachata, cumbias norte\u00f1as. Estamos mezclando ah\u00ed.<\/li>\n<\/ul>\n<p>&nbsp;<\/p>\n<p><em>Sus otras producciones son \u201cVagando en la Ciudad\u201d y \u201cTal Vez\u201d.<\/em><\/p>\n<p>&nbsp;<\/p>\n<p><b>\u00bfQu\u00e9 es lo que quieres transmitir con tus canciones?<\/b><\/p>\n<ul>\n<li aria-level=\"1\">Poder transmitir alegr\u00eda. Siento que la m\u00fasica, en un momento como este, si le pones una canci\u00f3n de fondo se transforma en un cuento. Creo que eso es lo que pase: transportar a la gente a que escuche la m\u00fasica a un contexto playero. Algo que lleve a compartir.<\/li>\n<\/ul>\n<p>&nbsp;<\/p>\n<p>Actualmente, como comentan, se encuentran preparando un nuevo disco para este a\u00f1o. Est\u00e1n buscando las gestiones para poder hacer un producto de calidad.<\/p>\n","protected":false},"excerpt":{"rendered":"<p>Ody es una banda de Cartagena. Desde aqu\u00ed, con una fusi\u00f3n de ritmos y tradici\u00f3n latinoamericana, est\u00e1n creando sonidos que levantan el \u00e1nimo. Conversamos con el primer miembro, Ody, quien comenz\u00f3 este proyecto como solista hace ya varios a\u00f1os. Hoy son cinco miembros que trabajan en conjunto para entregar sonidos de calidad. &nbsp; \u00bfC\u00f3mo comienza [&hellip;]<\/p>\n","protected":false},"author":3,"featured_media":8209,"comment_status":"closed","ping_status":"closed","sticky":false,"template":"","format":"standard","meta":{"_acf_changed":false,"footnotes":""},"categories":[8],"tags":[],"class_list":["post-8208","post","type-post","status-publish","format-standard","has-post-thumbnail","hentry","category-noticia"],"acf":[],"yoast_head":"<!-- This site is optimized with the Yoast SEO plugin v27.1.1 - https:\/\/yoast.com\/product\/yoast-seo-wordpress\/ -->\n<title>Ody Oficial, m\u00fasica costera para compartir felicidad - Valpara\u00ed\u00adso Creativo<\/title>\n<meta name=\"robots\" content=\"index, follow, max-snippet:-1, max-image-preview:large, max-video-preview:-1\" \/>\n<link rel=\"canonical\" href=\"https:\/\/dev.antudigital.cl\/sites\/vc\/ody-oficial-musica-costera-para-compartir-felicidad\/\" \/>\n<meta property=\"og:locale\" content=\"es_ES\" \/>\n<meta property=\"og:type\" content=\"article\" \/>\n<meta property=\"og:title\" content=\"Ody Oficial, m\u00fasica costera para compartir felicidad - Valpara\u00ed\u00adso Creativo\" \/>\n<meta property=\"og:description\" content=\"Ody es una banda de Cartagena. Desde aqu\u00ed, con una fusi\u00f3n de ritmos y tradici\u00f3n latinoamericana, est\u00e1n creando sonidos que levantan el \u00e1nimo. Conversamos con el primer miembro, Ody, quien comenz\u00f3 este proyecto como solista hace ya varios a\u00f1os. Hoy son cinco miembros que trabajan en conjunto para entregar sonidos de calidad. &nbsp; \u00bfC\u00f3mo comienza [&hellip;]\" \/>\n<meta property=\"og:url\" content=\"https:\/\/dev.antudigital.cl\/sites\/vc\/ody-oficial-musica-costera-para-compartir-felicidad\/\" \/>\n<meta property=\"og:site_name\" content=\"Valpara\u00ed\u00adso Creativo\" \/>\n<meta property=\"article:published_time\" content=\"2021-03-15T17:40:12+00:00\" \/>\n<meta property=\"og:image\" content=\"https:\/\/dev.antudigital.cl\/sites\/vc\/wp-content\/uploads\/2021\/03\/ody1.jpg\" \/>\n\t<meta property=\"og:image:width\" content=\"960\" \/>\n\t<meta property=\"og:image:height\" content=\"569\" \/>\n\t<meta property=\"og:image:type\" content=\"image\/jpeg\" \/>\n<meta name=\"author\" content=\"Valparaiso Creativo\" \/>\n<meta name=\"twitter:card\" content=\"summary_large_image\" \/>\n<meta name=\"twitter:label1\" content=\"Escrito por\" \/>\n\t<meta name=\"twitter:data1\" content=\"Valparaiso Creativo\" \/>\n\t<meta name=\"twitter:label2\" content=\"Tiempo de lectura\" \/>\n\t<meta name=\"twitter:data2\" content=\"2 minutos\" \/>\n<script type=\"application\/ld+json\" class=\"yoast-schema-graph\">{\"@context\":\"https:\/\/schema.org\",\"@graph\":[{\"@type\":\"Article\",\"@id\":\"https:\/\/dev.antudigital.cl\/sites\/vc\/ody-oficial-musica-costera-para-compartir-felicidad\/#article\",\"isPartOf\":{\"@id\":\"https:\/\/dev.antudigital.cl\/sites\/vc\/ody-oficial-musica-costera-para-compartir-felicidad\/\"},\"author\":{\"name\":\"Valparaiso Creativo\",\"@id\":\"https:\/\/dev.antudigital.cl\/sites\/vc\/#\/schema\/person\/81d1dcd51abd542b5dfc00f5f951a0f1\"},\"headline\":\"Ody Oficial, m\u00fasica costera para compartir felicidad\",\"datePublished\":\"2021-03-15T17:40:12+00:00\",\"mainEntityOfPage\":{\"@id\":\"https:\/\/dev.antudigital.cl\/sites\/vc\/ody-oficial-musica-costera-para-compartir-felicidad\/\"},\"wordCount\":341,\"image\":{\"@id\":\"https:\/\/dev.antudigital.cl\/sites\/vc\/ody-oficial-musica-costera-para-compartir-felicidad\/#primaryimage\"},\"thumbnailUrl\":\"https:\/\/dev.antudigital.cl\/sites\/vc\/wp-content\/uploads\/2021\/03\/ody1.jpg\",\"articleSection\":[\"Noticia\"],\"inLanguage\":\"es\"},{\"@type\":\"WebPage\",\"@id\":\"https:\/\/dev.antudigital.cl\/sites\/vc\/ody-oficial-musica-costera-para-compartir-felicidad\/\",\"url\":\"https:\/\/dev.antudigital.cl\/sites\/vc\/ody-oficial-musica-costera-para-compartir-felicidad\/\",\"name\":\"Ody Oficial, m\u00fasica costera para compartir felicidad - Valpara\u00ed\u00adso Creativo\",\"isPartOf\":{\"@id\":\"https:\/\/dev.antudigital.cl\/sites\/vc\/#website\"},\"primaryImageOfPage\":{\"@id\":\"https:\/\/dev.antudigital.cl\/sites\/vc\/ody-oficial-musica-costera-para-compartir-felicidad\/#primaryimage\"},\"image\":{\"@id\":\"https:\/\/dev.antudigital.cl\/sites\/vc\/ody-oficial-musica-costera-para-compartir-felicidad\/#primaryimage\"},\"thumbnailUrl\":\"https:\/\/dev.antudigital.cl\/sites\/vc\/wp-content\/uploads\/2021\/03\/ody1.jpg\",\"datePublished\":\"2021-03-15T17:40:12+00:00\",\"author\":{\"@id\":\"https:\/\/dev.antudigital.cl\/sites\/vc\/#\/schema\/person\/81d1dcd51abd542b5dfc00f5f951a0f1\"},\"breadcrumb\":{\"@id\":\"https:\/\/dev.antudigital.cl\/sites\/vc\/ody-oficial-musica-costera-para-compartir-felicidad\/#breadcrumb\"},\"inLanguage\":\"es\",\"potentialAction\":[{\"@type\":\"ReadAction\",\"target\":[\"https:\/\/dev.antudigital.cl\/sites\/vc\/ody-oficial-musica-costera-para-compartir-felicidad\/\"]}]},{\"@type\":\"ImageObject\",\"inLanguage\":\"es\",\"@id\":\"https:\/\/dev.antudigital.cl\/sites\/vc\/ody-oficial-musica-costera-para-compartir-felicidad\/#primaryimage\",\"url\":\"https:\/\/dev.antudigital.cl\/sites\/vc\/wp-content\/uploads\/2021\/03\/ody1.jpg\",\"contentUrl\":\"https:\/\/dev.antudigital.cl\/sites\/vc\/wp-content\/uploads\/2021\/03\/ody1.jpg\",\"width\":960,\"height\":569},{\"@type\":\"BreadcrumbList\",\"@id\":\"https:\/\/dev.antudigital.cl\/sites\/vc\/ody-oficial-musica-costera-para-compartir-felicidad\/#breadcrumb\",\"itemListElement\":[{\"@type\":\"ListItem\",\"position\":1,\"name\":\"Home\",\"item\":\"https:\/\/dev.antudigital.cl\/sites\/vc\/\"},{\"@type\":\"ListItem\",\"position\":2,\"name\":\"Ody Oficial, m\u00fasica costera para compartir felicidad\"}]},{\"@type\":\"WebSite\",\"@id\":\"https:\/\/dev.antudigital.cl\/sites\/vc\/#website\",\"url\":\"https:\/\/dev.antudigital.cl\/sites\/vc\/\",\"name\":\"Valpara\u00ed\u00adso Creativo\",\"description\":\"\",\"potentialAction\":[{\"@type\":\"SearchAction\",\"target\":{\"@type\":\"EntryPoint\",\"urlTemplate\":\"https:\/\/dev.antudigital.cl\/sites\/vc\/?s={search_term_string}\"},\"query-input\":{\"@type\":\"PropertyValueSpecification\",\"valueRequired\":true,\"valueName\":\"search_term_string\"}}],\"inLanguage\":\"es\"},{\"@type\":\"Person\",\"@id\":\"https:\/\/dev.antudigital.cl\/sites\/vc\/#\/schema\/person\/81d1dcd51abd542b5dfc00f5f951a0f1\",\"name\":\"Valparaiso Creativo\",\"url\":\"https:\/\/dev.antudigital.cl\/sites\/vc\/author\/valparaiso-creativo\/\"}]}<\/script>\n<!-- \/ Yoast SEO plugin. -->","yoast_head_json":{"title":"Ody Oficial, m\u00fasica costera para compartir felicidad - Valpara\u00ed\u00adso Creativo","robots":{"index":"index","follow":"follow","max-snippet":"max-snippet:-1","max-image-preview":"max-image-preview:large","max-video-preview":"max-video-preview:-1"},"canonical":"https:\/\/dev.antudigital.cl\/sites\/vc\/ody-oficial-musica-costera-para-compartir-felicidad\/","og_locale":"es_ES","og_type":"article","og_title":"Ody Oficial, m\u00fasica costera para compartir felicidad - Valpara\u00ed\u00adso Creativo","og_description":"Ody es una banda de Cartagena. Desde aqu\u00ed, con una fusi\u00f3n de ritmos y tradici\u00f3n latinoamericana, est\u00e1n creando sonidos que levantan el \u00e1nimo. Conversamos con el primer miembro, Ody, quien comenz\u00f3 este proyecto como solista hace ya varios a\u00f1os. Hoy son cinco miembros que trabajan en conjunto para entregar sonidos de calidad. &nbsp; \u00bfC\u00f3mo comienza [&hellip;]","og_url":"https:\/\/dev.antudigital.cl\/sites\/vc\/ody-oficial-musica-costera-para-compartir-felicidad\/","og_site_name":"Valpara\u00ed\u00adso Creativo","article_published_time":"2021-03-15T17:40:12+00:00","og_image":[{"width":960,"height":569,"url":"https:\/\/dev.antudigital.cl\/sites\/vc\/wp-content\/uploads\/2021\/03\/ody1.jpg","type":"image\/jpeg"}],"author":"Valparaiso Creativo","twitter_card":"summary_large_image","twitter_misc":{"Escrito por":"Valparaiso Creativo","Tiempo de lectura":"2 minutos"},"schema":{"@context":"https:\/\/schema.org","@graph":[{"@type":"Article","@id":"https:\/\/dev.antudigital.cl\/sites\/vc\/ody-oficial-musica-costera-para-compartir-felicidad\/#article","isPartOf":{"@id":"https:\/\/dev.antudigital.cl\/sites\/vc\/ody-oficial-musica-costera-para-compartir-felicidad\/"},"author":{"name":"Valparaiso Creativo","@id":"https:\/\/dev.antudigital.cl\/sites\/vc\/#\/schema\/person\/81d1dcd51abd542b5dfc00f5f951a0f1"},"headline":"Ody Oficial, m\u00fasica costera para compartir felicidad","datePublished":"2021-03-15T17:40:12+00:00","mainEntityOfPage":{"@id":"https:\/\/dev.antudigital.cl\/sites\/vc\/ody-oficial-musica-costera-para-compartir-felicidad\/"},"wordCount":341,"image":{"@id":"https:\/\/dev.antudigital.cl\/sites\/vc\/ody-oficial-musica-costera-para-compartir-felicidad\/#primaryimage"},"thumbnailUrl":"https:\/\/dev.antudigital.cl\/sites\/vc\/wp-content\/uploads\/2021\/03\/ody1.jpg","articleSection":["Noticia"],"inLanguage":"es"},{"@type":"WebPage","@id":"https:\/\/dev.antudigital.cl\/sites\/vc\/ody-oficial-musica-costera-para-compartir-felicidad\/","url":"https:\/\/dev.antudigital.cl\/sites\/vc\/ody-oficial-musica-costera-para-compartir-felicidad\/","name":"Ody Oficial, m\u00fasica costera para compartir felicidad - Valpara\u00ed\u00adso Creativo","isPartOf":{"@id":"https:\/\/dev.antudigital.cl\/sites\/vc\/#website"},"primaryImageOfPage":{"@id":"https:\/\/dev.antudigital.cl\/sites\/vc\/ody-oficial-musica-costera-para-compartir-felicidad\/#primaryimage"},"image":{"@id":"https:\/\/dev.antudigital.cl\/sites\/vc\/ody-oficial-musica-costera-para-compartir-felicidad\/#primaryimage"},"thumbnailUrl":"https:\/\/dev.antudigital.cl\/sites\/vc\/wp-content\/uploads\/2021\/03\/ody1.jpg","datePublished":"2021-03-15T17:40:12+00:00","author":{"@id":"https:\/\/dev.antudigital.cl\/sites\/vc\/#\/schema\/person\/81d1dcd51abd542b5dfc00f5f951a0f1"},"breadcrumb":{"@id":"https:\/\/dev.antudigital.cl\/sites\/vc\/ody-oficial-musica-costera-para-compartir-felicidad\/#breadcrumb"},"inLanguage":"es","potentialAction":[{"@type":"ReadAction","target":["https:\/\/dev.antudigital.cl\/sites\/vc\/ody-oficial-musica-costera-para-compartir-felicidad\/"]}]},{"@type":"ImageObject","inLanguage":"es","@id":"https:\/\/dev.antudigital.cl\/sites\/vc\/ody-oficial-musica-costera-para-compartir-felicidad\/#primaryimage","url":"https:\/\/dev.antudigital.cl\/sites\/vc\/wp-content\/uploads\/2021\/03\/ody1.jpg","contentUrl":"https:\/\/dev.antudigital.cl\/sites\/vc\/wp-content\/uploads\/2021\/03\/ody1.jpg","width":960,"height":569},{"@type":"BreadcrumbList","@id":"https:\/\/dev.antudigital.cl\/sites\/vc\/ody-oficial-musica-costera-para-compartir-felicidad\/#breadcrumb","itemListElement":[{"@type":"ListItem","position":1,"name":"Home","item":"https:\/\/dev.antudigital.cl\/sites\/vc\/"},{"@type":"ListItem","position":2,"name":"Ody Oficial, m\u00fasica costera para compartir felicidad"}]},{"@type":"WebSite","@id":"https:\/\/dev.antudigital.cl\/sites\/vc\/#website","url":"https:\/\/dev.antudigital.cl\/sites\/vc\/","name":"Valpara\u00ed\u00adso Creativo","description":"","potentialAction":[{"@type":"SearchAction","target":{"@type":"EntryPoint","urlTemplate":"https:\/\/dev.antudigital.cl\/sites\/vc\/?s={search_term_string}"},"query-input":{"@type":"PropertyValueSpecification","valueRequired":true,"valueName":"search_term_string"}}],"inLanguage":"es"},{"@type":"Person","@id":"https:\/\/dev.antudigital.cl\/sites\/vc\/#\/schema\/person\/81d1dcd51abd542b5dfc00f5f951a0f1","name":"Valparaiso Creativo","url":"https:\/\/dev.antudigital.cl\/sites\/vc\/author\/valparaiso-creativo\/"}]}},"_links":{"self":[{"href":"https:\/\/dev.antudigital.cl\/sites\/vc\/wp-json\/wp\/v2\/posts\/8208","targetHints":{"allow":["GET"]}}],"collection":[{"href":"https:\/\/dev.antudigital.cl\/sites\/vc\/wp-json\/wp\/v2\/posts"}],"about":[{"href":"https:\/\/dev.antudigital.cl\/sites\/vc\/wp-json\/wp\/v2\/types\/post"}],"author":[{"embeddable":true,"href":"https:\/\/dev.antudigital.cl\/sites\/vc\/wp-json\/wp\/v2\/users\/3"}],"replies":[{"embeddable":true,"href":"https:\/\/dev.antudigital.cl\/sites\/vc\/wp-json\/wp\/v2\/comments?post=8208"}],"version-history":[{"count":0,"href":"https:\/\/dev.antudigital.cl\/sites\/vc\/wp-json\/wp\/v2\/posts\/8208\/revisions"}],"wp:featuredmedia":[{"embeddable":true,"href":"https:\/\/dev.antudigital.cl\/sites\/vc\/wp-json\/wp\/v2\/media\/8209"}],"wp:attachment":[{"href":"https:\/\/dev.antudigital.cl\/sites\/vc\/wp-json\/wp\/v2\/media?parent=8208"}],"wp:term":[{"taxonomy":"category","embeddable":true,"href":"https:\/\/dev.antudigital.cl\/sites\/vc\/wp-json\/wp\/v2\/categories?post=8208"},{"taxonomy":"post_tag","embeddable":true,"href":"https:\/\/dev.antudigital.cl\/sites\/vc\/wp-json\/wp\/v2\/tags?post=8208"}],"curies":[{"name":"wp","href":"https:\/\/api.w.org\/{rel}","templated":true}]}}