{"id":8215,"date":"2021-03-15T13:28:01","date_gmt":"2021-03-15T13:28:01","guid":{"rendered":"https:\/\/www.valparaisocreativo.cl\/?p=6045"},"modified":"2021-03-15T13:28:01","modified_gmt":"2021-03-15T13:28:01","slug":"sumate-a-este-conversatorio-para-celebrar-el-dia-de-la-astronomia","status":"publish","type":"post","link":"https:\/\/dev.antudigital.cl\/sites\/vc\/sumate-a-este-conversatorio-para-celebrar-el-dia-de-la-astronomia\/","title":{"rendered":"S\u00famate a este conversatorio para celebrar el D\u00eda de la Astronom\u00eda"},"content":{"rendered":"<p>En el marco del D\u00eda de la Astronom\u00eda este 19 de marzo a las 18 horas, el Instituto de F\u00edsica y Astronom\u00eda (IFA) de la Universidad de Valpara\u00edso (UV) en conjunto con <strong>Explora Valpara\u00edso, del Ministerio de Ciencia<\/strong>, han organizado un Conversatorio virtual denominado \u201cVolvamos a mirar las estrellas\u201d. En la oportunidad, profesionales de diversas disciplinas abordar\u00e1n los efectos de la contaminaci\u00f3n lum\u00ednica en las personas, la vida silvestre, las ciudades y la astronom\u00eda.<\/p>\n<p><strong>ASTRONOM\u00cdA<\/strong><br \/>\nPara analizar los efectos de la contaminaci\u00f3n lum\u00ednica en Chile, la actividad contar\u00e1 con la presencia del <strong>Dr. Eduardo Ibar<\/strong>, investigador del IFA-UV y Director ejecutivo de la Sociedad Chilena de Astronom\u00eda (SOCHIAS).<\/p>\n<p><strong>NEUROCIENCIA<\/strong><br \/>\n\u201cHemos perdido sue\u00f1o\u201d, comenta<strong> Dr. John Ewer<\/strong>, bi\u00f3logo y doctor en neurociencias del Centro Interdisciplinario de Neurociencias de Valpara\u00edso, quien se referir\u00e1 a los efectos de los excesos de luz artificial sobre el cuerpo humano y las graves enfermedades a las que se expone una persona que no respeta el reloj biol\u00f3gico del dormir.<\/p>\n<p><strong>URBANISMO<\/strong><br \/>\n<strong>Paulina Villalobos<\/strong>, arquitecta y experta en iluminaci\u00f3n de las ciudades, reconocida a nivel nacional como una activa defensora de la noche como patrimonio asistir\u00e1 a este evento para referirse desde su especialidad en c\u00f3mo contribuye a la biodiversidad un correcto dise\u00f1o de luminarias p\u00fablicas.<\/p>\n<p><strong>NORMATIVA<\/strong><br \/>\nEn materia de sistemas de protecci\u00f3n, <strong>Pedro Sanhueza<\/strong> Secretario de la Fundaci\u00f3n Cielos de Chile y Director de la Oficina de Protecci\u00f3n de la Calidad del Cielo del Norte de Chile \u2013 OPCC, expondr\u00e1 respecto de los avances normativos y c\u00f3mo nuestro pa\u00eds est\u00e1 regulando las emisiones de contaminaci\u00f3n lum\u00ednica.<\/p>\n<p><strong>MEDIOAMBIENTE<\/strong><\/p>\n<p>Para conocer la importancia del impacto que genera los excesos de luz urbana en la vida silvestre, presentar\u00e1 Valentina Colodro, veterinaria de la ONG Oikonos. Con una mirada desde los territorios, Colodro junto a un equipo de expertos han desarrollado un valioso trabajo, como es el caso en la isla Juan Fern\u00e1ndez y c\u00f3mo la contaminaci\u00f3n lum\u00ednica ha causado estragos en las fardelas (aves marinas propias del archipi\u00e9lago).<\/p>\n<blockquote><p>Para participar de este conversatorio, las personas interesadas pueden inscribirse en <a href=\"https:\/\/us02web.zoom.us\/webinar\/register\/WN_-Lg8RCkqQAO06m4tyvIPSg\">https:\/\/us02web.zoom.us\/webinar\/register\/WN_-Lg8RCkqQAO06m4tyvIPSg<\/a>. O bien, puedes conectarte a las redes sociales de Explora Valpara\u00edso, el IFA-UV y el Museo Fonck, el viernes 19 de marzo a las 18:00 horas.<\/p><\/blockquote>\n","protected":false},"excerpt":{"rendered":"<p>En el marco del D\u00eda de la Astronom\u00eda este 19 de marzo a las 18 horas, el Instituto de F\u00edsica y Astronom\u00eda (IFA) de la Universidad de Valpara\u00edso (UV) en conjunto con Explora Valpara\u00edso, del Ministerio de Ciencia, han organizado un Conversatorio virtual denominado \u201cVolvamos a mirar las estrellas\u201d. En la oportunidad, profesionales de diversas [&hellip;]<\/p>\n","protected":false},"author":3,"featured_media":8216,"comment_status":"closed","ping_status":"closed","sticky":false,"template":"","format":"standard","meta":{"_acf_changed":false,"footnotes":""},"categories":[8],"tags":[],"class_list":["post-8215","post","type-post","status-publish","format-standard","has-post-thumbnail","hentry","category-noticia"],"acf":[],"yoast_head":"<!-- This site is optimized with the Yoast SEO plugin v27.1.1 - https:\/\/yoast.com\/product\/yoast-seo-wordpress\/ -->\n<title>S\u00famate a este conversatorio para celebrar el D\u00eda de la Astronom\u00eda - Valpara\u00ed\u00adso Creativo<\/title>\n<meta name=\"robots\" content=\"index, follow, max-snippet:-1, max-image-preview:large, max-video-preview:-1\" \/>\n<link rel=\"canonical\" href=\"https:\/\/dev.antudigital.cl\/sites\/vc\/sumate-a-este-conversatorio-para-celebrar-el-dia-de-la-astronomia\/\" \/>\n<meta property=\"og:locale\" content=\"es_ES\" \/>\n<meta property=\"og:type\" content=\"article\" \/>\n<meta property=\"og:title\" content=\"S\u00famate a este conversatorio para celebrar el D\u00eda de la Astronom\u00eda - Valpara\u00ed\u00adso Creativo\" \/>\n<meta property=\"og:description\" content=\"En el marco del D\u00eda de la Astronom\u00eda este 19 de marzo a las 18 horas, el Instituto de F\u00edsica y Astronom\u00eda (IFA) de la Universidad de Valpara\u00edso (UV) en conjunto con Explora Valpara\u00edso, del Ministerio de Ciencia, han organizado un Conversatorio virtual denominado \u201cVolvamos a mirar las estrellas\u201d. En la oportunidad, profesionales de diversas [&hellip;]\" \/>\n<meta property=\"og:url\" content=\"https:\/\/dev.antudigital.cl\/sites\/vc\/sumate-a-este-conversatorio-para-celebrar-el-dia-de-la-astronomia\/\" \/>\n<meta property=\"og:site_name\" content=\"Valpara\u00ed\u00adso Creativo\" \/>\n<meta property=\"article:published_time\" content=\"2021-03-15T13:28:01+00:00\" \/>\n<meta property=\"og:image\" content=\"https:\/\/dev.antudigital.cl\/sites\/vc\/wp-content\/uploads\/2021\/03\/1500x500.jpg\" \/>\n\t<meta property=\"og:image:width\" content=\"1500\" \/>\n\t<meta property=\"og:image:height\" content=\"500\" \/>\n\t<meta property=\"og:image:type\" content=\"image\/jpeg\" \/>\n<meta name=\"author\" content=\"Valparaiso Creativo\" \/>\n<meta name=\"twitter:card\" content=\"summary_large_image\" \/>\n<meta name=\"twitter:label1\" content=\"Escrito por\" \/>\n\t<meta name=\"twitter:data1\" content=\"Valparaiso Creativo\" \/>\n\t<meta name=\"twitter:label2\" content=\"Tiempo de lectura\" \/>\n\t<meta name=\"twitter:data2\" content=\"2 minutos\" \/>\n<script type=\"application\/ld+json\" class=\"yoast-schema-graph\">{\"@context\":\"https:\/\/schema.org\",\"@graph\":[{\"@type\":\"Article\",\"@id\":\"https:\/\/dev.antudigital.cl\/sites\/vc\/sumate-a-este-conversatorio-para-celebrar-el-dia-de-la-astronomia\/#article\",\"isPartOf\":{\"@id\":\"https:\/\/dev.antudigital.cl\/sites\/vc\/sumate-a-este-conversatorio-para-celebrar-el-dia-de-la-astronomia\/\"},\"author\":{\"name\":\"Valparaiso Creativo\",\"@id\":\"https:\/\/dev.antudigital.cl\/sites\/vc\/#\/schema\/person\/81d1dcd51abd542b5dfc00f5f951a0f1\"},\"headline\":\"S\u00famate a este conversatorio para celebrar el D\u00eda de la Astronom\u00eda\",\"datePublished\":\"2021-03-15T13:28:01+00:00\",\"mainEntityOfPage\":{\"@id\":\"https:\/\/dev.antudigital.cl\/sites\/vc\/sumate-a-este-conversatorio-para-celebrar-el-dia-de-la-astronomia\/\"},\"wordCount\":421,\"image\":{\"@id\":\"https:\/\/dev.antudigital.cl\/sites\/vc\/sumate-a-este-conversatorio-para-celebrar-el-dia-de-la-astronomia\/#primaryimage\"},\"thumbnailUrl\":\"https:\/\/dev.antudigital.cl\/sites\/vc\/wp-content\/uploads\/2021\/03\/1500x500.jpg\",\"articleSection\":[\"Noticia\"],\"inLanguage\":\"es\"},{\"@type\":\"WebPage\",\"@id\":\"https:\/\/dev.antudigital.cl\/sites\/vc\/sumate-a-este-conversatorio-para-celebrar-el-dia-de-la-astronomia\/\",\"url\":\"https:\/\/dev.antudigital.cl\/sites\/vc\/sumate-a-este-conversatorio-para-celebrar-el-dia-de-la-astronomia\/\",\"name\":\"S\u00famate a este conversatorio para celebrar el D\u00eda de la Astronom\u00eda - Valpara\u00ed\u00adso Creativo\",\"isPartOf\":{\"@id\":\"https:\/\/dev.antudigital.cl\/sites\/vc\/#website\"},\"primaryImageOfPage\":{\"@id\":\"https:\/\/dev.antudigital.cl\/sites\/vc\/sumate-a-este-conversatorio-para-celebrar-el-dia-de-la-astronomia\/#primaryimage\"},\"image\":{\"@id\":\"https:\/\/dev.antudigital.cl\/sites\/vc\/sumate-a-este-conversatorio-para-celebrar-el-dia-de-la-astronomia\/#primaryimage\"},\"thumbnailUrl\":\"https:\/\/dev.antudigital.cl\/sites\/vc\/wp-content\/uploads\/2021\/03\/1500x500.jpg\",\"datePublished\":\"2021-03-15T13:28:01+00:00\",\"author\":{\"@id\":\"https:\/\/dev.antudigital.cl\/sites\/vc\/#\/schema\/person\/81d1dcd51abd542b5dfc00f5f951a0f1\"},\"breadcrumb\":{\"@id\":\"https:\/\/dev.antudigital.cl\/sites\/vc\/sumate-a-este-conversatorio-para-celebrar-el-dia-de-la-astronomia\/#breadcrumb\"},\"inLanguage\":\"es\",\"potentialAction\":[{\"@type\":\"ReadAction\",\"target\":[\"https:\/\/dev.antudigital.cl\/sites\/vc\/sumate-a-este-conversatorio-para-celebrar-el-dia-de-la-astronomia\/\"]}]},{\"@type\":\"ImageObject\",\"inLanguage\":\"es\",\"@id\":\"https:\/\/dev.antudigital.cl\/sites\/vc\/sumate-a-este-conversatorio-para-celebrar-el-dia-de-la-astronomia\/#primaryimage\",\"url\":\"https:\/\/dev.antudigital.cl\/sites\/vc\/wp-content\/uploads\/2021\/03\/1500x500.jpg\",\"contentUrl\":\"https:\/\/dev.antudigital.cl\/sites\/vc\/wp-content\/uploads\/2021\/03\/1500x500.jpg\",\"width\":1500,\"height\":500},{\"@type\":\"BreadcrumbList\",\"@id\":\"https:\/\/dev.antudigital.cl\/sites\/vc\/sumate-a-este-conversatorio-para-celebrar-el-dia-de-la-astronomia\/#breadcrumb\",\"itemListElement\":[{\"@type\":\"ListItem\",\"position\":1,\"name\":\"Home\",\"item\":\"https:\/\/dev.antudigital.cl\/sites\/vc\/\"},{\"@type\":\"ListItem\",\"position\":2,\"name\":\"S\u00famate a este conversatorio para celebrar el D\u00eda de la Astronom\u00eda\"}]},{\"@type\":\"WebSite\",\"@id\":\"https:\/\/dev.antudigital.cl\/sites\/vc\/#website\",\"url\":\"https:\/\/dev.antudigital.cl\/sites\/vc\/\",\"name\":\"Valpara\u00ed\u00adso Creativo\",\"description\":\"\",\"potentialAction\":[{\"@type\":\"SearchAction\",\"target\":{\"@type\":\"EntryPoint\",\"urlTemplate\":\"https:\/\/dev.antudigital.cl\/sites\/vc\/?s={search_term_string}\"},\"query-input\":{\"@type\":\"PropertyValueSpecification\",\"valueRequired\":true,\"valueName\":\"search_term_string\"}}],\"inLanguage\":\"es\"},{\"@type\":\"Person\",\"@id\":\"https:\/\/dev.antudigital.cl\/sites\/vc\/#\/schema\/person\/81d1dcd51abd542b5dfc00f5f951a0f1\",\"name\":\"Valparaiso Creativo\",\"url\":\"https:\/\/dev.antudigital.cl\/sites\/vc\/author\/valparaiso-creativo\/\"}]}<\/script>\n<!-- \/ Yoast SEO plugin. -->","yoast_head_json":{"title":"S\u00famate a este conversatorio para celebrar el D\u00eda de la Astronom\u00eda - Valpara\u00ed\u00adso Creativo","robots":{"index":"index","follow":"follow","max-snippet":"max-snippet:-1","max-image-preview":"max-image-preview:large","max-video-preview":"max-video-preview:-1"},"canonical":"https:\/\/dev.antudigital.cl\/sites\/vc\/sumate-a-este-conversatorio-para-celebrar-el-dia-de-la-astronomia\/","og_locale":"es_ES","og_type":"article","og_title":"S\u00famate a este conversatorio para celebrar el D\u00eda de la Astronom\u00eda - Valpara\u00ed\u00adso Creativo","og_description":"En el marco del D\u00eda de la Astronom\u00eda este 19 de marzo a las 18 horas, el Instituto de F\u00edsica y Astronom\u00eda (IFA) de la Universidad de Valpara\u00edso (UV) en conjunto con Explora Valpara\u00edso, del Ministerio de Ciencia, han organizado un Conversatorio virtual denominado \u201cVolvamos a mirar las estrellas\u201d. En la oportunidad, profesionales de diversas [&hellip;]","og_url":"https:\/\/dev.antudigital.cl\/sites\/vc\/sumate-a-este-conversatorio-para-celebrar-el-dia-de-la-astronomia\/","og_site_name":"Valpara\u00ed\u00adso Creativo","article_published_time":"2021-03-15T13:28:01+00:00","og_image":[{"width":1500,"height":500,"url":"https:\/\/dev.antudigital.cl\/sites\/vc\/wp-content\/uploads\/2021\/03\/1500x500.jpg","type":"image\/jpeg"}],"author":"Valparaiso Creativo","twitter_card":"summary_large_image","twitter_misc":{"Escrito por":"Valparaiso Creativo","Tiempo de lectura":"2 minutos"},"schema":{"@context":"https:\/\/schema.org","@graph":[{"@type":"Article","@id":"https:\/\/dev.antudigital.cl\/sites\/vc\/sumate-a-este-conversatorio-para-celebrar-el-dia-de-la-astronomia\/#article","isPartOf":{"@id":"https:\/\/dev.antudigital.cl\/sites\/vc\/sumate-a-este-conversatorio-para-celebrar-el-dia-de-la-astronomia\/"},"author":{"name":"Valparaiso Creativo","@id":"https:\/\/dev.antudigital.cl\/sites\/vc\/#\/schema\/person\/81d1dcd51abd542b5dfc00f5f951a0f1"},"headline":"S\u00famate a este conversatorio para celebrar el D\u00eda de la Astronom\u00eda","datePublished":"2021-03-15T13:28:01+00:00","mainEntityOfPage":{"@id":"https:\/\/dev.antudigital.cl\/sites\/vc\/sumate-a-este-conversatorio-para-celebrar-el-dia-de-la-astronomia\/"},"wordCount":421,"image":{"@id":"https:\/\/dev.antudigital.cl\/sites\/vc\/sumate-a-este-conversatorio-para-celebrar-el-dia-de-la-astronomia\/#primaryimage"},"thumbnailUrl":"https:\/\/dev.antudigital.cl\/sites\/vc\/wp-content\/uploads\/2021\/03\/1500x500.jpg","articleSection":["Noticia"],"inLanguage":"es"},{"@type":"WebPage","@id":"https:\/\/dev.antudigital.cl\/sites\/vc\/sumate-a-este-conversatorio-para-celebrar-el-dia-de-la-astronomia\/","url":"https:\/\/dev.antudigital.cl\/sites\/vc\/sumate-a-este-conversatorio-para-celebrar-el-dia-de-la-astronomia\/","name":"S\u00famate a este conversatorio para celebrar el D\u00eda de la Astronom\u00eda - Valpara\u00ed\u00adso Creativo","isPartOf":{"@id":"https:\/\/dev.antudigital.cl\/sites\/vc\/#website"},"primaryImageOfPage":{"@id":"https:\/\/dev.antudigital.cl\/sites\/vc\/sumate-a-este-conversatorio-para-celebrar-el-dia-de-la-astronomia\/#primaryimage"},"image":{"@id":"https:\/\/dev.antudigital.cl\/sites\/vc\/sumate-a-este-conversatorio-para-celebrar-el-dia-de-la-astronomia\/#primaryimage"},"thumbnailUrl":"https:\/\/dev.antudigital.cl\/sites\/vc\/wp-content\/uploads\/2021\/03\/1500x500.jpg","datePublished":"2021-03-15T13:28:01+00:00","author":{"@id":"https:\/\/dev.antudigital.cl\/sites\/vc\/#\/schema\/person\/81d1dcd51abd542b5dfc00f5f951a0f1"},"breadcrumb":{"@id":"https:\/\/dev.antudigital.cl\/sites\/vc\/sumate-a-este-conversatorio-para-celebrar-el-dia-de-la-astronomia\/#breadcrumb"},"inLanguage":"es","potentialAction":[{"@type":"ReadAction","target":["https:\/\/dev.antudigital.cl\/sites\/vc\/sumate-a-este-conversatorio-para-celebrar-el-dia-de-la-astronomia\/"]}]},{"@type":"ImageObject","inLanguage":"es","@id":"https:\/\/dev.antudigital.cl\/sites\/vc\/sumate-a-este-conversatorio-para-celebrar-el-dia-de-la-astronomia\/#primaryimage","url":"https:\/\/dev.antudigital.cl\/sites\/vc\/wp-content\/uploads\/2021\/03\/1500x500.jpg","contentUrl":"https:\/\/dev.antudigital.cl\/sites\/vc\/wp-content\/uploads\/2021\/03\/1500x500.jpg","width":1500,"height":500},{"@type":"BreadcrumbList","@id":"https:\/\/dev.antudigital.cl\/sites\/vc\/sumate-a-este-conversatorio-para-celebrar-el-dia-de-la-astronomia\/#breadcrumb","itemListElement":[{"@type":"ListItem","position":1,"name":"Home","item":"https:\/\/dev.antudigital.cl\/sites\/vc\/"},{"@type":"ListItem","position":2,"name":"S\u00famate a este conversatorio para celebrar el D\u00eda de la Astronom\u00eda"}]},{"@type":"WebSite","@id":"https:\/\/dev.antudigital.cl\/sites\/vc\/#website","url":"https:\/\/dev.antudigital.cl\/sites\/vc\/","name":"Valpara\u00ed\u00adso Creativo","description":"","potentialAction":[{"@type":"SearchAction","target":{"@type":"EntryPoint","urlTemplate":"https:\/\/dev.antudigital.cl\/sites\/vc\/?s={search_term_string}"},"query-input":{"@type":"PropertyValueSpecification","valueRequired":true,"valueName":"search_term_string"}}],"inLanguage":"es"},{"@type":"Person","@id":"https:\/\/dev.antudigital.cl\/sites\/vc\/#\/schema\/person\/81d1dcd51abd542b5dfc00f5f951a0f1","name":"Valparaiso Creativo","url":"https:\/\/dev.antudigital.cl\/sites\/vc\/author\/valparaiso-creativo\/"}]}},"_links":{"self":[{"href":"https:\/\/dev.antudigital.cl\/sites\/vc\/wp-json\/wp\/v2\/posts\/8215","targetHints":{"allow":["GET"]}}],"collection":[{"href":"https:\/\/dev.antudigital.cl\/sites\/vc\/wp-json\/wp\/v2\/posts"}],"about":[{"href":"https:\/\/dev.antudigital.cl\/sites\/vc\/wp-json\/wp\/v2\/types\/post"}],"author":[{"embeddable":true,"href":"https:\/\/dev.antudigital.cl\/sites\/vc\/wp-json\/wp\/v2\/users\/3"}],"replies":[{"embeddable":true,"href":"https:\/\/dev.antudigital.cl\/sites\/vc\/wp-json\/wp\/v2\/comments?post=8215"}],"version-history":[{"count":0,"href":"https:\/\/dev.antudigital.cl\/sites\/vc\/wp-json\/wp\/v2\/posts\/8215\/revisions"}],"wp:featuredmedia":[{"embeddable":true,"href":"https:\/\/dev.antudigital.cl\/sites\/vc\/wp-json\/wp\/v2\/media\/8216"}],"wp:attachment":[{"href":"https:\/\/dev.antudigital.cl\/sites\/vc\/wp-json\/wp\/v2\/media?parent=8215"}],"wp:term":[{"taxonomy":"category","embeddable":true,"href":"https:\/\/dev.antudigital.cl\/sites\/vc\/wp-json\/wp\/v2\/categories?post=8215"},{"taxonomy":"post_tag","embeddable":true,"href":"https:\/\/dev.antudigital.cl\/sites\/vc\/wp-json\/wp\/v2\/tags?post=8215"}],"curies":[{"name":"wp","href":"https:\/\/api.w.org\/{rel}","templated":true}]}}