{"id":8221,"date":"2021-03-11T17:41:05","date_gmt":"2021-03-11T17:41:05","guid":{"rendered":"https:\/\/www.valparaisocreativo.cl\/?p=6036"},"modified":"2021-03-11T17:41:05","modified_gmt":"2021-03-11T17:41:05","slug":"galeria-en-mov-baj-valparaiso-presenta-programacion-de-exposiciones-2021","status":"publish","type":"post","link":"https:\/\/dev.antudigital.cl\/sites\/vc\/galeria-en-mov-baj-valparaiso-presenta-programacion-de-exposiciones-2021\/","title":{"rendered":"Galer\u00eda en .MOV: BAJ Valpara\u00edso presenta programaci\u00f3n de exposiciones 2021"},"content":{"rendered":"<p dir=\"ltr\">Artistas locales ser\u00e1n los encargados de dar vida al primer ciclo de exposiciones online, con un total de seis nuevas muestras que ser\u00e1n estrenadas en formato virtual a trav\u00e9s de la p\u00e1gina web de Balmaceda Arte Joven (<a href=\"http:\/\/www.baj.cl\/\" target=\"_blank\" rel=\"noopener\" data-saferedirecturl=\"https:\/\/www.google.com\/url?q=http:\/\/www.baj.cl\/&amp;source=gmail&amp;ust=1615579269897000&amp;usg=AFQjCNG-251E0vh0jFDu4NpgN-TvXhKz5A\">www.baj.cl<\/a>). Con tem\u00e1ticas vinculadas a la memoria, violencias, el cotidiano, entre otras, participar\u00e1n de esta instancia Danny Reveco, el colectivo P\u00e9simo Servicio, Paz Olivares Droguett, Gabriel Holzapfel, Felipe Rubio y Carolina Ag\u00fcero, quien inaugurar\u00e1 las muestras 2021.<\/p>\n<p dir=\"ltr\">\u201c<em>Este ciclo de exposiciones viene a dar cuenta del trabajo de artistas activos en la escena local y nacional, con una producci\u00f3n art\u00edstica comprometida con el actual contexto social<\/em>. <em>Son el resultado de procesos cr\u00edticos, de una generaci\u00f3n de creadores y creadoras que se ha dedicado a amplificar mensajes que invitan a profundizar en la reflexi\u00f3n individual y colectiva<\/em>\u201d, indica Federico Botto, director de la sede regional.<\/p>\n<p><img fetchpriority=\"high\" decoding=\"async\" class=\"alignleft size-medium wp-image-6038\" src=\"https:\/\/www.valparaisocreativo.cl\/wp-content\/uploads\/2021\/03\/GALERIA-EN-MOV-Caro-Aguero-opcion-2-300x300.png\" alt=\"\" width=\"300\" height=\"300\" \/><\/p>\n<p dir=\"ltr\">El ciclo 2021 continuar\u00e1 su programaci\u00f3n con las obras <strong>No + toque de queda, de Danny Reveco<\/strong>; <strong>Chile Mata<\/strong>, del colectivo interdisciplinar <strong>P\u00e9simo Servicio<\/strong>; <strong>(D)Room solo, de Gabriel Holzapfel<\/strong>; <strong>Portales<\/strong>, de <strong>Paz Olivares Droguett<\/strong>; y <strong>Maritorio, de Felipe Rubio<\/strong>. Cada una de ellas ser\u00e1 liberada de manera mensual en la web de Balmaceda (<a href=\"http:\/\/www.baj.cl\/\" target=\"_blank\" rel=\"noopener\" data-saferedirecturl=\"https:\/\/www.google.com\/url?q=http:\/\/www.baj.cl\/&amp;source=gmail&amp;ust=1615579269897000&amp;usg=AFQjCNG-251E0vh0jFDu4NpgN-TvXhKz5A\">www.baj.cl<\/a>).<\/p>\n<p>&nbsp;<\/p>\n<p dir=\"ltr\">Sobre la curator\u00eda de esta muestra, comenta Daniela Fuentes, encargada de Programaci\u00f3n de la sede porte\u00f1a: \u00ab<em>Mirando este Ciclo en perspectiva, creo que las obras presentadas comparten, desde diversas experiencias y pulsiones, una lectura cr\u00edtica de Valpara\u00edso como territorio, de su espacio urbano, natural y social, aportando en muchos casos a re-configuraci\u00f3n de \u00e9ste<\/em>\u201d.<\/p>\n<h2 dir=\"ltr\"><strong>74 Nudos<\/strong><\/h2>\n<p dir=\"ltr\">Con la muestra a cargo de la fot\u00f3grafa <strong>Carolina Ag\u00fcero<\/strong> se dar\u00e1 por inaugurada la primera edici\u00f3n en l\u00ednea de Galer\u00eda en .MOV. A partir de su trabajo vinculado a la investigaci\u00f3n de inquietudes personales, sociales y reflexivas para la identidad local, la artista presentar\u00e1 este conjunto de obras que nacen a ra\u00edz de la historia de una ni\u00f1a de 12 a\u00f1os violentada sexualmente por alguien de su c\u00edrculo familiar.<\/p>\n<p dir=\"ltr\">Esta exposici\u00f3n en formato audiovisual est\u00e1 disponible desde el Jueves 11 de Marzo, a trav\u00e9s del <strong><a href=\"https:\/\/www.youtube.com\/watch?v=l5yBlw1AE8g&amp;feature=youtu.be\">siguiente link<\/a><\/strong>.<\/p>\n<p dir=\"ltr\">Si quieres participar y conocer m\u00e1s detalles de estas actividades de mediaci\u00f3n, debes contactarte al correo <a href=\"mailto:infovalparaiso@baj.cl\" target=\"_blank\" rel=\"noopener\">infovalparaiso@baj.cl<\/a>. Sobre detalles de las exposiciones de Galer\u00eda en .MOV, visita <a href=\"http:\/\/www.baj.cl\/\" target=\"_blank\" rel=\"noopener\" data-saferedirecturl=\"https:\/\/www.google.com\/url?q=http:\/\/www.baj.cl\/&amp;source=gmail&amp;ust=1615579269897000&amp;usg=AFQjCNG-251E0vh0jFDu4NpgN-TvXhKz5A\">www.baj.cl<\/a> .<\/p>\n<p><iframe src=\"https:\/\/www.youtube.com\/embed\/Zyye0ox_Vk0\" width=\"560\" height=\"315\" frameborder=\"0\" allowfullscreen=\"allowfullscreen\"><\/iframe><\/p>\n","protected":false},"excerpt":{"rendered":"<p>Artistas locales ser\u00e1n los encargados de dar vida al primer ciclo de exposiciones online, con un total de seis nuevas muestras que ser\u00e1n estrenadas en formato virtual a trav\u00e9s de la p\u00e1gina web de Balmaceda Arte Joven (www.baj.cl). Con tem\u00e1ticas vinculadas a la memoria, violencias, el cotidiano, entre otras, participar\u00e1n de esta instancia Danny Reveco, [&hellip;]<\/p>\n","protected":false},"author":3,"featured_media":8223,"comment_status":"closed","ping_status":"closed","sticky":false,"template":"","format":"standard","meta":{"_acf_changed":false,"footnotes":""},"categories":[8],"tags":[],"class_list":["post-8221","post","type-post","status-publish","format-standard","has-post-thumbnail","hentry","category-noticia"],"acf":[],"yoast_head":"<!-- This site is optimized with the Yoast SEO plugin v27.1.1 - https:\/\/yoast.com\/product\/yoast-seo-wordpress\/ -->\n<title>Galer\u00eda en .MOV: BAJ Valpara\u00edso presenta programaci\u00f3n de exposiciones 2021 - Valpara\u00ed\u00adso Creativo<\/title>\n<meta name=\"robots\" content=\"index, follow, max-snippet:-1, max-image-preview:large, max-video-preview:-1\" \/>\n<link rel=\"canonical\" href=\"https:\/\/dev.antudigital.cl\/sites\/vc\/galeria-en-mov-baj-valparaiso-presenta-programacion-de-exposiciones-2021\/\" \/>\n<meta property=\"og:locale\" content=\"es_ES\" \/>\n<meta property=\"og:type\" content=\"article\" \/>\n<meta property=\"og:title\" content=\"Galer\u00eda en .MOV: BAJ Valpara\u00edso presenta programaci\u00f3n de exposiciones 2021 - Valpara\u00ed\u00adso Creativo\" \/>\n<meta property=\"og:description\" content=\"Artistas locales ser\u00e1n los encargados de dar vida al primer ciclo de exposiciones online, con un total de seis nuevas muestras que ser\u00e1n estrenadas en formato virtual a trav\u00e9s de la p\u00e1gina web de Balmaceda Arte Joven (www.baj.cl). Con tem\u00e1ticas vinculadas a la memoria, violencias, el cotidiano, entre otras, participar\u00e1n de esta instancia Danny Reveco, [&hellip;]\" \/>\n<meta property=\"og:url\" content=\"https:\/\/dev.antudigital.cl\/sites\/vc\/galeria-en-mov-baj-valparaiso-presenta-programacion-de-exposiciones-2021\/\" \/>\n<meta property=\"og:site_name\" content=\"Valpara\u00ed\u00adso Creativo\" \/>\n<meta property=\"article:published_time\" content=\"2021-03-11T17:41:05+00:00\" \/>\n<meta property=\"og:image\" content=\"https:\/\/dev.antudigital.cl\/sites\/vc\/wp-content\/uploads\/2021\/03\/FOTO-PORTADA-WEB.jpg\" \/>\n\t<meta property=\"og:image:width\" content=\"1200\" \/>\n\t<meta property=\"og:image:height\" content=\"795\" \/>\n\t<meta property=\"og:image:type\" content=\"image\/jpeg\" \/>\n<meta name=\"author\" content=\"Valparaiso Creativo\" \/>\n<meta name=\"twitter:card\" content=\"summary_large_image\" \/>\n<meta name=\"twitter:label1\" content=\"Escrito por\" \/>\n\t<meta name=\"twitter:data1\" content=\"Valparaiso Creativo\" \/>\n\t<meta name=\"twitter:label2\" content=\"Tiempo de lectura\" \/>\n\t<meta name=\"twitter:data2\" content=\"2 minutos\" \/>\n<script type=\"application\/ld+json\" class=\"yoast-schema-graph\">{\"@context\":\"https:\/\/schema.org\",\"@graph\":[{\"@type\":\"Article\",\"@id\":\"https:\/\/dev.antudigital.cl\/sites\/vc\/galeria-en-mov-baj-valparaiso-presenta-programacion-de-exposiciones-2021\/#article\",\"isPartOf\":{\"@id\":\"https:\/\/dev.antudigital.cl\/sites\/vc\/galeria-en-mov-baj-valparaiso-presenta-programacion-de-exposiciones-2021\/\"},\"author\":{\"name\":\"Valparaiso Creativo\",\"@id\":\"https:\/\/dev.antudigital.cl\/sites\/vc\/#\/schema\/person\/81d1dcd51abd542b5dfc00f5f951a0f1\"},\"headline\":\"Galer\u00eda en .MOV: BAJ Valpara\u00edso presenta programaci\u00f3n de exposiciones 2021\",\"datePublished\":\"2021-03-11T17:41:05+00:00\",\"mainEntityOfPage\":{\"@id\":\"https:\/\/dev.antudigital.cl\/sites\/vc\/galeria-en-mov-baj-valparaiso-presenta-programacion-de-exposiciones-2021\/\"},\"wordCount\":419,\"image\":{\"@id\":\"https:\/\/dev.antudigital.cl\/sites\/vc\/galeria-en-mov-baj-valparaiso-presenta-programacion-de-exposiciones-2021\/#primaryimage\"},\"thumbnailUrl\":\"https:\/\/dev.antudigital.cl\/sites\/vc\/wp-content\/uploads\/2021\/03\/FOTO-PORTADA-WEB.jpg\",\"articleSection\":[\"Noticia\"],\"inLanguage\":\"es\"},{\"@type\":\"WebPage\",\"@id\":\"https:\/\/dev.antudigital.cl\/sites\/vc\/galeria-en-mov-baj-valparaiso-presenta-programacion-de-exposiciones-2021\/\",\"url\":\"https:\/\/dev.antudigital.cl\/sites\/vc\/galeria-en-mov-baj-valparaiso-presenta-programacion-de-exposiciones-2021\/\",\"name\":\"Galer\u00eda en .MOV: BAJ Valpara\u00edso presenta programaci\u00f3n de exposiciones 2021 - Valpara\u00ed\u00adso Creativo\",\"isPartOf\":{\"@id\":\"https:\/\/dev.antudigital.cl\/sites\/vc\/#website\"},\"primaryImageOfPage\":{\"@id\":\"https:\/\/dev.antudigital.cl\/sites\/vc\/galeria-en-mov-baj-valparaiso-presenta-programacion-de-exposiciones-2021\/#primaryimage\"},\"image\":{\"@id\":\"https:\/\/dev.antudigital.cl\/sites\/vc\/galeria-en-mov-baj-valparaiso-presenta-programacion-de-exposiciones-2021\/#primaryimage\"},\"thumbnailUrl\":\"https:\/\/dev.antudigital.cl\/sites\/vc\/wp-content\/uploads\/2021\/03\/FOTO-PORTADA-WEB.jpg\",\"datePublished\":\"2021-03-11T17:41:05+00:00\",\"author\":{\"@id\":\"https:\/\/dev.antudigital.cl\/sites\/vc\/#\/schema\/person\/81d1dcd51abd542b5dfc00f5f951a0f1\"},\"breadcrumb\":{\"@id\":\"https:\/\/dev.antudigital.cl\/sites\/vc\/galeria-en-mov-baj-valparaiso-presenta-programacion-de-exposiciones-2021\/#breadcrumb\"},\"inLanguage\":\"es\",\"potentialAction\":[{\"@type\":\"ReadAction\",\"target\":[\"https:\/\/dev.antudigital.cl\/sites\/vc\/galeria-en-mov-baj-valparaiso-presenta-programacion-de-exposiciones-2021\/\"]}]},{\"@type\":\"ImageObject\",\"inLanguage\":\"es\",\"@id\":\"https:\/\/dev.antudigital.cl\/sites\/vc\/galeria-en-mov-baj-valparaiso-presenta-programacion-de-exposiciones-2021\/#primaryimage\",\"url\":\"https:\/\/dev.antudigital.cl\/sites\/vc\/wp-content\/uploads\/2021\/03\/FOTO-PORTADA-WEB.jpg\",\"contentUrl\":\"https:\/\/dev.antudigital.cl\/sites\/vc\/wp-content\/uploads\/2021\/03\/FOTO-PORTADA-WEB.jpg\",\"width\":1200,\"height\":795},{\"@type\":\"BreadcrumbList\",\"@id\":\"https:\/\/dev.antudigital.cl\/sites\/vc\/galeria-en-mov-baj-valparaiso-presenta-programacion-de-exposiciones-2021\/#breadcrumb\",\"itemListElement\":[{\"@type\":\"ListItem\",\"position\":1,\"name\":\"Home\",\"item\":\"https:\/\/dev.antudigital.cl\/sites\/vc\/\"},{\"@type\":\"ListItem\",\"position\":2,\"name\":\"Galer\u00eda en .MOV: BAJ Valpara\u00edso presenta programaci\u00f3n de exposiciones 2021\"}]},{\"@type\":\"WebSite\",\"@id\":\"https:\/\/dev.antudigital.cl\/sites\/vc\/#website\",\"url\":\"https:\/\/dev.antudigital.cl\/sites\/vc\/\",\"name\":\"Valpara\u00ed\u00adso Creativo\",\"description\":\"\",\"potentialAction\":[{\"@type\":\"SearchAction\",\"target\":{\"@type\":\"EntryPoint\",\"urlTemplate\":\"https:\/\/dev.antudigital.cl\/sites\/vc\/?s={search_term_string}\"},\"query-input\":{\"@type\":\"PropertyValueSpecification\",\"valueRequired\":true,\"valueName\":\"search_term_string\"}}],\"inLanguage\":\"es\"},{\"@type\":\"Person\",\"@id\":\"https:\/\/dev.antudigital.cl\/sites\/vc\/#\/schema\/person\/81d1dcd51abd542b5dfc00f5f951a0f1\",\"name\":\"Valparaiso Creativo\",\"url\":\"https:\/\/dev.antudigital.cl\/sites\/vc\/author\/valparaiso-creativo\/\"}]}<\/script>\n<!-- \/ Yoast SEO plugin. -->","yoast_head_json":{"title":"Galer\u00eda en .MOV: BAJ Valpara\u00edso presenta programaci\u00f3n de exposiciones 2021 - Valpara\u00ed\u00adso Creativo","robots":{"index":"index","follow":"follow","max-snippet":"max-snippet:-1","max-image-preview":"max-image-preview:large","max-video-preview":"max-video-preview:-1"},"canonical":"https:\/\/dev.antudigital.cl\/sites\/vc\/galeria-en-mov-baj-valparaiso-presenta-programacion-de-exposiciones-2021\/","og_locale":"es_ES","og_type":"article","og_title":"Galer\u00eda en .MOV: BAJ Valpara\u00edso presenta programaci\u00f3n de exposiciones 2021 - Valpara\u00ed\u00adso Creativo","og_description":"Artistas locales ser\u00e1n los encargados de dar vida al primer ciclo de exposiciones online, con un total de seis nuevas muestras que ser\u00e1n estrenadas en formato virtual a trav\u00e9s de la p\u00e1gina web de Balmaceda Arte Joven (www.baj.cl). Con tem\u00e1ticas vinculadas a la memoria, violencias, el cotidiano, entre otras, participar\u00e1n de esta instancia Danny Reveco, [&hellip;]","og_url":"https:\/\/dev.antudigital.cl\/sites\/vc\/galeria-en-mov-baj-valparaiso-presenta-programacion-de-exposiciones-2021\/","og_site_name":"Valpara\u00ed\u00adso Creativo","article_published_time":"2021-03-11T17:41:05+00:00","og_image":[{"width":1200,"height":795,"url":"https:\/\/dev.antudigital.cl\/sites\/vc\/wp-content\/uploads\/2021\/03\/FOTO-PORTADA-WEB.jpg","type":"image\/jpeg"}],"author":"Valparaiso Creativo","twitter_card":"summary_large_image","twitter_misc":{"Escrito por":"Valparaiso Creativo","Tiempo de lectura":"2 minutos"},"schema":{"@context":"https:\/\/schema.org","@graph":[{"@type":"Article","@id":"https:\/\/dev.antudigital.cl\/sites\/vc\/galeria-en-mov-baj-valparaiso-presenta-programacion-de-exposiciones-2021\/#article","isPartOf":{"@id":"https:\/\/dev.antudigital.cl\/sites\/vc\/galeria-en-mov-baj-valparaiso-presenta-programacion-de-exposiciones-2021\/"},"author":{"name":"Valparaiso Creativo","@id":"https:\/\/dev.antudigital.cl\/sites\/vc\/#\/schema\/person\/81d1dcd51abd542b5dfc00f5f951a0f1"},"headline":"Galer\u00eda en .MOV: BAJ Valpara\u00edso presenta programaci\u00f3n de exposiciones 2021","datePublished":"2021-03-11T17:41:05+00:00","mainEntityOfPage":{"@id":"https:\/\/dev.antudigital.cl\/sites\/vc\/galeria-en-mov-baj-valparaiso-presenta-programacion-de-exposiciones-2021\/"},"wordCount":419,"image":{"@id":"https:\/\/dev.antudigital.cl\/sites\/vc\/galeria-en-mov-baj-valparaiso-presenta-programacion-de-exposiciones-2021\/#primaryimage"},"thumbnailUrl":"https:\/\/dev.antudigital.cl\/sites\/vc\/wp-content\/uploads\/2021\/03\/FOTO-PORTADA-WEB.jpg","articleSection":["Noticia"],"inLanguage":"es"},{"@type":"WebPage","@id":"https:\/\/dev.antudigital.cl\/sites\/vc\/galeria-en-mov-baj-valparaiso-presenta-programacion-de-exposiciones-2021\/","url":"https:\/\/dev.antudigital.cl\/sites\/vc\/galeria-en-mov-baj-valparaiso-presenta-programacion-de-exposiciones-2021\/","name":"Galer\u00eda en .MOV: BAJ Valpara\u00edso presenta programaci\u00f3n de exposiciones 2021 - Valpara\u00ed\u00adso Creativo","isPartOf":{"@id":"https:\/\/dev.antudigital.cl\/sites\/vc\/#website"},"primaryImageOfPage":{"@id":"https:\/\/dev.antudigital.cl\/sites\/vc\/galeria-en-mov-baj-valparaiso-presenta-programacion-de-exposiciones-2021\/#primaryimage"},"image":{"@id":"https:\/\/dev.antudigital.cl\/sites\/vc\/galeria-en-mov-baj-valparaiso-presenta-programacion-de-exposiciones-2021\/#primaryimage"},"thumbnailUrl":"https:\/\/dev.antudigital.cl\/sites\/vc\/wp-content\/uploads\/2021\/03\/FOTO-PORTADA-WEB.jpg","datePublished":"2021-03-11T17:41:05+00:00","author":{"@id":"https:\/\/dev.antudigital.cl\/sites\/vc\/#\/schema\/person\/81d1dcd51abd542b5dfc00f5f951a0f1"},"breadcrumb":{"@id":"https:\/\/dev.antudigital.cl\/sites\/vc\/galeria-en-mov-baj-valparaiso-presenta-programacion-de-exposiciones-2021\/#breadcrumb"},"inLanguage":"es","potentialAction":[{"@type":"ReadAction","target":["https:\/\/dev.antudigital.cl\/sites\/vc\/galeria-en-mov-baj-valparaiso-presenta-programacion-de-exposiciones-2021\/"]}]},{"@type":"ImageObject","inLanguage":"es","@id":"https:\/\/dev.antudigital.cl\/sites\/vc\/galeria-en-mov-baj-valparaiso-presenta-programacion-de-exposiciones-2021\/#primaryimage","url":"https:\/\/dev.antudigital.cl\/sites\/vc\/wp-content\/uploads\/2021\/03\/FOTO-PORTADA-WEB.jpg","contentUrl":"https:\/\/dev.antudigital.cl\/sites\/vc\/wp-content\/uploads\/2021\/03\/FOTO-PORTADA-WEB.jpg","width":1200,"height":795},{"@type":"BreadcrumbList","@id":"https:\/\/dev.antudigital.cl\/sites\/vc\/galeria-en-mov-baj-valparaiso-presenta-programacion-de-exposiciones-2021\/#breadcrumb","itemListElement":[{"@type":"ListItem","position":1,"name":"Home","item":"https:\/\/dev.antudigital.cl\/sites\/vc\/"},{"@type":"ListItem","position":2,"name":"Galer\u00eda en .MOV: BAJ Valpara\u00edso presenta programaci\u00f3n de exposiciones 2021"}]},{"@type":"WebSite","@id":"https:\/\/dev.antudigital.cl\/sites\/vc\/#website","url":"https:\/\/dev.antudigital.cl\/sites\/vc\/","name":"Valpara\u00ed\u00adso Creativo","description":"","potentialAction":[{"@type":"SearchAction","target":{"@type":"EntryPoint","urlTemplate":"https:\/\/dev.antudigital.cl\/sites\/vc\/?s={search_term_string}"},"query-input":{"@type":"PropertyValueSpecification","valueRequired":true,"valueName":"search_term_string"}}],"inLanguage":"es"},{"@type":"Person","@id":"https:\/\/dev.antudigital.cl\/sites\/vc\/#\/schema\/person\/81d1dcd51abd542b5dfc00f5f951a0f1","name":"Valparaiso Creativo","url":"https:\/\/dev.antudigital.cl\/sites\/vc\/author\/valparaiso-creativo\/"}]}},"_links":{"self":[{"href":"https:\/\/dev.antudigital.cl\/sites\/vc\/wp-json\/wp\/v2\/posts\/8221","targetHints":{"allow":["GET"]}}],"collection":[{"href":"https:\/\/dev.antudigital.cl\/sites\/vc\/wp-json\/wp\/v2\/posts"}],"about":[{"href":"https:\/\/dev.antudigital.cl\/sites\/vc\/wp-json\/wp\/v2\/types\/post"}],"author":[{"embeddable":true,"href":"https:\/\/dev.antudigital.cl\/sites\/vc\/wp-json\/wp\/v2\/users\/3"}],"replies":[{"embeddable":true,"href":"https:\/\/dev.antudigital.cl\/sites\/vc\/wp-json\/wp\/v2\/comments?post=8221"}],"version-history":[{"count":0,"href":"https:\/\/dev.antudigital.cl\/sites\/vc\/wp-json\/wp\/v2\/posts\/8221\/revisions"}],"wp:featuredmedia":[{"embeddable":true,"href":"https:\/\/dev.antudigital.cl\/sites\/vc\/wp-json\/wp\/v2\/media\/8223"}],"wp:attachment":[{"href":"https:\/\/dev.antudigital.cl\/sites\/vc\/wp-json\/wp\/v2\/media?parent=8221"}],"wp:term":[{"taxonomy":"category","embeddable":true,"href":"https:\/\/dev.antudigital.cl\/sites\/vc\/wp-json\/wp\/v2\/categories?post=8221"},{"taxonomy":"post_tag","embeddable":true,"href":"https:\/\/dev.antudigital.cl\/sites\/vc\/wp-json\/wp\/v2\/tags?post=8221"}],"curies":[{"name":"wp","href":"https:\/\/api.w.org\/{rel}","templated":true}]}}