{"id":8228,"date":"2021-02-26T18:02:50","date_gmt":"2021-02-26T18:02:50","guid":{"rendered":"https:\/\/www.valparaisocreativo.cl\/?p=6009"},"modified":"2021-02-26T18:02:50","modified_gmt":"2021-02-26T18:02:50","slug":"experimentando-con-los-oficios-desde-quillota","status":"publish","type":"post","link":"https:\/\/dev.antudigital.cl\/sites\/vc\/experimentando-con-los-oficios-desde-quillota\/","title":{"rendered":"Experimentando con los oficios desde Quillota"},"content":{"rendered":"<p>Bosquecito Caravana est\u00e1 trabajando con la edici\u00f3n y encuadernaci\u00f3n desde Quillota. Compuesto por Valentina Sep\u00falveda y Rodrigo Manr\u00edquez, ambos comenzaron haciendo libretas, hasta lanzar su propia agenda 2021. A\u00fan est\u00e1n comenzando y tienen mucho camino por recorrer:<\/p>\n<p>&nbsp;<\/p>\n<p><b>&#8211; \u00bfC\u00f3mo comienza Bosquecito Caravana?<\/b><\/p>\n<p>-Comienza en un viaje que hicimos con Valentina hace un a\u00f1o. Fuimos a C\u00f3rdoba y en este lugar, tuvimos la oportunidad de ver y visitar muchas librer\u00edas. Quedamos muy enamorados de la ciudad, y en conversaciones durante el viaje surgi\u00f3 la idea de formar una especie de imprenta, donde pudi\u00e9ramos desarrollar la encuadernaci\u00f3n e impresi\u00f3n de distintas cosas.<\/p>\n<p>De una u otra forma, ten\u00edamos la necesidad de imprimir y publicar de alguna forma mis ilustraciones, y ese objetivo es el inicial.<\/p>\n<p>&nbsp;<\/p>\n<p><b>&#8211; \u00bfQu\u00e9 los motiv\u00f3 a lanzarse con la agenda?<\/b><\/p>\n<p>-Fue una idea de Valentina, por el fin de a\u00f1o y generalmente es un producto que se solicita harto. Nos cost\u00f3 porque ten\u00edamos que contar con implementos m\u00e1s grandes, otros materiales, y eso nos empuj\u00f3 a buscar nuevas herramientas de trabaja e ir montando de a poco el taller que tenemos.<\/p>\n<p>Tuvimos que hacer muchas agendas en muy poco tiempo, jam\u00e1s lo hab\u00edamos hecho y fue un desaf\u00edo enorme. Desarrollar el dise\u00f1o, organizarla, su encuadernaci\u00f3n. Tiene ilustraciones propias.<\/p>\n<p>Tomamos un concepto, que es el de la <b>polilla, <\/b>que en un momento dec\u00edan que eran plaga, pero de alguna forma son necesarias para todo nuestro ciclo natural, y son parte de los procesos de la vida. Aunque no nos gusten. Y desde ah\u00ed desarrollamos algo.<\/p>\n<p>&nbsp;<\/p>\n<p><b>&#8211; \u00bfC\u00f3mo se imaginan que seguir\u00e1n? \u00bfQu\u00e9 quieren hacer? He visto sus libretas, adem\u00e1s de los encargos que les pueden hacer, \u00bfqu\u00e9 quieren experimentar?<\/b><\/p>\n<p>&#8211; La verdad es que en el \u00faltimo tiempo, la producci\u00f3n de libretas ha sido m\u00e1s intermitente. Tenemos muchas cosas en mente, ojal\u00e1 editar libros, pero ya es otro tema. Se necesita un equipo m\u00e1s grande.<\/p>\n<p>Creo que lo m\u00e1s cercano y factible es idear fanzines, publicaciones peque\u00f1as y jugar con la ilustraci\u00f3n y la literatura, que son cosas que me gustan mucho. Ojal\u00e1 de la mano con un cambio de imagen de lo que comenz\u00f3.<\/p>\n<p>&nbsp;<\/p>\n<p><b>&#8211; Nombren otros emprendimientos creativos de cualquier tipo que les gusten y sean de la regi\u00f3n.<\/b><\/p>\n<p>-Coraz\u00f3n de Hueso, una editorial de Valpara\u00edso que se traslad\u00f3 a Quillota, y su trabajo es muy lindo. Lo conocimos en una Feria de Oficios recientemente, y conocerles fue un empujoncito conocer otras historias.<\/p>\n","protected":false},"excerpt":{"rendered":"<p>Bosquecito Caravana est\u00e1 trabajando con la edici\u00f3n y encuadernaci\u00f3n desde Quillota. Compuesto por Valentina Sep\u00falveda y Rodrigo Manr\u00edquez, ambos comenzaron haciendo libretas, hasta lanzar su propia agenda 2021. A\u00fan est\u00e1n comenzando y tienen mucho camino por recorrer: &nbsp; &#8211; \u00bfC\u00f3mo comienza Bosquecito Caravana? -Comienza en un viaje que hicimos con Valentina hace un a\u00f1o. Fuimos [&hellip;]<\/p>\n","protected":false},"author":3,"featured_media":8229,"comment_status":"closed","ping_status":"closed","sticky":false,"template":"","format":"standard","meta":{"_acf_changed":false,"footnotes":""},"categories":[8],"tags":[],"class_list":["post-8228","post","type-post","status-publish","format-standard","has-post-thumbnail","hentry","category-noticia"],"acf":[],"yoast_head":"<!-- This site is optimized with the Yoast SEO plugin v27.1.1 - https:\/\/yoast.com\/product\/yoast-seo-wordpress\/ -->\n<title>Experimentando con los oficios desde Quillota - Valpara\u00ed\u00adso Creativo<\/title>\n<meta name=\"robots\" content=\"index, follow, max-snippet:-1, max-image-preview:large, max-video-preview:-1\" \/>\n<link rel=\"canonical\" href=\"https:\/\/dev.antudigital.cl\/sites\/vc\/experimentando-con-los-oficios-desde-quillota\/\" \/>\n<meta property=\"og:locale\" content=\"es_ES\" \/>\n<meta property=\"og:type\" content=\"article\" \/>\n<meta property=\"og:title\" content=\"Experimentando con los oficios desde Quillota - Valpara\u00ed\u00adso Creativo\" \/>\n<meta property=\"og:description\" content=\"Bosquecito Caravana est\u00e1 trabajando con la edici\u00f3n y encuadernaci\u00f3n desde Quillota. Compuesto por Valentina Sep\u00falveda y Rodrigo Manr\u00edquez, ambos comenzaron haciendo libretas, hasta lanzar su propia agenda 2021. A\u00fan est\u00e1n comenzando y tienen mucho camino por recorrer: &nbsp; &#8211; \u00bfC\u00f3mo comienza Bosquecito Caravana? -Comienza en un viaje que hicimos con Valentina hace un a\u00f1o. Fuimos [&hellip;]\" \/>\n<meta property=\"og:url\" content=\"https:\/\/dev.antudigital.cl\/sites\/vc\/experimentando-con-los-oficios-desde-quillota\/\" \/>\n<meta property=\"og:site_name\" content=\"Valpara\u00ed\u00adso Creativo\" \/>\n<meta property=\"article:published_time\" content=\"2021-02-26T18:02:50+00:00\" \/>\n<meta property=\"og:image\" content=\"https:\/\/dev.antudigital.cl\/sites\/vc\/wp-content\/uploads\/2021\/02\/Captura-de-Pantalla-2021-02-26-a-las-17.56.04.png\" \/>\n\t<meta property=\"og:image:width\" content=\"589\" \/>\n\t<meta property=\"og:image:height\" content=\"394\" \/>\n\t<meta property=\"og:image:type\" content=\"image\/png\" \/>\n<meta name=\"author\" content=\"Valparaiso Creativo\" \/>\n<meta name=\"twitter:card\" content=\"summary_large_image\" \/>\n<meta name=\"twitter:label1\" content=\"Escrito por\" \/>\n\t<meta name=\"twitter:data1\" content=\"Valparaiso Creativo\" \/>\n\t<meta name=\"twitter:label2\" content=\"Tiempo de lectura\" \/>\n\t<meta name=\"twitter:data2\" content=\"2 minutos\" \/>\n<script type=\"application\/ld+json\" class=\"yoast-schema-graph\">{\"@context\":\"https:\/\/schema.org\",\"@graph\":[{\"@type\":\"Article\",\"@id\":\"https:\/\/dev.antudigital.cl\/sites\/vc\/experimentando-con-los-oficios-desde-quillota\/#article\",\"isPartOf\":{\"@id\":\"https:\/\/dev.antudigital.cl\/sites\/vc\/experimentando-con-los-oficios-desde-quillota\/\"},\"author\":{\"name\":\"Valparaiso Creativo\",\"@id\":\"https:\/\/dev.antudigital.cl\/sites\/vc\/#\/schema\/person\/81d1dcd51abd542b5dfc00f5f951a0f1\"},\"headline\":\"Experimentando con los oficios desde Quillota\",\"datePublished\":\"2021-02-26T18:02:50+00:00\",\"mainEntityOfPage\":{\"@id\":\"https:\/\/dev.antudigital.cl\/sites\/vc\/experimentando-con-los-oficios-desde-quillota\/\"},\"wordCount\":450,\"image\":{\"@id\":\"https:\/\/dev.antudigital.cl\/sites\/vc\/experimentando-con-los-oficios-desde-quillota\/#primaryimage\"},\"thumbnailUrl\":\"https:\/\/dev.antudigital.cl\/sites\/vc\/wp-content\/uploads\/2021\/02\/Captura-de-Pantalla-2021-02-26-a-las-17.56.04.png\",\"articleSection\":[\"Noticia\"],\"inLanguage\":\"es\"},{\"@type\":\"WebPage\",\"@id\":\"https:\/\/dev.antudigital.cl\/sites\/vc\/experimentando-con-los-oficios-desde-quillota\/\",\"url\":\"https:\/\/dev.antudigital.cl\/sites\/vc\/experimentando-con-los-oficios-desde-quillota\/\",\"name\":\"Experimentando con los oficios desde Quillota - Valpara\u00ed\u00adso Creativo\",\"isPartOf\":{\"@id\":\"https:\/\/dev.antudigital.cl\/sites\/vc\/#website\"},\"primaryImageOfPage\":{\"@id\":\"https:\/\/dev.antudigital.cl\/sites\/vc\/experimentando-con-los-oficios-desde-quillota\/#primaryimage\"},\"image\":{\"@id\":\"https:\/\/dev.antudigital.cl\/sites\/vc\/experimentando-con-los-oficios-desde-quillota\/#primaryimage\"},\"thumbnailUrl\":\"https:\/\/dev.antudigital.cl\/sites\/vc\/wp-content\/uploads\/2021\/02\/Captura-de-Pantalla-2021-02-26-a-las-17.56.04.png\",\"datePublished\":\"2021-02-26T18:02:50+00:00\",\"author\":{\"@id\":\"https:\/\/dev.antudigital.cl\/sites\/vc\/#\/schema\/person\/81d1dcd51abd542b5dfc00f5f951a0f1\"},\"breadcrumb\":{\"@id\":\"https:\/\/dev.antudigital.cl\/sites\/vc\/experimentando-con-los-oficios-desde-quillota\/#breadcrumb\"},\"inLanguage\":\"es\",\"potentialAction\":[{\"@type\":\"ReadAction\",\"target\":[\"https:\/\/dev.antudigital.cl\/sites\/vc\/experimentando-con-los-oficios-desde-quillota\/\"]}]},{\"@type\":\"ImageObject\",\"inLanguage\":\"es\",\"@id\":\"https:\/\/dev.antudigital.cl\/sites\/vc\/experimentando-con-los-oficios-desde-quillota\/#primaryimage\",\"url\":\"https:\/\/dev.antudigital.cl\/sites\/vc\/wp-content\/uploads\/2021\/02\/Captura-de-Pantalla-2021-02-26-a-las-17.56.04.png\",\"contentUrl\":\"https:\/\/dev.antudigital.cl\/sites\/vc\/wp-content\/uploads\/2021\/02\/Captura-de-Pantalla-2021-02-26-a-las-17.56.04.png\",\"width\":589,\"height\":394},{\"@type\":\"BreadcrumbList\",\"@id\":\"https:\/\/dev.antudigital.cl\/sites\/vc\/experimentando-con-los-oficios-desde-quillota\/#breadcrumb\",\"itemListElement\":[{\"@type\":\"ListItem\",\"position\":1,\"name\":\"Home\",\"item\":\"https:\/\/dev.antudigital.cl\/sites\/vc\/\"},{\"@type\":\"ListItem\",\"position\":2,\"name\":\"Experimentando con los oficios desde Quillota\"}]},{\"@type\":\"WebSite\",\"@id\":\"https:\/\/dev.antudigital.cl\/sites\/vc\/#website\",\"url\":\"https:\/\/dev.antudigital.cl\/sites\/vc\/\",\"name\":\"Valpara\u00ed\u00adso Creativo\",\"description\":\"\",\"potentialAction\":[{\"@type\":\"SearchAction\",\"target\":{\"@type\":\"EntryPoint\",\"urlTemplate\":\"https:\/\/dev.antudigital.cl\/sites\/vc\/?s={search_term_string}\"},\"query-input\":{\"@type\":\"PropertyValueSpecification\",\"valueRequired\":true,\"valueName\":\"search_term_string\"}}],\"inLanguage\":\"es\"},{\"@type\":\"Person\",\"@id\":\"https:\/\/dev.antudigital.cl\/sites\/vc\/#\/schema\/person\/81d1dcd51abd542b5dfc00f5f951a0f1\",\"name\":\"Valparaiso Creativo\",\"url\":\"https:\/\/dev.antudigital.cl\/sites\/vc\/author\/valparaiso-creativo\/\"}]}<\/script>\n<!-- \/ Yoast SEO plugin. -->","yoast_head_json":{"title":"Experimentando con los oficios desde Quillota - Valpara\u00ed\u00adso Creativo","robots":{"index":"index","follow":"follow","max-snippet":"max-snippet:-1","max-image-preview":"max-image-preview:large","max-video-preview":"max-video-preview:-1"},"canonical":"https:\/\/dev.antudigital.cl\/sites\/vc\/experimentando-con-los-oficios-desde-quillota\/","og_locale":"es_ES","og_type":"article","og_title":"Experimentando con los oficios desde Quillota - Valpara\u00ed\u00adso Creativo","og_description":"Bosquecito Caravana est\u00e1 trabajando con la edici\u00f3n y encuadernaci\u00f3n desde Quillota. Compuesto por Valentina Sep\u00falveda y Rodrigo Manr\u00edquez, ambos comenzaron haciendo libretas, hasta lanzar su propia agenda 2021. A\u00fan est\u00e1n comenzando y tienen mucho camino por recorrer: &nbsp; &#8211; \u00bfC\u00f3mo comienza Bosquecito Caravana? -Comienza en un viaje que hicimos con Valentina hace un a\u00f1o. Fuimos [&hellip;]","og_url":"https:\/\/dev.antudigital.cl\/sites\/vc\/experimentando-con-los-oficios-desde-quillota\/","og_site_name":"Valpara\u00ed\u00adso Creativo","article_published_time":"2021-02-26T18:02:50+00:00","og_image":[{"width":589,"height":394,"url":"https:\/\/dev.antudigital.cl\/sites\/vc\/wp-content\/uploads\/2021\/02\/Captura-de-Pantalla-2021-02-26-a-las-17.56.04.png","type":"image\/png"}],"author":"Valparaiso Creativo","twitter_card":"summary_large_image","twitter_misc":{"Escrito por":"Valparaiso Creativo","Tiempo de lectura":"2 minutos"},"schema":{"@context":"https:\/\/schema.org","@graph":[{"@type":"Article","@id":"https:\/\/dev.antudigital.cl\/sites\/vc\/experimentando-con-los-oficios-desde-quillota\/#article","isPartOf":{"@id":"https:\/\/dev.antudigital.cl\/sites\/vc\/experimentando-con-los-oficios-desde-quillota\/"},"author":{"name":"Valparaiso Creativo","@id":"https:\/\/dev.antudigital.cl\/sites\/vc\/#\/schema\/person\/81d1dcd51abd542b5dfc00f5f951a0f1"},"headline":"Experimentando con los oficios desde Quillota","datePublished":"2021-02-26T18:02:50+00:00","mainEntityOfPage":{"@id":"https:\/\/dev.antudigital.cl\/sites\/vc\/experimentando-con-los-oficios-desde-quillota\/"},"wordCount":450,"image":{"@id":"https:\/\/dev.antudigital.cl\/sites\/vc\/experimentando-con-los-oficios-desde-quillota\/#primaryimage"},"thumbnailUrl":"https:\/\/dev.antudigital.cl\/sites\/vc\/wp-content\/uploads\/2021\/02\/Captura-de-Pantalla-2021-02-26-a-las-17.56.04.png","articleSection":["Noticia"],"inLanguage":"es"},{"@type":"WebPage","@id":"https:\/\/dev.antudigital.cl\/sites\/vc\/experimentando-con-los-oficios-desde-quillota\/","url":"https:\/\/dev.antudigital.cl\/sites\/vc\/experimentando-con-los-oficios-desde-quillota\/","name":"Experimentando con los oficios desde Quillota - Valpara\u00ed\u00adso Creativo","isPartOf":{"@id":"https:\/\/dev.antudigital.cl\/sites\/vc\/#website"},"primaryImageOfPage":{"@id":"https:\/\/dev.antudigital.cl\/sites\/vc\/experimentando-con-los-oficios-desde-quillota\/#primaryimage"},"image":{"@id":"https:\/\/dev.antudigital.cl\/sites\/vc\/experimentando-con-los-oficios-desde-quillota\/#primaryimage"},"thumbnailUrl":"https:\/\/dev.antudigital.cl\/sites\/vc\/wp-content\/uploads\/2021\/02\/Captura-de-Pantalla-2021-02-26-a-las-17.56.04.png","datePublished":"2021-02-26T18:02:50+00:00","author":{"@id":"https:\/\/dev.antudigital.cl\/sites\/vc\/#\/schema\/person\/81d1dcd51abd542b5dfc00f5f951a0f1"},"breadcrumb":{"@id":"https:\/\/dev.antudigital.cl\/sites\/vc\/experimentando-con-los-oficios-desde-quillota\/#breadcrumb"},"inLanguage":"es","potentialAction":[{"@type":"ReadAction","target":["https:\/\/dev.antudigital.cl\/sites\/vc\/experimentando-con-los-oficios-desde-quillota\/"]}]},{"@type":"ImageObject","inLanguage":"es","@id":"https:\/\/dev.antudigital.cl\/sites\/vc\/experimentando-con-los-oficios-desde-quillota\/#primaryimage","url":"https:\/\/dev.antudigital.cl\/sites\/vc\/wp-content\/uploads\/2021\/02\/Captura-de-Pantalla-2021-02-26-a-las-17.56.04.png","contentUrl":"https:\/\/dev.antudigital.cl\/sites\/vc\/wp-content\/uploads\/2021\/02\/Captura-de-Pantalla-2021-02-26-a-las-17.56.04.png","width":589,"height":394},{"@type":"BreadcrumbList","@id":"https:\/\/dev.antudigital.cl\/sites\/vc\/experimentando-con-los-oficios-desde-quillota\/#breadcrumb","itemListElement":[{"@type":"ListItem","position":1,"name":"Home","item":"https:\/\/dev.antudigital.cl\/sites\/vc\/"},{"@type":"ListItem","position":2,"name":"Experimentando con los oficios desde Quillota"}]},{"@type":"WebSite","@id":"https:\/\/dev.antudigital.cl\/sites\/vc\/#website","url":"https:\/\/dev.antudigital.cl\/sites\/vc\/","name":"Valpara\u00ed\u00adso Creativo","description":"","potentialAction":[{"@type":"SearchAction","target":{"@type":"EntryPoint","urlTemplate":"https:\/\/dev.antudigital.cl\/sites\/vc\/?s={search_term_string}"},"query-input":{"@type":"PropertyValueSpecification","valueRequired":true,"valueName":"search_term_string"}}],"inLanguage":"es"},{"@type":"Person","@id":"https:\/\/dev.antudigital.cl\/sites\/vc\/#\/schema\/person\/81d1dcd51abd542b5dfc00f5f951a0f1","name":"Valparaiso Creativo","url":"https:\/\/dev.antudigital.cl\/sites\/vc\/author\/valparaiso-creativo\/"}]}},"_links":{"self":[{"href":"https:\/\/dev.antudigital.cl\/sites\/vc\/wp-json\/wp\/v2\/posts\/8228","targetHints":{"allow":["GET"]}}],"collection":[{"href":"https:\/\/dev.antudigital.cl\/sites\/vc\/wp-json\/wp\/v2\/posts"}],"about":[{"href":"https:\/\/dev.antudigital.cl\/sites\/vc\/wp-json\/wp\/v2\/types\/post"}],"author":[{"embeddable":true,"href":"https:\/\/dev.antudigital.cl\/sites\/vc\/wp-json\/wp\/v2\/users\/3"}],"replies":[{"embeddable":true,"href":"https:\/\/dev.antudigital.cl\/sites\/vc\/wp-json\/wp\/v2\/comments?post=8228"}],"version-history":[{"count":0,"href":"https:\/\/dev.antudigital.cl\/sites\/vc\/wp-json\/wp\/v2\/posts\/8228\/revisions"}],"wp:featuredmedia":[{"embeddable":true,"href":"https:\/\/dev.antudigital.cl\/sites\/vc\/wp-json\/wp\/v2\/media\/8229"}],"wp:attachment":[{"href":"https:\/\/dev.antudigital.cl\/sites\/vc\/wp-json\/wp\/v2\/media?parent=8228"}],"wp:term":[{"taxonomy":"category","embeddable":true,"href":"https:\/\/dev.antudigital.cl\/sites\/vc\/wp-json\/wp\/v2\/categories?post=8228"},{"taxonomy":"post_tag","embeddable":true,"href":"https:\/\/dev.antudigital.cl\/sites\/vc\/wp-json\/wp\/v2\/tags?post=8228"}],"curies":[{"name":"wp","href":"https:\/\/api.w.org\/{rel}","templated":true}]}}