{"id":8232,"date":"2021-02-26T17:40:37","date_gmt":"2021-02-26T17:40:37","guid":{"rendered":"https:\/\/www.valparaisocreativo.cl\/?p=6002"},"modified":"2021-02-26T17:40:37","modified_gmt":"2021-02-26T17:40:37","slug":"revisa-las-actividades-para-el-8m-mixtas-en-el-pcdv","status":"publish","type":"post","link":"https:\/\/dev.antudigital.cl\/sites\/vc\/revisa-las-actividades-para-el-8m-mixtas-en-el-pcdv\/","title":{"rendered":"Revisa las actividades para el 8M: \u00abMixtas\u00bb en el PCdV"},"content":{"rendered":"<p>En marzo llega <strong>Encuentro MIXTAS, <\/strong><span class=\"\">es un espacio de acci\u00f3n, formaci\u00f3n y encuentro que comprende instancias de participaci\u00f3n orientadas a mujeres y disidencias.<\/span><\/p>\n<p><span class=\"\">A partir de la consigna NO ESTAMOS TODAS del Parque Cultural de Valpara\u00edso, Mixtas manifiestan la urgencia de hacer visibles el trabajo de mujeres y disidencias con motivo de la conmemoraci\u00f3n del 8M. As\u00ed entonces durante las 3 primeras semanas del mes de marzo Mixtas <strong>realizar\u00e1n pr\u00e1cticas al margen destinadas a mujeres y disidencias mayores de 15 a\u00f1os<\/strong>, estas pr\u00e1cticas ser\u00e1n guiadas por connotadas artistas nacionales: Dania Neko, Paula Baeza Pailamilla y Anna Balm\u00e1nica.<br \/>\n<\/span><\/p>\n<p>La primera ronda de instancias ya tiene sus inscripciones cerradas, pero prontamente habr\u00e1 un Di\u00e1logo por Facebook Live junto con las artistas, las gestoras de Mixtas y el equipo de mediaci\u00f3n del Parque. Para las siguientes semanas de marzo habr\u00e1n m\u00e1s novedades.<\/p>\n<p><img fetchpriority=\"high\" decoding=\"async\" class=\"alignleft size-medium wp-image-6004\" src=\"https:\/\/www.valparaisocreativo.cl\/wp-content\/uploads\/2021\/02\/logomixtas-300x300.png\" alt=\"\" width=\"300\" height=\"300\" \/><\/p>\n","protected":false},"excerpt":{"rendered":"<p>En marzo llega Encuentro MIXTAS, es un espacio de acci\u00f3n, formaci\u00f3n y encuentro que comprende instancias de participaci\u00f3n orientadas a mujeres y disidencias. A partir de la consigna NO ESTAMOS TODAS del Parque Cultural de Valpara\u00edso, Mixtas manifiestan la urgencia de hacer visibles el trabajo de mujeres y disidencias con motivo de la conmemoraci\u00f3n del [&hellip;]<\/p>\n","protected":false},"author":3,"featured_media":8234,"comment_status":"closed","ping_status":"closed","sticky":false,"template":"","format":"standard","meta":{"_acf_changed":false,"footnotes":""},"categories":[8],"tags":[],"class_list":["post-8232","post","type-post","status-publish","format-standard","has-post-thumbnail","hentry","category-noticia"],"acf":[],"yoast_head":"<!-- This site is optimized with the Yoast SEO plugin v27.1.1 - https:\/\/yoast.com\/product\/yoast-seo-wordpress\/ -->\n<title>Revisa las actividades para el 8M: &quot;Mixtas&quot; en el PCdV - Valpara\u00ed\u00adso Creativo<\/title>\n<meta name=\"robots\" content=\"index, follow, max-snippet:-1, max-image-preview:large, max-video-preview:-1\" \/>\n<link rel=\"canonical\" href=\"https:\/\/dev.antudigital.cl\/sites\/vc\/revisa-las-actividades-para-el-8m-mixtas-en-el-pcdv\/\" \/>\n<meta property=\"og:locale\" content=\"es_ES\" \/>\n<meta property=\"og:type\" content=\"article\" \/>\n<meta property=\"og:title\" content=\"Revisa las actividades para el 8M: &quot;Mixtas&quot; en el PCdV - Valpara\u00ed\u00adso Creativo\" \/>\n<meta property=\"og:description\" content=\"En marzo llega Encuentro MIXTAS, es un espacio de acci\u00f3n, formaci\u00f3n y encuentro que comprende instancias de participaci\u00f3n orientadas a mujeres y disidencias. A partir de la consigna NO ESTAMOS TODAS del Parque Cultural de Valpara\u00edso, Mixtas manifiestan la urgencia de hacer visibles el trabajo de mujeres y disidencias con motivo de la conmemoraci\u00f3n del [&hellip;]\" \/>\n<meta property=\"og:url\" content=\"https:\/\/dev.antudigital.cl\/sites\/vc\/revisa-las-actividades-para-el-8m-mixtas-en-el-pcdv\/\" \/>\n<meta property=\"og:site_name\" content=\"Valpara\u00ed\u00adso Creativo\" \/>\n<meta property=\"article:published_time\" content=\"2021-02-26T17:40:37+00:00\" \/>\n<meta property=\"og:image\" content=\"https:\/\/dev.antudigital.cl\/sites\/vc\/wp-content\/uploads\/2021\/02\/missafuyhj.jpg\" \/>\n\t<meta property=\"og:image:width\" content=\"1080\" \/>\n\t<meta property=\"og:image:height\" content=\"374\" \/>\n\t<meta property=\"og:image:type\" content=\"image\/jpeg\" \/>\n<meta name=\"author\" content=\"Valparaiso Creativo\" \/>\n<meta name=\"twitter:card\" content=\"summary_large_image\" \/>\n<meta name=\"twitter:label1\" content=\"Escrito por\" \/>\n\t<meta name=\"twitter:data1\" content=\"Valparaiso Creativo\" \/>\n\t<meta name=\"twitter:label2\" content=\"Tiempo de lectura\" \/>\n\t<meta name=\"twitter:data2\" content=\"1 minuto\" \/>\n<script type=\"application\/ld+json\" class=\"yoast-schema-graph\">{\"@context\":\"https:\/\/schema.org\",\"@graph\":[{\"@type\":\"Article\",\"@id\":\"https:\/\/dev.antudigital.cl\/sites\/vc\/revisa-las-actividades-para-el-8m-mixtas-en-el-pcdv\/#article\",\"isPartOf\":{\"@id\":\"https:\/\/dev.antudigital.cl\/sites\/vc\/revisa-las-actividades-para-el-8m-mixtas-en-el-pcdv\/\"},\"author\":{\"name\":\"Valparaiso Creativo\",\"@id\":\"https:\/\/dev.antudigital.cl\/sites\/vc\/#\/schema\/person\/81d1dcd51abd542b5dfc00f5f951a0f1\"},\"headline\":\"Revisa las actividades para el 8M: \u00abMixtas\u00bb en el PCdV\",\"datePublished\":\"2021-02-26T17:40:37+00:00\",\"mainEntityOfPage\":{\"@id\":\"https:\/\/dev.antudigital.cl\/sites\/vc\/revisa-las-actividades-para-el-8m-mixtas-en-el-pcdv\/\"},\"wordCount\":162,\"image\":{\"@id\":\"https:\/\/dev.antudigital.cl\/sites\/vc\/revisa-las-actividades-para-el-8m-mixtas-en-el-pcdv\/#primaryimage\"},\"thumbnailUrl\":\"https:\/\/dev.antudigital.cl\/sites\/vc\/wp-content\/uploads\/2021\/02\/missafuyhj.jpg\",\"articleSection\":[\"Noticia\"],\"inLanguage\":\"es\"},{\"@type\":\"WebPage\",\"@id\":\"https:\/\/dev.antudigital.cl\/sites\/vc\/revisa-las-actividades-para-el-8m-mixtas-en-el-pcdv\/\",\"url\":\"https:\/\/dev.antudigital.cl\/sites\/vc\/revisa-las-actividades-para-el-8m-mixtas-en-el-pcdv\/\",\"name\":\"Revisa las actividades para el 8M: \\\"Mixtas\\\" en el PCdV - Valpara\u00ed\u00adso Creativo\",\"isPartOf\":{\"@id\":\"https:\/\/dev.antudigital.cl\/sites\/vc\/#website\"},\"primaryImageOfPage\":{\"@id\":\"https:\/\/dev.antudigital.cl\/sites\/vc\/revisa-las-actividades-para-el-8m-mixtas-en-el-pcdv\/#primaryimage\"},\"image\":{\"@id\":\"https:\/\/dev.antudigital.cl\/sites\/vc\/revisa-las-actividades-para-el-8m-mixtas-en-el-pcdv\/#primaryimage\"},\"thumbnailUrl\":\"https:\/\/dev.antudigital.cl\/sites\/vc\/wp-content\/uploads\/2021\/02\/missafuyhj.jpg\",\"datePublished\":\"2021-02-26T17:40:37+00:00\",\"author\":{\"@id\":\"https:\/\/dev.antudigital.cl\/sites\/vc\/#\/schema\/person\/81d1dcd51abd542b5dfc00f5f951a0f1\"},\"breadcrumb\":{\"@id\":\"https:\/\/dev.antudigital.cl\/sites\/vc\/revisa-las-actividades-para-el-8m-mixtas-en-el-pcdv\/#breadcrumb\"},\"inLanguage\":\"es\",\"potentialAction\":[{\"@type\":\"ReadAction\",\"target\":[\"https:\/\/dev.antudigital.cl\/sites\/vc\/revisa-las-actividades-para-el-8m-mixtas-en-el-pcdv\/\"]}]},{\"@type\":\"ImageObject\",\"inLanguage\":\"es\",\"@id\":\"https:\/\/dev.antudigital.cl\/sites\/vc\/revisa-las-actividades-para-el-8m-mixtas-en-el-pcdv\/#primaryimage\",\"url\":\"https:\/\/dev.antudigital.cl\/sites\/vc\/wp-content\/uploads\/2021\/02\/missafuyhj.jpg\",\"contentUrl\":\"https:\/\/dev.antudigital.cl\/sites\/vc\/wp-content\/uploads\/2021\/02\/missafuyhj.jpg\",\"width\":1080,\"height\":374},{\"@type\":\"BreadcrumbList\",\"@id\":\"https:\/\/dev.antudigital.cl\/sites\/vc\/revisa-las-actividades-para-el-8m-mixtas-en-el-pcdv\/#breadcrumb\",\"itemListElement\":[{\"@type\":\"ListItem\",\"position\":1,\"name\":\"Home\",\"item\":\"https:\/\/dev.antudigital.cl\/sites\/vc\/\"},{\"@type\":\"ListItem\",\"position\":2,\"name\":\"Revisa las actividades para el 8M: \u00abMixtas\u00bb en el PCdV\"}]},{\"@type\":\"WebSite\",\"@id\":\"https:\/\/dev.antudigital.cl\/sites\/vc\/#website\",\"url\":\"https:\/\/dev.antudigital.cl\/sites\/vc\/\",\"name\":\"Valpara\u00ed\u00adso Creativo\",\"description\":\"\",\"potentialAction\":[{\"@type\":\"SearchAction\",\"target\":{\"@type\":\"EntryPoint\",\"urlTemplate\":\"https:\/\/dev.antudigital.cl\/sites\/vc\/?s={search_term_string}\"},\"query-input\":{\"@type\":\"PropertyValueSpecification\",\"valueRequired\":true,\"valueName\":\"search_term_string\"}}],\"inLanguage\":\"es\"},{\"@type\":\"Person\",\"@id\":\"https:\/\/dev.antudigital.cl\/sites\/vc\/#\/schema\/person\/81d1dcd51abd542b5dfc00f5f951a0f1\",\"name\":\"Valparaiso Creativo\",\"url\":\"https:\/\/dev.antudigital.cl\/sites\/vc\/author\/valparaiso-creativo\/\"}]}<\/script>\n<!-- \/ Yoast SEO plugin. -->","yoast_head_json":{"title":"Revisa las actividades para el 8M: \"Mixtas\" en el PCdV - Valpara\u00ed\u00adso Creativo","robots":{"index":"index","follow":"follow","max-snippet":"max-snippet:-1","max-image-preview":"max-image-preview:large","max-video-preview":"max-video-preview:-1"},"canonical":"https:\/\/dev.antudigital.cl\/sites\/vc\/revisa-las-actividades-para-el-8m-mixtas-en-el-pcdv\/","og_locale":"es_ES","og_type":"article","og_title":"Revisa las actividades para el 8M: \"Mixtas\" en el PCdV - Valpara\u00ed\u00adso Creativo","og_description":"En marzo llega Encuentro MIXTAS, es un espacio de acci\u00f3n, formaci\u00f3n y encuentro que comprende instancias de participaci\u00f3n orientadas a mujeres y disidencias. A partir de la consigna NO ESTAMOS TODAS del Parque Cultural de Valpara\u00edso, Mixtas manifiestan la urgencia de hacer visibles el trabajo de mujeres y disidencias con motivo de la conmemoraci\u00f3n del [&hellip;]","og_url":"https:\/\/dev.antudigital.cl\/sites\/vc\/revisa-las-actividades-para-el-8m-mixtas-en-el-pcdv\/","og_site_name":"Valpara\u00ed\u00adso Creativo","article_published_time":"2021-02-26T17:40:37+00:00","og_image":[{"width":1080,"height":374,"url":"https:\/\/dev.antudigital.cl\/sites\/vc\/wp-content\/uploads\/2021\/02\/missafuyhj.jpg","type":"image\/jpeg"}],"author":"Valparaiso Creativo","twitter_card":"summary_large_image","twitter_misc":{"Escrito por":"Valparaiso Creativo","Tiempo de lectura":"1 minuto"},"schema":{"@context":"https:\/\/schema.org","@graph":[{"@type":"Article","@id":"https:\/\/dev.antudigital.cl\/sites\/vc\/revisa-las-actividades-para-el-8m-mixtas-en-el-pcdv\/#article","isPartOf":{"@id":"https:\/\/dev.antudigital.cl\/sites\/vc\/revisa-las-actividades-para-el-8m-mixtas-en-el-pcdv\/"},"author":{"name":"Valparaiso Creativo","@id":"https:\/\/dev.antudigital.cl\/sites\/vc\/#\/schema\/person\/81d1dcd51abd542b5dfc00f5f951a0f1"},"headline":"Revisa las actividades para el 8M: \u00abMixtas\u00bb en el PCdV","datePublished":"2021-02-26T17:40:37+00:00","mainEntityOfPage":{"@id":"https:\/\/dev.antudigital.cl\/sites\/vc\/revisa-las-actividades-para-el-8m-mixtas-en-el-pcdv\/"},"wordCount":162,"image":{"@id":"https:\/\/dev.antudigital.cl\/sites\/vc\/revisa-las-actividades-para-el-8m-mixtas-en-el-pcdv\/#primaryimage"},"thumbnailUrl":"https:\/\/dev.antudigital.cl\/sites\/vc\/wp-content\/uploads\/2021\/02\/missafuyhj.jpg","articleSection":["Noticia"],"inLanguage":"es"},{"@type":"WebPage","@id":"https:\/\/dev.antudigital.cl\/sites\/vc\/revisa-las-actividades-para-el-8m-mixtas-en-el-pcdv\/","url":"https:\/\/dev.antudigital.cl\/sites\/vc\/revisa-las-actividades-para-el-8m-mixtas-en-el-pcdv\/","name":"Revisa las actividades para el 8M: \"Mixtas\" en el PCdV - Valpara\u00ed\u00adso Creativo","isPartOf":{"@id":"https:\/\/dev.antudigital.cl\/sites\/vc\/#website"},"primaryImageOfPage":{"@id":"https:\/\/dev.antudigital.cl\/sites\/vc\/revisa-las-actividades-para-el-8m-mixtas-en-el-pcdv\/#primaryimage"},"image":{"@id":"https:\/\/dev.antudigital.cl\/sites\/vc\/revisa-las-actividades-para-el-8m-mixtas-en-el-pcdv\/#primaryimage"},"thumbnailUrl":"https:\/\/dev.antudigital.cl\/sites\/vc\/wp-content\/uploads\/2021\/02\/missafuyhj.jpg","datePublished":"2021-02-26T17:40:37+00:00","author":{"@id":"https:\/\/dev.antudigital.cl\/sites\/vc\/#\/schema\/person\/81d1dcd51abd542b5dfc00f5f951a0f1"},"breadcrumb":{"@id":"https:\/\/dev.antudigital.cl\/sites\/vc\/revisa-las-actividades-para-el-8m-mixtas-en-el-pcdv\/#breadcrumb"},"inLanguage":"es","potentialAction":[{"@type":"ReadAction","target":["https:\/\/dev.antudigital.cl\/sites\/vc\/revisa-las-actividades-para-el-8m-mixtas-en-el-pcdv\/"]}]},{"@type":"ImageObject","inLanguage":"es","@id":"https:\/\/dev.antudigital.cl\/sites\/vc\/revisa-las-actividades-para-el-8m-mixtas-en-el-pcdv\/#primaryimage","url":"https:\/\/dev.antudigital.cl\/sites\/vc\/wp-content\/uploads\/2021\/02\/missafuyhj.jpg","contentUrl":"https:\/\/dev.antudigital.cl\/sites\/vc\/wp-content\/uploads\/2021\/02\/missafuyhj.jpg","width":1080,"height":374},{"@type":"BreadcrumbList","@id":"https:\/\/dev.antudigital.cl\/sites\/vc\/revisa-las-actividades-para-el-8m-mixtas-en-el-pcdv\/#breadcrumb","itemListElement":[{"@type":"ListItem","position":1,"name":"Home","item":"https:\/\/dev.antudigital.cl\/sites\/vc\/"},{"@type":"ListItem","position":2,"name":"Revisa las actividades para el 8M: \u00abMixtas\u00bb en el PCdV"}]},{"@type":"WebSite","@id":"https:\/\/dev.antudigital.cl\/sites\/vc\/#website","url":"https:\/\/dev.antudigital.cl\/sites\/vc\/","name":"Valpara\u00ed\u00adso Creativo","description":"","potentialAction":[{"@type":"SearchAction","target":{"@type":"EntryPoint","urlTemplate":"https:\/\/dev.antudigital.cl\/sites\/vc\/?s={search_term_string}"},"query-input":{"@type":"PropertyValueSpecification","valueRequired":true,"valueName":"search_term_string"}}],"inLanguage":"es"},{"@type":"Person","@id":"https:\/\/dev.antudigital.cl\/sites\/vc\/#\/schema\/person\/81d1dcd51abd542b5dfc00f5f951a0f1","name":"Valparaiso Creativo","url":"https:\/\/dev.antudigital.cl\/sites\/vc\/author\/valparaiso-creativo\/"}]}},"_links":{"self":[{"href":"https:\/\/dev.antudigital.cl\/sites\/vc\/wp-json\/wp\/v2\/posts\/8232","targetHints":{"allow":["GET"]}}],"collection":[{"href":"https:\/\/dev.antudigital.cl\/sites\/vc\/wp-json\/wp\/v2\/posts"}],"about":[{"href":"https:\/\/dev.antudigital.cl\/sites\/vc\/wp-json\/wp\/v2\/types\/post"}],"author":[{"embeddable":true,"href":"https:\/\/dev.antudigital.cl\/sites\/vc\/wp-json\/wp\/v2\/users\/3"}],"replies":[{"embeddable":true,"href":"https:\/\/dev.antudigital.cl\/sites\/vc\/wp-json\/wp\/v2\/comments?post=8232"}],"version-history":[{"count":0,"href":"https:\/\/dev.antudigital.cl\/sites\/vc\/wp-json\/wp\/v2\/posts\/8232\/revisions"}],"wp:featuredmedia":[{"embeddable":true,"href":"https:\/\/dev.antudigital.cl\/sites\/vc\/wp-json\/wp\/v2\/media\/8234"}],"wp:attachment":[{"href":"https:\/\/dev.antudigital.cl\/sites\/vc\/wp-json\/wp\/v2\/media?parent=8232"}],"wp:term":[{"taxonomy":"category","embeddable":true,"href":"https:\/\/dev.antudigital.cl\/sites\/vc\/wp-json\/wp\/v2\/categories?post=8232"},{"taxonomy":"post_tag","embeddable":true,"href":"https:\/\/dev.antudigital.cl\/sites\/vc\/wp-json\/wp\/v2\/tags?post=8232"}],"curies":[{"name":"wp","href":"https:\/\/api.w.org\/{rel}","templated":true}]}}