{"id":8238,"date":"2021-02-26T17:26:05","date_gmt":"2021-02-26T17:26:05","guid":{"rendered":"https:\/\/www.valparaisocreativo.cl\/?p=5994"},"modified":"2021-02-26T17:26:05","modified_gmt":"2021-02-26T17:26:05","slug":"inscribete-en-el-viaje-del-emprendedor-2021-para-industrias-creativas","status":"publish","type":"post","link":"https:\/\/dev.antudigital.cl\/sites\/vc\/inscribete-en-el-viaje-del-emprendedor-2021-para-industrias-creativas\/","title":{"rendered":"Inscr\u00edbete en el Viaje del Emprendedor 2021 para Industrias Creativas"},"content":{"rendered":"<p><a href=\"https:\/\/www.facebook.com\/FabricadeMedios\">F\u00e1brica de Medios<\/a>, con el apoyo de Corfo, abre inscripci\u00f3n al programa de formaci\u00f3n virtual<strong> El Viaje del Emprendedor 2021 para las Industrias Creativas<\/strong>.<\/p>\n<p>Este programa busca que cada pyme inscrita adquiera las herramientas necesarias para convertir sus ideas en un modelo de negocio creativo e innovador, ahora de forma virtual. Los emprendedores podr\u00e1n beneficiarse de las sesiones de formaci\u00f3n, as\u00ed como de las charlas y mentor\u00edas que se realizar\u00e1n de forma virtual a trav\u00e9s de distintas plataformas<\/p>\n<p>\u2022 El programa de El Viaje del Emprendedor inicia el 12 de marzo y tendr\u00e1 clausura en el mes de mayo<\/p>\n<p>Est\u00e1 enfocado en el apoyo a la reactivaci\u00f3n econ\u00f3mica para todas las regiones de Chile a trav\u00e9s de un proceso formativo. \u00c9ste se llevar\u00e1 a cabo de forma virtual a trav\u00e9s de talleres y charlas orientados por agentes especializados de distintos pa\u00edses de Latinoam\u00e9rica y Europa. En El Viaje del Emprendedor con enfoque en las Industrias Creativas abordar\u00e1 temas relacionados marketing, administraci\u00f3n y finanzas, modelo de negocios, innovaci\u00f3n, propiedad intelectual.<\/p>\n<p><strong>\u00bfQu\u00e9 se necesita para participar? <\/strong><\/p>\n<p>Solo necesitas autogestionar tu aprendizaje, tener un emprendimiento creativo, estar con disponibilidad de tiempo para completar el 100% de la formaci\u00f3n, poseer conocimientos b\u00e1sicos de marketing, contar con un computador con acceso a internet y lo m\u00e1s importante, 100% esp\u00edritu emprendedor.<\/p>\n<h3><span style=\"color: #ff6600;\">Inscr\u00edbete ahora <a style=\"color: #ff6600;\" href=\"http:\/\/www.fabricademedios.org\/activa-tu-negocio-creativo\">aqu\u00ed: http:\/\/www.fabricademedios.org\/activa-tu-negocio-creativo<\/a><\/span><\/h3>\n<p>Abiertas hasta el 12 de marzo.<\/p>\n","protected":false},"excerpt":{"rendered":"<p>F\u00e1brica de Medios, con el apoyo de Corfo, abre inscripci\u00f3n al programa de formaci\u00f3n virtual El Viaje del Emprendedor 2021 para las Industrias Creativas. Este programa busca que cada pyme inscrita adquiera las herramientas necesarias para convertir sus ideas en un modelo de negocio creativo e innovador, ahora de forma virtual. Los emprendedores podr\u00e1n beneficiarse [&hellip;]<\/p>\n","protected":false},"author":3,"featured_media":8239,"comment_status":"closed","ping_status":"closed","sticky":false,"template":"","format":"standard","meta":{"_acf_changed":false,"footnotes":""},"categories":[8],"tags":[],"class_list":["post-8238","post","type-post","status-publish","format-standard","has-post-thumbnail","hentry","category-noticia"],"acf":[],"yoast_head":"<!-- This site is optimized with the Yoast SEO plugin v27.1.1 - https:\/\/yoast.com\/product\/yoast-seo-wordpress\/ -->\n<title>Inscr\u00edbete en el Viaje del Emprendedor 2021 para Industrias Creativas - Valpara\u00ed\u00adso Creativo<\/title>\n<meta name=\"robots\" content=\"index, follow, max-snippet:-1, max-image-preview:large, max-video-preview:-1\" \/>\n<link rel=\"canonical\" href=\"https:\/\/dev.antudigital.cl\/sites\/vc\/inscribete-en-el-viaje-del-emprendedor-2021-para-industrias-creativas\/\" \/>\n<meta property=\"og:locale\" content=\"es_ES\" \/>\n<meta property=\"og:type\" content=\"article\" \/>\n<meta property=\"og:title\" content=\"Inscr\u00edbete en el Viaje del Emprendedor 2021 para Industrias Creativas - Valpara\u00ed\u00adso Creativo\" \/>\n<meta property=\"og:description\" content=\"F\u00e1brica de Medios, con el apoyo de Corfo, abre inscripci\u00f3n al programa de formaci\u00f3n virtual El Viaje del Emprendedor 2021 para las Industrias Creativas. Este programa busca que cada pyme inscrita adquiera las herramientas necesarias para convertir sus ideas en un modelo de negocio creativo e innovador, ahora de forma virtual. Los emprendedores podr\u00e1n beneficiarse [&hellip;]\" \/>\n<meta property=\"og:url\" content=\"https:\/\/dev.antudigital.cl\/sites\/vc\/inscribete-en-el-viaje-del-emprendedor-2021-para-industrias-creativas\/\" \/>\n<meta property=\"og:site_name\" content=\"Valpara\u00ed\u00adso Creativo\" \/>\n<meta property=\"article:published_time\" content=\"2021-02-26T17:26:05+00:00\" \/>\n<meta property=\"og:image\" content=\"https:\/\/dev.antudigital.cl\/sites\/vc\/wp-content\/uploads\/2021\/02\/Fabrica-de-Medios.jpg\" \/>\n\t<meta property=\"og:image:width\" content=\"1920\" \/>\n\t<meta property=\"og:image:height\" content=\"742\" \/>\n\t<meta property=\"og:image:type\" content=\"image\/jpeg\" \/>\n<meta name=\"author\" content=\"Valparaiso Creativo\" \/>\n<meta name=\"twitter:card\" content=\"summary_large_image\" \/>\n<meta name=\"twitter:label1\" content=\"Escrito por\" \/>\n\t<meta name=\"twitter:data1\" content=\"Valparaiso Creativo\" \/>\n\t<meta name=\"twitter:label2\" content=\"Tiempo de lectura\" \/>\n\t<meta name=\"twitter:data2\" content=\"1 minuto\" \/>\n<script type=\"application\/ld+json\" class=\"yoast-schema-graph\">{\"@context\":\"https:\/\/schema.org\",\"@graph\":[{\"@type\":\"Article\",\"@id\":\"https:\/\/dev.antudigital.cl\/sites\/vc\/inscribete-en-el-viaje-del-emprendedor-2021-para-industrias-creativas\/#article\",\"isPartOf\":{\"@id\":\"https:\/\/dev.antudigital.cl\/sites\/vc\/inscribete-en-el-viaje-del-emprendedor-2021-para-industrias-creativas\/\"},\"author\":{\"name\":\"Valparaiso Creativo\",\"@id\":\"https:\/\/dev.antudigital.cl\/sites\/vc\/#\/schema\/person\/81d1dcd51abd542b5dfc00f5f951a0f1\"},\"headline\":\"Inscr\u00edbete en el Viaje del Emprendedor 2021 para Industrias Creativas\",\"datePublished\":\"2021-02-26T17:26:05+00:00\",\"mainEntityOfPage\":{\"@id\":\"https:\/\/dev.antudigital.cl\/sites\/vc\/inscribete-en-el-viaje-del-emprendedor-2021-para-industrias-creativas\/\"},\"wordCount\":254,\"image\":{\"@id\":\"https:\/\/dev.antudigital.cl\/sites\/vc\/inscribete-en-el-viaje-del-emprendedor-2021-para-industrias-creativas\/#primaryimage\"},\"thumbnailUrl\":\"https:\/\/dev.antudigital.cl\/sites\/vc\/wp-content\/uploads\/2021\/02\/Fabrica-de-Medios.jpg\",\"articleSection\":[\"Noticia\"],\"inLanguage\":\"es\"},{\"@type\":\"WebPage\",\"@id\":\"https:\/\/dev.antudigital.cl\/sites\/vc\/inscribete-en-el-viaje-del-emprendedor-2021-para-industrias-creativas\/\",\"url\":\"https:\/\/dev.antudigital.cl\/sites\/vc\/inscribete-en-el-viaje-del-emprendedor-2021-para-industrias-creativas\/\",\"name\":\"Inscr\u00edbete en el Viaje del Emprendedor 2021 para Industrias Creativas - Valpara\u00ed\u00adso Creativo\",\"isPartOf\":{\"@id\":\"https:\/\/dev.antudigital.cl\/sites\/vc\/#website\"},\"primaryImageOfPage\":{\"@id\":\"https:\/\/dev.antudigital.cl\/sites\/vc\/inscribete-en-el-viaje-del-emprendedor-2021-para-industrias-creativas\/#primaryimage\"},\"image\":{\"@id\":\"https:\/\/dev.antudigital.cl\/sites\/vc\/inscribete-en-el-viaje-del-emprendedor-2021-para-industrias-creativas\/#primaryimage\"},\"thumbnailUrl\":\"https:\/\/dev.antudigital.cl\/sites\/vc\/wp-content\/uploads\/2021\/02\/Fabrica-de-Medios.jpg\",\"datePublished\":\"2021-02-26T17:26:05+00:00\",\"author\":{\"@id\":\"https:\/\/dev.antudigital.cl\/sites\/vc\/#\/schema\/person\/81d1dcd51abd542b5dfc00f5f951a0f1\"},\"breadcrumb\":{\"@id\":\"https:\/\/dev.antudigital.cl\/sites\/vc\/inscribete-en-el-viaje-del-emprendedor-2021-para-industrias-creativas\/#breadcrumb\"},\"inLanguage\":\"es\",\"potentialAction\":[{\"@type\":\"ReadAction\",\"target\":[\"https:\/\/dev.antudigital.cl\/sites\/vc\/inscribete-en-el-viaje-del-emprendedor-2021-para-industrias-creativas\/\"]}]},{\"@type\":\"ImageObject\",\"inLanguage\":\"es\",\"@id\":\"https:\/\/dev.antudigital.cl\/sites\/vc\/inscribete-en-el-viaje-del-emprendedor-2021-para-industrias-creativas\/#primaryimage\",\"url\":\"https:\/\/dev.antudigital.cl\/sites\/vc\/wp-content\/uploads\/2021\/02\/Fabrica-de-Medios.jpg\",\"contentUrl\":\"https:\/\/dev.antudigital.cl\/sites\/vc\/wp-content\/uploads\/2021\/02\/Fabrica-de-Medios.jpg\",\"width\":1920,\"height\":742},{\"@type\":\"BreadcrumbList\",\"@id\":\"https:\/\/dev.antudigital.cl\/sites\/vc\/inscribete-en-el-viaje-del-emprendedor-2021-para-industrias-creativas\/#breadcrumb\",\"itemListElement\":[{\"@type\":\"ListItem\",\"position\":1,\"name\":\"Home\",\"item\":\"https:\/\/dev.antudigital.cl\/sites\/vc\/\"},{\"@type\":\"ListItem\",\"position\":2,\"name\":\"Inscr\u00edbete en el Viaje del Emprendedor 2021 para Industrias Creativas\"}]},{\"@type\":\"WebSite\",\"@id\":\"https:\/\/dev.antudigital.cl\/sites\/vc\/#website\",\"url\":\"https:\/\/dev.antudigital.cl\/sites\/vc\/\",\"name\":\"Valpara\u00ed\u00adso Creativo\",\"description\":\"\",\"potentialAction\":[{\"@type\":\"SearchAction\",\"target\":{\"@type\":\"EntryPoint\",\"urlTemplate\":\"https:\/\/dev.antudigital.cl\/sites\/vc\/?s={search_term_string}\"},\"query-input\":{\"@type\":\"PropertyValueSpecification\",\"valueRequired\":true,\"valueName\":\"search_term_string\"}}],\"inLanguage\":\"es\"},{\"@type\":\"Person\",\"@id\":\"https:\/\/dev.antudigital.cl\/sites\/vc\/#\/schema\/person\/81d1dcd51abd542b5dfc00f5f951a0f1\",\"name\":\"Valparaiso Creativo\",\"url\":\"https:\/\/dev.antudigital.cl\/sites\/vc\/author\/valparaiso-creativo\/\"}]}<\/script>\n<!-- \/ Yoast SEO plugin. -->","yoast_head_json":{"title":"Inscr\u00edbete en el Viaje del Emprendedor 2021 para Industrias Creativas - Valpara\u00ed\u00adso Creativo","robots":{"index":"index","follow":"follow","max-snippet":"max-snippet:-1","max-image-preview":"max-image-preview:large","max-video-preview":"max-video-preview:-1"},"canonical":"https:\/\/dev.antudigital.cl\/sites\/vc\/inscribete-en-el-viaje-del-emprendedor-2021-para-industrias-creativas\/","og_locale":"es_ES","og_type":"article","og_title":"Inscr\u00edbete en el Viaje del Emprendedor 2021 para Industrias Creativas - Valpara\u00ed\u00adso Creativo","og_description":"F\u00e1brica de Medios, con el apoyo de Corfo, abre inscripci\u00f3n al programa de formaci\u00f3n virtual El Viaje del Emprendedor 2021 para las Industrias Creativas. Este programa busca que cada pyme inscrita adquiera las herramientas necesarias para convertir sus ideas en un modelo de negocio creativo e innovador, ahora de forma virtual. Los emprendedores podr\u00e1n beneficiarse [&hellip;]","og_url":"https:\/\/dev.antudigital.cl\/sites\/vc\/inscribete-en-el-viaje-del-emprendedor-2021-para-industrias-creativas\/","og_site_name":"Valpara\u00ed\u00adso Creativo","article_published_time":"2021-02-26T17:26:05+00:00","og_image":[{"width":1920,"height":742,"url":"https:\/\/dev.antudigital.cl\/sites\/vc\/wp-content\/uploads\/2021\/02\/Fabrica-de-Medios.jpg","type":"image\/jpeg"}],"author":"Valparaiso Creativo","twitter_card":"summary_large_image","twitter_misc":{"Escrito por":"Valparaiso Creativo","Tiempo de lectura":"1 minuto"},"schema":{"@context":"https:\/\/schema.org","@graph":[{"@type":"Article","@id":"https:\/\/dev.antudigital.cl\/sites\/vc\/inscribete-en-el-viaje-del-emprendedor-2021-para-industrias-creativas\/#article","isPartOf":{"@id":"https:\/\/dev.antudigital.cl\/sites\/vc\/inscribete-en-el-viaje-del-emprendedor-2021-para-industrias-creativas\/"},"author":{"name":"Valparaiso Creativo","@id":"https:\/\/dev.antudigital.cl\/sites\/vc\/#\/schema\/person\/81d1dcd51abd542b5dfc00f5f951a0f1"},"headline":"Inscr\u00edbete en el Viaje del Emprendedor 2021 para Industrias Creativas","datePublished":"2021-02-26T17:26:05+00:00","mainEntityOfPage":{"@id":"https:\/\/dev.antudigital.cl\/sites\/vc\/inscribete-en-el-viaje-del-emprendedor-2021-para-industrias-creativas\/"},"wordCount":254,"image":{"@id":"https:\/\/dev.antudigital.cl\/sites\/vc\/inscribete-en-el-viaje-del-emprendedor-2021-para-industrias-creativas\/#primaryimage"},"thumbnailUrl":"https:\/\/dev.antudigital.cl\/sites\/vc\/wp-content\/uploads\/2021\/02\/Fabrica-de-Medios.jpg","articleSection":["Noticia"],"inLanguage":"es"},{"@type":"WebPage","@id":"https:\/\/dev.antudigital.cl\/sites\/vc\/inscribete-en-el-viaje-del-emprendedor-2021-para-industrias-creativas\/","url":"https:\/\/dev.antudigital.cl\/sites\/vc\/inscribete-en-el-viaje-del-emprendedor-2021-para-industrias-creativas\/","name":"Inscr\u00edbete en el Viaje del Emprendedor 2021 para Industrias Creativas - Valpara\u00ed\u00adso Creativo","isPartOf":{"@id":"https:\/\/dev.antudigital.cl\/sites\/vc\/#website"},"primaryImageOfPage":{"@id":"https:\/\/dev.antudigital.cl\/sites\/vc\/inscribete-en-el-viaje-del-emprendedor-2021-para-industrias-creativas\/#primaryimage"},"image":{"@id":"https:\/\/dev.antudigital.cl\/sites\/vc\/inscribete-en-el-viaje-del-emprendedor-2021-para-industrias-creativas\/#primaryimage"},"thumbnailUrl":"https:\/\/dev.antudigital.cl\/sites\/vc\/wp-content\/uploads\/2021\/02\/Fabrica-de-Medios.jpg","datePublished":"2021-02-26T17:26:05+00:00","author":{"@id":"https:\/\/dev.antudigital.cl\/sites\/vc\/#\/schema\/person\/81d1dcd51abd542b5dfc00f5f951a0f1"},"breadcrumb":{"@id":"https:\/\/dev.antudigital.cl\/sites\/vc\/inscribete-en-el-viaje-del-emprendedor-2021-para-industrias-creativas\/#breadcrumb"},"inLanguage":"es","potentialAction":[{"@type":"ReadAction","target":["https:\/\/dev.antudigital.cl\/sites\/vc\/inscribete-en-el-viaje-del-emprendedor-2021-para-industrias-creativas\/"]}]},{"@type":"ImageObject","inLanguage":"es","@id":"https:\/\/dev.antudigital.cl\/sites\/vc\/inscribete-en-el-viaje-del-emprendedor-2021-para-industrias-creativas\/#primaryimage","url":"https:\/\/dev.antudigital.cl\/sites\/vc\/wp-content\/uploads\/2021\/02\/Fabrica-de-Medios.jpg","contentUrl":"https:\/\/dev.antudigital.cl\/sites\/vc\/wp-content\/uploads\/2021\/02\/Fabrica-de-Medios.jpg","width":1920,"height":742},{"@type":"BreadcrumbList","@id":"https:\/\/dev.antudigital.cl\/sites\/vc\/inscribete-en-el-viaje-del-emprendedor-2021-para-industrias-creativas\/#breadcrumb","itemListElement":[{"@type":"ListItem","position":1,"name":"Home","item":"https:\/\/dev.antudigital.cl\/sites\/vc\/"},{"@type":"ListItem","position":2,"name":"Inscr\u00edbete en el Viaje del Emprendedor 2021 para Industrias Creativas"}]},{"@type":"WebSite","@id":"https:\/\/dev.antudigital.cl\/sites\/vc\/#website","url":"https:\/\/dev.antudigital.cl\/sites\/vc\/","name":"Valpara\u00ed\u00adso Creativo","description":"","potentialAction":[{"@type":"SearchAction","target":{"@type":"EntryPoint","urlTemplate":"https:\/\/dev.antudigital.cl\/sites\/vc\/?s={search_term_string}"},"query-input":{"@type":"PropertyValueSpecification","valueRequired":true,"valueName":"search_term_string"}}],"inLanguage":"es"},{"@type":"Person","@id":"https:\/\/dev.antudigital.cl\/sites\/vc\/#\/schema\/person\/81d1dcd51abd542b5dfc00f5f951a0f1","name":"Valparaiso Creativo","url":"https:\/\/dev.antudigital.cl\/sites\/vc\/author\/valparaiso-creativo\/"}]}},"_links":{"self":[{"href":"https:\/\/dev.antudigital.cl\/sites\/vc\/wp-json\/wp\/v2\/posts\/8238","targetHints":{"allow":["GET"]}}],"collection":[{"href":"https:\/\/dev.antudigital.cl\/sites\/vc\/wp-json\/wp\/v2\/posts"}],"about":[{"href":"https:\/\/dev.antudigital.cl\/sites\/vc\/wp-json\/wp\/v2\/types\/post"}],"author":[{"embeddable":true,"href":"https:\/\/dev.antudigital.cl\/sites\/vc\/wp-json\/wp\/v2\/users\/3"}],"replies":[{"embeddable":true,"href":"https:\/\/dev.antudigital.cl\/sites\/vc\/wp-json\/wp\/v2\/comments?post=8238"}],"version-history":[{"count":0,"href":"https:\/\/dev.antudigital.cl\/sites\/vc\/wp-json\/wp\/v2\/posts\/8238\/revisions"}],"wp:featuredmedia":[{"embeddable":true,"href":"https:\/\/dev.antudigital.cl\/sites\/vc\/wp-json\/wp\/v2\/media\/8239"}],"wp:attachment":[{"href":"https:\/\/dev.antudigital.cl\/sites\/vc\/wp-json\/wp\/v2\/media?parent=8238"}],"wp:term":[{"taxonomy":"category","embeddable":true,"href":"https:\/\/dev.antudigital.cl\/sites\/vc\/wp-json\/wp\/v2\/categories?post=8238"},{"taxonomy":"post_tag","embeddable":true,"href":"https:\/\/dev.antudigital.cl\/sites\/vc\/wp-json\/wp\/v2\/tags?post=8238"}],"curies":[{"name":"wp","href":"https:\/\/api.w.org\/{rel}","templated":true}]}}