{"id":8246,"date":"2021-02-22T18:02:35","date_gmt":"2021-02-22T18:02:35","guid":{"rendered":"https:\/\/www.valparaisocreativo.cl\/?p=5978"},"modified":"2021-02-22T18:02:35","modified_gmt":"2021-02-22T18:02:35","slug":"talleres-de-dramaturgia-de-fundacion-accion-creativa-en-linea","status":"publish","type":"post","link":"https:\/\/dev.antudigital.cl\/sites\/vc\/talleres-de-dramaturgia-de-fundacion-accion-creativa-en-linea\/","title":{"rendered":"Talleres de Dramaturgia de Fundaci\u00f3n Acci\u00f3n Creativa, \u00a1en l\u00ednea!"},"content":{"rendered":"<p><a href=\"https:\/\/www.fundacionaccioncreativa.cl\/\">Fundaci\u00f3n Acci\u00f3n Creativa<\/a> tiene activo un Taller de Dramaturgia a realizarse entre el 23 al 26 de febrero, de manera virtual.<\/p>\n<p>Junto con Luis Retamales, tendr\u00e1n la posibilidad de profundizar en:<\/p>\n<h2>Taller Dramaturgia, Territorio y Memoria cultural<\/h2>\n<div class=\"wp-block-image\">\n<figure class=\"alignright size-large is-resized\"><img fetchpriority=\"high\" decoding=\"async\" class=\"wp-image-188\" src=\"https:\/\/i2.wp.com\/www.fundacionaccioncreativa.cl\/wp-content\/uploads\/2021\/02\/Luis.jpg?resize=318%2C330&amp;ssl=1\" sizes=\"(max-width: 318px) 100vw, 318px\" srcset=\"https:\/\/i2.wp.com\/www.fundacionaccioncreativa.cl\/wp-content\/uploads\/2021\/02\/Luis.jpg?w=960&amp;ssl=1 960w, https:\/\/i2.wp.com\/www.fundacionaccioncreativa.cl\/wp-content\/uploads\/2021\/02\/Luis.jpg?resize=289%2C300&amp;ssl=1 289w, https:\/\/i2.wp.com\/www.fundacionaccioncreativa.cl\/wp-content\/uploads\/2021\/02\/Luis.jpg?resize=768%2C797&amp;ssl=1 768w\" alt=\"\" width=\"318\" height=\"330\" data-recalc-dims=\"1\" \/><\/figure>\n<\/div>\n<p>Taller que se realizar\u00e1 entre los d\u00edas <strong>23, 24, 25 y 26 de febrero<\/strong> entre las <strong>16:00 <\/strong>y las<strong> 18:00 hrs.<\/strong><\/p>\n<p>Este ser\u00e1 a trav\u00e9s de la <strong>plataforma digital Zoom<\/strong>. Tiene un valor de $30.000, sin embargo, la primera sesi\u00f3n es abierta (gratuita).<\/p>\n<p>Tiene por objetivo entregar herramientas de an\u00e1lisis y observaci\u00f3n cultural para la creaci\u00f3n de obras dramat\u00fargicas, teniendo como eje creativo el Territorio y la Memoria Cultural.<\/p>\n<p>Va dirigido a toda persona que tenga dentro de su inter\u00e9s la escritura dram\u00e1tica y que busque concretar el proceso de escritura de obras teatrales.<\/p>\n<p>\u00bfQuieres m\u00e1s informaci\u00f3n? Haz <a href=\"https:\/\/www.fundacionaccioncreativa.cl\/talleres-formativos-accion-creativa-febrero\/\">click aqu\u00ed<\/a>.<\/p>\n","protected":false},"excerpt":{"rendered":"<p>Fundaci\u00f3n Acci\u00f3n Creativa tiene activo un Taller de Dramaturgia a realizarse entre el 23 al 26 de febrero, de manera virtual. Junto con Luis Retamales, tendr\u00e1n la posibilidad de profundizar en: Taller Dramaturgia, Territorio y Memoria cultural Taller que se realizar\u00e1 entre los d\u00edas 23, 24, 25 y 26 de febrero entre las 16:00 y [&hellip;]<\/p>\n","protected":false},"author":3,"featured_media":8247,"comment_status":"closed","ping_status":"closed","sticky":false,"template":"","format":"standard","meta":{"_acf_changed":false,"footnotes":""},"categories":[8],"tags":[],"class_list":["post-8246","post","type-post","status-publish","format-standard","has-post-thumbnail","hentry","category-noticia"],"acf":[],"yoast_head":"<!-- This site is optimized with the Yoast SEO plugin v27.1.1 - https:\/\/yoast.com\/product\/yoast-seo-wordpress\/ -->\n<title>Talleres de Dramaturgia de Fundaci\u00f3n Acci\u00f3n Creativa, \u00a1en l\u00ednea! - Valpara\u00ed\u00adso Creativo<\/title>\n<meta name=\"robots\" content=\"index, follow, max-snippet:-1, max-image-preview:large, max-video-preview:-1\" \/>\n<link rel=\"canonical\" href=\"https:\/\/dev.antudigital.cl\/sites\/vc\/talleres-de-dramaturgia-de-fundacion-accion-creativa-en-linea\/\" \/>\n<meta property=\"og:locale\" content=\"es_ES\" \/>\n<meta property=\"og:type\" content=\"article\" \/>\n<meta property=\"og:title\" content=\"Talleres de Dramaturgia de Fundaci\u00f3n Acci\u00f3n Creativa, \u00a1en l\u00ednea! - Valpara\u00ed\u00adso Creativo\" \/>\n<meta property=\"og:description\" content=\"Fundaci\u00f3n Acci\u00f3n Creativa tiene activo un Taller de Dramaturgia a realizarse entre el 23 al 26 de febrero, de manera virtual. Junto con Luis Retamales, tendr\u00e1n la posibilidad de profundizar en: Taller Dramaturgia, Territorio y Memoria cultural Taller que se realizar\u00e1 entre los d\u00edas 23, 24, 25 y 26 de febrero entre las 16:00 y [&hellip;]\" \/>\n<meta property=\"og:url\" content=\"https:\/\/dev.antudigital.cl\/sites\/vc\/talleres-de-dramaturgia-de-fundacion-accion-creativa-en-linea\/\" \/>\n<meta property=\"og:site_name\" content=\"Valpara\u00ed\u00adso Creativo\" \/>\n<meta property=\"article:published_time\" content=\"2021-02-22T18:02:35+00:00\" \/>\n<meta property=\"og:image\" content=\"https:\/\/dev.antudigital.cl\/sites\/vc\/wp-content\/uploads\/2021\/02\/ACH.png\" \/>\n\t<meta property=\"og:image:width\" content=\"756\" \/>\n\t<meta property=\"og:image:height\" content=\"469\" \/>\n\t<meta property=\"og:image:type\" content=\"image\/png\" \/>\n<meta name=\"author\" content=\"Valparaiso Creativo\" \/>\n<meta name=\"twitter:card\" content=\"summary_large_image\" \/>\n<meta name=\"twitter:label1\" content=\"Escrito por\" \/>\n\t<meta name=\"twitter:data1\" content=\"Valparaiso Creativo\" \/>\n\t<meta name=\"twitter:label2\" content=\"Tiempo de lectura\" \/>\n\t<meta name=\"twitter:data2\" content=\"1 minuto\" \/>\n<script type=\"application\/ld+json\" class=\"yoast-schema-graph\">{\"@context\":\"https:\/\/schema.org\",\"@graph\":[{\"@type\":\"Article\",\"@id\":\"https:\/\/dev.antudigital.cl\/sites\/vc\/talleres-de-dramaturgia-de-fundacion-accion-creativa-en-linea\/#article\",\"isPartOf\":{\"@id\":\"https:\/\/dev.antudigital.cl\/sites\/vc\/talleres-de-dramaturgia-de-fundacion-accion-creativa-en-linea\/\"},\"author\":{\"name\":\"Valparaiso Creativo\",\"@id\":\"https:\/\/dev.antudigital.cl\/sites\/vc\/#\/schema\/person\/81d1dcd51abd542b5dfc00f5f951a0f1\"},\"headline\":\"Talleres de Dramaturgia de Fundaci\u00f3n Acci\u00f3n Creativa, \u00a1en l\u00ednea!\",\"datePublished\":\"2021-02-22T18:02:35+00:00\",\"mainEntityOfPage\":{\"@id\":\"https:\/\/dev.antudigital.cl\/sites\/vc\/talleres-de-dramaturgia-de-fundacion-accion-creativa-en-linea\/\"},\"wordCount\":154,\"image\":{\"@id\":\"https:\/\/dev.antudigital.cl\/sites\/vc\/talleres-de-dramaturgia-de-fundacion-accion-creativa-en-linea\/#primaryimage\"},\"thumbnailUrl\":\"https:\/\/dev.antudigital.cl\/sites\/vc\/wp-content\/uploads\/2021\/02\/ACH.png\",\"articleSection\":[\"Noticia\"],\"inLanguage\":\"es\"},{\"@type\":\"WebPage\",\"@id\":\"https:\/\/dev.antudigital.cl\/sites\/vc\/talleres-de-dramaturgia-de-fundacion-accion-creativa-en-linea\/\",\"url\":\"https:\/\/dev.antudigital.cl\/sites\/vc\/talleres-de-dramaturgia-de-fundacion-accion-creativa-en-linea\/\",\"name\":\"Talleres de Dramaturgia de Fundaci\u00f3n Acci\u00f3n Creativa, \u00a1en l\u00ednea! - Valpara\u00ed\u00adso Creativo\",\"isPartOf\":{\"@id\":\"https:\/\/dev.antudigital.cl\/sites\/vc\/#website\"},\"primaryImageOfPage\":{\"@id\":\"https:\/\/dev.antudigital.cl\/sites\/vc\/talleres-de-dramaturgia-de-fundacion-accion-creativa-en-linea\/#primaryimage\"},\"image\":{\"@id\":\"https:\/\/dev.antudigital.cl\/sites\/vc\/talleres-de-dramaturgia-de-fundacion-accion-creativa-en-linea\/#primaryimage\"},\"thumbnailUrl\":\"https:\/\/dev.antudigital.cl\/sites\/vc\/wp-content\/uploads\/2021\/02\/ACH.png\",\"datePublished\":\"2021-02-22T18:02:35+00:00\",\"author\":{\"@id\":\"https:\/\/dev.antudigital.cl\/sites\/vc\/#\/schema\/person\/81d1dcd51abd542b5dfc00f5f951a0f1\"},\"breadcrumb\":{\"@id\":\"https:\/\/dev.antudigital.cl\/sites\/vc\/talleres-de-dramaturgia-de-fundacion-accion-creativa-en-linea\/#breadcrumb\"},\"inLanguage\":\"es\",\"potentialAction\":[{\"@type\":\"ReadAction\",\"target\":[\"https:\/\/dev.antudigital.cl\/sites\/vc\/talleres-de-dramaturgia-de-fundacion-accion-creativa-en-linea\/\"]}]},{\"@type\":\"ImageObject\",\"inLanguage\":\"es\",\"@id\":\"https:\/\/dev.antudigital.cl\/sites\/vc\/talleres-de-dramaturgia-de-fundacion-accion-creativa-en-linea\/#primaryimage\",\"url\":\"https:\/\/dev.antudigital.cl\/sites\/vc\/wp-content\/uploads\/2021\/02\/ACH.png\",\"contentUrl\":\"https:\/\/dev.antudigital.cl\/sites\/vc\/wp-content\/uploads\/2021\/02\/ACH.png\",\"width\":756,\"height\":469},{\"@type\":\"BreadcrumbList\",\"@id\":\"https:\/\/dev.antudigital.cl\/sites\/vc\/talleres-de-dramaturgia-de-fundacion-accion-creativa-en-linea\/#breadcrumb\",\"itemListElement\":[{\"@type\":\"ListItem\",\"position\":1,\"name\":\"Home\",\"item\":\"https:\/\/dev.antudigital.cl\/sites\/vc\/\"},{\"@type\":\"ListItem\",\"position\":2,\"name\":\"Talleres de Dramaturgia de Fundaci\u00f3n Acci\u00f3n Creativa, \u00a1en l\u00ednea!\"}]},{\"@type\":\"WebSite\",\"@id\":\"https:\/\/dev.antudigital.cl\/sites\/vc\/#website\",\"url\":\"https:\/\/dev.antudigital.cl\/sites\/vc\/\",\"name\":\"Valpara\u00ed\u00adso Creativo\",\"description\":\"\",\"potentialAction\":[{\"@type\":\"SearchAction\",\"target\":{\"@type\":\"EntryPoint\",\"urlTemplate\":\"https:\/\/dev.antudigital.cl\/sites\/vc\/?s={search_term_string}\"},\"query-input\":{\"@type\":\"PropertyValueSpecification\",\"valueRequired\":true,\"valueName\":\"search_term_string\"}}],\"inLanguage\":\"es\"},{\"@type\":\"Person\",\"@id\":\"https:\/\/dev.antudigital.cl\/sites\/vc\/#\/schema\/person\/81d1dcd51abd542b5dfc00f5f951a0f1\",\"name\":\"Valparaiso Creativo\",\"url\":\"https:\/\/dev.antudigital.cl\/sites\/vc\/author\/valparaiso-creativo\/\"}]}<\/script>\n<!-- \/ Yoast SEO plugin. -->","yoast_head_json":{"title":"Talleres de Dramaturgia de Fundaci\u00f3n Acci\u00f3n Creativa, \u00a1en l\u00ednea! - Valpara\u00ed\u00adso Creativo","robots":{"index":"index","follow":"follow","max-snippet":"max-snippet:-1","max-image-preview":"max-image-preview:large","max-video-preview":"max-video-preview:-1"},"canonical":"https:\/\/dev.antudigital.cl\/sites\/vc\/talleres-de-dramaturgia-de-fundacion-accion-creativa-en-linea\/","og_locale":"es_ES","og_type":"article","og_title":"Talleres de Dramaturgia de Fundaci\u00f3n Acci\u00f3n Creativa, \u00a1en l\u00ednea! - Valpara\u00ed\u00adso Creativo","og_description":"Fundaci\u00f3n Acci\u00f3n Creativa tiene activo un Taller de Dramaturgia a realizarse entre el 23 al 26 de febrero, de manera virtual. Junto con Luis Retamales, tendr\u00e1n la posibilidad de profundizar en: Taller Dramaturgia, Territorio y Memoria cultural Taller que se realizar\u00e1 entre los d\u00edas 23, 24, 25 y 26 de febrero entre las 16:00 y [&hellip;]","og_url":"https:\/\/dev.antudigital.cl\/sites\/vc\/talleres-de-dramaturgia-de-fundacion-accion-creativa-en-linea\/","og_site_name":"Valpara\u00ed\u00adso Creativo","article_published_time":"2021-02-22T18:02:35+00:00","og_image":[{"width":756,"height":469,"url":"https:\/\/dev.antudigital.cl\/sites\/vc\/wp-content\/uploads\/2021\/02\/ACH.png","type":"image\/png"}],"author":"Valparaiso Creativo","twitter_card":"summary_large_image","twitter_misc":{"Escrito por":"Valparaiso Creativo","Tiempo de lectura":"1 minuto"},"schema":{"@context":"https:\/\/schema.org","@graph":[{"@type":"Article","@id":"https:\/\/dev.antudigital.cl\/sites\/vc\/talleres-de-dramaturgia-de-fundacion-accion-creativa-en-linea\/#article","isPartOf":{"@id":"https:\/\/dev.antudigital.cl\/sites\/vc\/talleres-de-dramaturgia-de-fundacion-accion-creativa-en-linea\/"},"author":{"name":"Valparaiso Creativo","@id":"https:\/\/dev.antudigital.cl\/sites\/vc\/#\/schema\/person\/81d1dcd51abd542b5dfc00f5f951a0f1"},"headline":"Talleres de Dramaturgia de Fundaci\u00f3n Acci\u00f3n Creativa, \u00a1en l\u00ednea!","datePublished":"2021-02-22T18:02:35+00:00","mainEntityOfPage":{"@id":"https:\/\/dev.antudigital.cl\/sites\/vc\/talleres-de-dramaturgia-de-fundacion-accion-creativa-en-linea\/"},"wordCount":154,"image":{"@id":"https:\/\/dev.antudigital.cl\/sites\/vc\/talleres-de-dramaturgia-de-fundacion-accion-creativa-en-linea\/#primaryimage"},"thumbnailUrl":"https:\/\/dev.antudigital.cl\/sites\/vc\/wp-content\/uploads\/2021\/02\/ACH.png","articleSection":["Noticia"],"inLanguage":"es"},{"@type":"WebPage","@id":"https:\/\/dev.antudigital.cl\/sites\/vc\/talleres-de-dramaturgia-de-fundacion-accion-creativa-en-linea\/","url":"https:\/\/dev.antudigital.cl\/sites\/vc\/talleres-de-dramaturgia-de-fundacion-accion-creativa-en-linea\/","name":"Talleres de Dramaturgia de Fundaci\u00f3n Acci\u00f3n Creativa, \u00a1en l\u00ednea! - Valpara\u00ed\u00adso Creativo","isPartOf":{"@id":"https:\/\/dev.antudigital.cl\/sites\/vc\/#website"},"primaryImageOfPage":{"@id":"https:\/\/dev.antudigital.cl\/sites\/vc\/talleres-de-dramaturgia-de-fundacion-accion-creativa-en-linea\/#primaryimage"},"image":{"@id":"https:\/\/dev.antudigital.cl\/sites\/vc\/talleres-de-dramaturgia-de-fundacion-accion-creativa-en-linea\/#primaryimage"},"thumbnailUrl":"https:\/\/dev.antudigital.cl\/sites\/vc\/wp-content\/uploads\/2021\/02\/ACH.png","datePublished":"2021-02-22T18:02:35+00:00","author":{"@id":"https:\/\/dev.antudigital.cl\/sites\/vc\/#\/schema\/person\/81d1dcd51abd542b5dfc00f5f951a0f1"},"breadcrumb":{"@id":"https:\/\/dev.antudigital.cl\/sites\/vc\/talleres-de-dramaturgia-de-fundacion-accion-creativa-en-linea\/#breadcrumb"},"inLanguage":"es","potentialAction":[{"@type":"ReadAction","target":["https:\/\/dev.antudigital.cl\/sites\/vc\/talleres-de-dramaturgia-de-fundacion-accion-creativa-en-linea\/"]}]},{"@type":"ImageObject","inLanguage":"es","@id":"https:\/\/dev.antudigital.cl\/sites\/vc\/talleres-de-dramaturgia-de-fundacion-accion-creativa-en-linea\/#primaryimage","url":"https:\/\/dev.antudigital.cl\/sites\/vc\/wp-content\/uploads\/2021\/02\/ACH.png","contentUrl":"https:\/\/dev.antudigital.cl\/sites\/vc\/wp-content\/uploads\/2021\/02\/ACH.png","width":756,"height":469},{"@type":"BreadcrumbList","@id":"https:\/\/dev.antudigital.cl\/sites\/vc\/talleres-de-dramaturgia-de-fundacion-accion-creativa-en-linea\/#breadcrumb","itemListElement":[{"@type":"ListItem","position":1,"name":"Home","item":"https:\/\/dev.antudigital.cl\/sites\/vc\/"},{"@type":"ListItem","position":2,"name":"Talleres de Dramaturgia de Fundaci\u00f3n Acci\u00f3n Creativa, \u00a1en l\u00ednea!"}]},{"@type":"WebSite","@id":"https:\/\/dev.antudigital.cl\/sites\/vc\/#website","url":"https:\/\/dev.antudigital.cl\/sites\/vc\/","name":"Valpara\u00ed\u00adso Creativo","description":"","potentialAction":[{"@type":"SearchAction","target":{"@type":"EntryPoint","urlTemplate":"https:\/\/dev.antudigital.cl\/sites\/vc\/?s={search_term_string}"},"query-input":{"@type":"PropertyValueSpecification","valueRequired":true,"valueName":"search_term_string"}}],"inLanguage":"es"},{"@type":"Person","@id":"https:\/\/dev.antudigital.cl\/sites\/vc\/#\/schema\/person\/81d1dcd51abd542b5dfc00f5f951a0f1","name":"Valparaiso Creativo","url":"https:\/\/dev.antudigital.cl\/sites\/vc\/author\/valparaiso-creativo\/"}]}},"_links":{"self":[{"href":"https:\/\/dev.antudigital.cl\/sites\/vc\/wp-json\/wp\/v2\/posts\/8246","targetHints":{"allow":["GET"]}}],"collection":[{"href":"https:\/\/dev.antudigital.cl\/sites\/vc\/wp-json\/wp\/v2\/posts"}],"about":[{"href":"https:\/\/dev.antudigital.cl\/sites\/vc\/wp-json\/wp\/v2\/types\/post"}],"author":[{"embeddable":true,"href":"https:\/\/dev.antudigital.cl\/sites\/vc\/wp-json\/wp\/v2\/users\/3"}],"replies":[{"embeddable":true,"href":"https:\/\/dev.antudigital.cl\/sites\/vc\/wp-json\/wp\/v2\/comments?post=8246"}],"version-history":[{"count":0,"href":"https:\/\/dev.antudigital.cl\/sites\/vc\/wp-json\/wp\/v2\/posts\/8246\/revisions"}],"wp:featuredmedia":[{"embeddable":true,"href":"https:\/\/dev.antudigital.cl\/sites\/vc\/wp-json\/wp\/v2\/media\/8247"}],"wp:attachment":[{"href":"https:\/\/dev.antudigital.cl\/sites\/vc\/wp-json\/wp\/v2\/media?parent=8246"}],"wp:term":[{"taxonomy":"category","embeddable":true,"href":"https:\/\/dev.antudigital.cl\/sites\/vc\/wp-json\/wp\/v2\/categories?post=8246"},{"taxonomy":"post_tag","embeddable":true,"href":"https:\/\/dev.antudigital.cl\/sites\/vc\/wp-json\/wp\/v2\/tags?post=8246"}],"curies":[{"name":"wp","href":"https:\/\/api.w.org\/{rel}","templated":true}]}}