{"id":8252,"date":"2021-02-22T17:43:47","date_gmt":"2021-02-22T17:43:47","guid":{"rendered":"https:\/\/www.valparaisocreativo.cl\/?p=5969"},"modified":"2021-02-22T17:43:47","modified_gmt":"2021-02-22T17:43:47","slug":"valparaiso-makerspace-pucv-y-otros-organismos-inician-red-maker-contra-el-covid-19","status":"publish","type":"post","link":"https:\/\/dev.antudigital.cl\/sites\/vc\/valparaiso-makerspace-pucv-y-otros-organismos-inician-red-maker-contra-el-covid-19\/","title":{"rendered":"Valpara\u00edso Makerspace PUCV y otros organismos inician red maker contra el COVID-19"},"content":{"rendered":"<div class=\"CUERPO\">\n<p>Valpara\u00edso Makerspace, el espacio tecnol\u00f3gico y creativo dependiente de la Direcci\u00f3n de Incubaci\u00f3n y Negocios de la Pontificia Universidad Cat\u00f3lica de Valpara\u00edso (DIN PUCV), se organiz\u00f3 junto a otras seis instituciones a lo largo del pa\u00eds para dar inicio a una red maker de fabricaci\u00f3n de su redise\u00f1o de escudo facial \u201cPromaker PUCV\u201d.<\/p>\n<p>La conformaci\u00f3n de esta red, llamada \u201cRed Promaker PUCV\u201d, responde a la segunda etapa del proyecto \u201cRetos de Innovaci\u00f3n\u201d del Ministerio de Ciencia, Tecnolog\u00eda, Conocimiento e Innovaci\u00f3n, Corfo y el Laboratorio de Gobierno, que busca masificar la producci\u00f3n de implementos de seguridad sanitaria para profesionales que atienden a pacientes COVID- 19 en Chile.<\/p>\n<p>Hasta la fecha, las instituciones son parte: Cowork Atacama (Copiap\u00f3), Corporaci\u00f3n de Desarrollo e Innovaci\u00f3n de la Municipalidad de Rancagua,\u00a0 O\u00b4Higgins CREA (Rancagua), Fablab Olmu\u00e9, Playa Lab (Zapallar) y Linnq Lab (Quillota), y se espera que otros organismos se sumen al llamado.<\/p>\n<p>\u201cCon este primer y gran importante paso esperamos poder alcanzar m\u00e1s de 5 mil donaciones a diversas instituciones de salud p\u00fablica del pa\u00eds, en al menos cuatro regiones\u201d, explic\u00f3 Camila Valenzuela, coordinadora general del proyecto, quien destac\u00f3 la importancia de poner a disposici\u00f3n de la sociedad el conocimiento y las herramientas tecnol\u00f3gicas para enfrentar la pandemia y el proceso de vacunaci\u00f3n que actualmente se encuentra en marcha.<\/p>\n<p><b>BENEFICIOS DEL ESCUDO FACIAL PROMAKER PUCV<\/b><\/p>\n<p>El redise\u00f1o de escudo facial se realiz\u00f3 con tecnolog\u00eda de software 3D y fue testeado por el laboratorio LICTEX USACH, autorizado por el ISP, bajo estrictas pruebas al alero de la norma UNE EN 168 en: evaluaci\u00f3n de zonas protegidas, protecci\u00f3n contra gotas y salpicaduras de l\u00edquidos, valorizaci\u00f3n de campo visual y evaluaci\u00f3n de la protecci\u00f3n lateral.<\/p>\n<p>Adem\u00e1s, pas\u00f3 un proceso de testeo en usuarios, quienes destacaron su comodidad en el uso. Esto pues posee un dise\u00f1o ergon\u00f3mico, elimina el uso de el\u00e1stico (lo que baja la probabilidad de ser un posible foco de infecci\u00f3n), posee una visera cubierta, mica intercambiable, es reutilizable, adem\u00e1s de ser f\u00e1cil de sanitizar y armar.<\/p>\n<\/div>\n","protected":false},"excerpt":{"rendered":"<p>Valpara\u00edso Makerspace, el espacio tecnol\u00f3gico y creativo dependiente de la Direcci\u00f3n de Incubaci\u00f3n y Negocios de la Pontificia Universidad Cat\u00f3lica de Valpara\u00edso (DIN PUCV), se organiz\u00f3 junto a otras seis instituciones a lo largo del pa\u00eds para dar inicio a una red maker de fabricaci\u00f3n de su redise\u00f1o de escudo facial \u201cPromaker PUCV\u201d. La conformaci\u00f3n [&hellip;]<\/p>\n","protected":false},"author":3,"featured_media":8253,"comment_status":"closed","ping_status":"closed","sticky":false,"template":"","format":"standard","meta":{"_acf_changed":false,"footnotes":""},"categories":[8],"tags":[],"class_list":["post-8252","post","type-post","status-publish","format-standard","has-post-thumbnail","hentry","category-noticia"],"acf":[],"yoast_head":"<!-- This site is optimized with the Yoast SEO plugin v27.1.1 - https:\/\/yoast.com\/product\/yoast-seo-wordpress\/ -->\n<title>Valpara\u00edso Makerspace PUCV y otros organismos inician red maker contra el COVID-19 - Valpara\u00ed\u00adso Creativo<\/title>\n<meta name=\"robots\" content=\"index, follow, max-snippet:-1, max-image-preview:large, max-video-preview:-1\" \/>\n<link rel=\"canonical\" href=\"https:\/\/dev.antudigital.cl\/sites\/vc\/valparaiso-makerspace-pucv-y-otros-organismos-inician-red-maker-contra-el-covid-19\/\" \/>\n<meta property=\"og:locale\" content=\"es_ES\" \/>\n<meta property=\"og:type\" content=\"article\" \/>\n<meta property=\"og:title\" content=\"Valpara\u00edso Makerspace PUCV y otros organismos inician red maker contra el COVID-19 - Valpara\u00ed\u00adso Creativo\" \/>\n<meta property=\"og:description\" content=\"Valpara\u00edso Makerspace, el espacio tecnol\u00f3gico y creativo dependiente de la Direcci\u00f3n de Incubaci\u00f3n y Negocios de la Pontificia Universidad Cat\u00f3lica de Valpara\u00edso (DIN PUCV), se organiz\u00f3 junto a otras seis instituciones a lo largo del pa\u00eds para dar inicio a una red maker de fabricaci\u00f3n de su redise\u00f1o de escudo facial \u201cPromaker PUCV\u201d. La conformaci\u00f3n [&hellip;]\" \/>\n<meta property=\"og:url\" content=\"https:\/\/dev.antudigital.cl\/sites\/vc\/valparaiso-makerspace-pucv-y-otros-organismos-inician-red-maker-contra-el-covid-19\/\" \/>\n<meta property=\"og:site_name\" content=\"Valpara\u00ed\u00adso Creativo\" \/>\n<meta property=\"article:published_time\" content=\"2021-02-22T17:43:47+00:00\" \/>\n<meta property=\"og:image\" content=\"https:\/\/dev.antudigital.cl\/sites\/vc\/wp-content\/uploads\/2021\/02\/MAKER.jpg\" \/>\n\t<meta property=\"og:image:width\" content=\"1200\" \/>\n\t<meta property=\"og:image:height\" content=\"800\" \/>\n\t<meta property=\"og:image:type\" content=\"image\/jpeg\" \/>\n<meta name=\"author\" content=\"Valparaiso Creativo\" \/>\n<meta name=\"twitter:card\" content=\"summary_large_image\" \/>\n<meta name=\"twitter:label1\" content=\"Escrito por\" \/>\n\t<meta name=\"twitter:data1\" content=\"Valparaiso Creativo\" \/>\n\t<meta name=\"twitter:label2\" content=\"Tiempo de lectura\" \/>\n\t<meta name=\"twitter:data2\" content=\"2 minutos\" \/>\n<script type=\"application\/ld+json\" class=\"yoast-schema-graph\">{\"@context\":\"https:\/\/schema.org\",\"@graph\":[{\"@type\":\"Article\",\"@id\":\"https:\/\/dev.antudigital.cl\/sites\/vc\/valparaiso-makerspace-pucv-y-otros-organismos-inician-red-maker-contra-el-covid-19\/#article\",\"isPartOf\":{\"@id\":\"https:\/\/dev.antudigital.cl\/sites\/vc\/valparaiso-makerspace-pucv-y-otros-organismos-inician-red-maker-contra-el-covid-19\/\"},\"author\":{\"name\":\"Valparaiso Creativo\",\"@id\":\"https:\/\/dev.antudigital.cl\/sites\/vc\/#\/schema\/person\/81d1dcd51abd542b5dfc00f5f951a0f1\"},\"headline\":\"Valpara\u00edso Makerspace PUCV y otros organismos inician red maker contra el COVID-19\",\"datePublished\":\"2021-02-22T17:43:47+00:00\",\"mainEntityOfPage\":{\"@id\":\"https:\/\/dev.antudigital.cl\/sites\/vc\/valparaiso-makerspace-pucv-y-otros-organismos-inician-red-maker-contra-el-covid-19\/\"},\"wordCount\":380,\"image\":{\"@id\":\"https:\/\/dev.antudigital.cl\/sites\/vc\/valparaiso-makerspace-pucv-y-otros-organismos-inician-red-maker-contra-el-covid-19\/#primaryimage\"},\"thumbnailUrl\":\"https:\/\/dev.antudigital.cl\/sites\/vc\/wp-content\/uploads\/2021\/02\/MAKER.jpg\",\"articleSection\":[\"Noticia\"],\"inLanguage\":\"es\"},{\"@type\":\"WebPage\",\"@id\":\"https:\/\/dev.antudigital.cl\/sites\/vc\/valparaiso-makerspace-pucv-y-otros-organismos-inician-red-maker-contra-el-covid-19\/\",\"url\":\"https:\/\/dev.antudigital.cl\/sites\/vc\/valparaiso-makerspace-pucv-y-otros-organismos-inician-red-maker-contra-el-covid-19\/\",\"name\":\"Valpara\u00edso Makerspace PUCV y otros organismos inician red maker contra el COVID-19 - Valpara\u00ed\u00adso Creativo\",\"isPartOf\":{\"@id\":\"https:\/\/dev.antudigital.cl\/sites\/vc\/#website\"},\"primaryImageOfPage\":{\"@id\":\"https:\/\/dev.antudigital.cl\/sites\/vc\/valparaiso-makerspace-pucv-y-otros-organismos-inician-red-maker-contra-el-covid-19\/#primaryimage\"},\"image\":{\"@id\":\"https:\/\/dev.antudigital.cl\/sites\/vc\/valparaiso-makerspace-pucv-y-otros-organismos-inician-red-maker-contra-el-covid-19\/#primaryimage\"},\"thumbnailUrl\":\"https:\/\/dev.antudigital.cl\/sites\/vc\/wp-content\/uploads\/2021\/02\/MAKER.jpg\",\"datePublished\":\"2021-02-22T17:43:47+00:00\",\"author\":{\"@id\":\"https:\/\/dev.antudigital.cl\/sites\/vc\/#\/schema\/person\/81d1dcd51abd542b5dfc00f5f951a0f1\"},\"breadcrumb\":{\"@id\":\"https:\/\/dev.antudigital.cl\/sites\/vc\/valparaiso-makerspace-pucv-y-otros-organismos-inician-red-maker-contra-el-covid-19\/#breadcrumb\"},\"inLanguage\":\"es\",\"potentialAction\":[{\"@type\":\"ReadAction\",\"target\":[\"https:\/\/dev.antudigital.cl\/sites\/vc\/valparaiso-makerspace-pucv-y-otros-organismos-inician-red-maker-contra-el-covid-19\/\"]}]},{\"@type\":\"ImageObject\",\"inLanguage\":\"es\",\"@id\":\"https:\/\/dev.antudigital.cl\/sites\/vc\/valparaiso-makerspace-pucv-y-otros-organismos-inician-red-maker-contra-el-covid-19\/#primaryimage\",\"url\":\"https:\/\/dev.antudigital.cl\/sites\/vc\/wp-content\/uploads\/2021\/02\/MAKER.jpg\",\"contentUrl\":\"https:\/\/dev.antudigital.cl\/sites\/vc\/wp-content\/uploads\/2021\/02\/MAKER.jpg\",\"width\":1200,\"height\":800},{\"@type\":\"BreadcrumbList\",\"@id\":\"https:\/\/dev.antudigital.cl\/sites\/vc\/valparaiso-makerspace-pucv-y-otros-organismos-inician-red-maker-contra-el-covid-19\/#breadcrumb\",\"itemListElement\":[{\"@type\":\"ListItem\",\"position\":1,\"name\":\"Home\",\"item\":\"https:\/\/dev.antudigital.cl\/sites\/vc\/\"},{\"@type\":\"ListItem\",\"position\":2,\"name\":\"Valpara\u00edso Makerspace PUCV y otros organismos inician red maker contra el COVID-19\"}]},{\"@type\":\"WebSite\",\"@id\":\"https:\/\/dev.antudigital.cl\/sites\/vc\/#website\",\"url\":\"https:\/\/dev.antudigital.cl\/sites\/vc\/\",\"name\":\"Valpara\u00ed\u00adso Creativo\",\"description\":\"\",\"potentialAction\":[{\"@type\":\"SearchAction\",\"target\":{\"@type\":\"EntryPoint\",\"urlTemplate\":\"https:\/\/dev.antudigital.cl\/sites\/vc\/?s={search_term_string}\"},\"query-input\":{\"@type\":\"PropertyValueSpecification\",\"valueRequired\":true,\"valueName\":\"search_term_string\"}}],\"inLanguage\":\"es\"},{\"@type\":\"Person\",\"@id\":\"https:\/\/dev.antudigital.cl\/sites\/vc\/#\/schema\/person\/81d1dcd51abd542b5dfc00f5f951a0f1\",\"name\":\"Valparaiso Creativo\",\"url\":\"https:\/\/dev.antudigital.cl\/sites\/vc\/author\/valparaiso-creativo\/\"}]}<\/script>\n<!-- \/ Yoast SEO plugin. -->","yoast_head_json":{"title":"Valpara\u00edso Makerspace PUCV y otros organismos inician red maker contra el COVID-19 - Valpara\u00ed\u00adso Creativo","robots":{"index":"index","follow":"follow","max-snippet":"max-snippet:-1","max-image-preview":"max-image-preview:large","max-video-preview":"max-video-preview:-1"},"canonical":"https:\/\/dev.antudigital.cl\/sites\/vc\/valparaiso-makerspace-pucv-y-otros-organismos-inician-red-maker-contra-el-covid-19\/","og_locale":"es_ES","og_type":"article","og_title":"Valpara\u00edso Makerspace PUCV y otros organismos inician red maker contra el COVID-19 - Valpara\u00ed\u00adso Creativo","og_description":"Valpara\u00edso Makerspace, el espacio tecnol\u00f3gico y creativo dependiente de la Direcci\u00f3n de Incubaci\u00f3n y Negocios de la Pontificia Universidad Cat\u00f3lica de Valpara\u00edso (DIN PUCV), se organiz\u00f3 junto a otras seis instituciones a lo largo del pa\u00eds para dar inicio a una red maker de fabricaci\u00f3n de su redise\u00f1o de escudo facial \u201cPromaker PUCV\u201d. La conformaci\u00f3n [&hellip;]","og_url":"https:\/\/dev.antudigital.cl\/sites\/vc\/valparaiso-makerspace-pucv-y-otros-organismos-inician-red-maker-contra-el-covid-19\/","og_site_name":"Valpara\u00ed\u00adso Creativo","article_published_time":"2021-02-22T17:43:47+00:00","og_image":[{"width":1200,"height":800,"url":"https:\/\/dev.antudigital.cl\/sites\/vc\/wp-content\/uploads\/2021\/02\/MAKER.jpg","type":"image\/jpeg"}],"author":"Valparaiso Creativo","twitter_card":"summary_large_image","twitter_misc":{"Escrito por":"Valparaiso Creativo","Tiempo de lectura":"2 minutos"},"schema":{"@context":"https:\/\/schema.org","@graph":[{"@type":"Article","@id":"https:\/\/dev.antudigital.cl\/sites\/vc\/valparaiso-makerspace-pucv-y-otros-organismos-inician-red-maker-contra-el-covid-19\/#article","isPartOf":{"@id":"https:\/\/dev.antudigital.cl\/sites\/vc\/valparaiso-makerspace-pucv-y-otros-organismos-inician-red-maker-contra-el-covid-19\/"},"author":{"name":"Valparaiso Creativo","@id":"https:\/\/dev.antudigital.cl\/sites\/vc\/#\/schema\/person\/81d1dcd51abd542b5dfc00f5f951a0f1"},"headline":"Valpara\u00edso Makerspace PUCV y otros organismos inician red maker contra el COVID-19","datePublished":"2021-02-22T17:43:47+00:00","mainEntityOfPage":{"@id":"https:\/\/dev.antudigital.cl\/sites\/vc\/valparaiso-makerspace-pucv-y-otros-organismos-inician-red-maker-contra-el-covid-19\/"},"wordCount":380,"image":{"@id":"https:\/\/dev.antudigital.cl\/sites\/vc\/valparaiso-makerspace-pucv-y-otros-organismos-inician-red-maker-contra-el-covid-19\/#primaryimage"},"thumbnailUrl":"https:\/\/dev.antudigital.cl\/sites\/vc\/wp-content\/uploads\/2021\/02\/MAKER.jpg","articleSection":["Noticia"],"inLanguage":"es"},{"@type":"WebPage","@id":"https:\/\/dev.antudigital.cl\/sites\/vc\/valparaiso-makerspace-pucv-y-otros-organismos-inician-red-maker-contra-el-covid-19\/","url":"https:\/\/dev.antudigital.cl\/sites\/vc\/valparaiso-makerspace-pucv-y-otros-organismos-inician-red-maker-contra-el-covid-19\/","name":"Valpara\u00edso Makerspace PUCV y otros organismos inician red maker contra el COVID-19 - Valpara\u00ed\u00adso Creativo","isPartOf":{"@id":"https:\/\/dev.antudigital.cl\/sites\/vc\/#website"},"primaryImageOfPage":{"@id":"https:\/\/dev.antudigital.cl\/sites\/vc\/valparaiso-makerspace-pucv-y-otros-organismos-inician-red-maker-contra-el-covid-19\/#primaryimage"},"image":{"@id":"https:\/\/dev.antudigital.cl\/sites\/vc\/valparaiso-makerspace-pucv-y-otros-organismos-inician-red-maker-contra-el-covid-19\/#primaryimage"},"thumbnailUrl":"https:\/\/dev.antudigital.cl\/sites\/vc\/wp-content\/uploads\/2021\/02\/MAKER.jpg","datePublished":"2021-02-22T17:43:47+00:00","author":{"@id":"https:\/\/dev.antudigital.cl\/sites\/vc\/#\/schema\/person\/81d1dcd51abd542b5dfc00f5f951a0f1"},"breadcrumb":{"@id":"https:\/\/dev.antudigital.cl\/sites\/vc\/valparaiso-makerspace-pucv-y-otros-organismos-inician-red-maker-contra-el-covid-19\/#breadcrumb"},"inLanguage":"es","potentialAction":[{"@type":"ReadAction","target":["https:\/\/dev.antudigital.cl\/sites\/vc\/valparaiso-makerspace-pucv-y-otros-organismos-inician-red-maker-contra-el-covid-19\/"]}]},{"@type":"ImageObject","inLanguage":"es","@id":"https:\/\/dev.antudigital.cl\/sites\/vc\/valparaiso-makerspace-pucv-y-otros-organismos-inician-red-maker-contra-el-covid-19\/#primaryimage","url":"https:\/\/dev.antudigital.cl\/sites\/vc\/wp-content\/uploads\/2021\/02\/MAKER.jpg","contentUrl":"https:\/\/dev.antudigital.cl\/sites\/vc\/wp-content\/uploads\/2021\/02\/MAKER.jpg","width":1200,"height":800},{"@type":"BreadcrumbList","@id":"https:\/\/dev.antudigital.cl\/sites\/vc\/valparaiso-makerspace-pucv-y-otros-organismos-inician-red-maker-contra-el-covid-19\/#breadcrumb","itemListElement":[{"@type":"ListItem","position":1,"name":"Home","item":"https:\/\/dev.antudigital.cl\/sites\/vc\/"},{"@type":"ListItem","position":2,"name":"Valpara\u00edso Makerspace PUCV y otros organismos inician red maker contra el COVID-19"}]},{"@type":"WebSite","@id":"https:\/\/dev.antudigital.cl\/sites\/vc\/#website","url":"https:\/\/dev.antudigital.cl\/sites\/vc\/","name":"Valpara\u00ed\u00adso Creativo","description":"","potentialAction":[{"@type":"SearchAction","target":{"@type":"EntryPoint","urlTemplate":"https:\/\/dev.antudigital.cl\/sites\/vc\/?s={search_term_string}"},"query-input":{"@type":"PropertyValueSpecification","valueRequired":true,"valueName":"search_term_string"}}],"inLanguage":"es"},{"@type":"Person","@id":"https:\/\/dev.antudigital.cl\/sites\/vc\/#\/schema\/person\/81d1dcd51abd542b5dfc00f5f951a0f1","name":"Valparaiso Creativo","url":"https:\/\/dev.antudigital.cl\/sites\/vc\/author\/valparaiso-creativo\/"}]}},"_links":{"self":[{"href":"https:\/\/dev.antudigital.cl\/sites\/vc\/wp-json\/wp\/v2\/posts\/8252","targetHints":{"allow":["GET"]}}],"collection":[{"href":"https:\/\/dev.antudigital.cl\/sites\/vc\/wp-json\/wp\/v2\/posts"}],"about":[{"href":"https:\/\/dev.antudigital.cl\/sites\/vc\/wp-json\/wp\/v2\/types\/post"}],"author":[{"embeddable":true,"href":"https:\/\/dev.antudigital.cl\/sites\/vc\/wp-json\/wp\/v2\/users\/3"}],"replies":[{"embeddable":true,"href":"https:\/\/dev.antudigital.cl\/sites\/vc\/wp-json\/wp\/v2\/comments?post=8252"}],"version-history":[{"count":0,"href":"https:\/\/dev.antudigital.cl\/sites\/vc\/wp-json\/wp\/v2\/posts\/8252\/revisions"}],"wp:featuredmedia":[{"embeddable":true,"href":"https:\/\/dev.antudigital.cl\/sites\/vc\/wp-json\/wp\/v2\/media\/8253"}],"wp:attachment":[{"href":"https:\/\/dev.antudigital.cl\/sites\/vc\/wp-json\/wp\/v2\/media?parent=8252"}],"wp:term":[{"taxonomy":"category","embeddable":true,"href":"https:\/\/dev.antudigital.cl\/sites\/vc\/wp-json\/wp\/v2\/categories?post=8252"},{"taxonomy":"post_tag","embeddable":true,"href":"https:\/\/dev.antudigital.cl\/sites\/vc\/wp-json\/wp\/v2\/tags?post=8252"}],"curies":[{"name":"wp","href":"https:\/\/api.w.org\/{rel}","templated":true}]}}