{"id":8254,"date":"2021-02-22T17:40:38","date_gmt":"2021-02-22T17:40:38","guid":{"rendered":"https:\/\/www.valparaisocreativo.cl\/?p=5967"},"modified":"2021-02-22T17:40:38","modified_gmt":"2021-02-22T17:40:38","slug":"no-te-pierdas-las-oportunidades-disponibles-de-fondos-cultura-2021","status":"publish","type":"post","link":"https:\/\/dev.antudigital.cl\/sites\/vc\/no-te-pierdas-las-oportunidades-disponibles-de-fondos-cultura-2021\/","title":{"rendered":"No te pierdas las oportunidades disponibles de Fondos Cultura 2021"},"content":{"rendered":"<p>Dos convocatorias de Fondos Cultura son las destacadas de esta semana. Especial para aquellas iniciativas relacionadas a la formaci\u00f3n de audiencias en diversos rubros.<\/p>\n<h1 id=\"page-tit\">Programa de Formaci\u00f3n de P\u00fablicos para el Audiovisual \u2013 Fondo Audiovisual 2021<\/h1>\n<p>Disponible hasta el 18 de marzo, esta convocatoria tiene por objetivo entregar financiamiento total o parcial a iniciativas de formaci\u00f3n de p\u00fablicos para el audiovisual de todas las edades, incluidos los p\u00fablicos infantiles, que tengan como fin enriquecer la recepci\u00f3n de las obras audiovisuales por parte de los(as) espectadores(as), a trav\u00e9s de experiencias significativas de disfrute, apreciaci\u00f3n cr\u00edtica y aprendizaje.<\/p>\n<h3><a href=\"https:\/\/www.fondosdecultura.cl\/programa-de-formacion-de-publicos-para-el-audiovisual-fondo-audiovisual-2021\/\">Bases aqu\u00ed.<\/a><\/h3>\n<h1 id=\"page-tit\">Programa de Apoyo para la Participaci\u00f3n en Instancias Competitivas e Instancias Formativas Internacionales<\/h1>\n<p>Esta nueva versi\u00f3n de la convocatoria, abierta hasta el d\u00eda <strong>1\u00b0 de marzo a las 17:00<\/strong> <strong>horas.<\/strong> Este periodo de postulaci\u00f3n corresponde a la <strong>segunda de las tres convocatorias anuales que tendr\u00e1 este programa<\/strong>, abarcando todas aquellas instancias formativas, competitivas e h\u00edbridas que se desarrollen entre los meses de marzo y abril.<\/p>\n<h3><a href=\"https:\/\/www.fondosdecultura.cl\/programa-de-apoyo-para-la-participacion-en-instancias-competitivas-e-instancias-formativas-internacionales-segunda-convocatoria-2021\/\">Bases aqu\u00ed.<\/a><\/h3>\n","protected":false},"excerpt":{"rendered":"<p>Dos convocatorias de Fondos Cultura son las destacadas de esta semana. Especial para aquellas iniciativas relacionadas a la formaci\u00f3n de audiencias en diversos rubros. Programa de Formaci\u00f3n de P\u00fablicos para el Audiovisual \u2013 Fondo Audiovisual 2021 Disponible hasta el 18 de marzo, esta convocatoria tiene por objetivo entregar financiamiento total o parcial a iniciativas de [&hellip;]<\/p>\n","protected":false},"author":3,"featured_media":7837,"comment_status":"closed","ping_status":"closed","sticky":false,"template":"","format":"standard","meta":{"_acf_changed":false,"footnotes":""},"categories":[8],"tags":[],"class_list":["post-8254","post","type-post","status-publish","format-standard","has-post-thumbnail","hentry","category-noticia"],"acf":[],"yoast_head":"<!-- This site is optimized with the Yoast SEO plugin v27.1.1 - https:\/\/yoast.com\/product\/yoast-seo-wordpress\/ -->\n<title>No te pierdas las oportunidades disponibles de Fondos Cultura 2021 - Valpara\u00ed\u00adso Creativo<\/title>\n<meta name=\"robots\" content=\"index, follow, max-snippet:-1, max-image-preview:large, max-video-preview:-1\" \/>\n<link rel=\"canonical\" href=\"https:\/\/dev.antudigital.cl\/sites\/vc\/no-te-pierdas-las-oportunidades-disponibles-de-fondos-cultura-2021\/\" \/>\n<meta property=\"og:locale\" content=\"es_ES\" \/>\n<meta property=\"og:type\" content=\"article\" \/>\n<meta property=\"og:title\" content=\"No te pierdas las oportunidades disponibles de Fondos Cultura 2021 - Valpara\u00ed\u00adso Creativo\" \/>\n<meta property=\"og:description\" content=\"Dos convocatorias de Fondos Cultura son las destacadas de esta semana. Especial para aquellas iniciativas relacionadas a la formaci\u00f3n de audiencias en diversos rubros. Programa de Formaci\u00f3n de P\u00fablicos para el Audiovisual \u2013 Fondo Audiovisual 2021 Disponible hasta el 18 de marzo, esta convocatoria tiene por objetivo entregar financiamiento total o parcial a iniciativas de [&hellip;]\" \/>\n<meta property=\"og:url\" content=\"https:\/\/dev.antudigital.cl\/sites\/vc\/no-te-pierdas-las-oportunidades-disponibles-de-fondos-cultura-2021\/\" \/>\n<meta property=\"og:site_name\" content=\"Valpara\u00ed\u00adso Creativo\" \/>\n<meta property=\"article:published_time\" content=\"2021-02-22T17:40:38+00:00\" \/>\n<meta property=\"og:image\" content=\"https:\/\/dev.antudigital.cl\/sites\/vc\/wp-content\/uploads\/2020\/08\/FONDOS.jpg\" \/>\n\t<meta property=\"og:image:width\" content=\"1000\" \/>\n\t<meta property=\"og:image:height\" content=\"667\" \/>\n\t<meta property=\"og:image:type\" content=\"image\/jpeg\" \/>\n<meta name=\"author\" content=\"Valparaiso Creativo\" \/>\n<meta name=\"twitter:card\" content=\"summary_large_image\" \/>\n<meta name=\"twitter:label1\" content=\"Escrito por\" \/>\n\t<meta name=\"twitter:data1\" content=\"Valparaiso Creativo\" \/>\n\t<meta name=\"twitter:label2\" content=\"Tiempo de lectura\" \/>\n\t<meta name=\"twitter:data2\" content=\"1 minuto\" \/>\n<script type=\"application\/ld+json\" class=\"yoast-schema-graph\">{\"@context\":\"https:\/\/schema.org\",\"@graph\":[{\"@type\":\"Article\",\"@id\":\"https:\/\/dev.antudigital.cl\/sites\/vc\/no-te-pierdas-las-oportunidades-disponibles-de-fondos-cultura-2021\/#article\",\"isPartOf\":{\"@id\":\"https:\/\/dev.antudigital.cl\/sites\/vc\/no-te-pierdas-las-oportunidades-disponibles-de-fondos-cultura-2021\/\"},\"author\":{\"name\":\"Valparaiso Creativo\",\"@id\":\"https:\/\/dev.antudigital.cl\/sites\/vc\/#\/schema\/person\/81d1dcd51abd542b5dfc00f5f951a0f1\"},\"headline\":\"No te pierdas las oportunidades disponibles de Fondos Cultura 2021\",\"datePublished\":\"2021-02-22T17:40:38+00:00\",\"mainEntityOfPage\":{\"@id\":\"https:\/\/dev.antudigital.cl\/sites\/vc\/no-te-pierdas-las-oportunidades-disponibles-de-fondos-cultura-2021\/\"},\"wordCount\":186,\"image\":{\"@id\":\"https:\/\/dev.antudigital.cl\/sites\/vc\/no-te-pierdas-las-oportunidades-disponibles-de-fondos-cultura-2021\/#primaryimage\"},\"thumbnailUrl\":\"https:\/\/dev.antudigital.cl\/sites\/vc\/wp-content\/uploads\/2020\/08\/FONDOS.jpg\",\"articleSection\":[\"Noticia\"],\"inLanguage\":\"es\"},{\"@type\":\"WebPage\",\"@id\":\"https:\/\/dev.antudigital.cl\/sites\/vc\/no-te-pierdas-las-oportunidades-disponibles-de-fondos-cultura-2021\/\",\"url\":\"https:\/\/dev.antudigital.cl\/sites\/vc\/no-te-pierdas-las-oportunidades-disponibles-de-fondos-cultura-2021\/\",\"name\":\"No te pierdas las oportunidades disponibles de Fondos Cultura 2021 - Valpara\u00ed\u00adso Creativo\",\"isPartOf\":{\"@id\":\"https:\/\/dev.antudigital.cl\/sites\/vc\/#website\"},\"primaryImageOfPage\":{\"@id\":\"https:\/\/dev.antudigital.cl\/sites\/vc\/no-te-pierdas-las-oportunidades-disponibles-de-fondos-cultura-2021\/#primaryimage\"},\"image\":{\"@id\":\"https:\/\/dev.antudigital.cl\/sites\/vc\/no-te-pierdas-las-oportunidades-disponibles-de-fondos-cultura-2021\/#primaryimage\"},\"thumbnailUrl\":\"https:\/\/dev.antudigital.cl\/sites\/vc\/wp-content\/uploads\/2020\/08\/FONDOS.jpg\",\"datePublished\":\"2021-02-22T17:40:38+00:00\",\"author\":{\"@id\":\"https:\/\/dev.antudigital.cl\/sites\/vc\/#\/schema\/person\/81d1dcd51abd542b5dfc00f5f951a0f1\"},\"breadcrumb\":{\"@id\":\"https:\/\/dev.antudigital.cl\/sites\/vc\/no-te-pierdas-las-oportunidades-disponibles-de-fondos-cultura-2021\/#breadcrumb\"},\"inLanguage\":\"es\",\"potentialAction\":[{\"@type\":\"ReadAction\",\"target\":[\"https:\/\/dev.antudigital.cl\/sites\/vc\/no-te-pierdas-las-oportunidades-disponibles-de-fondos-cultura-2021\/\"]}]},{\"@type\":\"ImageObject\",\"inLanguage\":\"es\",\"@id\":\"https:\/\/dev.antudigital.cl\/sites\/vc\/no-te-pierdas-las-oportunidades-disponibles-de-fondos-cultura-2021\/#primaryimage\",\"url\":\"https:\/\/dev.antudigital.cl\/sites\/vc\/wp-content\/uploads\/2020\/08\/FONDOS.jpg\",\"contentUrl\":\"https:\/\/dev.antudigital.cl\/sites\/vc\/wp-content\/uploads\/2020\/08\/FONDOS.jpg\",\"width\":1000,\"height\":667},{\"@type\":\"BreadcrumbList\",\"@id\":\"https:\/\/dev.antudigital.cl\/sites\/vc\/no-te-pierdas-las-oportunidades-disponibles-de-fondos-cultura-2021\/#breadcrumb\",\"itemListElement\":[{\"@type\":\"ListItem\",\"position\":1,\"name\":\"Home\",\"item\":\"https:\/\/dev.antudigital.cl\/sites\/vc\/\"},{\"@type\":\"ListItem\",\"position\":2,\"name\":\"No te pierdas las oportunidades disponibles de Fondos Cultura 2021\"}]},{\"@type\":\"WebSite\",\"@id\":\"https:\/\/dev.antudigital.cl\/sites\/vc\/#website\",\"url\":\"https:\/\/dev.antudigital.cl\/sites\/vc\/\",\"name\":\"Valpara\u00ed\u00adso Creativo\",\"description\":\"\",\"potentialAction\":[{\"@type\":\"SearchAction\",\"target\":{\"@type\":\"EntryPoint\",\"urlTemplate\":\"https:\/\/dev.antudigital.cl\/sites\/vc\/?s={search_term_string}\"},\"query-input\":{\"@type\":\"PropertyValueSpecification\",\"valueRequired\":true,\"valueName\":\"search_term_string\"}}],\"inLanguage\":\"es\"},{\"@type\":\"Person\",\"@id\":\"https:\/\/dev.antudigital.cl\/sites\/vc\/#\/schema\/person\/81d1dcd51abd542b5dfc00f5f951a0f1\",\"name\":\"Valparaiso Creativo\",\"url\":\"https:\/\/dev.antudigital.cl\/sites\/vc\/author\/valparaiso-creativo\/\"}]}<\/script>\n<!-- \/ Yoast SEO plugin. -->","yoast_head_json":{"title":"No te pierdas las oportunidades disponibles de Fondos Cultura 2021 - Valpara\u00ed\u00adso Creativo","robots":{"index":"index","follow":"follow","max-snippet":"max-snippet:-1","max-image-preview":"max-image-preview:large","max-video-preview":"max-video-preview:-1"},"canonical":"https:\/\/dev.antudigital.cl\/sites\/vc\/no-te-pierdas-las-oportunidades-disponibles-de-fondos-cultura-2021\/","og_locale":"es_ES","og_type":"article","og_title":"No te pierdas las oportunidades disponibles de Fondos Cultura 2021 - Valpara\u00ed\u00adso Creativo","og_description":"Dos convocatorias de Fondos Cultura son las destacadas de esta semana. Especial para aquellas iniciativas relacionadas a la formaci\u00f3n de audiencias en diversos rubros. Programa de Formaci\u00f3n de P\u00fablicos para el Audiovisual \u2013 Fondo Audiovisual 2021 Disponible hasta el 18 de marzo, esta convocatoria tiene por objetivo entregar financiamiento total o parcial a iniciativas de [&hellip;]","og_url":"https:\/\/dev.antudigital.cl\/sites\/vc\/no-te-pierdas-las-oportunidades-disponibles-de-fondos-cultura-2021\/","og_site_name":"Valpara\u00ed\u00adso Creativo","article_published_time":"2021-02-22T17:40:38+00:00","og_image":[{"width":1000,"height":667,"url":"https:\/\/dev.antudigital.cl\/sites\/vc\/wp-content\/uploads\/2020\/08\/FONDOS.jpg","type":"image\/jpeg"}],"author":"Valparaiso Creativo","twitter_card":"summary_large_image","twitter_misc":{"Escrito por":"Valparaiso Creativo","Tiempo de lectura":"1 minuto"},"schema":{"@context":"https:\/\/schema.org","@graph":[{"@type":"Article","@id":"https:\/\/dev.antudigital.cl\/sites\/vc\/no-te-pierdas-las-oportunidades-disponibles-de-fondos-cultura-2021\/#article","isPartOf":{"@id":"https:\/\/dev.antudigital.cl\/sites\/vc\/no-te-pierdas-las-oportunidades-disponibles-de-fondos-cultura-2021\/"},"author":{"name":"Valparaiso Creativo","@id":"https:\/\/dev.antudigital.cl\/sites\/vc\/#\/schema\/person\/81d1dcd51abd542b5dfc00f5f951a0f1"},"headline":"No te pierdas las oportunidades disponibles de Fondos Cultura 2021","datePublished":"2021-02-22T17:40:38+00:00","mainEntityOfPage":{"@id":"https:\/\/dev.antudigital.cl\/sites\/vc\/no-te-pierdas-las-oportunidades-disponibles-de-fondos-cultura-2021\/"},"wordCount":186,"image":{"@id":"https:\/\/dev.antudigital.cl\/sites\/vc\/no-te-pierdas-las-oportunidades-disponibles-de-fondos-cultura-2021\/#primaryimage"},"thumbnailUrl":"https:\/\/dev.antudigital.cl\/sites\/vc\/wp-content\/uploads\/2020\/08\/FONDOS.jpg","articleSection":["Noticia"],"inLanguage":"es"},{"@type":"WebPage","@id":"https:\/\/dev.antudigital.cl\/sites\/vc\/no-te-pierdas-las-oportunidades-disponibles-de-fondos-cultura-2021\/","url":"https:\/\/dev.antudigital.cl\/sites\/vc\/no-te-pierdas-las-oportunidades-disponibles-de-fondos-cultura-2021\/","name":"No te pierdas las oportunidades disponibles de Fondos Cultura 2021 - Valpara\u00ed\u00adso Creativo","isPartOf":{"@id":"https:\/\/dev.antudigital.cl\/sites\/vc\/#website"},"primaryImageOfPage":{"@id":"https:\/\/dev.antudigital.cl\/sites\/vc\/no-te-pierdas-las-oportunidades-disponibles-de-fondos-cultura-2021\/#primaryimage"},"image":{"@id":"https:\/\/dev.antudigital.cl\/sites\/vc\/no-te-pierdas-las-oportunidades-disponibles-de-fondos-cultura-2021\/#primaryimage"},"thumbnailUrl":"https:\/\/dev.antudigital.cl\/sites\/vc\/wp-content\/uploads\/2020\/08\/FONDOS.jpg","datePublished":"2021-02-22T17:40:38+00:00","author":{"@id":"https:\/\/dev.antudigital.cl\/sites\/vc\/#\/schema\/person\/81d1dcd51abd542b5dfc00f5f951a0f1"},"breadcrumb":{"@id":"https:\/\/dev.antudigital.cl\/sites\/vc\/no-te-pierdas-las-oportunidades-disponibles-de-fondos-cultura-2021\/#breadcrumb"},"inLanguage":"es","potentialAction":[{"@type":"ReadAction","target":["https:\/\/dev.antudigital.cl\/sites\/vc\/no-te-pierdas-las-oportunidades-disponibles-de-fondos-cultura-2021\/"]}]},{"@type":"ImageObject","inLanguage":"es","@id":"https:\/\/dev.antudigital.cl\/sites\/vc\/no-te-pierdas-las-oportunidades-disponibles-de-fondos-cultura-2021\/#primaryimage","url":"https:\/\/dev.antudigital.cl\/sites\/vc\/wp-content\/uploads\/2020\/08\/FONDOS.jpg","contentUrl":"https:\/\/dev.antudigital.cl\/sites\/vc\/wp-content\/uploads\/2020\/08\/FONDOS.jpg","width":1000,"height":667},{"@type":"BreadcrumbList","@id":"https:\/\/dev.antudigital.cl\/sites\/vc\/no-te-pierdas-las-oportunidades-disponibles-de-fondos-cultura-2021\/#breadcrumb","itemListElement":[{"@type":"ListItem","position":1,"name":"Home","item":"https:\/\/dev.antudigital.cl\/sites\/vc\/"},{"@type":"ListItem","position":2,"name":"No te pierdas las oportunidades disponibles de Fondos Cultura 2021"}]},{"@type":"WebSite","@id":"https:\/\/dev.antudigital.cl\/sites\/vc\/#website","url":"https:\/\/dev.antudigital.cl\/sites\/vc\/","name":"Valpara\u00ed\u00adso Creativo","description":"","potentialAction":[{"@type":"SearchAction","target":{"@type":"EntryPoint","urlTemplate":"https:\/\/dev.antudigital.cl\/sites\/vc\/?s={search_term_string}"},"query-input":{"@type":"PropertyValueSpecification","valueRequired":true,"valueName":"search_term_string"}}],"inLanguage":"es"},{"@type":"Person","@id":"https:\/\/dev.antudigital.cl\/sites\/vc\/#\/schema\/person\/81d1dcd51abd542b5dfc00f5f951a0f1","name":"Valparaiso Creativo","url":"https:\/\/dev.antudigital.cl\/sites\/vc\/author\/valparaiso-creativo\/"}]}},"_links":{"self":[{"href":"https:\/\/dev.antudigital.cl\/sites\/vc\/wp-json\/wp\/v2\/posts\/8254","targetHints":{"allow":["GET"]}}],"collection":[{"href":"https:\/\/dev.antudigital.cl\/sites\/vc\/wp-json\/wp\/v2\/posts"}],"about":[{"href":"https:\/\/dev.antudigital.cl\/sites\/vc\/wp-json\/wp\/v2\/types\/post"}],"author":[{"embeddable":true,"href":"https:\/\/dev.antudigital.cl\/sites\/vc\/wp-json\/wp\/v2\/users\/3"}],"replies":[{"embeddable":true,"href":"https:\/\/dev.antudigital.cl\/sites\/vc\/wp-json\/wp\/v2\/comments?post=8254"}],"version-history":[{"count":0,"href":"https:\/\/dev.antudigital.cl\/sites\/vc\/wp-json\/wp\/v2\/posts\/8254\/revisions"}],"wp:featuredmedia":[{"embeddable":true,"href":"https:\/\/dev.antudigital.cl\/sites\/vc\/wp-json\/wp\/v2\/media\/7837"}],"wp:attachment":[{"href":"https:\/\/dev.antudigital.cl\/sites\/vc\/wp-json\/wp\/v2\/media?parent=8254"}],"wp:term":[{"taxonomy":"category","embeddable":true,"href":"https:\/\/dev.antudigital.cl\/sites\/vc\/wp-json\/wp\/v2\/categories?post=8254"},{"taxonomy":"post_tag","embeddable":true,"href":"https:\/\/dev.antudigital.cl\/sites\/vc\/wp-json\/wp\/v2\/tags?post=8254"}],"curies":[{"name":"wp","href":"https:\/\/api.w.org\/{rel}","templated":true}]}}