{"id":8255,"date":"2021-02-22T17:29:32","date_gmt":"2021-02-22T17:29:32","guid":{"rendered":"https:\/\/www.valparaisocreativo.cl\/?p=5964"},"modified":"2021-02-22T17:29:32","modified_gmt":"2021-02-22T17:29:32","slug":"reutilizacion-textil-como-un-estilo-de-vida","status":"publish","type":"post","link":"https:\/\/dev.antudigital.cl\/sites\/vc\/reutilizacion-textil-como-un-estilo-de-vida\/","title":{"rendered":"Reutilizaci\u00f3n textil como un estilo de vida"},"content":{"rendered":"<p><b>Huila Crea <\/b>es una iniciativa que cuenta con un equipo voluntario e interdisciplinario que lleva varios a\u00f1os funcionando. Conversamos con Roc\u00edo Peters, quien promueve esta instancia de creaci\u00f3n, formaci\u00f3n y m\u00e1s y que rescata oficios y potencia la creatividad.<\/p>\n<p>&nbsp;<\/p>\n<p><b>&#8211; \u00bfQu\u00e9 es lo que hacen concretamente en Huila?<\/b><\/p>\n<p>&#8211; Nuestro prop\u00f3sito es fomentar la reutilizaci\u00f3n textil como veh\u00edculo, para que nos hagamos responsables de nuestro consumo. Transmitir que hay que confiar en que tenemos capacidad de transformar el mundo. Lo que se puede replicar a otros niveles. La reutilizaci\u00f3n textil es nuestro pretexto para ocupar un espacio que es ambiguo, que tiene que ver con la creatividad, que de alguna manera es parte del ser humano y es algo que est\u00e1 bloqueado.<\/p>\n<p>&nbsp;<\/p>\n<p><b>Oficios, rescate textil y reutilizaci\u00f3n<\/b><\/p>\n<p><b>&#8211; \u00bfC\u00f3mo explican su labor?\u00a0<\/b><\/p>\n<p><b>&#8211;<\/b>De alguna manera desde sacamos herramientas para fomentar y estimular que las personas a que utilicemos nuestra creatividad, y solucionar problemas como el exceso de ropa que hay en el planeta y el da\u00f1o que est\u00e1 haciendo.<\/p>\n<p>En ese sentido, nuestro trabajo va m\u00e1s ligado a los procesos que a los productos: a cambiar la manera con la que nos relacionamos con la ropa, con todo.<\/p>\n<p>&nbsp;<\/p>\n<p><b>-\u00bfHay otras organizaciones o alianzas con quienes comparten?<\/b><\/p>\n<p>&#8211; Hay instancias como Upcycler a nivel nacional, que es m\u00e1s una especie de nodo. 12NA tambi\u00e9n, con quienes creamos v\u00ednculos. Todos son creativos independientes. Pero cada vez hay m\u00e1s gente haciendo reutilizaci\u00f3n textil y productos a partir del reciclaje.<\/p>\n<p>&nbsp;<\/p>\n<p><b>-\u00bfEn qu\u00e9 \u00e1reas o contextos se enmarcan sus actividades, o los talleres que desarrollan?<\/b><\/p>\n<p>&#8211; Trabajamos educaci\u00f3n haciendo talleres para estudiantes, tambi\u00e9n se vincula con el cuidado del medio ambiente y salud mental. Desde nuestra independencia podemos relacionarnos, a trav\u00e9s de estas \u00e1reas, con distintas organizaciones.<\/p>\n<p>Por ejemplo, el 2014 tras el incendio trabajamos con mujeres que lo hab\u00edan perdido todo. Usar la creatividad en esos momentos puede significar mucho. Con esas 3 mujeres, por ejemplo, los talleres hacen que las personas primero se encuentren, despu\u00e9s compartan saberes y que sientan que est\u00e1n haciendo algo por un bien mayor, un bien com\u00fan. Algo que no es solo para uno, si no por el bien de todo. Esa es la carga de la reutilizaci\u00f3n textil.<\/p>\n<p>&nbsp;<\/p>\n<p>-\u00bf<b>En qu\u00e9 est\u00e1n actualmente? Dado que la pandemia cambi\u00f3 todas sus actividades.<\/b><\/p>\n<p>-Ahora estoy terminando el verano con dos talleres de t\u00e9cnicas de reutilizaci\u00f3n textil (<b>uno de ellos el pr\u00f3ximo 28 de febrero. <\/b><a href=\"https:\/\/www.instagram.com\/p\/CLl85yHJQ3t\/\"><b>Ver m\u00e1s<\/b><\/a><b>)<\/b>. Tambi\u00e9n estamos trabajando en un lienzo colaborativo con el Parque Cultural de Valpara\u00edso para el 8M, entre otras cosas.<\/p>\n<p>Est\u00e1 dif\u00edcil pues vend\u00edamos talleres a instituciones. Pasamos actividades 100% on line.<\/p>\n<h2>Puedes saber m\u00e1s de Huila Crea siguiendo sus talleres <a href=\"https:\/\/www.instagram.com\/huilacrea\/?hl=es\">aqu\u00ed<\/a>.<\/h2>\n<p><span style=\"color: #ff6600;\">Aviso:\u00a0 Huila Crea est\u00e1 ofreciendo un taller con la periodista cultural Alejandra Delgado. \u00a1Atent@s a los detalles!<br \/>\n<\/span><\/p>\n<p>&nbsp;<\/p>\n<blockquote class=\"instagram-media\" style=\"background: #FFF; border: 0; border-radius: 3px; box-shadow: 0 0 1px 0 rgba(0,0,0,0.5),0 1px 10px 0 rgba(0,0,0,0.15); margin: 1px; max-width: 540px; min-width: 326px; padding: 0; width: calc(100% - 2px);\" data-instgrm-captioned=\"\" data-instgrm-permalink=\"https:\/\/www.instagram.com\/p\/CMs_BzxnoNs\/?utm_source=ig_embed&amp;utm_campaign=loading\" data-instgrm-version=\"13\">\n<div style=\"padding: 16px;\">\n<p>&nbsp;<\/p>\n<div style=\"display: flex; flex-direction: row; align-items: center;\">\n<div style=\"background-color: #f4f4f4; border-radius: 50%; flex-grow: 0; height: 40px; margin-right: 14px; width: 40px;\"><\/div>\n<div style=\"display: flex; flex-direction: column; flex-grow: 1; justify-content: center;\">\n<div style=\"background-color: #f4f4f4; border-radius: 4px; flex-grow: 0; height: 14px; margin-bottom: 6px; width: 100px;\"><\/div>\n<div style=\"background-color: #f4f4f4; border-radius: 4px; flex-grow: 0; height: 14px; width: 60px;\"><\/div>\n<\/div>\n<\/div>\n<div style=\"padding: 19% 0;\"><\/div>\n<div style=\"display: block; height: 50px; margin: 0 auto 12px; width: 50px;\"><\/div>\n<div style=\"padding-top: 8px;\">\n<div style=\"color: #3897f0; font-family: Arial,sans-serif; font-size: 14px; font-style: normal; font-weight: 550; line-height: 18px;\">Ver esta publicaci\u00f3n en Instagram<\/div>\n<\/div>\n<div style=\"padding: 12.5% 0;\"><\/div>\n<div style=\"display: flex; flex-direction: row; margin-bottom: 14px; align-items: center;\">\n<div>\n<div style=\"background-color: #f4f4f4; border-radius: 50%; height: 12.5px; width: 12.5px; transform: translateX(0px) translateY(7px);\"><\/div>\n<div style=\"background-color: #f4f4f4; height: 12.5px; transform: rotate(-45deg) translateX(3px) translateY(1px); width: 12.5px; flex-grow: 0; margin-right: 14px; margin-left: 2px;\"><\/div>\n<div style=\"background-color: #f4f4f4; border-radius: 50%; height: 12.5px; width: 12.5px; transform: translateX(9px) translateY(-18px);\"><\/div>\n<\/div>\n<div style=\"margin-left: 8px;\">\n<div style=\"background-color: #f4f4f4; border-radius: 50%; flex-grow: 0; height: 20px; width: 20px;\"><\/div>\n<div style=\"width: 0; height: 0; border-top: 2px solid transparent; border-left: 6px solid #f4f4f4; border-bottom: 2px solid transparent; transform: translateX(16px) translateY(-4px) rotate(30deg);\"><\/div>\n<\/div>\n<div style=\"margin-left: auto;\">\n<div style=\"width: 0px; border-top: 8px solid #F4F4F4; border-right: 8px solid transparent; transform: translateY(16px);\"><\/div>\n<div style=\"background-color: #f4f4f4; flex-grow: 0; height: 12px; width: 16px; transform: translateY(-4px);\"><\/div>\n<div style=\"width: 0; height: 0; border-top: 8px solid #F4F4F4; border-left: 8px solid transparent; transform: translateY(-4px) translateX(8px);\"><\/div>\n<\/div>\n<\/div>\n<div style=\"display: flex; flex-direction: column; flex-grow: 1; justify-content: center; margin-bottom: 24px;\">\n<div style=\"background-color: #f4f4f4; border-radius: 4px; flex-grow: 0; height: 14px; margin-bottom: 6px; width: 224px;\"><\/div>\n<div style=\"background-color: #f4f4f4; border-radius: 4px; flex-grow: 0; height: 14px; width: 144px;\"><\/div>\n<\/div>\n<p>&nbsp;<\/p>\n<p style=\"color: #c9c8cd; font-family: Arial,sans-serif; font-size: 14px; line-height: 17px; margin-bottom: 0; margin-top: 8px; overflow: hidden; padding: 8px 0 7px; text-align: center; text-overflow: ellipsis; white-space: nowrap;\"><a style=\"color: #c9c8cd; font-family: Arial,sans-serif; font-size: 14px; font-style: normal; font-weight: normal; line-height: 17px; text-decoration: none;\" href=\"https:\/\/www.instagram.com\/p\/CMs_BzxnoNs\/?utm_source=ig_embed&amp;utm_campaign=loading\" target=\"_blank\" rel=\"noopener\">Una publicaci\u00f3n compartida por Huila (@huilacrea)<\/a><\/p>\n<\/div>\n<\/blockquote>\n<p><script async src=\"\/\/www.instagram.com\/embed.js\"><\/script><\/p>\n","protected":false},"excerpt":{"rendered":"<p>Huila Crea es una iniciativa que cuenta con un equipo voluntario e interdisciplinario que lleva varios a\u00f1os funcionando. Conversamos con Roc\u00edo Peters, quien promueve esta instancia de creaci\u00f3n, formaci\u00f3n y m\u00e1s y que rescata oficios y potencia la creatividad. &nbsp; &#8211; \u00bfQu\u00e9 es lo que hacen concretamente en Huila? &#8211; Nuestro prop\u00f3sito es fomentar la [&hellip;]<\/p>\n","protected":false},"author":3,"featured_media":8256,"comment_status":"closed","ping_status":"closed","sticky":false,"template":"","format":"standard","meta":{"_acf_changed":false,"footnotes":""},"categories":[8],"tags":[],"class_list":["post-8255","post","type-post","status-publish","format-standard","has-post-thumbnail","hentry","category-noticia"],"acf":[],"yoast_head":"<!-- This site is optimized with the Yoast SEO plugin v27.1.1 - https:\/\/yoast.com\/product\/yoast-seo-wordpress\/ -->\n<title>Reutilizaci\u00f3n textil como un estilo de vida - Valpara\u00ed\u00adso Creativo<\/title>\n<meta name=\"robots\" content=\"index, follow, max-snippet:-1, max-image-preview:large, max-video-preview:-1\" \/>\n<link rel=\"canonical\" href=\"https:\/\/dev.antudigital.cl\/sites\/vc\/reutilizacion-textil-como-un-estilo-de-vida\/\" \/>\n<meta property=\"og:locale\" content=\"es_ES\" \/>\n<meta property=\"og:type\" content=\"article\" \/>\n<meta property=\"og:title\" content=\"Reutilizaci\u00f3n textil como un estilo de vida - Valpara\u00ed\u00adso Creativo\" \/>\n<meta property=\"og:description\" content=\"Huila Crea es una iniciativa que cuenta con un equipo voluntario e interdisciplinario que lleva varios a\u00f1os funcionando. Conversamos con Roc\u00edo Peters, quien promueve esta instancia de creaci\u00f3n, formaci\u00f3n y m\u00e1s y que rescata oficios y potencia la creatividad. &nbsp; &#8211; \u00bfQu\u00e9 es lo que hacen concretamente en Huila? &#8211; Nuestro prop\u00f3sito es fomentar la [&hellip;]\" \/>\n<meta property=\"og:url\" content=\"https:\/\/dev.antudigital.cl\/sites\/vc\/reutilizacion-textil-como-un-estilo-de-vida\/\" \/>\n<meta property=\"og:site_name\" content=\"Valpara\u00ed\u00adso Creativo\" \/>\n<meta property=\"article:published_time\" content=\"2021-02-22T17:29:32+00:00\" \/>\n<meta property=\"og:image\" content=\"https:\/\/dev.antudigital.cl\/sites\/vc\/wp-content\/uploads\/2021\/02\/Huila-2.jpg\" \/>\n\t<meta property=\"og:image:width\" content=\"2048\" \/>\n\t<meta property=\"og:image:height\" content=\"1365\" \/>\n\t<meta property=\"og:image:type\" content=\"image\/jpeg\" \/>\n<meta name=\"author\" content=\"Valparaiso Creativo\" \/>\n<meta name=\"twitter:card\" content=\"summary_large_image\" \/>\n<meta name=\"twitter:label1\" content=\"Escrito por\" \/>\n\t<meta name=\"twitter:data1\" content=\"Valparaiso Creativo\" \/>\n\t<meta name=\"twitter:label2\" content=\"Tiempo de lectura\" \/>\n\t<meta name=\"twitter:data2\" content=\"3 minutos\" \/>\n<script type=\"application\/ld+json\" class=\"yoast-schema-graph\">{\"@context\":\"https:\/\/schema.org\",\"@graph\":[{\"@type\":\"Article\",\"@id\":\"https:\/\/dev.antudigital.cl\/sites\/vc\/reutilizacion-textil-como-un-estilo-de-vida\/#article\",\"isPartOf\":{\"@id\":\"https:\/\/dev.antudigital.cl\/sites\/vc\/reutilizacion-textil-como-un-estilo-de-vida\/\"},\"author\":{\"name\":\"Valparaiso Creativo\",\"@id\":\"https:\/\/dev.antudigital.cl\/sites\/vc\/#\/schema\/person\/81d1dcd51abd542b5dfc00f5f951a0f1\"},\"headline\":\"Reutilizaci\u00f3n textil como un estilo de vida\",\"datePublished\":\"2021-02-22T17:29:32+00:00\",\"mainEntityOfPage\":{\"@id\":\"https:\/\/dev.antudigital.cl\/sites\/vc\/reutilizacion-textil-como-un-estilo-de-vida\/\"},\"wordCount\":528,\"image\":{\"@id\":\"https:\/\/dev.antudigital.cl\/sites\/vc\/reutilizacion-textil-como-un-estilo-de-vida\/#primaryimage\"},\"thumbnailUrl\":\"https:\/\/dev.antudigital.cl\/sites\/vc\/wp-content\/uploads\/2021\/02\/Huila-2.jpg\",\"articleSection\":[\"Noticia\"],\"inLanguage\":\"es\"},{\"@type\":\"WebPage\",\"@id\":\"https:\/\/dev.antudigital.cl\/sites\/vc\/reutilizacion-textil-como-un-estilo-de-vida\/\",\"url\":\"https:\/\/dev.antudigital.cl\/sites\/vc\/reutilizacion-textil-como-un-estilo-de-vida\/\",\"name\":\"Reutilizaci\u00f3n textil como un estilo de vida - Valpara\u00ed\u00adso Creativo\",\"isPartOf\":{\"@id\":\"https:\/\/dev.antudigital.cl\/sites\/vc\/#website\"},\"primaryImageOfPage\":{\"@id\":\"https:\/\/dev.antudigital.cl\/sites\/vc\/reutilizacion-textil-como-un-estilo-de-vida\/#primaryimage\"},\"image\":{\"@id\":\"https:\/\/dev.antudigital.cl\/sites\/vc\/reutilizacion-textil-como-un-estilo-de-vida\/#primaryimage\"},\"thumbnailUrl\":\"https:\/\/dev.antudigital.cl\/sites\/vc\/wp-content\/uploads\/2021\/02\/Huila-2.jpg\",\"datePublished\":\"2021-02-22T17:29:32+00:00\",\"author\":{\"@id\":\"https:\/\/dev.antudigital.cl\/sites\/vc\/#\/schema\/person\/81d1dcd51abd542b5dfc00f5f951a0f1\"},\"breadcrumb\":{\"@id\":\"https:\/\/dev.antudigital.cl\/sites\/vc\/reutilizacion-textil-como-un-estilo-de-vida\/#breadcrumb\"},\"inLanguage\":\"es\",\"potentialAction\":[{\"@type\":\"ReadAction\",\"target\":[\"https:\/\/dev.antudigital.cl\/sites\/vc\/reutilizacion-textil-como-un-estilo-de-vida\/\"]}]},{\"@type\":\"ImageObject\",\"inLanguage\":\"es\",\"@id\":\"https:\/\/dev.antudigital.cl\/sites\/vc\/reutilizacion-textil-como-un-estilo-de-vida\/#primaryimage\",\"url\":\"https:\/\/dev.antudigital.cl\/sites\/vc\/wp-content\/uploads\/2021\/02\/Huila-2.jpg\",\"contentUrl\":\"https:\/\/dev.antudigital.cl\/sites\/vc\/wp-content\/uploads\/2021\/02\/Huila-2.jpg\",\"width\":2048,\"height\":1365},{\"@type\":\"BreadcrumbList\",\"@id\":\"https:\/\/dev.antudigital.cl\/sites\/vc\/reutilizacion-textil-como-un-estilo-de-vida\/#breadcrumb\",\"itemListElement\":[{\"@type\":\"ListItem\",\"position\":1,\"name\":\"Home\",\"item\":\"https:\/\/dev.antudigital.cl\/sites\/vc\/\"},{\"@type\":\"ListItem\",\"position\":2,\"name\":\"Reutilizaci\u00f3n textil como un estilo de vida\"}]},{\"@type\":\"WebSite\",\"@id\":\"https:\/\/dev.antudigital.cl\/sites\/vc\/#website\",\"url\":\"https:\/\/dev.antudigital.cl\/sites\/vc\/\",\"name\":\"Valpara\u00ed\u00adso Creativo\",\"description\":\"\",\"potentialAction\":[{\"@type\":\"SearchAction\",\"target\":{\"@type\":\"EntryPoint\",\"urlTemplate\":\"https:\/\/dev.antudigital.cl\/sites\/vc\/?s={search_term_string}\"},\"query-input\":{\"@type\":\"PropertyValueSpecification\",\"valueRequired\":true,\"valueName\":\"search_term_string\"}}],\"inLanguage\":\"es\"},{\"@type\":\"Person\",\"@id\":\"https:\/\/dev.antudigital.cl\/sites\/vc\/#\/schema\/person\/81d1dcd51abd542b5dfc00f5f951a0f1\",\"name\":\"Valparaiso Creativo\",\"url\":\"https:\/\/dev.antudigital.cl\/sites\/vc\/author\/valparaiso-creativo\/\"}]}<\/script>\n<!-- \/ Yoast SEO plugin. -->","yoast_head_json":{"title":"Reutilizaci\u00f3n textil como un estilo de vida - Valpara\u00ed\u00adso Creativo","robots":{"index":"index","follow":"follow","max-snippet":"max-snippet:-1","max-image-preview":"max-image-preview:large","max-video-preview":"max-video-preview:-1"},"canonical":"https:\/\/dev.antudigital.cl\/sites\/vc\/reutilizacion-textil-como-un-estilo-de-vida\/","og_locale":"es_ES","og_type":"article","og_title":"Reutilizaci\u00f3n textil como un estilo de vida - Valpara\u00ed\u00adso Creativo","og_description":"Huila Crea es una iniciativa que cuenta con un equipo voluntario e interdisciplinario que lleva varios a\u00f1os funcionando. Conversamos con Roc\u00edo Peters, quien promueve esta instancia de creaci\u00f3n, formaci\u00f3n y m\u00e1s y que rescata oficios y potencia la creatividad. &nbsp; &#8211; \u00bfQu\u00e9 es lo que hacen concretamente en Huila? &#8211; Nuestro prop\u00f3sito es fomentar la [&hellip;]","og_url":"https:\/\/dev.antudigital.cl\/sites\/vc\/reutilizacion-textil-como-un-estilo-de-vida\/","og_site_name":"Valpara\u00ed\u00adso Creativo","article_published_time":"2021-02-22T17:29:32+00:00","og_image":[{"width":2048,"height":1365,"url":"https:\/\/dev.antudigital.cl\/sites\/vc\/wp-content\/uploads\/2021\/02\/Huila-2.jpg","type":"image\/jpeg"}],"author":"Valparaiso Creativo","twitter_card":"summary_large_image","twitter_misc":{"Escrito por":"Valparaiso Creativo","Tiempo de lectura":"3 minutos"},"schema":{"@context":"https:\/\/schema.org","@graph":[{"@type":"Article","@id":"https:\/\/dev.antudigital.cl\/sites\/vc\/reutilizacion-textil-como-un-estilo-de-vida\/#article","isPartOf":{"@id":"https:\/\/dev.antudigital.cl\/sites\/vc\/reutilizacion-textil-como-un-estilo-de-vida\/"},"author":{"name":"Valparaiso Creativo","@id":"https:\/\/dev.antudigital.cl\/sites\/vc\/#\/schema\/person\/81d1dcd51abd542b5dfc00f5f951a0f1"},"headline":"Reutilizaci\u00f3n textil como un estilo de vida","datePublished":"2021-02-22T17:29:32+00:00","mainEntityOfPage":{"@id":"https:\/\/dev.antudigital.cl\/sites\/vc\/reutilizacion-textil-como-un-estilo-de-vida\/"},"wordCount":528,"image":{"@id":"https:\/\/dev.antudigital.cl\/sites\/vc\/reutilizacion-textil-como-un-estilo-de-vida\/#primaryimage"},"thumbnailUrl":"https:\/\/dev.antudigital.cl\/sites\/vc\/wp-content\/uploads\/2021\/02\/Huila-2.jpg","articleSection":["Noticia"],"inLanguage":"es"},{"@type":"WebPage","@id":"https:\/\/dev.antudigital.cl\/sites\/vc\/reutilizacion-textil-como-un-estilo-de-vida\/","url":"https:\/\/dev.antudigital.cl\/sites\/vc\/reutilizacion-textil-como-un-estilo-de-vida\/","name":"Reutilizaci\u00f3n textil como un estilo de vida - Valpara\u00ed\u00adso Creativo","isPartOf":{"@id":"https:\/\/dev.antudigital.cl\/sites\/vc\/#website"},"primaryImageOfPage":{"@id":"https:\/\/dev.antudigital.cl\/sites\/vc\/reutilizacion-textil-como-un-estilo-de-vida\/#primaryimage"},"image":{"@id":"https:\/\/dev.antudigital.cl\/sites\/vc\/reutilizacion-textil-como-un-estilo-de-vida\/#primaryimage"},"thumbnailUrl":"https:\/\/dev.antudigital.cl\/sites\/vc\/wp-content\/uploads\/2021\/02\/Huila-2.jpg","datePublished":"2021-02-22T17:29:32+00:00","author":{"@id":"https:\/\/dev.antudigital.cl\/sites\/vc\/#\/schema\/person\/81d1dcd51abd542b5dfc00f5f951a0f1"},"breadcrumb":{"@id":"https:\/\/dev.antudigital.cl\/sites\/vc\/reutilizacion-textil-como-un-estilo-de-vida\/#breadcrumb"},"inLanguage":"es","potentialAction":[{"@type":"ReadAction","target":["https:\/\/dev.antudigital.cl\/sites\/vc\/reutilizacion-textil-como-un-estilo-de-vida\/"]}]},{"@type":"ImageObject","inLanguage":"es","@id":"https:\/\/dev.antudigital.cl\/sites\/vc\/reutilizacion-textil-como-un-estilo-de-vida\/#primaryimage","url":"https:\/\/dev.antudigital.cl\/sites\/vc\/wp-content\/uploads\/2021\/02\/Huila-2.jpg","contentUrl":"https:\/\/dev.antudigital.cl\/sites\/vc\/wp-content\/uploads\/2021\/02\/Huila-2.jpg","width":2048,"height":1365},{"@type":"BreadcrumbList","@id":"https:\/\/dev.antudigital.cl\/sites\/vc\/reutilizacion-textil-como-un-estilo-de-vida\/#breadcrumb","itemListElement":[{"@type":"ListItem","position":1,"name":"Home","item":"https:\/\/dev.antudigital.cl\/sites\/vc\/"},{"@type":"ListItem","position":2,"name":"Reutilizaci\u00f3n textil como un estilo de vida"}]},{"@type":"WebSite","@id":"https:\/\/dev.antudigital.cl\/sites\/vc\/#website","url":"https:\/\/dev.antudigital.cl\/sites\/vc\/","name":"Valpara\u00ed\u00adso Creativo","description":"","potentialAction":[{"@type":"SearchAction","target":{"@type":"EntryPoint","urlTemplate":"https:\/\/dev.antudigital.cl\/sites\/vc\/?s={search_term_string}"},"query-input":{"@type":"PropertyValueSpecification","valueRequired":true,"valueName":"search_term_string"}}],"inLanguage":"es"},{"@type":"Person","@id":"https:\/\/dev.antudigital.cl\/sites\/vc\/#\/schema\/person\/81d1dcd51abd542b5dfc00f5f951a0f1","name":"Valparaiso Creativo","url":"https:\/\/dev.antudigital.cl\/sites\/vc\/author\/valparaiso-creativo\/"}]}},"_links":{"self":[{"href":"https:\/\/dev.antudigital.cl\/sites\/vc\/wp-json\/wp\/v2\/posts\/8255","targetHints":{"allow":["GET"]}}],"collection":[{"href":"https:\/\/dev.antudigital.cl\/sites\/vc\/wp-json\/wp\/v2\/posts"}],"about":[{"href":"https:\/\/dev.antudigital.cl\/sites\/vc\/wp-json\/wp\/v2\/types\/post"}],"author":[{"embeddable":true,"href":"https:\/\/dev.antudigital.cl\/sites\/vc\/wp-json\/wp\/v2\/users\/3"}],"replies":[{"embeddable":true,"href":"https:\/\/dev.antudigital.cl\/sites\/vc\/wp-json\/wp\/v2\/comments?post=8255"}],"version-history":[{"count":0,"href":"https:\/\/dev.antudigital.cl\/sites\/vc\/wp-json\/wp\/v2\/posts\/8255\/revisions"}],"wp:featuredmedia":[{"embeddable":true,"href":"https:\/\/dev.antudigital.cl\/sites\/vc\/wp-json\/wp\/v2\/media\/8256"}],"wp:attachment":[{"href":"https:\/\/dev.antudigital.cl\/sites\/vc\/wp-json\/wp\/v2\/media?parent=8255"}],"wp:term":[{"taxonomy":"category","embeddable":true,"href":"https:\/\/dev.antudigital.cl\/sites\/vc\/wp-json\/wp\/v2\/categories?post=8255"},{"taxonomy":"post_tag","embeddable":true,"href":"https:\/\/dev.antudigital.cl\/sites\/vc\/wp-json\/wp\/v2\/tags?post=8255"}],"curies":[{"name":"wp","href":"https:\/\/api.w.org\/{rel}","templated":true}]}}