{"id":8264,"date":"2021-02-15T19:17:13","date_gmt":"2021-02-15T19:17:13","guid":{"rendered":"https:\/\/www.valparaisocreativo.cl\/?p=5935"},"modified":"2021-02-15T19:17:13","modified_gmt":"2021-02-15T19:17:13","slug":"editorial-kindberg-como-un-foco-de-resistencia-editorial-desde-la-costa","status":"publish","type":"post","link":"https:\/\/dev.antudigital.cl\/sites\/vc\/editorial-kindberg-como-un-foco-de-resistencia-editorial-desde-la-costa\/","title":{"rendered":"Editorial Kindberg como un foco de resistencia editorial desde la costa"},"content":{"rendered":"<p>Ya son varios a\u00f1os que Arantxa Mart\u00ednez se encuentra en el mundo editorial independiente. Inspirada por un cuento de Cort\u00e1zar, nombr\u00f3 a este proyecto que desde el 2015 est\u00e1 en\u00a0funcionamiento con ya 11 t\u00edtulos publicados. As\u00ed naci\u00f3 <a href=\"https:\/\/kindberg.cl\/libros\">Editorial Kindberg<\/a>.<\/p>\n<h3>Es una de las editoriales de la Regi\u00f3n que ha alcanzado mayor reconocimiento fuera de lo local. Y es que tambi\u00e9n es una mezcla: Arantxa naci\u00f3 en Zaragoza y entre sus autores no hay s\u00f3lo chilen@s, sino tambi\u00e9n plumas mexicanas, espa\u00f1olas y argentinas.<\/h3>\n<p>Esto \u00faltimo es s\u00f3lo una de las cosas que la diferencia de sus pares editoriales independientes, abriendo espacio para t\u00edtulos que sean de su inter\u00e9s, enfocados en la narrativa literaria. No importa de donde vengan: tener una editorial es la excusa perfecta para que Arantxa tenga en su cat\u00e1logo lo que a ella le interesa leer.<\/p>\n<h3><img fetchpriority=\"high\" decoding=\"async\" class=\"alignleft size-medium wp-image-5955\" src=\"https:\/\/www.valparaisocreativo.cl\/wp-content\/uploads\/2021\/02\/KKKK-300x225.jpg\" alt=\"\" width=\"300\" height=\"225\" \/><br \/>\nAntes de Kindberg, Arantxa pas\u00f3 por diversas trabajos con editoriales en su tierra natal. Despu\u00e9s lleg\u00f3 a nuestro pa\u00eds, y eventualmente a Valpara\u00edso, su frente.<\/h3>\n<p>El cat\u00e1logo tiene una diversidad interesante, tanto en estilos como tem\u00e1ticas. Entre los autores y autoras est\u00e1n: Enrique Vila-Matas, Sergio Chejfec, Laia Jufresa, Fernando Mena, Mar\u00eda Jos\u00e9 Navia, Roque Larraquy, Maivo Su\u00e1rez y Manuela Espinal Solano.<\/p>\n<p>\u201cEn Kindberg soy yo sola, pero se encarga del dise\u00f1o Sebasti\u00e1n Paublo, y de las ilustraciones de cubierta, el artista Renato \u00d3rdenes San Mart\u00edn desde el lanzamiento de \u201cHogar\u201d. Con los dos me entiendo muy bien porque me encanta su trabajo, entonces es muy f\u00e1cil que me gusten sus ideas. Normalmente yo les resumo el libro que se va a publicar y ellos, a partir de su propia interpretaci\u00f3n\u201d, comenta.<\/p>\n<p>El dise\u00f1o se inspir\u00f3 inicialmente del libro <b>Cuentos Completos, <\/b>de Lydia Davis, que le gustaba enormemente a Arantxa y coment\u00f3 a Sebasti\u00e1n Paublo hasta llegar a la tipograf\u00eda y tonalidades que hoy identifican a su propuesta.<\/p>\n<p><img decoding=\"async\" class=\"alignleft size-medium wp-image-5956\" src=\"https:\/\/www.valparaisocreativo.cl\/wp-content\/uploads\/2021\/02\/Captura-de-Pantalla-2021-02-15-a-las-19.14.42-300x297.png\" alt=\"\" width=\"300\" height=\"297\" \/><\/p>\n<p>Con su trabajo intensivo, busca llegar a nuevos lectores para cada uno de sus t\u00edtulos. Parte de este trabajo ha sido el asistir sagradamente a cada feria literaria que hay, no importa d\u00f3nde. Y hoy Kindberg tambi\u00e9n ha demostrado su alcance digital, participando en m\u00faltiples instancias nacionales e internacionales.<\/p>\n<p>Arantxa ha comentado que la editorial nace \u201cpor necesidad\u201d, lo que muchas veces suena a clich\u00e9 pero es <b>real. <\/b>Y todo comenz\u00f3 al no encontrar a Sergio Chejfec: ya que no encontraba sus obras, decidi\u00f3 hacer algo al respecto y as\u00ed tambi\u00e9n poder leer libros que le gustan.<\/p>\n<p>&nbsp;<\/p>\n<p>El contacto con las personas para poder transmitir los libros, mostrarlos con dedicaci\u00f3n, es una de las tareas en las que esta editorial se ha esmerado por participar activamente. No s\u00f3lo en las ventas, estar en librer\u00edas &#8211; algo que se ha visto en pausa, pero no debilitado por la pandemia.<\/p>\n<p>El pasado 2020 lanzaron \u201cQuisiera que oyeran la canci\u00f3n que escucho cuando escribo esto\u201d, de la colombiana Manuela Espinal Solano. Puedes encontrar sus libros en venta en l\u00ednea en <a href=\"https:\/\/www.instagram.com\/lakomuna.libros\/\">LaKomuna<\/a> u otras librer\u00edas de la zona; y consultar directamente a su Instagram si eres de Valpara\u00edso.<\/p>\n<p><strong><span style=\"color: #ff6600;\">Si todo sigue igual, seguir\u00e1n con lanzamientos interesantes y plumas por descubrir. \u00a1As\u00ed que <a style=\"color: #ff6600;\" href=\"https:\/\/www.instagram.com\/editorialkindberg\/\">s\u00edguelos<\/a>! Y no le pierdas el rastro.<\/span><\/strong><\/p>\n","protected":false},"excerpt":{"rendered":"<p>Ya son varios a\u00f1os que Arantxa Mart\u00ednez se encuentra en el mundo editorial independiente. Inspirada por un cuento de Cort\u00e1zar, nombr\u00f3 a este proyecto que desde el 2015 est\u00e1 en\u00a0funcionamiento con ya 11 t\u00edtulos publicados. As\u00ed naci\u00f3 Editorial Kindberg. Es una de las editoriales de la Regi\u00f3n que ha alcanzado mayor reconocimiento fuera de lo [&hellip;]<\/p>\n","protected":false},"author":3,"featured_media":8265,"comment_status":"closed","ping_status":"closed","sticky":false,"template":"","format":"standard","meta":{"_acf_changed":false,"footnotes":""},"categories":[8],"tags":[],"class_list":["post-8264","post","type-post","status-publish","format-standard","has-post-thumbnail","hentry","category-noticia"],"acf":[],"yoast_head":"<!-- This site is optimized with the Yoast SEO plugin v27.1.1 - https:\/\/yoast.com\/product\/yoast-seo-wordpress\/ -->\n<title>Editorial Kindberg como un foco de resistencia editorial desde la costa - Valpara\u00ed\u00adso Creativo<\/title>\n<meta name=\"robots\" content=\"index, follow, max-snippet:-1, max-image-preview:large, max-video-preview:-1\" \/>\n<link rel=\"canonical\" href=\"https:\/\/dev.antudigital.cl\/sites\/vc\/editorial-kindberg-como-un-foco-de-resistencia-editorial-desde-la-costa\/\" \/>\n<meta property=\"og:locale\" content=\"es_ES\" \/>\n<meta property=\"og:type\" content=\"article\" \/>\n<meta property=\"og:title\" content=\"Editorial Kindberg como un foco de resistencia editorial desde la costa - Valpara\u00ed\u00adso Creativo\" \/>\n<meta property=\"og:description\" content=\"Ya son varios a\u00f1os que Arantxa Mart\u00ednez se encuentra en el mundo editorial independiente. Inspirada por un cuento de Cort\u00e1zar, nombr\u00f3 a este proyecto que desde el 2015 est\u00e1 en\u00a0funcionamiento con ya 11 t\u00edtulos publicados. As\u00ed naci\u00f3 Editorial Kindberg. Es una de las editoriales de la Regi\u00f3n que ha alcanzado mayor reconocimiento fuera de lo [&hellip;]\" \/>\n<meta property=\"og:url\" content=\"https:\/\/dev.antudigital.cl\/sites\/vc\/editorial-kindberg-como-un-foco-de-resistencia-editorial-desde-la-costa\/\" \/>\n<meta property=\"og:site_name\" content=\"Valpara\u00ed\u00adso Creativo\" \/>\n<meta property=\"article:published_time\" content=\"2021-02-15T19:17:13+00:00\" \/>\n<meta property=\"og:image\" content=\"https:\/\/dev.antudigital.cl\/sites\/vc\/wp-content\/uploads\/2021\/02\/lIBROS.jpeg\" \/>\n\t<meta property=\"og:image:width\" content=\"1024\" \/>\n\t<meta property=\"og:image:height\" content=\"768\" \/>\n\t<meta property=\"og:image:type\" content=\"image\/jpeg\" \/>\n<meta name=\"author\" content=\"Valparaiso Creativo\" \/>\n<meta name=\"twitter:card\" content=\"summary_large_image\" \/>\n<meta name=\"twitter:label1\" content=\"Escrito por\" \/>\n\t<meta name=\"twitter:data1\" content=\"Valparaiso Creativo\" \/>\n\t<meta name=\"twitter:label2\" content=\"Tiempo de lectura\" \/>\n\t<meta name=\"twitter:data2\" content=\"3 minutos\" \/>\n<script type=\"application\/ld+json\" class=\"yoast-schema-graph\">{\"@context\":\"https:\/\/schema.org\",\"@graph\":[{\"@type\":\"Article\",\"@id\":\"https:\/\/dev.antudigital.cl\/sites\/vc\/editorial-kindberg-como-un-foco-de-resistencia-editorial-desde-la-costa\/#article\",\"isPartOf\":{\"@id\":\"https:\/\/dev.antudigital.cl\/sites\/vc\/editorial-kindberg-como-un-foco-de-resistencia-editorial-desde-la-costa\/\"},\"author\":{\"name\":\"Valparaiso Creativo\",\"@id\":\"https:\/\/dev.antudigital.cl\/sites\/vc\/#\/schema\/person\/81d1dcd51abd542b5dfc00f5f951a0f1\"},\"headline\":\"Editorial Kindberg como un foco de resistencia editorial desde la costa\",\"datePublished\":\"2021-02-15T19:17:13+00:00\",\"mainEntityOfPage\":{\"@id\":\"https:\/\/dev.antudigital.cl\/sites\/vc\/editorial-kindberg-como-un-foco-de-resistencia-editorial-desde-la-costa\/\"},\"wordCount\":574,\"image\":{\"@id\":\"https:\/\/dev.antudigital.cl\/sites\/vc\/editorial-kindberg-como-un-foco-de-resistencia-editorial-desde-la-costa\/#primaryimage\"},\"thumbnailUrl\":\"https:\/\/dev.antudigital.cl\/sites\/vc\/wp-content\/uploads\/2021\/02\/lIBROS.jpeg\",\"articleSection\":[\"Noticia\"],\"inLanguage\":\"es\"},{\"@type\":\"WebPage\",\"@id\":\"https:\/\/dev.antudigital.cl\/sites\/vc\/editorial-kindberg-como-un-foco-de-resistencia-editorial-desde-la-costa\/\",\"url\":\"https:\/\/dev.antudigital.cl\/sites\/vc\/editorial-kindberg-como-un-foco-de-resistencia-editorial-desde-la-costa\/\",\"name\":\"Editorial Kindberg como un foco de resistencia editorial desde la costa - Valpara\u00ed\u00adso Creativo\",\"isPartOf\":{\"@id\":\"https:\/\/dev.antudigital.cl\/sites\/vc\/#website\"},\"primaryImageOfPage\":{\"@id\":\"https:\/\/dev.antudigital.cl\/sites\/vc\/editorial-kindberg-como-un-foco-de-resistencia-editorial-desde-la-costa\/#primaryimage\"},\"image\":{\"@id\":\"https:\/\/dev.antudigital.cl\/sites\/vc\/editorial-kindberg-como-un-foco-de-resistencia-editorial-desde-la-costa\/#primaryimage\"},\"thumbnailUrl\":\"https:\/\/dev.antudigital.cl\/sites\/vc\/wp-content\/uploads\/2021\/02\/lIBROS.jpeg\",\"datePublished\":\"2021-02-15T19:17:13+00:00\",\"author\":{\"@id\":\"https:\/\/dev.antudigital.cl\/sites\/vc\/#\/schema\/person\/81d1dcd51abd542b5dfc00f5f951a0f1\"},\"breadcrumb\":{\"@id\":\"https:\/\/dev.antudigital.cl\/sites\/vc\/editorial-kindberg-como-un-foco-de-resistencia-editorial-desde-la-costa\/#breadcrumb\"},\"inLanguage\":\"es\",\"potentialAction\":[{\"@type\":\"ReadAction\",\"target\":[\"https:\/\/dev.antudigital.cl\/sites\/vc\/editorial-kindberg-como-un-foco-de-resistencia-editorial-desde-la-costa\/\"]}]},{\"@type\":\"ImageObject\",\"inLanguage\":\"es\",\"@id\":\"https:\/\/dev.antudigital.cl\/sites\/vc\/editorial-kindberg-como-un-foco-de-resistencia-editorial-desde-la-costa\/#primaryimage\",\"url\":\"https:\/\/dev.antudigital.cl\/sites\/vc\/wp-content\/uploads\/2021\/02\/lIBROS.jpeg\",\"contentUrl\":\"https:\/\/dev.antudigital.cl\/sites\/vc\/wp-content\/uploads\/2021\/02\/lIBROS.jpeg\",\"width\":1024,\"height\":768},{\"@type\":\"BreadcrumbList\",\"@id\":\"https:\/\/dev.antudigital.cl\/sites\/vc\/editorial-kindberg-como-un-foco-de-resistencia-editorial-desde-la-costa\/#breadcrumb\",\"itemListElement\":[{\"@type\":\"ListItem\",\"position\":1,\"name\":\"Home\",\"item\":\"https:\/\/dev.antudigital.cl\/sites\/vc\/\"},{\"@type\":\"ListItem\",\"position\":2,\"name\":\"Editorial Kindberg como un foco de resistencia editorial desde la costa\"}]},{\"@type\":\"WebSite\",\"@id\":\"https:\/\/dev.antudigital.cl\/sites\/vc\/#website\",\"url\":\"https:\/\/dev.antudigital.cl\/sites\/vc\/\",\"name\":\"Valpara\u00ed\u00adso Creativo\",\"description\":\"\",\"potentialAction\":[{\"@type\":\"SearchAction\",\"target\":{\"@type\":\"EntryPoint\",\"urlTemplate\":\"https:\/\/dev.antudigital.cl\/sites\/vc\/?s={search_term_string}\"},\"query-input\":{\"@type\":\"PropertyValueSpecification\",\"valueRequired\":true,\"valueName\":\"search_term_string\"}}],\"inLanguage\":\"es\"},{\"@type\":\"Person\",\"@id\":\"https:\/\/dev.antudigital.cl\/sites\/vc\/#\/schema\/person\/81d1dcd51abd542b5dfc00f5f951a0f1\",\"name\":\"Valparaiso Creativo\",\"url\":\"https:\/\/dev.antudigital.cl\/sites\/vc\/author\/valparaiso-creativo\/\"}]}<\/script>\n<!-- \/ Yoast SEO plugin. -->","yoast_head_json":{"title":"Editorial Kindberg como un foco de resistencia editorial desde la costa - Valpara\u00ed\u00adso Creativo","robots":{"index":"index","follow":"follow","max-snippet":"max-snippet:-1","max-image-preview":"max-image-preview:large","max-video-preview":"max-video-preview:-1"},"canonical":"https:\/\/dev.antudigital.cl\/sites\/vc\/editorial-kindberg-como-un-foco-de-resistencia-editorial-desde-la-costa\/","og_locale":"es_ES","og_type":"article","og_title":"Editorial Kindberg como un foco de resistencia editorial desde la costa - Valpara\u00ed\u00adso Creativo","og_description":"Ya son varios a\u00f1os que Arantxa Mart\u00ednez se encuentra en el mundo editorial independiente. Inspirada por un cuento de Cort\u00e1zar, nombr\u00f3 a este proyecto que desde el 2015 est\u00e1 en\u00a0funcionamiento con ya 11 t\u00edtulos publicados. As\u00ed naci\u00f3 Editorial Kindberg. Es una de las editoriales de la Regi\u00f3n que ha alcanzado mayor reconocimiento fuera de lo [&hellip;]","og_url":"https:\/\/dev.antudigital.cl\/sites\/vc\/editorial-kindberg-como-un-foco-de-resistencia-editorial-desde-la-costa\/","og_site_name":"Valpara\u00ed\u00adso Creativo","article_published_time":"2021-02-15T19:17:13+00:00","og_image":[{"width":1024,"height":768,"url":"https:\/\/dev.antudigital.cl\/sites\/vc\/wp-content\/uploads\/2021\/02\/lIBROS.jpeg","type":"image\/jpeg"}],"author":"Valparaiso Creativo","twitter_card":"summary_large_image","twitter_misc":{"Escrito por":"Valparaiso Creativo","Tiempo de lectura":"3 minutos"},"schema":{"@context":"https:\/\/schema.org","@graph":[{"@type":"Article","@id":"https:\/\/dev.antudigital.cl\/sites\/vc\/editorial-kindberg-como-un-foco-de-resistencia-editorial-desde-la-costa\/#article","isPartOf":{"@id":"https:\/\/dev.antudigital.cl\/sites\/vc\/editorial-kindberg-como-un-foco-de-resistencia-editorial-desde-la-costa\/"},"author":{"name":"Valparaiso Creativo","@id":"https:\/\/dev.antudigital.cl\/sites\/vc\/#\/schema\/person\/81d1dcd51abd542b5dfc00f5f951a0f1"},"headline":"Editorial Kindberg como un foco de resistencia editorial desde la costa","datePublished":"2021-02-15T19:17:13+00:00","mainEntityOfPage":{"@id":"https:\/\/dev.antudigital.cl\/sites\/vc\/editorial-kindberg-como-un-foco-de-resistencia-editorial-desde-la-costa\/"},"wordCount":574,"image":{"@id":"https:\/\/dev.antudigital.cl\/sites\/vc\/editorial-kindberg-como-un-foco-de-resistencia-editorial-desde-la-costa\/#primaryimage"},"thumbnailUrl":"https:\/\/dev.antudigital.cl\/sites\/vc\/wp-content\/uploads\/2021\/02\/lIBROS.jpeg","articleSection":["Noticia"],"inLanguage":"es"},{"@type":"WebPage","@id":"https:\/\/dev.antudigital.cl\/sites\/vc\/editorial-kindberg-como-un-foco-de-resistencia-editorial-desde-la-costa\/","url":"https:\/\/dev.antudigital.cl\/sites\/vc\/editorial-kindberg-como-un-foco-de-resistencia-editorial-desde-la-costa\/","name":"Editorial Kindberg como un foco de resistencia editorial desde la costa - Valpara\u00ed\u00adso Creativo","isPartOf":{"@id":"https:\/\/dev.antudigital.cl\/sites\/vc\/#website"},"primaryImageOfPage":{"@id":"https:\/\/dev.antudigital.cl\/sites\/vc\/editorial-kindberg-como-un-foco-de-resistencia-editorial-desde-la-costa\/#primaryimage"},"image":{"@id":"https:\/\/dev.antudigital.cl\/sites\/vc\/editorial-kindberg-como-un-foco-de-resistencia-editorial-desde-la-costa\/#primaryimage"},"thumbnailUrl":"https:\/\/dev.antudigital.cl\/sites\/vc\/wp-content\/uploads\/2021\/02\/lIBROS.jpeg","datePublished":"2021-02-15T19:17:13+00:00","author":{"@id":"https:\/\/dev.antudigital.cl\/sites\/vc\/#\/schema\/person\/81d1dcd51abd542b5dfc00f5f951a0f1"},"breadcrumb":{"@id":"https:\/\/dev.antudigital.cl\/sites\/vc\/editorial-kindberg-como-un-foco-de-resistencia-editorial-desde-la-costa\/#breadcrumb"},"inLanguage":"es","potentialAction":[{"@type":"ReadAction","target":["https:\/\/dev.antudigital.cl\/sites\/vc\/editorial-kindberg-como-un-foco-de-resistencia-editorial-desde-la-costa\/"]}]},{"@type":"ImageObject","inLanguage":"es","@id":"https:\/\/dev.antudigital.cl\/sites\/vc\/editorial-kindberg-como-un-foco-de-resistencia-editorial-desde-la-costa\/#primaryimage","url":"https:\/\/dev.antudigital.cl\/sites\/vc\/wp-content\/uploads\/2021\/02\/lIBROS.jpeg","contentUrl":"https:\/\/dev.antudigital.cl\/sites\/vc\/wp-content\/uploads\/2021\/02\/lIBROS.jpeg","width":1024,"height":768},{"@type":"BreadcrumbList","@id":"https:\/\/dev.antudigital.cl\/sites\/vc\/editorial-kindberg-como-un-foco-de-resistencia-editorial-desde-la-costa\/#breadcrumb","itemListElement":[{"@type":"ListItem","position":1,"name":"Home","item":"https:\/\/dev.antudigital.cl\/sites\/vc\/"},{"@type":"ListItem","position":2,"name":"Editorial Kindberg como un foco de resistencia editorial desde la costa"}]},{"@type":"WebSite","@id":"https:\/\/dev.antudigital.cl\/sites\/vc\/#website","url":"https:\/\/dev.antudigital.cl\/sites\/vc\/","name":"Valpara\u00ed\u00adso Creativo","description":"","potentialAction":[{"@type":"SearchAction","target":{"@type":"EntryPoint","urlTemplate":"https:\/\/dev.antudigital.cl\/sites\/vc\/?s={search_term_string}"},"query-input":{"@type":"PropertyValueSpecification","valueRequired":true,"valueName":"search_term_string"}}],"inLanguage":"es"},{"@type":"Person","@id":"https:\/\/dev.antudigital.cl\/sites\/vc\/#\/schema\/person\/81d1dcd51abd542b5dfc00f5f951a0f1","name":"Valparaiso Creativo","url":"https:\/\/dev.antudigital.cl\/sites\/vc\/author\/valparaiso-creativo\/"}]}},"_links":{"self":[{"href":"https:\/\/dev.antudigital.cl\/sites\/vc\/wp-json\/wp\/v2\/posts\/8264","targetHints":{"allow":["GET"]}}],"collection":[{"href":"https:\/\/dev.antudigital.cl\/sites\/vc\/wp-json\/wp\/v2\/posts"}],"about":[{"href":"https:\/\/dev.antudigital.cl\/sites\/vc\/wp-json\/wp\/v2\/types\/post"}],"author":[{"embeddable":true,"href":"https:\/\/dev.antudigital.cl\/sites\/vc\/wp-json\/wp\/v2\/users\/3"}],"replies":[{"embeddable":true,"href":"https:\/\/dev.antudigital.cl\/sites\/vc\/wp-json\/wp\/v2\/comments?post=8264"}],"version-history":[{"count":0,"href":"https:\/\/dev.antudigital.cl\/sites\/vc\/wp-json\/wp\/v2\/posts\/8264\/revisions"}],"wp:featuredmedia":[{"embeddable":true,"href":"https:\/\/dev.antudigital.cl\/sites\/vc\/wp-json\/wp\/v2\/media\/8265"}],"wp:attachment":[{"href":"https:\/\/dev.antudigital.cl\/sites\/vc\/wp-json\/wp\/v2\/media?parent=8264"}],"wp:term":[{"taxonomy":"category","embeddable":true,"href":"https:\/\/dev.antudigital.cl\/sites\/vc\/wp-json\/wp\/v2\/categories?post=8264"},{"taxonomy":"post_tag","embeddable":true,"href":"https:\/\/dev.antudigital.cl\/sites\/vc\/wp-json\/wp\/v2\/tags?post=8264"}],"curies":[{"name":"wp","href":"https:\/\/api.w.org\/{rel}","templated":true}]}}