{"id":8266,"date":"2021-02-15T18:40:22","date_gmt":"2021-02-15T18:40:22","guid":{"rendered":"https:\/\/www.valparaisocreativo.cl\/?p=5950"},"modified":"2021-12-23T23:14:32","modified_gmt":"2021-12-23T23:14:32","slug":"sumate-a-la-exclusiva-charla-gobierno-digital-experiencias-en-estonia","status":"publish","type":"post","link":"https:\/\/dev.antudigital.cl\/sites\/vc\/sumate-a-la-exclusiva-charla-gobierno-digital-experiencias-en-estonia\/","title":{"rendered":"S\u00famate a la exclusiva charla \u00abGobierno digital: experiencias en Estonia\u00bb"},"content":{"rendered":"<p>EIVA junto a la Red de Mendoza, con quienes se han creado lazos de comunicaci\u00f3n para trabajar entre ecosistemas, es que nos han invitado a participar a un evento de alta envergadura y de mucha calidad.<\/p>\n<p>El Polo TIC Mendoza, junto al Foro Diplom\u00e1tico en Mendoza, y a Infotech, cl\u00faster tecnol\u00f3gico de Neuqu\u00e9n, nos invitan a una conversaci\u00f3n con <strong>Marten Kaevats sobre la experiencia de transformaci\u00f3n digital de Estonia<\/strong>, as\u00ed como <strong>cu\u00e1les son las condiciones b\u00e1sicas para poder crear una sociedad digital exitosa<\/strong>.<\/p>\n<p><img fetchpriority=\"high\" decoding=\"async\" class=\"alignleft size-medium wp-image-5952\" src=\"https:\/\/www.valparaisocreativo.cl\/wp-content\/uploads\/2021\/02\/image001-300x300.jpg\" alt=\"\" width=\"300\" height=\"300\" \/><\/p>\n<p>Marten uno de los referentes globales en temas de Gobierno Digital. Es Consejero Digital del Gobierno de Estonia y Asesor de la OMS en temas de Salud Digital. Ha sido nombrado como una de las 50 personas m\u00e1s influyentes del mundo en temas de Gobernanza Digital. Estonia, por otro lado, ha sido llamada \u00abla sociedad digital m\u00e1s avanzada del mundo\u00bb.<\/p>\n<p><strong>La charla ser\u00e1 el pr\u00f3ximo jueves 18 de febrero a las 9h.<\/strong><\/p>\n<h3>Haz <a href=\"http:\/\/bit.ly\/PoloTIC-GobDigital\">click aqu\u00ed<\/a> para inscribirte.<\/h3>\n<p>*Con traducci\u00f3n simult\u00e1nea.<\/p>\n<p>&nbsp;<\/p>\n","protected":false},"excerpt":{"rendered":"<p>EIVA junto a la Red de Mendoza, con quienes se han creado lazos de comunicaci\u00f3n para trabajar entre ecosistemas, es que nos han invitado a participar a un evento de alta envergadura y de mucha calidad. El Polo TIC Mendoza, junto al Foro Diplom\u00e1tico en Mendoza, y a Infotech, cl\u00faster tecnol\u00f3gico de Neuqu\u00e9n, nos invitan [&hellip;]<\/p>\n","protected":false},"author":3,"featured_media":8268,"comment_status":"closed","ping_status":"closed","sticky":false,"template":"","format":"standard","meta":{"_acf_changed":false,"footnotes":""},"categories":[8],"tags":[],"class_list":["post-8266","post","type-post","status-publish","format-standard","has-post-thumbnail","hentry","category-noticia"],"acf":[],"yoast_head":"<!-- This site is optimized with the Yoast SEO plugin v27.1.1 - https:\/\/yoast.com\/product\/yoast-seo-wordpress\/ -->\n<title>S\u00famate a la exclusiva charla &quot;Gobierno digital: experiencias en Estonia&quot; - Valpara\u00ed\u00adso Creativo<\/title>\n<meta name=\"robots\" content=\"index, follow, max-snippet:-1, max-image-preview:large, max-video-preview:-1\" \/>\n<link rel=\"canonical\" href=\"https:\/\/dev.antudigital.cl\/sites\/vc\/sumate-a-la-exclusiva-charla-gobierno-digital-experiencias-en-estonia\/\" \/>\n<meta property=\"og:locale\" content=\"es_ES\" \/>\n<meta property=\"og:type\" content=\"article\" \/>\n<meta property=\"og:title\" content=\"S\u00famate a la exclusiva charla &quot;Gobierno digital: experiencias en Estonia&quot; - Valpara\u00ed\u00adso Creativo\" \/>\n<meta property=\"og:description\" content=\"EIVA junto a la Red de Mendoza, con quienes se han creado lazos de comunicaci\u00f3n para trabajar entre ecosistemas, es que nos han invitado a participar a un evento de alta envergadura y de mucha calidad. El Polo TIC Mendoza, junto al Foro Diplom\u00e1tico en Mendoza, y a Infotech, cl\u00faster tecnol\u00f3gico de Neuqu\u00e9n, nos invitan [&hellip;]\" \/>\n<meta property=\"og:url\" content=\"https:\/\/dev.antudigital.cl\/sites\/vc\/sumate-a-la-exclusiva-charla-gobierno-digital-experiencias-en-estonia\/\" \/>\n<meta property=\"og:site_name\" content=\"Valpara\u00ed\u00adso Creativo\" \/>\n<meta property=\"article:published_time\" content=\"2021-02-15T18:40:22+00:00\" \/>\n<meta property=\"article:modified_time\" content=\"2021-12-23T23:14:32+00:00\" \/>\n<meta property=\"og:image\" content=\"https:\/\/dev.antudigital.cl\/sites\/vc\/wp-content\/uploads\/2019\/12\/fondo-ciudad-paralax-banner.png\" \/>\n\t<meta property=\"og:image:width\" content=\"1920\" \/>\n\t<meta property=\"og:image:height\" content=\"548\" \/>\n\t<meta property=\"og:image:type\" content=\"image\/png\" \/>\n<meta name=\"author\" content=\"Valparaiso Creativo\" \/>\n<meta name=\"twitter:card\" content=\"summary_large_image\" \/>\n<meta name=\"twitter:label1\" content=\"Escrito por\" \/>\n\t<meta name=\"twitter:data1\" content=\"Valparaiso Creativo\" \/>\n\t<meta name=\"twitter:label2\" content=\"Tiempo de lectura\" \/>\n\t<meta name=\"twitter:data2\" content=\"1 minuto\" \/>\n<script type=\"application\/ld+json\" class=\"yoast-schema-graph\">{\"@context\":\"https:\/\/schema.org\",\"@graph\":[{\"@type\":\"Article\",\"@id\":\"https:\/\/dev.antudigital.cl\/sites\/vc\/sumate-a-la-exclusiva-charla-gobierno-digital-experiencias-en-estonia\/#article\",\"isPartOf\":{\"@id\":\"https:\/\/dev.antudigital.cl\/sites\/vc\/sumate-a-la-exclusiva-charla-gobierno-digital-experiencias-en-estonia\/\"},\"author\":{\"name\":\"Valparaiso Creativo\",\"@id\":\"https:\/\/dev.antudigital.cl\/sites\/vc\/#\/schema\/person\/81d1dcd51abd542b5dfc00f5f951a0f1\"},\"headline\":\"S\u00famate a la exclusiva charla \u00abGobierno digital: experiencias en Estonia\u00bb\",\"datePublished\":\"2021-02-15T18:40:22+00:00\",\"dateModified\":\"2021-12-23T23:14:32+00:00\",\"mainEntityOfPage\":{\"@id\":\"https:\/\/dev.antudigital.cl\/sites\/vc\/sumate-a-la-exclusiva-charla-gobierno-digital-experiencias-en-estonia\/\"},\"wordCount\":187,\"image\":{\"@id\":\"https:\/\/dev.antudigital.cl\/sites\/vc\/sumate-a-la-exclusiva-charla-gobierno-digital-experiencias-en-estonia\/#primaryimage\"},\"thumbnailUrl\":\"https:\/\/dev.antudigital.cl\/sites\/vc\/wp-content\/uploads\/2019\/12\/fondo-ciudad-paralax-banner.png\",\"articleSection\":[\"Noticia\"],\"inLanguage\":\"es\"},{\"@type\":\"WebPage\",\"@id\":\"https:\/\/dev.antudigital.cl\/sites\/vc\/sumate-a-la-exclusiva-charla-gobierno-digital-experiencias-en-estonia\/\",\"url\":\"https:\/\/dev.antudigital.cl\/sites\/vc\/sumate-a-la-exclusiva-charla-gobierno-digital-experiencias-en-estonia\/\",\"name\":\"S\u00famate a la exclusiva charla \\\"Gobierno digital: experiencias en Estonia\\\" - Valpara\u00ed\u00adso Creativo\",\"isPartOf\":{\"@id\":\"https:\/\/dev.antudigital.cl\/sites\/vc\/#website\"},\"primaryImageOfPage\":{\"@id\":\"https:\/\/dev.antudigital.cl\/sites\/vc\/sumate-a-la-exclusiva-charla-gobierno-digital-experiencias-en-estonia\/#primaryimage\"},\"image\":{\"@id\":\"https:\/\/dev.antudigital.cl\/sites\/vc\/sumate-a-la-exclusiva-charla-gobierno-digital-experiencias-en-estonia\/#primaryimage\"},\"thumbnailUrl\":\"https:\/\/dev.antudigital.cl\/sites\/vc\/wp-content\/uploads\/2019\/12\/fondo-ciudad-paralax-banner.png\",\"datePublished\":\"2021-02-15T18:40:22+00:00\",\"dateModified\":\"2021-12-23T23:14:32+00:00\",\"author\":{\"@id\":\"https:\/\/dev.antudigital.cl\/sites\/vc\/#\/schema\/person\/81d1dcd51abd542b5dfc00f5f951a0f1\"},\"breadcrumb\":{\"@id\":\"https:\/\/dev.antudigital.cl\/sites\/vc\/sumate-a-la-exclusiva-charla-gobierno-digital-experiencias-en-estonia\/#breadcrumb\"},\"inLanguage\":\"es\",\"potentialAction\":[{\"@type\":\"ReadAction\",\"target\":[\"https:\/\/dev.antudigital.cl\/sites\/vc\/sumate-a-la-exclusiva-charla-gobierno-digital-experiencias-en-estonia\/\"]}]},{\"@type\":\"ImageObject\",\"inLanguage\":\"es\",\"@id\":\"https:\/\/dev.antudigital.cl\/sites\/vc\/sumate-a-la-exclusiva-charla-gobierno-digital-experiencias-en-estonia\/#primaryimage\",\"url\":\"https:\/\/dev.antudigital.cl\/sites\/vc\/wp-content\/uploads\/2019\/12\/fondo-ciudad-paralax-banner.png\",\"contentUrl\":\"https:\/\/dev.antudigital.cl\/sites\/vc\/wp-content\/uploads\/2019\/12\/fondo-ciudad-paralax-banner.png\",\"width\":1920,\"height\":548},{\"@type\":\"BreadcrumbList\",\"@id\":\"https:\/\/dev.antudigital.cl\/sites\/vc\/sumate-a-la-exclusiva-charla-gobierno-digital-experiencias-en-estonia\/#breadcrumb\",\"itemListElement\":[{\"@type\":\"ListItem\",\"position\":1,\"name\":\"Home\",\"item\":\"https:\/\/dev.antudigital.cl\/sites\/vc\/\"},{\"@type\":\"ListItem\",\"position\":2,\"name\":\"S\u00famate a la exclusiva charla \u00abGobierno digital: experiencias en Estonia\u00bb\"}]},{\"@type\":\"WebSite\",\"@id\":\"https:\/\/dev.antudigital.cl\/sites\/vc\/#website\",\"url\":\"https:\/\/dev.antudigital.cl\/sites\/vc\/\",\"name\":\"Valpara\u00ed\u00adso Creativo\",\"description\":\"\",\"potentialAction\":[{\"@type\":\"SearchAction\",\"target\":{\"@type\":\"EntryPoint\",\"urlTemplate\":\"https:\/\/dev.antudigital.cl\/sites\/vc\/?s={search_term_string}\"},\"query-input\":{\"@type\":\"PropertyValueSpecification\",\"valueRequired\":true,\"valueName\":\"search_term_string\"}}],\"inLanguage\":\"es\"},{\"@type\":\"Person\",\"@id\":\"https:\/\/dev.antudigital.cl\/sites\/vc\/#\/schema\/person\/81d1dcd51abd542b5dfc00f5f951a0f1\",\"name\":\"Valparaiso Creativo\",\"url\":\"https:\/\/dev.antudigital.cl\/sites\/vc\/author\/valparaiso-creativo\/\"}]}<\/script>\n<!-- \/ Yoast SEO plugin. -->","yoast_head_json":{"title":"S\u00famate a la exclusiva charla \"Gobierno digital: experiencias en Estonia\" - Valpara\u00ed\u00adso Creativo","robots":{"index":"index","follow":"follow","max-snippet":"max-snippet:-1","max-image-preview":"max-image-preview:large","max-video-preview":"max-video-preview:-1"},"canonical":"https:\/\/dev.antudigital.cl\/sites\/vc\/sumate-a-la-exclusiva-charla-gobierno-digital-experiencias-en-estonia\/","og_locale":"es_ES","og_type":"article","og_title":"S\u00famate a la exclusiva charla \"Gobierno digital: experiencias en Estonia\" - Valpara\u00ed\u00adso Creativo","og_description":"EIVA junto a la Red de Mendoza, con quienes se han creado lazos de comunicaci\u00f3n para trabajar entre ecosistemas, es que nos han invitado a participar a un evento de alta envergadura y de mucha calidad. El Polo TIC Mendoza, junto al Foro Diplom\u00e1tico en Mendoza, y a Infotech, cl\u00faster tecnol\u00f3gico de Neuqu\u00e9n, nos invitan [&hellip;]","og_url":"https:\/\/dev.antudigital.cl\/sites\/vc\/sumate-a-la-exclusiva-charla-gobierno-digital-experiencias-en-estonia\/","og_site_name":"Valpara\u00ed\u00adso Creativo","article_published_time":"2021-02-15T18:40:22+00:00","article_modified_time":"2021-12-23T23:14:32+00:00","og_image":[{"width":1920,"height":548,"url":"https:\/\/dev.antudigital.cl\/sites\/vc\/wp-content\/uploads\/2019\/12\/fondo-ciudad-paralax-banner.png","type":"image\/png"}],"author":"Valparaiso Creativo","twitter_card":"summary_large_image","twitter_misc":{"Escrito por":"Valparaiso Creativo","Tiempo de lectura":"1 minuto"},"schema":{"@context":"https:\/\/schema.org","@graph":[{"@type":"Article","@id":"https:\/\/dev.antudigital.cl\/sites\/vc\/sumate-a-la-exclusiva-charla-gobierno-digital-experiencias-en-estonia\/#article","isPartOf":{"@id":"https:\/\/dev.antudigital.cl\/sites\/vc\/sumate-a-la-exclusiva-charla-gobierno-digital-experiencias-en-estonia\/"},"author":{"name":"Valparaiso Creativo","@id":"https:\/\/dev.antudigital.cl\/sites\/vc\/#\/schema\/person\/81d1dcd51abd542b5dfc00f5f951a0f1"},"headline":"S\u00famate a la exclusiva charla \u00abGobierno digital: experiencias en Estonia\u00bb","datePublished":"2021-02-15T18:40:22+00:00","dateModified":"2021-12-23T23:14:32+00:00","mainEntityOfPage":{"@id":"https:\/\/dev.antudigital.cl\/sites\/vc\/sumate-a-la-exclusiva-charla-gobierno-digital-experiencias-en-estonia\/"},"wordCount":187,"image":{"@id":"https:\/\/dev.antudigital.cl\/sites\/vc\/sumate-a-la-exclusiva-charla-gobierno-digital-experiencias-en-estonia\/#primaryimage"},"thumbnailUrl":"https:\/\/dev.antudigital.cl\/sites\/vc\/wp-content\/uploads\/2019\/12\/fondo-ciudad-paralax-banner.png","articleSection":["Noticia"],"inLanguage":"es"},{"@type":"WebPage","@id":"https:\/\/dev.antudigital.cl\/sites\/vc\/sumate-a-la-exclusiva-charla-gobierno-digital-experiencias-en-estonia\/","url":"https:\/\/dev.antudigital.cl\/sites\/vc\/sumate-a-la-exclusiva-charla-gobierno-digital-experiencias-en-estonia\/","name":"S\u00famate a la exclusiva charla \"Gobierno digital: experiencias en Estonia\" - Valpara\u00ed\u00adso Creativo","isPartOf":{"@id":"https:\/\/dev.antudigital.cl\/sites\/vc\/#website"},"primaryImageOfPage":{"@id":"https:\/\/dev.antudigital.cl\/sites\/vc\/sumate-a-la-exclusiva-charla-gobierno-digital-experiencias-en-estonia\/#primaryimage"},"image":{"@id":"https:\/\/dev.antudigital.cl\/sites\/vc\/sumate-a-la-exclusiva-charla-gobierno-digital-experiencias-en-estonia\/#primaryimage"},"thumbnailUrl":"https:\/\/dev.antudigital.cl\/sites\/vc\/wp-content\/uploads\/2019\/12\/fondo-ciudad-paralax-banner.png","datePublished":"2021-02-15T18:40:22+00:00","dateModified":"2021-12-23T23:14:32+00:00","author":{"@id":"https:\/\/dev.antudigital.cl\/sites\/vc\/#\/schema\/person\/81d1dcd51abd542b5dfc00f5f951a0f1"},"breadcrumb":{"@id":"https:\/\/dev.antudigital.cl\/sites\/vc\/sumate-a-la-exclusiva-charla-gobierno-digital-experiencias-en-estonia\/#breadcrumb"},"inLanguage":"es","potentialAction":[{"@type":"ReadAction","target":["https:\/\/dev.antudigital.cl\/sites\/vc\/sumate-a-la-exclusiva-charla-gobierno-digital-experiencias-en-estonia\/"]}]},{"@type":"ImageObject","inLanguage":"es","@id":"https:\/\/dev.antudigital.cl\/sites\/vc\/sumate-a-la-exclusiva-charla-gobierno-digital-experiencias-en-estonia\/#primaryimage","url":"https:\/\/dev.antudigital.cl\/sites\/vc\/wp-content\/uploads\/2019\/12\/fondo-ciudad-paralax-banner.png","contentUrl":"https:\/\/dev.antudigital.cl\/sites\/vc\/wp-content\/uploads\/2019\/12\/fondo-ciudad-paralax-banner.png","width":1920,"height":548},{"@type":"BreadcrumbList","@id":"https:\/\/dev.antudigital.cl\/sites\/vc\/sumate-a-la-exclusiva-charla-gobierno-digital-experiencias-en-estonia\/#breadcrumb","itemListElement":[{"@type":"ListItem","position":1,"name":"Home","item":"https:\/\/dev.antudigital.cl\/sites\/vc\/"},{"@type":"ListItem","position":2,"name":"S\u00famate a la exclusiva charla \u00abGobierno digital: experiencias en Estonia\u00bb"}]},{"@type":"WebSite","@id":"https:\/\/dev.antudigital.cl\/sites\/vc\/#website","url":"https:\/\/dev.antudigital.cl\/sites\/vc\/","name":"Valpara\u00ed\u00adso Creativo","description":"","potentialAction":[{"@type":"SearchAction","target":{"@type":"EntryPoint","urlTemplate":"https:\/\/dev.antudigital.cl\/sites\/vc\/?s={search_term_string}"},"query-input":{"@type":"PropertyValueSpecification","valueRequired":true,"valueName":"search_term_string"}}],"inLanguage":"es"},{"@type":"Person","@id":"https:\/\/dev.antudigital.cl\/sites\/vc\/#\/schema\/person\/81d1dcd51abd542b5dfc00f5f951a0f1","name":"Valparaiso Creativo","url":"https:\/\/dev.antudigital.cl\/sites\/vc\/author\/valparaiso-creativo\/"}]}},"_links":{"self":[{"href":"https:\/\/dev.antudigital.cl\/sites\/vc\/wp-json\/wp\/v2\/posts\/8266","targetHints":{"allow":["GET"]}}],"collection":[{"href":"https:\/\/dev.antudigital.cl\/sites\/vc\/wp-json\/wp\/v2\/posts"}],"about":[{"href":"https:\/\/dev.antudigital.cl\/sites\/vc\/wp-json\/wp\/v2\/types\/post"}],"author":[{"embeddable":true,"href":"https:\/\/dev.antudigital.cl\/sites\/vc\/wp-json\/wp\/v2\/users\/3"}],"replies":[{"embeddable":true,"href":"https:\/\/dev.antudigital.cl\/sites\/vc\/wp-json\/wp\/v2\/comments?post=8266"}],"version-history":[{"count":1,"href":"https:\/\/dev.antudigital.cl\/sites\/vc\/wp-json\/wp\/v2\/posts\/8266\/revisions"}],"predecessor-version":[{"id":8273,"href":"https:\/\/dev.antudigital.cl\/sites\/vc\/wp-json\/wp\/v2\/posts\/8266\/revisions\/8273"}],"wp:featuredmedia":[{"embeddable":true,"href":"https:\/\/dev.antudigital.cl\/sites\/vc\/wp-json\/wp\/v2\/media\/8268"}],"wp:attachment":[{"href":"https:\/\/dev.antudigital.cl\/sites\/vc\/wp-json\/wp\/v2\/media?parent=8266"}],"wp:term":[{"taxonomy":"category","embeddable":true,"href":"https:\/\/dev.antudigital.cl\/sites\/vc\/wp-json\/wp\/v2\/categories?post=8266"},{"taxonomy":"post_tag","embeddable":true,"href":"https:\/\/dev.antudigital.cl\/sites\/vc\/wp-json\/wp\/v2\/tags?post=8266"}],"curies":[{"name":"wp","href":"https:\/\/api.w.org\/{rel}","templated":true}]}}