{"id":8269,"date":"2021-02-15T18:16:22","date_gmt":"2021-02-15T18:16:22","guid":{"rendered":"https:\/\/www.valparaisocreativo.cl\/?p=5947"},"modified":"2021-02-15T18:16:22","modified_gmt":"2021-02-15T18:16:22","slug":"expo-virtual-y-presencial-centro-gabriela-mistral-de-villa-alemana-estrena-muestra-de-pintura","status":"publish","type":"post","link":"https:\/\/dev.antudigital.cl\/sites\/vc\/expo-virtual-y-presencial-centro-gabriela-mistral-de-villa-alemana-estrena-muestra-de-pintura\/","title":{"rendered":"Expo virtual y presencial: Centro Gabriela Mistral de Villa Alemana estrena muestra de pintura"},"content":{"rendered":"<p><span class=\"d2edcug0 hpfvmrgz qv66sw1b c1et5uql oi732d6d ik7dh3pa fgxwclzu a8c37x1j keod5gw0 nxhoafnm aigsh9s9 d3f4x2em fe6kdd0r mau55g9w c8b282yb iv3no6db jq4qci2q a3bd9o3v knj5qynh oo9gr5id hzawbc8m\" dir=\"auto\"><span class=\"d2edcug0 hpfvmrgz qv66sw1b c1et5uql oi732d6d ik7dh3pa fgxwclzu jq4qci2q a3bd9o3v knj5qynh oo9gr5id\">El <a href=\"https:\/\/web.facebook.com\/CulturaVillaAlemana\/photos\">Centro Cultura y Patrimonio de Villa Alemana<\/a> a visitar la Expo Virtual y Presencial \u00abDelirismos\u00bb de <strong>Alberto Pinto Recabal<\/strong>, una colecci\u00f3n de obras nacidas desde el 2014 como una necesidad expresiva del artista por transitar perspectivas psicod\u00e9licas y febriles de su personalidad identitaria.<\/span><\/span><\/p>\n<p><strong>Alberto<\/strong> es Pintor y Artista Autodidacta, Profesor de Lenguaje y Comunicaci\u00f3n Licenciado en Educaci\u00f3n, Universidad de Playa Ancha. Nieto del pintor porte\u00f1o Alfredo Pinto Meneses, de qui\u00e9n recibe las primeras nociones b\u00e1sicas de las t\u00e9cnicas de pintura al \u00f3leo.<\/p>\n<h3>La exposici\u00f3n estar\u00e1 disponible desde el 01 al 25 de febrero, en nuestras redes sociales y de Lunes a viernes de 09:00 a 14:00 o de 15:00 a 19:00 horas en Sala Museo del Centro Cultural Gabriela Mistral, Villa Alemana.<\/h3>\n<p><span style=\"color: #ff6600;\"><strong>Puedes disfrutar en l\u00ednea de la muestra pinchando <a style=\"color: #ff6600;\" href=\"https:\/\/web.facebook.com\/media\/set\/?vanity=CulturaVillaAlemana&amp;set=a.3714858271903554\">aqu\u00ed.<\/a><\/strong><\/span><\/p>\n","protected":false},"excerpt":{"rendered":"<p>El Centro Cultura y Patrimonio de Villa Alemana a visitar la Expo Virtual y Presencial \u00abDelirismos\u00bb de Alberto Pinto Recabal, una colecci\u00f3n de obras nacidas desde el 2014 como una necesidad expresiva del artista por transitar perspectivas psicod\u00e9licas y febriles de su personalidad identitaria. Alberto es Pintor y Artista Autodidacta, Profesor de Lenguaje y Comunicaci\u00f3n [&hellip;]<\/p>\n","protected":false},"author":3,"featured_media":8270,"comment_status":"closed","ping_status":"closed","sticky":false,"template":"","format":"standard","meta":{"_acf_changed":false,"footnotes":""},"categories":[8],"tags":[],"class_list":["post-8269","post","type-post","status-publish","format-standard","has-post-thumbnail","hentry","category-noticia"],"acf":[],"yoast_head":"<!-- This site is optimized with the Yoast SEO plugin v27.1.1 - https:\/\/yoast.com\/product\/yoast-seo-wordpress\/ -->\n<title>Expo virtual y presencial: Centro Gabriela Mistral de Villa Alemana estrena muestra de pintura - Valpara\u00ed\u00adso Creativo<\/title>\n<meta name=\"robots\" content=\"index, follow, max-snippet:-1, max-image-preview:large, max-video-preview:-1\" \/>\n<link rel=\"canonical\" href=\"https:\/\/dev.antudigital.cl\/sites\/vc\/expo-virtual-y-presencial-centro-gabriela-mistral-de-villa-alemana-estrena-muestra-de-pintura\/\" \/>\n<meta property=\"og:locale\" content=\"es_ES\" \/>\n<meta property=\"og:type\" content=\"article\" \/>\n<meta property=\"og:title\" content=\"Expo virtual y presencial: Centro Gabriela Mistral de Villa Alemana estrena muestra de pintura - Valpara\u00ed\u00adso Creativo\" \/>\n<meta property=\"og:description\" content=\"El Centro Cultura y Patrimonio de Villa Alemana a visitar la Expo Virtual y Presencial \u00abDelirismos\u00bb de Alberto Pinto Recabal, una colecci\u00f3n de obras nacidas desde el 2014 como una necesidad expresiva del artista por transitar perspectivas psicod\u00e9licas y febriles de su personalidad identitaria. Alberto es Pintor y Artista Autodidacta, Profesor de Lenguaje y Comunicaci\u00f3n [&hellip;]\" \/>\n<meta property=\"og:url\" content=\"https:\/\/dev.antudigital.cl\/sites\/vc\/expo-virtual-y-presencial-centro-gabriela-mistral-de-villa-alemana-estrena-muestra-de-pintura\/\" \/>\n<meta property=\"og:site_name\" content=\"Valpara\u00ed\u00adso Creativo\" \/>\n<meta property=\"article:published_time\" content=\"2021-02-15T18:16:22+00:00\" \/>\n<meta property=\"og:image\" content=\"https:\/\/dev.antudigital.cl\/sites\/vc\/wp-content\/uploads\/2021\/02\/Captura-de-Pantalla-2021-02-15-a-las-18.10.40.png\" \/>\n\t<meta property=\"og:image:width\" content=\"669\" \/>\n\t<meta property=\"og:image:height\" content=\"436\" \/>\n\t<meta property=\"og:image:type\" content=\"image\/png\" \/>\n<meta name=\"author\" content=\"Valparaiso Creativo\" \/>\n<meta name=\"twitter:card\" content=\"summary_large_image\" \/>\n<meta name=\"twitter:label1\" content=\"Escrito por\" \/>\n\t<meta name=\"twitter:data1\" content=\"Valparaiso Creativo\" \/>\n\t<meta name=\"twitter:label2\" content=\"Tiempo de lectura\" \/>\n\t<meta name=\"twitter:data2\" content=\"1 minuto\" \/>\n<script type=\"application\/ld+json\" class=\"yoast-schema-graph\">{\"@context\":\"https:\/\/schema.org\",\"@graph\":[{\"@type\":\"Article\",\"@id\":\"https:\/\/dev.antudigital.cl\/sites\/vc\/expo-virtual-y-presencial-centro-gabriela-mistral-de-villa-alemana-estrena-muestra-de-pintura\/#article\",\"isPartOf\":{\"@id\":\"https:\/\/dev.antudigital.cl\/sites\/vc\/expo-virtual-y-presencial-centro-gabriela-mistral-de-villa-alemana-estrena-muestra-de-pintura\/\"},\"author\":{\"name\":\"Valparaiso Creativo\",\"@id\":\"https:\/\/dev.antudigital.cl\/sites\/vc\/#\/schema\/person\/81d1dcd51abd542b5dfc00f5f951a0f1\"},\"headline\":\"Expo virtual y presencial: Centro Gabriela Mistral de Villa Alemana estrena muestra de pintura\",\"datePublished\":\"2021-02-15T18:16:22+00:00\",\"mainEntityOfPage\":{\"@id\":\"https:\/\/dev.antudigital.cl\/sites\/vc\/expo-virtual-y-presencial-centro-gabriela-mistral-de-villa-alemana-estrena-muestra-de-pintura\/\"},\"wordCount\":149,\"image\":{\"@id\":\"https:\/\/dev.antudigital.cl\/sites\/vc\/expo-virtual-y-presencial-centro-gabriela-mistral-de-villa-alemana-estrena-muestra-de-pintura\/#primaryimage\"},\"thumbnailUrl\":\"https:\/\/dev.antudigital.cl\/sites\/vc\/wp-content\/uploads\/2021\/02\/Captura-de-Pantalla-2021-02-15-a-las-18.10.40.png\",\"articleSection\":[\"Noticia\"],\"inLanguage\":\"es\"},{\"@type\":\"WebPage\",\"@id\":\"https:\/\/dev.antudigital.cl\/sites\/vc\/expo-virtual-y-presencial-centro-gabriela-mistral-de-villa-alemana-estrena-muestra-de-pintura\/\",\"url\":\"https:\/\/dev.antudigital.cl\/sites\/vc\/expo-virtual-y-presencial-centro-gabriela-mistral-de-villa-alemana-estrena-muestra-de-pintura\/\",\"name\":\"Expo virtual y presencial: Centro Gabriela Mistral de Villa Alemana estrena muestra de pintura - Valpara\u00ed\u00adso Creativo\",\"isPartOf\":{\"@id\":\"https:\/\/dev.antudigital.cl\/sites\/vc\/#website\"},\"primaryImageOfPage\":{\"@id\":\"https:\/\/dev.antudigital.cl\/sites\/vc\/expo-virtual-y-presencial-centro-gabriela-mistral-de-villa-alemana-estrena-muestra-de-pintura\/#primaryimage\"},\"image\":{\"@id\":\"https:\/\/dev.antudigital.cl\/sites\/vc\/expo-virtual-y-presencial-centro-gabriela-mistral-de-villa-alemana-estrena-muestra-de-pintura\/#primaryimage\"},\"thumbnailUrl\":\"https:\/\/dev.antudigital.cl\/sites\/vc\/wp-content\/uploads\/2021\/02\/Captura-de-Pantalla-2021-02-15-a-las-18.10.40.png\",\"datePublished\":\"2021-02-15T18:16:22+00:00\",\"author\":{\"@id\":\"https:\/\/dev.antudigital.cl\/sites\/vc\/#\/schema\/person\/81d1dcd51abd542b5dfc00f5f951a0f1\"},\"breadcrumb\":{\"@id\":\"https:\/\/dev.antudigital.cl\/sites\/vc\/expo-virtual-y-presencial-centro-gabriela-mistral-de-villa-alemana-estrena-muestra-de-pintura\/#breadcrumb\"},\"inLanguage\":\"es\",\"potentialAction\":[{\"@type\":\"ReadAction\",\"target\":[\"https:\/\/dev.antudigital.cl\/sites\/vc\/expo-virtual-y-presencial-centro-gabriela-mistral-de-villa-alemana-estrena-muestra-de-pintura\/\"]}]},{\"@type\":\"ImageObject\",\"inLanguage\":\"es\",\"@id\":\"https:\/\/dev.antudigital.cl\/sites\/vc\/expo-virtual-y-presencial-centro-gabriela-mistral-de-villa-alemana-estrena-muestra-de-pintura\/#primaryimage\",\"url\":\"https:\/\/dev.antudigital.cl\/sites\/vc\/wp-content\/uploads\/2021\/02\/Captura-de-Pantalla-2021-02-15-a-las-18.10.40.png\",\"contentUrl\":\"https:\/\/dev.antudigital.cl\/sites\/vc\/wp-content\/uploads\/2021\/02\/Captura-de-Pantalla-2021-02-15-a-las-18.10.40.png\",\"width\":669,\"height\":436},{\"@type\":\"BreadcrumbList\",\"@id\":\"https:\/\/dev.antudigital.cl\/sites\/vc\/expo-virtual-y-presencial-centro-gabriela-mistral-de-villa-alemana-estrena-muestra-de-pintura\/#breadcrumb\",\"itemListElement\":[{\"@type\":\"ListItem\",\"position\":1,\"name\":\"Home\",\"item\":\"https:\/\/dev.antudigital.cl\/sites\/vc\/\"},{\"@type\":\"ListItem\",\"position\":2,\"name\":\"Expo virtual y presencial: Centro Gabriela Mistral de Villa Alemana estrena muestra de pintura\"}]},{\"@type\":\"WebSite\",\"@id\":\"https:\/\/dev.antudigital.cl\/sites\/vc\/#website\",\"url\":\"https:\/\/dev.antudigital.cl\/sites\/vc\/\",\"name\":\"Valpara\u00ed\u00adso Creativo\",\"description\":\"\",\"potentialAction\":[{\"@type\":\"SearchAction\",\"target\":{\"@type\":\"EntryPoint\",\"urlTemplate\":\"https:\/\/dev.antudigital.cl\/sites\/vc\/?s={search_term_string}\"},\"query-input\":{\"@type\":\"PropertyValueSpecification\",\"valueRequired\":true,\"valueName\":\"search_term_string\"}}],\"inLanguage\":\"es\"},{\"@type\":\"Person\",\"@id\":\"https:\/\/dev.antudigital.cl\/sites\/vc\/#\/schema\/person\/81d1dcd51abd542b5dfc00f5f951a0f1\",\"name\":\"Valparaiso Creativo\",\"url\":\"https:\/\/dev.antudigital.cl\/sites\/vc\/author\/valparaiso-creativo\/\"}]}<\/script>\n<!-- \/ Yoast SEO plugin. -->","yoast_head_json":{"title":"Expo virtual y presencial: Centro Gabriela Mistral de Villa Alemana estrena muestra de pintura - Valpara\u00ed\u00adso Creativo","robots":{"index":"index","follow":"follow","max-snippet":"max-snippet:-1","max-image-preview":"max-image-preview:large","max-video-preview":"max-video-preview:-1"},"canonical":"https:\/\/dev.antudigital.cl\/sites\/vc\/expo-virtual-y-presencial-centro-gabriela-mistral-de-villa-alemana-estrena-muestra-de-pintura\/","og_locale":"es_ES","og_type":"article","og_title":"Expo virtual y presencial: Centro Gabriela Mistral de Villa Alemana estrena muestra de pintura - Valpara\u00ed\u00adso Creativo","og_description":"El Centro Cultura y Patrimonio de Villa Alemana a visitar la Expo Virtual y Presencial \u00abDelirismos\u00bb de Alberto Pinto Recabal, una colecci\u00f3n de obras nacidas desde el 2014 como una necesidad expresiva del artista por transitar perspectivas psicod\u00e9licas y febriles de su personalidad identitaria. Alberto es Pintor y Artista Autodidacta, Profesor de Lenguaje y Comunicaci\u00f3n [&hellip;]","og_url":"https:\/\/dev.antudigital.cl\/sites\/vc\/expo-virtual-y-presencial-centro-gabriela-mistral-de-villa-alemana-estrena-muestra-de-pintura\/","og_site_name":"Valpara\u00ed\u00adso Creativo","article_published_time":"2021-02-15T18:16:22+00:00","og_image":[{"width":669,"height":436,"url":"https:\/\/dev.antudigital.cl\/sites\/vc\/wp-content\/uploads\/2021\/02\/Captura-de-Pantalla-2021-02-15-a-las-18.10.40.png","type":"image\/png"}],"author":"Valparaiso Creativo","twitter_card":"summary_large_image","twitter_misc":{"Escrito por":"Valparaiso Creativo","Tiempo de lectura":"1 minuto"},"schema":{"@context":"https:\/\/schema.org","@graph":[{"@type":"Article","@id":"https:\/\/dev.antudigital.cl\/sites\/vc\/expo-virtual-y-presencial-centro-gabriela-mistral-de-villa-alemana-estrena-muestra-de-pintura\/#article","isPartOf":{"@id":"https:\/\/dev.antudigital.cl\/sites\/vc\/expo-virtual-y-presencial-centro-gabriela-mistral-de-villa-alemana-estrena-muestra-de-pintura\/"},"author":{"name":"Valparaiso Creativo","@id":"https:\/\/dev.antudigital.cl\/sites\/vc\/#\/schema\/person\/81d1dcd51abd542b5dfc00f5f951a0f1"},"headline":"Expo virtual y presencial: Centro Gabriela Mistral de Villa Alemana estrena muestra de pintura","datePublished":"2021-02-15T18:16:22+00:00","mainEntityOfPage":{"@id":"https:\/\/dev.antudigital.cl\/sites\/vc\/expo-virtual-y-presencial-centro-gabriela-mistral-de-villa-alemana-estrena-muestra-de-pintura\/"},"wordCount":149,"image":{"@id":"https:\/\/dev.antudigital.cl\/sites\/vc\/expo-virtual-y-presencial-centro-gabriela-mistral-de-villa-alemana-estrena-muestra-de-pintura\/#primaryimage"},"thumbnailUrl":"https:\/\/dev.antudigital.cl\/sites\/vc\/wp-content\/uploads\/2021\/02\/Captura-de-Pantalla-2021-02-15-a-las-18.10.40.png","articleSection":["Noticia"],"inLanguage":"es"},{"@type":"WebPage","@id":"https:\/\/dev.antudigital.cl\/sites\/vc\/expo-virtual-y-presencial-centro-gabriela-mistral-de-villa-alemana-estrena-muestra-de-pintura\/","url":"https:\/\/dev.antudigital.cl\/sites\/vc\/expo-virtual-y-presencial-centro-gabriela-mistral-de-villa-alemana-estrena-muestra-de-pintura\/","name":"Expo virtual y presencial: Centro Gabriela Mistral de Villa Alemana estrena muestra de pintura - Valpara\u00ed\u00adso Creativo","isPartOf":{"@id":"https:\/\/dev.antudigital.cl\/sites\/vc\/#website"},"primaryImageOfPage":{"@id":"https:\/\/dev.antudigital.cl\/sites\/vc\/expo-virtual-y-presencial-centro-gabriela-mistral-de-villa-alemana-estrena-muestra-de-pintura\/#primaryimage"},"image":{"@id":"https:\/\/dev.antudigital.cl\/sites\/vc\/expo-virtual-y-presencial-centro-gabriela-mistral-de-villa-alemana-estrena-muestra-de-pintura\/#primaryimage"},"thumbnailUrl":"https:\/\/dev.antudigital.cl\/sites\/vc\/wp-content\/uploads\/2021\/02\/Captura-de-Pantalla-2021-02-15-a-las-18.10.40.png","datePublished":"2021-02-15T18:16:22+00:00","author":{"@id":"https:\/\/dev.antudigital.cl\/sites\/vc\/#\/schema\/person\/81d1dcd51abd542b5dfc00f5f951a0f1"},"breadcrumb":{"@id":"https:\/\/dev.antudigital.cl\/sites\/vc\/expo-virtual-y-presencial-centro-gabriela-mistral-de-villa-alemana-estrena-muestra-de-pintura\/#breadcrumb"},"inLanguage":"es","potentialAction":[{"@type":"ReadAction","target":["https:\/\/dev.antudigital.cl\/sites\/vc\/expo-virtual-y-presencial-centro-gabriela-mistral-de-villa-alemana-estrena-muestra-de-pintura\/"]}]},{"@type":"ImageObject","inLanguage":"es","@id":"https:\/\/dev.antudigital.cl\/sites\/vc\/expo-virtual-y-presencial-centro-gabriela-mistral-de-villa-alemana-estrena-muestra-de-pintura\/#primaryimage","url":"https:\/\/dev.antudigital.cl\/sites\/vc\/wp-content\/uploads\/2021\/02\/Captura-de-Pantalla-2021-02-15-a-las-18.10.40.png","contentUrl":"https:\/\/dev.antudigital.cl\/sites\/vc\/wp-content\/uploads\/2021\/02\/Captura-de-Pantalla-2021-02-15-a-las-18.10.40.png","width":669,"height":436},{"@type":"BreadcrumbList","@id":"https:\/\/dev.antudigital.cl\/sites\/vc\/expo-virtual-y-presencial-centro-gabriela-mistral-de-villa-alemana-estrena-muestra-de-pintura\/#breadcrumb","itemListElement":[{"@type":"ListItem","position":1,"name":"Home","item":"https:\/\/dev.antudigital.cl\/sites\/vc\/"},{"@type":"ListItem","position":2,"name":"Expo virtual y presencial: Centro Gabriela Mistral de Villa Alemana estrena muestra de pintura"}]},{"@type":"WebSite","@id":"https:\/\/dev.antudigital.cl\/sites\/vc\/#website","url":"https:\/\/dev.antudigital.cl\/sites\/vc\/","name":"Valpara\u00ed\u00adso Creativo","description":"","potentialAction":[{"@type":"SearchAction","target":{"@type":"EntryPoint","urlTemplate":"https:\/\/dev.antudigital.cl\/sites\/vc\/?s={search_term_string}"},"query-input":{"@type":"PropertyValueSpecification","valueRequired":true,"valueName":"search_term_string"}}],"inLanguage":"es"},{"@type":"Person","@id":"https:\/\/dev.antudigital.cl\/sites\/vc\/#\/schema\/person\/81d1dcd51abd542b5dfc00f5f951a0f1","name":"Valparaiso Creativo","url":"https:\/\/dev.antudigital.cl\/sites\/vc\/author\/valparaiso-creativo\/"}]}},"_links":{"self":[{"href":"https:\/\/dev.antudigital.cl\/sites\/vc\/wp-json\/wp\/v2\/posts\/8269","targetHints":{"allow":["GET"]}}],"collection":[{"href":"https:\/\/dev.antudigital.cl\/sites\/vc\/wp-json\/wp\/v2\/posts"}],"about":[{"href":"https:\/\/dev.antudigital.cl\/sites\/vc\/wp-json\/wp\/v2\/types\/post"}],"author":[{"embeddable":true,"href":"https:\/\/dev.antudigital.cl\/sites\/vc\/wp-json\/wp\/v2\/users\/3"}],"replies":[{"embeddable":true,"href":"https:\/\/dev.antudigital.cl\/sites\/vc\/wp-json\/wp\/v2\/comments?post=8269"}],"version-history":[{"count":0,"href":"https:\/\/dev.antudigital.cl\/sites\/vc\/wp-json\/wp\/v2\/posts\/8269\/revisions"}],"wp:featuredmedia":[{"embeddable":true,"href":"https:\/\/dev.antudigital.cl\/sites\/vc\/wp-json\/wp\/v2\/media\/8270"}],"wp:attachment":[{"href":"https:\/\/dev.antudigital.cl\/sites\/vc\/wp-json\/wp\/v2\/media?parent=8269"}],"wp:term":[{"taxonomy":"category","embeddable":true,"href":"https:\/\/dev.antudigital.cl\/sites\/vc\/wp-json\/wp\/v2\/categories?post=8269"},{"taxonomy":"post_tag","embeddable":true,"href":"https:\/\/dev.antudigital.cl\/sites\/vc\/wp-json\/wp\/v2\/tags?post=8269"}],"curies":[{"name":"wp","href":"https:\/\/api.w.org\/{rel}","templated":true}]}}