{"id":8271,"date":"2021-02-15T18:04:28","date_gmt":"2021-02-15T18:04:28","guid":{"rendered":"https:\/\/www.valparaisocreativo.cl\/?p=5942"},"modified":"2021-12-23T23:23:14","modified_gmt":"2021-12-23T23:23:14","slug":"ya-puedes-asistir-a-la-33va-version-de-la-feria-del-libro-independiente-de-valparaiso","status":"publish","type":"post","link":"https:\/\/dev.antudigital.cl\/sites\/vc\/ya-puedes-asistir-a-la-33va-version-de-la-feria-del-libro-independiente-de-valparaiso\/","title":{"rendered":"\u00a1Ya puedes asistir a la 33va versi\u00f3n de la Feria del Libro Independiente de Valpara\u00edso!"},"content":{"rendered":"<p><strong>Este 16, 17, 18 y 19 de febrero se realizar\u00e1, entre las 10.00 y 16.30 horas,\u00a0 la versi\u00f3n n\u00famero 33 de la <a href=\"https:\/\/web.facebook.com\/FerialibroindependienteValparaiso\/?_rdc=1&amp;_rdr\"><em>Feria del Libro Independiente de Valpara\u00edso<\/em><\/a> en la explanada del Parque Cultural de Valpara\u00edso, cuyo objetivo principal es apoyar a las editoriales y a la cadena del libro por la compleja situaci\u00f3n sanitaria y econ\u00f3mica en que se encuentran muchos y muchas creadoras, quienes han visto mermadas sus posibilidades laborales de manera presencial.<\/strong><\/p>\n<p>La feria del libro, que se realizar\u00e1 en la explanada del Parque Cultural de Valpara\u00edso (ubicado en calle C\u00e1rcel 471) es de car\u00e1cter gratuita y abierta a todo p\u00fablico, y participar\u00e1n m\u00e1s de 20 editoriales de la regi\u00f3n, y otras de distintos puntos de Chile como Talca o Santiago, as\u00ed como librer\u00edas de la zona, algunas de ellas son: Ediciones libros del cardo, Ediciones mimesis, Communes, Kindberg, Cuarto propio, Narrativa Punto Aparte, Emergencia Narrativa, Ventanitas Libros Infantiles, Aldea Editorial, Calcetines Animados Editorial y Audiovisual, Ilustraverde, Librer\u00eda Amuleto, Librer\u00eda gatos ilustres, Ediciones Perif\u00e9ricas, entre otras.<\/p>\n<h3>Adem\u00e1s, se presentar\u00e1 todos los d\u00edas de la feria, entre las 11:30 y 13:30 hrs, la Trilog\u00eda Valpara\u00edso en Lambe Lambe de la Compa\u00f1\u00eda OANI Teatro. Las obras que se exhibir\u00e1n son D\u00eda de volant\u00edn, El perro bavarito y Amores de puerto.<\/h3>\n<p>En cuanto a las medidas: se permitir\u00e1 un aforo de 20 personas que deben tomar turnos de rotaci\u00f3n cada 20 minutos.<\/p>\n<p>Este esfuerzo conjunto entre el Plan Regional de Lectura de la Seremi de las Culturas, las Artes y el Patrimonio de Valpara\u00edso, el Parque Cultural de Valpara\u00edso, Bibliometro Valpara\u00edso y el Observatorio del Libro de Valpara\u00edso, es parte de una alianza de trabajo que contendr\u00e1 desde este a\u00f1o actividades de fomento lector en distintos formatos y para distintas edades, adapt\u00e1ndose a la nuevas necesidades y escenarios de rearticulaci\u00f3n cultural, innovando en la entrega de contenidos.<\/p>\n","protected":false},"excerpt":{"rendered":"<p>Este 16, 17, 18 y 19 de febrero se realizar\u00e1, entre las 10.00 y 16.30 horas,\u00a0 la versi\u00f3n n\u00famero 33 de la Feria del Libro Independiente de Valpara\u00edso en la explanada del Parque Cultural de Valpara\u00edso, cuyo objetivo principal es apoyar a las editoriales y a la cadena del libro por la compleja situaci\u00f3n sanitaria [&hellip;]<\/p>\n","protected":false},"author":3,"featured_media":8275,"comment_status":"closed","ping_status":"closed","sticky":false,"template":"","format":"standard","meta":{"_acf_changed":false,"footnotes":""},"categories":[8],"tags":[],"class_list":["post-8271","post","type-post","status-publish","format-standard","has-post-thumbnail","hentry","category-noticia"],"acf":[],"yoast_head":"<!-- This site is optimized with the Yoast SEO plugin v27.1.1 - https:\/\/yoast.com\/product\/yoast-seo-wordpress\/ -->\n<title>\u00a1Ya puedes asistir a la 33va versi\u00f3n de la Feria del Libro Independiente de Valpara\u00edso! - Valpara\u00ed\u00adso Creativo<\/title>\n<meta name=\"robots\" content=\"index, follow, max-snippet:-1, max-image-preview:large, max-video-preview:-1\" \/>\n<link rel=\"canonical\" href=\"https:\/\/dev.antudigital.cl\/sites\/vc\/ya-puedes-asistir-a-la-33va-version-de-la-feria-del-libro-independiente-de-valparaiso\/\" \/>\n<meta property=\"og:locale\" content=\"es_ES\" \/>\n<meta property=\"og:type\" content=\"article\" \/>\n<meta property=\"og:title\" content=\"\u00a1Ya puedes asistir a la 33va versi\u00f3n de la Feria del Libro Independiente de Valpara\u00edso! - Valpara\u00ed\u00adso Creativo\" \/>\n<meta property=\"og:description\" content=\"Este 16, 17, 18 y 19 de febrero se realizar\u00e1, entre las 10.00 y 16.30 horas,\u00a0 la versi\u00f3n n\u00famero 33 de la Feria del Libro Independiente de Valpara\u00edso en la explanada del Parque Cultural de Valpara\u00edso, cuyo objetivo principal es apoyar a las editoriales y a la cadena del libro por la compleja situaci\u00f3n sanitaria [&hellip;]\" \/>\n<meta property=\"og:url\" content=\"https:\/\/dev.antudigital.cl\/sites\/vc\/ya-puedes-asistir-a-la-33va-version-de-la-feria-del-libro-independiente-de-valparaiso\/\" \/>\n<meta property=\"og:site_name\" content=\"Valpara\u00ed\u00adso Creativo\" \/>\n<meta property=\"article:published_time\" content=\"2021-02-15T18:04:28+00:00\" \/>\n<meta property=\"article:modified_time\" content=\"2021-12-23T23:23:14+00:00\" \/>\n<meta property=\"og:image\" content=\"https:\/\/dev.antudigital.cl\/sites\/vc\/wp-content\/uploads\/2021\/02\/FLIV-portada.jpg\" \/>\n\t<meta property=\"og:image:width\" content=\"1283\" \/>\n\t<meta property=\"og:image:height\" content=\"478\" \/>\n\t<meta property=\"og:image:type\" content=\"image\/jpeg\" \/>\n<meta name=\"author\" content=\"Valparaiso Creativo\" \/>\n<meta name=\"twitter:card\" content=\"summary_large_image\" \/>\n<meta name=\"twitter:label1\" content=\"Escrito por\" \/>\n\t<meta name=\"twitter:data1\" content=\"Valparaiso Creativo\" \/>\n\t<meta name=\"twitter:label2\" content=\"Tiempo de lectura\" \/>\n\t<meta name=\"twitter:data2\" content=\"2 minutos\" \/>\n<script type=\"application\/ld+json\" class=\"yoast-schema-graph\">{\"@context\":\"https:\/\/schema.org\",\"@graph\":[{\"@type\":\"Article\",\"@id\":\"https:\/\/dev.antudigital.cl\/sites\/vc\/ya-puedes-asistir-a-la-33va-version-de-la-feria-del-libro-independiente-de-valparaiso\/#article\",\"isPartOf\":{\"@id\":\"https:\/\/dev.antudigital.cl\/sites\/vc\/ya-puedes-asistir-a-la-33va-version-de-la-feria-del-libro-independiente-de-valparaiso\/\"},\"author\":{\"name\":\"Valparaiso Creativo\",\"@id\":\"https:\/\/dev.antudigital.cl\/sites\/vc\/#\/schema\/person\/81d1dcd51abd542b5dfc00f5f951a0f1\"},\"headline\":\"\u00a1Ya puedes asistir a la 33va versi\u00f3n de la Feria del Libro Independiente de Valpara\u00edso!\",\"datePublished\":\"2021-02-15T18:04:28+00:00\",\"dateModified\":\"2021-12-23T23:23:14+00:00\",\"mainEntityOfPage\":{\"@id\":\"https:\/\/dev.antudigital.cl\/sites\/vc\/ya-puedes-asistir-a-la-33va-version-de-la-feria-del-libro-independiente-de-valparaiso\/\"},\"wordCount\":344,\"image\":{\"@id\":\"https:\/\/dev.antudigital.cl\/sites\/vc\/ya-puedes-asistir-a-la-33va-version-de-la-feria-del-libro-independiente-de-valparaiso\/#primaryimage\"},\"thumbnailUrl\":\"https:\/\/dev.antudigital.cl\/sites\/vc\/wp-content\/uploads\/2021\/02\/FLIV-portada.jpg\",\"articleSection\":[\"Noticia\"],\"inLanguage\":\"es\"},{\"@type\":\"WebPage\",\"@id\":\"https:\/\/dev.antudigital.cl\/sites\/vc\/ya-puedes-asistir-a-la-33va-version-de-la-feria-del-libro-independiente-de-valparaiso\/\",\"url\":\"https:\/\/dev.antudigital.cl\/sites\/vc\/ya-puedes-asistir-a-la-33va-version-de-la-feria-del-libro-independiente-de-valparaiso\/\",\"name\":\"\u00a1Ya puedes asistir a la 33va versi\u00f3n de la Feria del Libro Independiente de Valpara\u00edso! - Valpara\u00ed\u00adso Creativo\",\"isPartOf\":{\"@id\":\"https:\/\/dev.antudigital.cl\/sites\/vc\/#website\"},\"primaryImageOfPage\":{\"@id\":\"https:\/\/dev.antudigital.cl\/sites\/vc\/ya-puedes-asistir-a-la-33va-version-de-la-feria-del-libro-independiente-de-valparaiso\/#primaryimage\"},\"image\":{\"@id\":\"https:\/\/dev.antudigital.cl\/sites\/vc\/ya-puedes-asistir-a-la-33va-version-de-la-feria-del-libro-independiente-de-valparaiso\/#primaryimage\"},\"thumbnailUrl\":\"https:\/\/dev.antudigital.cl\/sites\/vc\/wp-content\/uploads\/2021\/02\/FLIV-portada.jpg\",\"datePublished\":\"2021-02-15T18:04:28+00:00\",\"dateModified\":\"2021-12-23T23:23:14+00:00\",\"author\":{\"@id\":\"https:\/\/dev.antudigital.cl\/sites\/vc\/#\/schema\/person\/81d1dcd51abd542b5dfc00f5f951a0f1\"},\"breadcrumb\":{\"@id\":\"https:\/\/dev.antudigital.cl\/sites\/vc\/ya-puedes-asistir-a-la-33va-version-de-la-feria-del-libro-independiente-de-valparaiso\/#breadcrumb\"},\"inLanguage\":\"es\",\"potentialAction\":[{\"@type\":\"ReadAction\",\"target\":[\"https:\/\/dev.antudigital.cl\/sites\/vc\/ya-puedes-asistir-a-la-33va-version-de-la-feria-del-libro-independiente-de-valparaiso\/\"]}]},{\"@type\":\"ImageObject\",\"inLanguage\":\"es\",\"@id\":\"https:\/\/dev.antudigital.cl\/sites\/vc\/ya-puedes-asistir-a-la-33va-version-de-la-feria-del-libro-independiente-de-valparaiso\/#primaryimage\",\"url\":\"https:\/\/dev.antudigital.cl\/sites\/vc\/wp-content\/uploads\/2021\/02\/FLIV-portada.jpg\",\"contentUrl\":\"https:\/\/dev.antudigital.cl\/sites\/vc\/wp-content\/uploads\/2021\/02\/FLIV-portada.jpg\",\"width\":1283,\"height\":478},{\"@type\":\"BreadcrumbList\",\"@id\":\"https:\/\/dev.antudigital.cl\/sites\/vc\/ya-puedes-asistir-a-la-33va-version-de-la-feria-del-libro-independiente-de-valparaiso\/#breadcrumb\",\"itemListElement\":[{\"@type\":\"ListItem\",\"position\":1,\"name\":\"Home\",\"item\":\"https:\/\/dev.antudigital.cl\/sites\/vc\/\"},{\"@type\":\"ListItem\",\"position\":2,\"name\":\"\u00a1Ya puedes asistir a la 33va versi\u00f3n de la Feria del Libro Independiente de Valpara\u00edso!\"}]},{\"@type\":\"WebSite\",\"@id\":\"https:\/\/dev.antudigital.cl\/sites\/vc\/#website\",\"url\":\"https:\/\/dev.antudigital.cl\/sites\/vc\/\",\"name\":\"Valpara\u00ed\u00adso Creativo\",\"description\":\"\",\"potentialAction\":[{\"@type\":\"SearchAction\",\"target\":{\"@type\":\"EntryPoint\",\"urlTemplate\":\"https:\/\/dev.antudigital.cl\/sites\/vc\/?s={search_term_string}\"},\"query-input\":{\"@type\":\"PropertyValueSpecification\",\"valueRequired\":true,\"valueName\":\"search_term_string\"}}],\"inLanguage\":\"es\"},{\"@type\":\"Person\",\"@id\":\"https:\/\/dev.antudigital.cl\/sites\/vc\/#\/schema\/person\/81d1dcd51abd542b5dfc00f5f951a0f1\",\"name\":\"Valparaiso Creativo\",\"url\":\"https:\/\/dev.antudigital.cl\/sites\/vc\/author\/valparaiso-creativo\/\"}]}<\/script>\n<!-- \/ Yoast SEO plugin. -->","yoast_head_json":{"title":"\u00a1Ya puedes asistir a la 33va versi\u00f3n de la Feria del Libro Independiente de Valpara\u00edso! - Valpara\u00ed\u00adso Creativo","robots":{"index":"index","follow":"follow","max-snippet":"max-snippet:-1","max-image-preview":"max-image-preview:large","max-video-preview":"max-video-preview:-1"},"canonical":"https:\/\/dev.antudigital.cl\/sites\/vc\/ya-puedes-asistir-a-la-33va-version-de-la-feria-del-libro-independiente-de-valparaiso\/","og_locale":"es_ES","og_type":"article","og_title":"\u00a1Ya puedes asistir a la 33va versi\u00f3n de la Feria del Libro Independiente de Valpara\u00edso! - Valpara\u00ed\u00adso Creativo","og_description":"Este 16, 17, 18 y 19 de febrero se realizar\u00e1, entre las 10.00 y 16.30 horas,\u00a0 la versi\u00f3n n\u00famero 33 de la Feria del Libro Independiente de Valpara\u00edso en la explanada del Parque Cultural de Valpara\u00edso, cuyo objetivo principal es apoyar a las editoriales y a la cadena del libro por la compleja situaci\u00f3n sanitaria [&hellip;]","og_url":"https:\/\/dev.antudigital.cl\/sites\/vc\/ya-puedes-asistir-a-la-33va-version-de-la-feria-del-libro-independiente-de-valparaiso\/","og_site_name":"Valpara\u00ed\u00adso Creativo","article_published_time":"2021-02-15T18:04:28+00:00","article_modified_time":"2021-12-23T23:23:14+00:00","og_image":[{"width":1283,"height":478,"url":"https:\/\/dev.antudigital.cl\/sites\/vc\/wp-content\/uploads\/2021\/02\/FLIV-portada.jpg","type":"image\/jpeg"}],"author":"Valparaiso Creativo","twitter_card":"summary_large_image","twitter_misc":{"Escrito por":"Valparaiso Creativo","Tiempo de lectura":"2 minutos"},"schema":{"@context":"https:\/\/schema.org","@graph":[{"@type":"Article","@id":"https:\/\/dev.antudigital.cl\/sites\/vc\/ya-puedes-asistir-a-la-33va-version-de-la-feria-del-libro-independiente-de-valparaiso\/#article","isPartOf":{"@id":"https:\/\/dev.antudigital.cl\/sites\/vc\/ya-puedes-asistir-a-la-33va-version-de-la-feria-del-libro-independiente-de-valparaiso\/"},"author":{"name":"Valparaiso Creativo","@id":"https:\/\/dev.antudigital.cl\/sites\/vc\/#\/schema\/person\/81d1dcd51abd542b5dfc00f5f951a0f1"},"headline":"\u00a1Ya puedes asistir a la 33va versi\u00f3n de la Feria del Libro Independiente de Valpara\u00edso!","datePublished":"2021-02-15T18:04:28+00:00","dateModified":"2021-12-23T23:23:14+00:00","mainEntityOfPage":{"@id":"https:\/\/dev.antudigital.cl\/sites\/vc\/ya-puedes-asistir-a-la-33va-version-de-la-feria-del-libro-independiente-de-valparaiso\/"},"wordCount":344,"image":{"@id":"https:\/\/dev.antudigital.cl\/sites\/vc\/ya-puedes-asistir-a-la-33va-version-de-la-feria-del-libro-independiente-de-valparaiso\/#primaryimage"},"thumbnailUrl":"https:\/\/dev.antudigital.cl\/sites\/vc\/wp-content\/uploads\/2021\/02\/FLIV-portada.jpg","articleSection":["Noticia"],"inLanguage":"es"},{"@type":"WebPage","@id":"https:\/\/dev.antudigital.cl\/sites\/vc\/ya-puedes-asistir-a-la-33va-version-de-la-feria-del-libro-independiente-de-valparaiso\/","url":"https:\/\/dev.antudigital.cl\/sites\/vc\/ya-puedes-asistir-a-la-33va-version-de-la-feria-del-libro-independiente-de-valparaiso\/","name":"\u00a1Ya puedes asistir a la 33va versi\u00f3n de la Feria del Libro Independiente de Valpara\u00edso! - Valpara\u00ed\u00adso Creativo","isPartOf":{"@id":"https:\/\/dev.antudigital.cl\/sites\/vc\/#website"},"primaryImageOfPage":{"@id":"https:\/\/dev.antudigital.cl\/sites\/vc\/ya-puedes-asistir-a-la-33va-version-de-la-feria-del-libro-independiente-de-valparaiso\/#primaryimage"},"image":{"@id":"https:\/\/dev.antudigital.cl\/sites\/vc\/ya-puedes-asistir-a-la-33va-version-de-la-feria-del-libro-independiente-de-valparaiso\/#primaryimage"},"thumbnailUrl":"https:\/\/dev.antudigital.cl\/sites\/vc\/wp-content\/uploads\/2021\/02\/FLIV-portada.jpg","datePublished":"2021-02-15T18:04:28+00:00","dateModified":"2021-12-23T23:23:14+00:00","author":{"@id":"https:\/\/dev.antudigital.cl\/sites\/vc\/#\/schema\/person\/81d1dcd51abd542b5dfc00f5f951a0f1"},"breadcrumb":{"@id":"https:\/\/dev.antudigital.cl\/sites\/vc\/ya-puedes-asistir-a-la-33va-version-de-la-feria-del-libro-independiente-de-valparaiso\/#breadcrumb"},"inLanguage":"es","potentialAction":[{"@type":"ReadAction","target":["https:\/\/dev.antudigital.cl\/sites\/vc\/ya-puedes-asistir-a-la-33va-version-de-la-feria-del-libro-independiente-de-valparaiso\/"]}]},{"@type":"ImageObject","inLanguage":"es","@id":"https:\/\/dev.antudigital.cl\/sites\/vc\/ya-puedes-asistir-a-la-33va-version-de-la-feria-del-libro-independiente-de-valparaiso\/#primaryimage","url":"https:\/\/dev.antudigital.cl\/sites\/vc\/wp-content\/uploads\/2021\/02\/FLIV-portada.jpg","contentUrl":"https:\/\/dev.antudigital.cl\/sites\/vc\/wp-content\/uploads\/2021\/02\/FLIV-portada.jpg","width":1283,"height":478},{"@type":"BreadcrumbList","@id":"https:\/\/dev.antudigital.cl\/sites\/vc\/ya-puedes-asistir-a-la-33va-version-de-la-feria-del-libro-independiente-de-valparaiso\/#breadcrumb","itemListElement":[{"@type":"ListItem","position":1,"name":"Home","item":"https:\/\/dev.antudigital.cl\/sites\/vc\/"},{"@type":"ListItem","position":2,"name":"\u00a1Ya puedes asistir a la 33va versi\u00f3n de la Feria del Libro Independiente de Valpara\u00edso!"}]},{"@type":"WebSite","@id":"https:\/\/dev.antudigital.cl\/sites\/vc\/#website","url":"https:\/\/dev.antudigital.cl\/sites\/vc\/","name":"Valpara\u00ed\u00adso Creativo","description":"","potentialAction":[{"@type":"SearchAction","target":{"@type":"EntryPoint","urlTemplate":"https:\/\/dev.antudigital.cl\/sites\/vc\/?s={search_term_string}"},"query-input":{"@type":"PropertyValueSpecification","valueRequired":true,"valueName":"search_term_string"}}],"inLanguage":"es"},{"@type":"Person","@id":"https:\/\/dev.antudigital.cl\/sites\/vc\/#\/schema\/person\/81d1dcd51abd542b5dfc00f5f951a0f1","name":"Valparaiso Creativo","url":"https:\/\/dev.antudigital.cl\/sites\/vc\/author\/valparaiso-creativo\/"}]}},"_links":{"self":[{"href":"https:\/\/dev.antudigital.cl\/sites\/vc\/wp-json\/wp\/v2\/posts\/8271","targetHints":{"allow":["GET"]}}],"collection":[{"href":"https:\/\/dev.antudigital.cl\/sites\/vc\/wp-json\/wp\/v2\/posts"}],"about":[{"href":"https:\/\/dev.antudigital.cl\/sites\/vc\/wp-json\/wp\/v2\/types\/post"}],"author":[{"embeddable":true,"href":"https:\/\/dev.antudigital.cl\/sites\/vc\/wp-json\/wp\/v2\/users\/3"}],"replies":[{"embeddable":true,"href":"https:\/\/dev.antudigital.cl\/sites\/vc\/wp-json\/wp\/v2\/comments?post=8271"}],"version-history":[{"count":3,"href":"https:\/\/dev.antudigital.cl\/sites\/vc\/wp-json\/wp\/v2\/posts\/8271\/revisions"}],"predecessor-version":[{"id":8277,"href":"https:\/\/dev.antudigital.cl\/sites\/vc\/wp-json\/wp\/v2\/posts\/8271\/revisions\/8277"}],"wp:featuredmedia":[{"embeddable":true,"href":"https:\/\/dev.antudigital.cl\/sites\/vc\/wp-json\/wp\/v2\/media\/8275"}],"wp:attachment":[{"href":"https:\/\/dev.antudigital.cl\/sites\/vc\/wp-json\/wp\/v2\/media?parent=8271"}],"wp:term":[{"taxonomy":"category","embeddable":true,"href":"https:\/\/dev.antudigital.cl\/sites\/vc\/wp-json\/wp\/v2\/categories?post=8271"},{"taxonomy":"post_tag","embeddable":true,"href":"https:\/\/dev.antudigital.cl\/sites\/vc\/wp-json\/wp\/v2\/tags?post=8271"}],"curies":[{"name":"wp","href":"https:\/\/api.w.org\/{rel}","templated":true}]}}