{"id":8278,"date":"2021-02-09T18:01:45","date_gmt":"2021-02-09T18:01:45","guid":{"rendered":"https:\/\/www.valparaisocreativo.cl\/?p=5930"},"modified":"2021-02-09T18:01:45","modified_gmt":"2021-02-09T18:01:45","slug":"escucha-el-nuevo-vestir-el-podcast-de-moda-por-quinta-trends","status":"publish","type":"post","link":"https:\/\/dev.antudigital.cl\/sites\/vc\/escucha-el-nuevo-vestir-el-podcast-de-moda-por-quinta-trends\/","title":{"rendered":"Escucha \u00abEl nuevo vestir\u00bb, el podcast de moda por Quinta Trends"},"content":{"rendered":"<p>Sof\u00eda Calvo (Quinta Trends) estren\u00f3 <strong>El nuevo vestir, <\/strong>podcast enfocado en moda acerca de tem\u00e1ticas como innovaci\u00f3n, tendencias, sostenibilidad, entre otros. Este proyecto lleva tiempo siendo un espacio en redes sociales y modo blog, hasta que hoy adquiere la caracter\u00edstica del audio para expresar a\u00fan m\u00e1s: por ejemplo como hablar de consumo responsable.<\/p>\n<p>Esto es el inicio de nuevos proyectos que tienen para este 2021. <a href=\"https:\/\/www.instagram.com\/elnuevovestir\/\">El nuevo vestir<\/a> comenz\u00f3 como un libro, y es un espacio que busca educar, entregar<span class=\"\"> herramientas concretas para la acci\u00f3n desde un lenguaje simple y directo. Todo siempre respecto a la moda.<\/span><\/p>\n<p>Ahora est\u00e1 al aire el cap\u00edtulo 1, y se ir\u00e1n revelando m\u00e1s poco a poco. Si te interesa el dise\u00f1o, consumo responsable, sustentabilidad y m\u00e1s, no te lo pierdas:<\/p>\n<p><iframe src=\"https:\/\/open.spotify.com\/embed-podcast\/show\/4SUry1YDcl9r9hzqeeHLlf\" width=\"100%\" height=\"232\" frameborder=\"0\"><\/iframe><\/p>\n","protected":false},"excerpt":{"rendered":"<p>Sof\u00eda Calvo (Quinta Trends) estren\u00f3 El nuevo vestir, podcast enfocado en moda acerca de tem\u00e1ticas como innovaci\u00f3n, tendencias, sostenibilidad, entre otros. Este proyecto lleva tiempo siendo un espacio en redes sociales y modo blog, hasta que hoy adquiere la caracter\u00edstica del audio para expresar a\u00fan m\u00e1s: por ejemplo como hablar de consumo responsable. Esto es [&hellip;]<\/p>\n","protected":false},"author":3,"featured_media":8279,"comment_status":"closed","ping_status":"closed","sticky":false,"template":"","format":"standard","meta":{"_acf_changed":false,"footnotes":""},"categories":[8],"tags":[],"class_list":["post-8278","post","type-post","status-publish","format-standard","has-post-thumbnail","hentry","category-noticia"],"acf":[],"yoast_head":"<!-- This site is optimized with the Yoast SEO plugin v27.1.1 - https:\/\/yoast.com\/product\/yoast-seo-wordpress\/ -->\n<title>Escucha &quot;El nuevo vestir&quot;, el podcast de moda por Quinta Trends - Valpara\u00ed\u00adso Creativo<\/title>\n<meta name=\"robots\" content=\"index, follow, max-snippet:-1, max-image-preview:large, max-video-preview:-1\" \/>\n<link rel=\"canonical\" href=\"https:\/\/dev.antudigital.cl\/sites\/vc\/escucha-el-nuevo-vestir-el-podcast-de-moda-por-quinta-trends\/\" \/>\n<meta property=\"og:locale\" content=\"es_ES\" \/>\n<meta property=\"og:type\" content=\"article\" \/>\n<meta property=\"og:title\" content=\"Escucha &quot;El nuevo vestir&quot;, el podcast de moda por Quinta Trends - Valpara\u00ed\u00adso Creativo\" \/>\n<meta property=\"og:description\" content=\"Sof\u00eda Calvo (Quinta Trends) estren\u00f3 El nuevo vestir, podcast enfocado en moda acerca de tem\u00e1ticas como innovaci\u00f3n, tendencias, sostenibilidad, entre otros. Este proyecto lleva tiempo siendo un espacio en redes sociales y modo blog, hasta que hoy adquiere la caracter\u00edstica del audio para expresar a\u00fan m\u00e1s: por ejemplo como hablar de consumo responsable. Esto es [&hellip;]\" \/>\n<meta property=\"og:url\" content=\"https:\/\/dev.antudigital.cl\/sites\/vc\/escucha-el-nuevo-vestir-el-podcast-de-moda-por-quinta-trends\/\" \/>\n<meta property=\"og:site_name\" content=\"Valpara\u00ed\u00adso Creativo\" \/>\n<meta property=\"article:published_time\" content=\"2021-02-09T18:01:45+00:00\" \/>\n<meta property=\"og:image\" content=\"https:\/\/dev.antudigital.cl\/sites\/vc\/wp-content\/uploads\/2021\/02\/El-nuevo-vestir.jpg\" \/>\n\t<meta property=\"og:image:width\" content=\"1097\" \/>\n\t<meta property=\"og:image:height\" content=\"660\" \/>\n\t<meta property=\"og:image:type\" content=\"image\/jpeg\" \/>\n<meta name=\"author\" content=\"Valparaiso Creativo\" \/>\n<meta name=\"twitter:card\" content=\"summary_large_image\" \/>\n<meta name=\"twitter:label1\" content=\"Escrito por\" \/>\n\t<meta name=\"twitter:data1\" content=\"Valparaiso Creativo\" \/>\n\t<meta name=\"twitter:label2\" content=\"Tiempo de lectura\" \/>\n\t<meta name=\"twitter:data2\" content=\"1 minuto\" \/>\n<script type=\"application\/ld+json\" class=\"yoast-schema-graph\">{\"@context\":\"https:\/\/schema.org\",\"@graph\":[{\"@type\":\"Article\",\"@id\":\"https:\/\/dev.antudigital.cl\/sites\/vc\/escucha-el-nuevo-vestir-el-podcast-de-moda-por-quinta-trends\/#article\",\"isPartOf\":{\"@id\":\"https:\/\/dev.antudigital.cl\/sites\/vc\/escucha-el-nuevo-vestir-el-podcast-de-moda-por-quinta-trends\/\"},\"author\":{\"name\":\"Valparaiso Creativo\",\"@id\":\"https:\/\/dev.antudigital.cl\/sites\/vc\/#\/schema\/person\/81d1dcd51abd542b5dfc00f5f951a0f1\"},\"headline\":\"Escucha \u00abEl nuevo vestir\u00bb, el podcast de moda por Quinta Trends\",\"datePublished\":\"2021-02-09T18:01:45+00:00\",\"mainEntityOfPage\":{\"@id\":\"https:\/\/dev.antudigital.cl\/sites\/vc\/escucha-el-nuevo-vestir-el-podcast-de-moda-por-quinta-trends\/\"},\"wordCount\":147,\"image\":{\"@id\":\"https:\/\/dev.antudigital.cl\/sites\/vc\/escucha-el-nuevo-vestir-el-podcast-de-moda-por-quinta-trends\/#primaryimage\"},\"thumbnailUrl\":\"https:\/\/dev.antudigital.cl\/sites\/vc\/wp-content\/uploads\/2021\/02\/El-nuevo-vestir.jpg\",\"articleSection\":[\"Noticia\"],\"inLanguage\":\"es\"},{\"@type\":\"WebPage\",\"@id\":\"https:\/\/dev.antudigital.cl\/sites\/vc\/escucha-el-nuevo-vestir-el-podcast-de-moda-por-quinta-trends\/\",\"url\":\"https:\/\/dev.antudigital.cl\/sites\/vc\/escucha-el-nuevo-vestir-el-podcast-de-moda-por-quinta-trends\/\",\"name\":\"Escucha \\\"El nuevo vestir\\\", el podcast de moda por Quinta Trends - Valpara\u00ed\u00adso Creativo\",\"isPartOf\":{\"@id\":\"https:\/\/dev.antudigital.cl\/sites\/vc\/#website\"},\"primaryImageOfPage\":{\"@id\":\"https:\/\/dev.antudigital.cl\/sites\/vc\/escucha-el-nuevo-vestir-el-podcast-de-moda-por-quinta-trends\/#primaryimage\"},\"image\":{\"@id\":\"https:\/\/dev.antudigital.cl\/sites\/vc\/escucha-el-nuevo-vestir-el-podcast-de-moda-por-quinta-trends\/#primaryimage\"},\"thumbnailUrl\":\"https:\/\/dev.antudigital.cl\/sites\/vc\/wp-content\/uploads\/2021\/02\/El-nuevo-vestir.jpg\",\"datePublished\":\"2021-02-09T18:01:45+00:00\",\"author\":{\"@id\":\"https:\/\/dev.antudigital.cl\/sites\/vc\/#\/schema\/person\/81d1dcd51abd542b5dfc00f5f951a0f1\"},\"breadcrumb\":{\"@id\":\"https:\/\/dev.antudigital.cl\/sites\/vc\/escucha-el-nuevo-vestir-el-podcast-de-moda-por-quinta-trends\/#breadcrumb\"},\"inLanguage\":\"es\",\"potentialAction\":[{\"@type\":\"ReadAction\",\"target\":[\"https:\/\/dev.antudigital.cl\/sites\/vc\/escucha-el-nuevo-vestir-el-podcast-de-moda-por-quinta-trends\/\"]}]},{\"@type\":\"ImageObject\",\"inLanguage\":\"es\",\"@id\":\"https:\/\/dev.antudigital.cl\/sites\/vc\/escucha-el-nuevo-vestir-el-podcast-de-moda-por-quinta-trends\/#primaryimage\",\"url\":\"https:\/\/dev.antudigital.cl\/sites\/vc\/wp-content\/uploads\/2021\/02\/El-nuevo-vestir.jpg\",\"contentUrl\":\"https:\/\/dev.antudigital.cl\/sites\/vc\/wp-content\/uploads\/2021\/02\/El-nuevo-vestir.jpg\",\"width\":1097,\"height\":660},{\"@type\":\"BreadcrumbList\",\"@id\":\"https:\/\/dev.antudigital.cl\/sites\/vc\/escucha-el-nuevo-vestir-el-podcast-de-moda-por-quinta-trends\/#breadcrumb\",\"itemListElement\":[{\"@type\":\"ListItem\",\"position\":1,\"name\":\"Home\",\"item\":\"https:\/\/dev.antudigital.cl\/sites\/vc\/\"},{\"@type\":\"ListItem\",\"position\":2,\"name\":\"Escucha \u00abEl nuevo vestir\u00bb, el podcast de moda por Quinta Trends\"}]},{\"@type\":\"WebSite\",\"@id\":\"https:\/\/dev.antudigital.cl\/sites\/vc\/#website\",\"url\":\"https:\/\/dev.antudigital.cl\/sites\/vc\/\",\"name\":\"Valpara\u00ed\u00adso Creativo\",\"description\":\"\",\"potentialAction\":[{\"@type\":\"SearchAction\",\"target\":{\"@type\":\"EntryPoint\",\"urlTemplate\":\"https:\/\/dev.antudigital.cl\/sites\/vc\/?s={search_term_string}\"},\"query-input\":{\"@type\":\"PropertyValueSpecification\",\"valueRequired\":true,\"valueName\":\"search_term_string\"}}],\"inLanguage\":\"es\"},{\"@type\":\"Person\",\"@id\":\"https:\/\/dev.antudigital.cl\/sites\/vc\/#\/schema\/person\/81d1dcd51abd542b5dfc00f5f951a0f1\",\"name\":\"Valparaiso Creativo\",\"url\":\"https:\/\/dev.antudigital.cl\/sites\/vc\/author\/valparaiso-creativo\/\"}]}<\/script>\n<!-- \/ Yoast SEO plugin. -->","yoast_head_json":{"title":"Escucha \"El nuevo vestir\", el podcast de moda por Quinta Trends - Valpara\u00ed\u00adso Creativo","robots":{"index":"index","follow":"follow","max-snippet":"max-snippet:-1","max-image-preview":"max-image-preview:large","max-video-preview":"max-video-preview:-1"},"canonical":"https:\/\/dev.antudigital.cl\/sites\/vc\/escucha-el-nuevo-vestir-el-podcast-de-moda-por-quinta-trends\/","og_locale":"es_ES","og_type":"article","og_title":"Escucha \"El nuevo vestir\", el podcast de moda por Quinta Trends - Valpara\u00ed\u00adso Creativo","og_description":"Sof\u00eda Calvo (Quinta Trends) estren\u00f3 El nuevo vestir, podcast enfocado en moda acerca de tem\u00e1ticas como innovaci\u00f3n, tendencias, sostenibilidad, entre otros. Este proyecto lleva tiempo siendo un espacio en redes sociales y modo blog, hasta que hoy adquiere la caracter\u00edstica del audio para expresar a\u00fan m\u00e1s: por ejemplo como hablar de consumo responsable. Esto es [&hellip;]","og_url":"https:\/\/dev.antudigital.cl\/sites\/vc\/escucha-el-nuevo-vestir-el-podcast-de-moda-por-quinta-trends\/","og_site_name":"Valpara\u00ed\u00adso Creativo","article_published_time":"2021-02-09T18:01:45+00:00","og_image":[{"width":1097,"height":660,"url":"https:\/\/dev.antudigital.cl\/sites\/vc\/wp-content\/uploads\/2021\/02\/El-nuevo-vestir.jpg","type":"image\/jpeg"}],"author":"Valparaiso Creativo","twitter_card":"summary_large_image","twitter_misc":{"Escrito por":"Valparaiso Creativo","Tiempo de lectura":"1 minuto"},"schema":{"@context":"https:\/\/schema.org","@graph":[{"@type":"Article","@id":"https:\/\/dev.antudigital.cl\/sites\/vc\/escucha-el-nuevo-vestir-el-podcast-de-moda-por-quinta-trends\/#article","isPartOf":{"@id":"https:\/\/dev.antudigital.cl\/sites\/vc\/escucha-el-nuevo-vestir-el-podcast-de-moda-por-quinta-trends\/"},"author":{"name":"Valparaiso Creativo","@id":"https:\/\/dev.antudigital.cl\/sites\/vc\/#\/schema\/person\/81d1dcd51abd542b5dfc00f5f951a0f1"},"headline":"Escucha \u00abEl nuevo vestir\u00bb, el podcast de moda por Quinta Trends","datePublished":"2021-02-09T18:01:45+00:00","mainEntityOfPage":{"@id":"https:\/\/dev.antudigital.cl\/sites\/vc\/escucha-el-nuevo-vestir-el-podcast-de-moda-por-quinta-trends\/"},"wordCount":147,"image":{"@id":"https:\/\/dev.antudigital.cl\/sites\/vc\/escucha-el-nuevo-vestir-el-podcast-de-moda-por-quinta-trends\/#primaryimage"},"thumbnailUrl":"https:\/\/dev.antudigital.cl\/sites\/vc\/wp-content\/uploads\/2021\/02\/El-nuevo-vestir.jpg","articleSection":["Noticia"],"inLanguage":"es"},{"@type":"WebPage","@id":"https:\/\/dev.antudigital.cl\/sites\/vc\/escucha-el-nuevo-vestir-el-podcast-de-moda-por-quinta-trends\/","url":"https:\/\/dev.antudigital.cl\/sites\/vc\/escucha-el-nuevo-vestir-el-podcast-de-moda-por-quinta-trends\/","name":"Escucha \"El nuevo vestir\", el podcast de moda por Quinta Trends - Valpara\u00ed\u00adso Creativo","isPartOf":{"@id":"https:\/\/dev.antudigital.cl\/sites\/vc\/#website"},"primaryImageOfPage":{"@id":"https:\/\/dev.antudigital.cl\/sites\/vc\/escucha-el-nuevo-vestir-el-podcast-de-moda-por-quinta-trends\/#primaryimage"},"image":{"@id":"https:\/\/dev.antudigital.cl\/sites\/vc\/escucha-el-nuevo-vestir-el-podcast-de-moda-por-quinta-trends\/#primaryimage"},"thumbnailUrl":"https:\/\/dev.antudigital.cl\/sites\/vc\/wp-content\/uploads\/2021\/02\/El-nuevo-vestir.jpg","datePublished":"2021-02-09T18:01:45+00:00","author":{"@id":"https:\/\/dev.antudigital.cl\/sites\/vc\/#\/schema\/person\/81d1dcd51abd542b5dfc00f5f951a0f1"},"breadcrumb":{"@id":"https:\/\/dev.antudigital.cl\/sites\/vc\/escucha-el-nuevo-vestir-el-podcast-de-moda-por-quinta-trends\/#breadcrumb"},"inLanguage":"es","potentialAction":[{"@type":"ReadAction","target":["https:\/\/dev.antudigital.cl\/sites\/vc\/escucha-el-nuevo-vestir-el-podcast-de-moda-por-quinta-trends\/"]}]},{"@type":"ImageObject","inLanguage":"es","@id":"https:\/\/dev.antudigital.cl\/sites\/vc\/escucha-el-nuevo-vestir-el-podcast-de-moda-por-quinta-trends\/#primaryimage","url":"https:\/\/dev.antudigital.cl\/sites\/vc\/wp-content\/uploads\/2021\/02\/El-nuevo-vestir.jpg","contentUrl":"https:\/\/dev.antudigital.cl\/sites\/vc\/wp-content\/uploads\/2021\/02\/El-nuevo-vestir.jpg","width":1097,"height":660},{"@type":"BreadcrumbList","@id":"https:\/\/dev.antudigital.cl\/sites\/vc\/escucha-el-nuevo-vestir-el-podcast-de-moda-por-quinta-trends\/#breadcrumb","itemListElement":[{"@type":"ListItem","position":1,"name":"Home","item":"https:\/\/dev.antudigital.cl\/sites\/vc\/"},{"@type":"ListItem","position":2,"name":"Escucha \u00abEl nuevo vestir\u00bb, el podcast de moda por Quinta Trends"}]},{"@type":"WebSite","@id":"https:\/\/dev.antudigital.cl\/sites\/vc\/#website","url":"https:\/\/dev.antudigital.cl\/sites\/vc\/","name":"Valpara\u00ed\u00adso Creativo","description":"","potentialAction":[{"@type":"SearchAction","target":{"@type":"EntryPoint","urlTemplate":"https:\/\/dev.antudigital.cl\/sites\/vc\/?s={search_term_string}"},"query-input":{"@type":"PropertyValueSpecification","valueRequired":true,"valueName":"search_term_string"}}],"inLanguage":"es"},{"@type":"Person","@id":"https:\/\/dev.antudigital.cl\/sites\/vc\/#\/schema\/person\/81d1dcd51abd542b5dfc00f5f951a0f1","name":"Valparaiso Creativo","url":"https:\/\/dev.antudigital.cl\/sites\/vc\/author\/valparaiso-creativo\/"}]}},"_links":{"self":[{"href":"https:\/\/dev.antudigital.cl\/sites\/vc\/wp-json\/wp\/v2\/posts\/8278","targetHints":{"allow":["GET"]}}],"collection":[{"href":"https:\/\/dev.antudigital.cl\/sites\/vc\/wp-json\/wp\/v2\/posts"}],"about":[{"href":"https:\/\/dev.antudigital.cl\/sites\/vc\/wp-json\/wp\/v2\/types\/post"}],"author":[{"embeddable":true,"href":"https:\/\/dev.antudigital.cl\/sites\/vc\/wp-json\/wp\/v2\/users\/3"}],"replies":[{"embeddable":true,"href":"https:\/\/dev.antudigital.cl\/sites\/vc\/wp-json\/wp\/v2\/comments?post=8278"}],"version-history":[{"count":0,"href":"https:\/\/dev.antudigital.cl\/sites\/vc\/wp-json\/wp\/v2\/posts\/8278\/revisions"}],"wp:featuredmedia":[{"embeddable":true,"href":"https:\/\/dev.antudigital.cl\/sites\/vc\/wp-json\/wp\/v2\/media\/8279"}],"wp:attachment":[{"href":"https:\/\/dev.antudigital.cl\/sites\/vc\/wp-json\/wp\/v2\/media?parent=8278"}],"wp:term":[{"taxonomy":"category","embeddable":true,"href":"https:\/\/dev.antudigital.cl\/sites\/vc\/wp-json\/wp\/v2\/categories?post=8278"},{"taxonomy":"post_tag","embeddable":true,"href":"https:\/\/dev.antudigital.cl\/sites\/vc\/wp-json\/wp\/v2\/tags?post=8278"}],"curies":[{"name":"wp","href":"https:\/\/api.w.org\/{rel}","templated":true}]}}