{"id":8282,"date":"2021-02-09T17:15:10","date_gmt":"2021-02-09T17:15:10","guid":{"rendered":"https:\/\/www.valparaisocreativo.cl\/?p=5922"},"modified":"2021-02-09T17:15:10","modified_gmt":"2021-02-09T17:15:10","slug":"rompeola-lanza-la-orila-este-proximo-14-de-febrero","status":"publish","type":"post","link":"https:\/\/dev.antudigital.cl\/sites\/vc\/rompeola-lanza-la-orila-este-proximo-14-de-febrero\/","title":{"rendered":"Rompeola lanza \u00abLa orilla\u00bb este pr\u00f3ximo 14 de febrero"},"content":{"rendered":"<p>Desde San Antonio, la banda <a href=\"https:\/\/www.instagram.com\/rompeola.banda\/\">Rompeola<\/a> anunci\u00f3 el lanzamiento de un nuevo single: <strong>La orilla. <\/strong>Precisamente para fue este 14 de febrero desde las 19:00hrs. v\u00eda YouTube de <a href=\"https:\/\/www.youtube.com\/c\/SelloTrigal\/null\">Sello Trigal<\/a>.<\/p>\n<p>Recientemente dieron el aviso a trav\u00e9s de una publicaci\u00f3n en sus redes sociales, diciendo sobre el estreno de esta canci\u00f3n con su producci\u00f3n audiovisual. En el mensaje expresaron su gratitud:<\/p>\n<blockquote><p><span class=\"\" title=\"Editado\">Les traemos una noticia que a nosotros nos deja el corazo\u0301n lleno de emocio\u0301n y felicidad.<br \/>\nComo algunos de aqui\u0301 ya saben, nuestro aniversario es el dia de los enamorados ????.<br \/>\nComo olvidar aquel di\u0301a en que debutamos como banda y ustedes nos entregaron tanto carin\u0303o y apoyo que sin duda nos motivo\u0301 a seguir adelante en nuestro camino ????<br \/>\nNosotros nunca olvidamos esa primera presentacio\u0301n, porque fue donde comenzo nuestra historia, que au\u0301n seguimos viviendola junto a su compan\u0303ia. Realmente agradecemos y apreciamos todo el amor que nos han entregado y ya es momento de contar algo nuevo para ustedes ????.<br \/>\n<\/span><\/p><\/blockquote>\n<p><em>\u00a1Felicitaciones por el videoclip!<\/em><\/p>\n<p><iframe src=\"https:\/\/www.youtube.com\/embed\/HoyYpAElnSw\" width=\"560\" height=\"315\" frameborder=\"0\" allowfullscreen=\"allowfullscreen\"><\/iframe><\/p>\n","protected":false},"excerpt":{"rendered":"<p>Desde San Antonio, la banda Rompeola anunci\u00f3 el lanzamiento de un nuevo single: La orilla. Precisamente para fue este 14 de febrero desde las 19:00hrs. v\u00eda YouTube de Sello Trigal. Recientemente dieron el aviso a trav\u00e9s de una publicaci\u00f3n en sus redes sociales, diciendo sobre el estreno de esta canci\u00f3n con su producci\u00f3n audiovisual. En [&hellip;]<\/p>\n","protected":false},"author":3,"featured_media":8284,"comment_status":"closed","ping_status":"closed","sticky":false,"template":"","format":"standard","meta":{"_acf_changed":false,"footnotes":""},"categories":[8],"tags":[],"class_list":["post-8282","post","type-post","status-publish","format-standard","has-post-thumbnail","hentry","category-noticia"],"acf":[],"yoast_head":"<!-- This site is optimized with the Yoast SEO plugin v27.1.1 - https:\/\/yoast.com\/product\/yoast-seo-wordpress\/ -->\n<title>Rompeola lanza &quot;La orilla&quot; este pr\u00f3ximo 14 de febrero - Valpara\u00ed\u00adso Creativo<\/title>\n<meta name=\"robots\" content=\"index, follow, max-snippet:-1, max-image-preview:large, max-video-preview:-1\" \/>\n<link rel=\"canonical\" href=\"https:\/\/dev.antudigital.cl\/sites\/vc\/rompeola-lanza-la-orila-este-proximo-14-de-febrero\/\" \/>\n<meta property=\"og:locale\" content=\"es_ES\" \/>\n<meta property=\"og:type\" content=\"article\" \/>\n<meta property=\"og:title\" content=\"Rompeola lanza &quot;La orilla&quot; este pr\u00f3ximo 14 de febrero - Valpara\u00ed\u00adso Creativo\" \/>\n<meta property=\"og:description\" content=\"Desde San Antonio, la banda Rompeola anunci\u00f3 el lanzamiento de un nuevo single: La orilla. Precisamente para fue este 14 de febrero desde las 19:00hrs. v\u00eda YouTube de Sello Trigal. Recientemente dieron el aviso a trav\u00e9s de una publicaci\u00f3n en sus redes sociales, diciendo sobre el estreno de esta canci\u00f3n con su producci\u00f3n audiovisual. En [&hellip;]\" \/>\n<meta property=\"og:url\" content=\"https:\/\/dev.antudigital.cl\/sites\/vc\/rompeola-lanza-la-orila-este-proximo-14-de-febrero\/\" \/>\n<meta property=\"og:site_name\" content=\"Valpara\u00ed\u00adso Creativo\" \/>\n<meta property=\"article:published_time\" content=\"2021-02-09T17:15:10+00:00\" \/>\n<meta property=\"og:image\" content=\"https:\/\/dev.antudigital.cl\/sites\/vc\/wp-content\/uploads\/2021\/02\/Captura-de-Pantalla-2021-02-09-a-las-17.10.23.png\" \/>\n\t<meta property=\"og:image:width\" content=\"1063\" \/>\n\t<meta property=\"og:image:height\" content=\"433\" \/>\n\t<meta property=\"og:image:type\" content=\"image\/png\" \/>\n<meta name=\"author\" content=\"Valparaiso Creativo\" \/>\n<meta name=\"twitter:card\" content=\"summary_large_image\" \/>\n<meta name=\"twitter:label1\" content=\"Escrito por\" \/>\n\t<meta name=\"twitter:data1\" content=\"Valparaiso Creativo\" \/>\n\t<meta name=\"twitter:label2\" content=\"Tiempo de lectura\" \/>\n\t<meta name=\"twitter:data2\" content=\"1 minuto\" \/>\n<script type=\"application\/ld+json\" class=\"yoast-schema-graph\">{\"@context\":\"https:\/\/schema.org\",\"@graph\":[{\"@type\":\"Article\",\"@id\":\"https:\/\/dev.antudigital.cl\/sites\/vc\/rompeola-lanza-la-orila-este-proximo-14-de-febrero\/#article\",\"isPartOf\":{\"@id\":\"https:\/\/dev.antudigital.cl\/sites\/vc\/rompeola-lanza-la-orila-este-proximo-14-de-febrero\/\"},\"author\":{\"name\":\"Valparaiso Creativo\",\"@id\":\"https:\/\/dev.antudigital.cl\/sites\/vc\/#\/schema\/person\/81d1dcd51abd542b5dfc00f5f951a0f1\"},\"headline\":\"Rompeola lanza \u00abLa orilla\u00bb este pr\u00f3ximo 14 de febrero\",\"datePublished\":\"2021-02-09T17:15:10+00:00\",\"mainEntityOfPage\":{\"@id\":\"https:\/\/dev.antudigital.cl\/sites\/vc\/rompeola-lanza-la-orila-este-proximo-14-de-febrero\/\"},\"wordCount\":183,\"image\":{\"@id\":\"https:\/\/dev.antudigital.cl\/sites\/vc\/rompeola-lanza-la-orila-este-proximo-14-de-febrero\/#primaryimage\"},\"thumbnailUrl\":\"https:\/\/dev.antudigital.cl\/sites\/vc\/wp-content\/uploads\/2021\/02\/Captura-de-Pantalla-2021-02-09-a-las-17.10.23.png\",\"articleSection\":[\"Noticia\"],\"inLanguage\":\"es\"},{\"@type\":\"WebPage\",\"@id\":\"https:\/\/dev.antudigital.cl\/sites\/vc\/rompeola-lanza-la-orila-este-proximo-14-de-febrero\/\",\"url\":\"https:\/\/dev.antudigital.cl\/sites\/vc\/rompeola-lanza-la-orila-este-proximo-14-de-febrero\/\",\"name\":\"Rompeola lanza \\\"La orilla\\\" este pr\u00f3ximo 14 de febrero - Valpara\u00ed\u00adso Creativo\",\"isPartOf\":{\"@id\":\"https:\/\/dev.antudigital.cl\/sites\/vc\/#website\"},\"primaryImageOfPage\":{\"@id\":\"https:\/\/dev.antudigital.cl\/sites\/vc\/rompeola-lanza-la-orila-este-proximo-14-de-febrero\/#primaryimage\"},\"image\":{\"@id\":\"https:\/\/dev.antudigital.cl\/sites\/vc\/rompeola-lanza-la-orila-este-proximo-14-de-febrero\/#primaryimage\"},\"thumbnailUrl\":\"https:\/\/dev.antudigital.cl\/sites\/vc\/wp-content\/uploads\/2021\/02\/Captura-de-Pantalla-2021-02-09-a-las-17.10.23.png\",\"datePublished\":\"2021-02-09T17:15:10+00:00\",\"author\":{\"@id\":\"https:\/\/dev.antudigital.cl\/sites\/vc\/#\/schema\/person\/81d1dcd51abd542b5dfc00f5f951a0f1\"},\"breadcrumb\":{\"@id\":\"https:\/\/dev.antudigital.cl\/sites\/vc\/rompeola-lanza-la-orila-este-proximo-14-de-febrero\/#breadcrumb\"},\"inLanguage\":\"es\",\"potentialAction\":[{\"@type\":\"ReadAction\",\"target\":[\"https:\/\/dev.antudigital.cl\/sites\/vc\/rompeola-lanza-la-orila-este-proximo-14-de-febrero\/\"]}]},{\"@type\":\"ImageObject\",\"inLanguage\":\"es\",\"@id\":\"https:\/\/dev.antudigital.cl\/sites\/vc\/rompeola-lanza-la-orila-este-proximo-14-de-febrero\/#primaryimage\",\"url\":\"https:\/\/dev.antudigital.cl\/sites\/vc\/wp-content\/uploads\/2021\/02\/Captura-de-Pantalla-2021-02-09-a-las-17.10.23.png\",\"contentUrl\":\"https:\/\/dev.antudigital.cl\/sites\/vc\/wp-content\/uploads\/2021\/02\/Captura-de-Pantalla-2021-02-09-a-las-17.10.23.png\",\"width\":1063,\"height\":433},{\"@type\":\"BreadcrumbList\",\"@id\":\"https:\/\/dev.antudigital.cl\/sites\/vc\/rompeola-lanza-la-orila-este-proximo-14-de-febrero\/#breadcrumb\",\"itemListElement\":[{\"@type\":\"ListItem\",\"position\":1,\"name\":\"Home\",\"item\":\"https:\/\/dev.antudigital.cl\/sites\/vc\/\"},{\"@type\":\"ListItem\",\"position\":2,\"name\":\"Rompeola lanza \u00abLa orilla\u00bb este pr\u00f3ximo 14 de febrero\"}]},{\"@type\":\"WebSite\",\"@id\":\"https:\/\/dev.antudigital.cl\/sites\/vc\/#website\",\"url\":\"https:\/\/dev.antudigital.cl\/sites\/vc\/\",\"name\":\"Valpara\u00ed\u00adso Creativo\",\"description\":\"\",\"potentialAction\":[{\"@type\":\"SearchAction\",\"target\":{\"@type\":\"EntryPoint\",\"urlTemplate\":\"https:\/\/dev.antudigital.cl\/sites\/vc\/?s={search_term_string}\"},\"query-input\":{\"@type\":\"PropertyValueSpecification\",\"valueRequired\":true,\"valueName\":\"search_term_string\"}}],\"inLanguage\":\"es\"},{\"@type\":\"Person\",\"@id\":\"https:\/\/dev.antudigital.cl\/sites\/vc\/#\/schema\/person\/81d1dcd51abd542b5dfc00f5f951a0f1\",\"name\":\"Valparaiso Creativo\",\"url\":\"https:\/\/dev.antudigital.cl\/sites\/vc\/author\/valparaiso-creativo\/\"}]}<\/script>\n<!-- \/ Yoast SEO plugin. -->","yoast_head_json":{"title":"Rompeola lanza \"La orilla\" este pr\u00f3ximo 14 de febrero - Valpara\u00ed\u00adso Creativo","robots":{"index":"index","follow":"follow","max-snippet":"max-snippet:-1","max-image-preview":"max-image-preview:large","max-video-preview":"max-video-preview:-1"},"canonical":"https:\/\/dev.antudigital.cl\/sites\/vc\/rompeola-lanza-la-orila-este-proximo-14-de-febrero\/","og_locale":"es_ES","og_type":"article","og_title":"Rompeola lanza \"La orilla\" este pr\u00f3ximo 14 de febrero - Valpara\u00ed\u00adso Creativo","og_description":"Desde San Antonio, la banda Rompeola anunci\u00f3 el lanzamiento de un nuevo single: La orilla. Precisamente para fue este 14 de febrero desde las 19:00hrs. v\u00eda YouTube de Sello Trigal. Recientemente dieron el aviso a trav\u00e9s de una publicaci\u00f3n en sus redes sociales, diciendo sobre el estreno de esta canci\u00f3n con su producci\u00f3n audiovisual. En [&hellip;]","og_url":"https:\/\/dev.antudigital.cl\/sites\/vc\/rompeola-lanza-la-orila-este-proximo-14-de-febrero\/","og_site_name":"Valpara\u00ed\u00adso Creativo","article_published_time":"2021-02-09T17:15:10+00:00","og_image":[{"width":1063,"height":433,"url":"https:\/\/dev.antudigital.cl\/sites\/vc\/wp-content\/uploads\/2021\/02\/Captura-de-Pantalla-2021-02-09-a-las-17.10.23.png","type":"image\/png"}],"author":"Valparaiso Creativo","twitter_card":"summary_large_image","twitter_misc":{"Escrito por":"Valparaiso Creativo","Tiempo de lectura":"1 minuto"},"schema":{"@context":"https:\/\/schema.org","@graph":[{"@type":"Article","@id":"https:\/\/dev.antudigital.cl\/sites\/vc\/rompeola-lanza-la-orila-este-proximo-14-de-febrero\/#article","isPartOf":{"@id":"https:\/\/dev.antudigital.cl\/sites\/vc\/rompeola-lanza-la-orila-este-proximo-14-de-febrero\/"},"author":{"name":"Valparaiso Creativo","@id":"https:\/\/dev.antudigital.cl\/sites\/vc\/#\/schema\/person\/81d1dcd51abd542b5dfc00f5f951a0f1"},"headline":"Rompeola lanza \u00abLa orilla\u00bb este pr\u00f3ximo 14 de febrero","datePublished":"2021-02-09T17:15:10+00:00","mainEntityOfPage":{"@id":"https:\/\/dev.antudigital.cl\/sites\/vc\/rompeola-lanza-la-orila-este-proximo-14-de-febrero\/"},"wordCount":183,"image":{"@id":"https:\/\/dev.antudigital.cl\/sites\/vc\/rompeola-lanza-la-orila-este-proximo-14-de-febrero\/#primaryimage"},"thumbnailUrl":"https:\/\/dev.antudigital.cl\/sites\/vc\/wp-content\/uploads\/2021\/02\/Captura-de-Pantalla-2021-02-09-a-las-17.10.23.png","articleSection":["Noticia"],"inLanguage":"es"},{"@type":"WebPage","@id":"https:\/\/dev.antudigital.cl\/sites\/vc\/rompeola-lanza-la-orila-este-proximo-14-de-febrero\/","url":"https:\/\/dev.antudigital.cl\/sites\/vc\/rompeola-lanza-la-orila-este-proximo-14-de-febrero\/","name":"Rompeola lanza \"La orilla\" este pr\u00f3ximo 14 de febrero - Valpara\u00ed\u00adso Creativo","isPartOf":{"@id":"https:\/\/dev.antudigital.cl\/sites\/vc\/#website"},"primaryImageOfPage":{"@id":"https:\/\/dev.antudigital.cl\/sites\/vc\/rompeola-lanza-la-orila-este-proximo-14-de-febrero\/#primaryimage"},"image":{"@id":"https:\/\/dev.antudigital.cl\/sites\/vc\/rompeola-lanza-la-orila-este-proximo-14-de-febrero\/#primaryimage"},"thumbnailUrl":"https:\/\/dev.antudigital.cl\/sites\/vc\/wp-content\/uploads\/2021\/02\/Captura-de-Pantalla-2021-02-09-a-las-17.10.23.png","datePublished":"2021-02-09T17:15:10+00:00","author":{"@id":"https:\/\/dev.antudigital.cl\/sites\/vc\/#\/schema\/person\/81d1dcd51abd542b5dfc00f5f951a0f1"},"breadcrumb":{"@id":"https:\/\/dev.antudigital.cl\/sites\/vc\/rompeola-lanza-la-orila-este-proximo-14-de-febrero\/#breadcrumb"},"inLanguage":"es","potentialAction":[{"@type":"ReadAction","target":["https:\/\/dev.antudigital.cl\/sites\/vc\/rompeola-lanza-la-orila-este-proximo-14-de-febrero\/"]}]},{"@type":"ImageObject","inLanguage":"es","@id":"https:\/\/dev.antudigital.cl\/sites\/vc\/rompeola-lanza-la-orila-este-proximo-14-de-febrero\/#primaryimage","url":"https:\/\/dev.antudigital.cl\/sites\/vc\/wp-content\/uploads\/2021\/02\/Captura-de-Pantalla-2021-02-09-a-las-17.10.23.png","contentUrl":"https:\/\/dev.antudigital.cl\/sites\/vc\/wp-content\/uploads\/2021\/02\/Captura-de-Pantalla-2021-02-09-a-las-17.10.23.png","width":1063,"height":433},{"@type":"BreadcrumbList","@id":"https:\/\/dev.antudigital.cl\/sites\/vc\/rompeola-lanza-la-orila-este-proximo-14-de-febrero\/#breadcrumb","itemListElement":[{"@type":"ListItem","position":1,"name":"Home","item":"https:\/\/dev.antudigital.cl\/sites\/vc\/"},{"@type":"ListItem","position":2,"name":"Rompeola lanza \u00abLa orilla\u00bb este pr\u00f3ximo 14 de febrero"}]},{"@type":"WebSite","@id":"https:\/\/dev.antudigital.cl\/sites\/vc\/#website","url":"https:\/\/dev.antudigital.cl\/sites\/vc\/","name":"Valpara\u00ed\u00adso Creativo","description":"","potentialAction":[{"@type":"SearchAction","target":{"@type":"EntryPoint","urlTemplate":"https:\/\/dev.antudigital.cl\/sites\/vc\/?s={search_term_string}"},"query-input":{"@type":"PropertyValueSpecification","valueRequired":true,"valueName":"search_term_string"}}],"inLanguage":"es"},{"@type":"Person","@id":"https:\/\/dev.antudigital.cl\/sites\/vc\/#\/schema\/person\/81d1dcd51abd542b5dfc00f5f951a0f1","name":"Valparaiso Creativo","url":"https:\/\/dev.antudigital.cl\/sites\/vc\/author\/valparaiso-creativo\/"}]}},"_links":{"self":[{"href":"https:\/\/dev.antudigital.cl\/sites\/vc\/wp-json\/wp\/v2\/posts\/8282","targetHints":{"allow":["GET"]}}],"collection":[{"href":"https:\/\/dev.antudigital.cl\/sites\/vc\/wp-json\/wp\/v2\/posts"}],"about":[{"href":"https:\/\/dev.antudigital.cl\/sites\/vc\/wp-json\/wp\/v2\/types\/post"}],"author":[{"embeddable":true,"href":"https:\/\/dev.antudigital.cl\/sites\/vc\/wp-json\/wp\/v2\/users\/3"}],"replies":[{"embeddable":true,"href":"https:\/\/dev.antudigital.cl\/sites\/vc\/wp-json\/wp\/v2\/comments?post=8282"}],"version-history":[{"count":0,"href":"https:\/\/dev.antudigital.cl\/sites\/vc\/wp-json\/wp\/v2\/posts\/8282\/revisions"}],"wp:featuredmedia":[{"embeddable":true,"href":"https:\/\/dev.antudigital.cl\/sites\/vc\/wp-json\/wp\/v2\/media\/8284"}],"wp:attachment":[{"href":"https:\/\/dev.antudigital.cl\/sites\/vc\/wp-json\/wp\/v2\/media?parent=8282"}],"wp:term":[{"taxonomy":"category","embeddable":true,"href":"https:\/\/dev.antudigital.cl\/sites\/vc\/wp-json\/wp\/v2\/categories?post=8282"},{"taxonomy":"post_tag","embeddable":true,"href":"https:\/\/dev.antudigital.cl\/sites\/vc\/wp-json\/wp\/v2\/tags?post=8282"}],"curies":[{"name":"wp","href":"https:\/\/api.w.org\/{rel}","templated":true}]}}