{"id":8285,"date":"2021-02-09T16:57:31","date_gmt":"2021-02-09T16:57:31","guid":{"rendered":"https:\/\/www.valparaisocreativo.cl\/?p=5908"},"modified":"2021-12-23T23:33:09","modified_gmt":"2021-12-23T23:33:09","slug":"vitrina-valpo-creativo-kika-gonzalez","status":"publish","type":"post","link":"https:\/\/dev.antudigital.cl\/sites\/vc\/vitrina-valpo-creativo-kika-gonzalez\/","title":{"rendered":"Vitrina Valpo Creativo: Kika Gonz\u00e1lez"},"content":{"rendered":"<p>Hoy revisamos el perfil de una fot\u00f3grafa local: <a href=\"https:\/\/www.instagram.com\/kikafg_\/\">Kika Gonz\u00e1lez<\/a>. Comenz\u00f3 hace a\u00f1os tomando fotos de manera colaborativa para medios como Siente Valpo. Ah\u00ed nos conocimos y desde entonces estudi\u00f3 en Instituto Arcos, y ha experimentado las vueltas de la vida.<\/p>\n<h3>\u00abComenc\u00e9 a fotografiar cuando estaba en 2do medio. Mi pap\u00e1 lleg\u00f3 un d\u00eda con una <em>cybershot<\/em> peque\u00f1a y me apoder\u00e9 de ella. La llevaba a todos lados, as\u00ed que mis primeras fotos fueron a mis amigues y familia\u00bb, nos cuenta Kika.<\/h3>\n<p><b>&#8211; \u00bfC\u00f3mo comenz\u00f3 tu v\u00ednculo con la fotograf\u00eda?<\/b><\/p>\n<p><strong>&#8211;<\/strong>La fotograf\u00eda siempre tuvo un lugar especial en mi familia. Recuerdo ver m\u00e1s \u00e1lbumes de fotos que libros en los estantes.<br \/>\nDurante mi infancia me cambi\u00e9 mucho de casa y ciudad, cada vez que ten\u00edamos que embalar regal\u00e1bamos o nos deshac\u00edamos de muchas cosas, pero los \u00e1lbumes de fotos siempre fueron un peque\u00f1o tesoro que pod\u00eda (y deb\u00eda) rescatar.<\/p>\n<p>-El 2011 comenc\u00e9 a fotografiar las manifestaciones estudiantiles en Valpara\u00edso y fue cuando decid\u00ed conseguir mi primera r\u00e9flex. La compr\u00e9 usada a un amigo quien me ense\u00f1\u00f3 a manejarla. Desde entonces fotografiar se ha vuelto un ejercicio constante en mi vida.<\/p>\n<p><b>&#8211; \u00bfQu\u00e9 es lo que te interesa narrar a trav\u00e9s de tu fotograf\u00eda?<\/b><\/p>\n<p>-Creo que mi narrativa ha ido evolucionando, pero a\u00fan no ha terminado de desarrollarse completamente. En un principio todo ten\u00eda mucho que ver con la atm\u00f3sfera: mis primeras fotograf\u00edas fueron en manifestaciones y tocatas, eran momentos de emociones muy fuertes que necesitaba registrar, reafirmar que estuve ah\u00ed.<\/p>\n<h3>\u00abAhora trato de salir del centro de la experiencia. Dej\u00f3 de ser tanto sobre mi y comenc\u00e9 a enfocarme en la voz del otre, conectar con el momento que estoy fotografiando y el c\u00f3mo lo percibo\u00bb.<\/h3>\n<p>-(&#8230;) Trato de capturar la espontaneidad de esos instantes. Me gusta generar la confianza suficiente para que se sientan segures de actuar con naturalidad frente a la c\u00e1mara. Escuchar y conocer, ser un medio por el cual poder expresarnos juntes.<\/p>\n<p><b>&#8211; \u00bfC\u00f3mo ha sido para ti la experiencia de trabajar con fotograf\u00eda?<\/b><\/p>\n<p>-La mayor parte de mi experiencia trabajando como fot\u00f3grafa ha sido bajo la etiqueta del <em>freelance<\/em>, lo que es dif\u00edcil por varias razones. Una de ellas, y con la que sigo batallando, es c\u00f3mo valorar mi trabajo. Hay muchas cosas que no te ense\u00f1an y que solo aprendes cometiendo errores.<\/p>\n<p>-No se si en alg\u00fan momento ser fot\u00f3grafe fue una carrera con expectativa laboral, actualmente es un rubro muy precarizado. Cuando hablo de esto, lo hago pensando en el fotoperiodismo, que fue en el \u00e1rea de la fotograf\u00eda en la que esperaba desarrollarme como profesional. La mayor parte de los gr\u00e1ficos trabajan subcontratados a trav\u00e9s de agencias, por lo que entre mis a\u00f1os de estudio y pr\u00e1ctica profesional me termin\u00e9 alejando de esa idea.<\/p>\n<h3>\u00abAfortunadamente se han abierto muchos espacios de trabajo y colaboraci\u00f3n que me han ense\u00f1ado otras formas de hacer. Instagram ha sido una herramienta important\u00edsima para conocer el trabajo de otres y encontrarle sentido a seguir intentando aunque todo parezca en contra\u00bb.<\/h3>\n<p><b>&#8211; \u00bfCu\u00e1l es tu opini\u00f3n sobre el rubro de la fotograf\u00eda, la difusi\u00f3n, los espacios?<\/b><\/p>\n<p>No se si espero algo de los espacios culturales que ya tienen los recursos y los medios para hacer del arte un medio para subsistir pero s\u00ed me gustar\u00eda que dejaran de ser c\u00edrculos cerrados donde los contactos valen m\u00e1s que cualquier otra cosa.<\/p>\n","protected":false},"excerpt":{"rendered":"<p>Hoy revisamos el perfil de una fot\u00f3grafa local: Kika Gonz\u00e1lez. Comenz\u00f3 hace a\u00f1os tomando fotos de manera colaborativa para medios como Siente Valpo. Ah\u00ed nos conocimos y desde entonces estudi\u00f3 en Instituto Arcos, y ha experimentado las vueltas de la vida. \u00abComenc\u00e9 a fotografiar cuando estaba en 2do medio. Mi pap\u00e1 lleg\u00f3 un d\u00eda con [&hellip;]<\/p>\n","protected":false},"author":3,"featured_media":8289,"comment_status":"closed","ping_status":"closed","sticky":false,"template":"","format":"standard","meta":{"_acf_changed":false,"footnotes":""},"categories":[8],"tags":[],"class_list":["post-8285","post","type-post","status-publish","format-standard","has-post-thumbnail","hentry","category-noticia"],"acf":[],"yoast_head":"<!-- This site is optimized with the Yoast SEO plugin v27.1.1 - https:\/\/yoast.com\/product\/yoast-seo-wordpress\/ -->\n<title>Vitrina Valpo Creativo: Kika Gonz\u00e1lez - Valpara\u00ed\u00adso Creativo<\/title>\n<meta name=\"robots\" content=\"index, follow, max-snippet:-1, max-image-preview:large, max-video-preview:-1\" \/>\n<link rel=\"canonical\" href=\"https:\/\/dev.antudigital.cl\/sites\/vc\/vitrina-valpo-creativo-kika-gonzalez\/\" \/>\n<meta property=\"og:locale\" content=\"es_ES\" \/>\n<meta property=\"og:type\" content=\"article\" \/>\n<meta property=\"og:title\" content=\"Vitrina Valpo Creativo: Kika Gonz\u00e1lez - Valpara\u00ed\u00adso Creativo\" \/>\n<meta property=\"og:description\" content=\"Hoy revisamos el perfil de una fot\u00f3grafa local: Kika Gonz\u00e1lez. Comenz\u00f3 hace a\u00f1os tomando fotos de manera colaborativa para medios como Siente Valpo. Ah\u00ed nos conocimos y desde entonces estudi\u00f3 en Instituto Arcos, y ha experimentado las vueltas de la vida. \u00abComenc\u00e9 a fotografiar cuando estaba en 2do medio. Mi pap\u00e1 lleg\u00f3 un d\u00eda con [&hellip;]\" \/>\n<meta property=\"og:url\" content=\"https:\/\/dev.antudigital.cl\/sites\/vc\/vitrina-valpo-creativo-kika-gonzalez\/\" \/>\n<meta property=\"og:site_name\" content=\"Valpara\u00ed\u00adso Creativo\" \/>\n<meta property=\"article:published_time\" content=\"2021-02-09T16:57:31+00:00\" \/>\n<meta property=\"article:modified_time\" content=\"2021-12-23T23:33:09+00:00\" \/>\n<meta property=\"og:image\" content=\"https:\/\/dev.antudigital.cl\/sites\/vc\/wp-content\/uploads\/2021\/02\/5S6A3062a-1-scaled-1.jpg\" \/>\n\t<meta property=\"og:image:width\" content=\"2560\" \/>\n\t<meta property=\"og:image:height\" content=\"1707\" \/>\n\t<meta property=\"og:image:type\" content=\"image\/jpeg\" \/>\n<meta name=\"author\" content=\"Valparaiso Creativo\" \/>\n<meta name=\"twitter:card\" content=\"summary_large_image\" \/>\n<meta name=\"twitter:label1\" content=\"Escrito por\" \/>\n\t<meta name=\"twitter:data1\" content=\"Valparaiso Creativo\" \/>\n\t<meta name=\"twitter:label2\" content=\"Tiempo de lectura\" \/>\n\t<meta name=\"twitter:data2\" content=\"3 minutos\" \/>\n<script type=\"application\/ld+json\" class=\"yoast-schema-graph\">{\"@context\":\"https:\/\/schema.org\",\"@graph\":[{\"@type\":\"Article\",\"@id\":\"https:\/\/dev.antudigital.cl\/sites\/vc\/vitrina-valpo-creativo-kika-gonzalez\/#article\",\"isPartOf\":{\"@id\":\"https:\/\/dev.antudigital.cl\/sites\/vc\/vitrina-valpo-creativo-kika-gonzalez\/\"},\"author\":{\"name\":\"Valparaiso Creativo\",\"@id\":\"https:\/\/dev.antudigital.cl\/sites\/vc\/#\/schema\/person\/81d1dcd51abd542b5dfc00f5f951a0f1\"},\"headline\":\"Vitrina Valpo Creativo: Kika Gonz\u00e1lez\",\"datePublished\":\"2021-02-09T16:57:31+00:00\",\"dateModified\":\"2021-12-23T23:33:09+00:00\",\"mainEntityOfPage\":{\"@id\":\"https:\/\/dev.antudigital.cl\/sites\/vc\/vitrina-valpo-creativo-kika-gonzalez\/\"},\"wordCount\":616,\"image\":{\"@id\":\"https:\/\/dev.antudigital.cl\/sites\/vc\/vitrina-valpo-creativo-kika-gonzalez\/#primaryimage\"},\"thumbnailUrl\":\"https:\/\/dev.antudigital.cl\/sites\/vc\/wp-content\/uploads\/2021\/02\/5S6A3062a-1-scaled-1.jpg\",\"articleSection\":[\"Noticia\"],\"inLanguage\":\"es\"},{\"@type\":\"WebPage\",\"@id\":\"https:\/\/dev.antudigital.cl\/sites\/vc\/vitrina-valpo-creativo-kika-gonzalez\/\",\"url\":\"https:\/\/dev.antudigital.cl\/sites\/vc\/vitrina-valpo-creativo-kika-gonzalez\/\",\"name\":\"Vitrina Valpo Creativo: Kika Gonz\u00e1lez - Valpara\u00ed\u00adso Creativo\",\"isPartOf\":{\"@id\":\"https:\/\/dev.antudigital.cl\/sites\/vc\/#website\"},\"primaryImageOfPage\":{\"@id\":\"https:\/\/dev.antudigital.cl\/sites\/vc\/vitrina-valpo-creativo-kika-gonzalez\/#primaryimage\"},\"image\":{\"@id\":\"https:\/\/dev.antudigital.cl\/sites\/vc\/vitrina-valpo-creativo-kika-gonzalez\/#primaryimage\"},\"thumbnailUrl\":\"https:\/\/dev.antudigital.cl\/sites\/vc\/wp-content\/uploads\/2021\/02\/5S6A3062a-1-scaled-1.jpg\",\"datePublished\":\"2021-02-09T16:57:31+00:00\",\"dateModified\":\"2021-12-23T23:33:09+00:00\",\"author\":{\"@id\":\"https:\/\/dev.antudigital.cl\/sites\/vc\/#\/schema\/person\/81d1dcd51abd542b5dfc00f5f951a0f1\"},\"breadcrumb\":{\"@id\":\"https:\/\/dev.antudigital.cl\/sites\/vc\/vitrina-valpo-creativo-kika-gonzalez\/#breadcrumb\"},\"inLanguage\":\"es\",\"potentialAction\":[{\"@type\":\"ReadAction\",\"target\":[\"https:\/\/dev.antudigital.cl\/sites\/vc\/vitrina-valpo-creativo-kika-gonzalez\/\"]}]},{\"@type\":\"ImageObject\",\"inLanguage\":\"es\",\"@id\":\"https:\/\/dev.antudigital.cl\/sites\/vc\/vitrina-valpo-creativo-kika-gonzalez\/#primaryimage\",\"url\":\"https:\/\/dev.antudigital.cl\/sites\/vc\/wp-content\/uploads\/2021\/02\/5S6A3062a-1-scaled-1.jpg\",\"contentUrl\":\"https:\/\/dev.antudigital.cl\/sites\/vc\/wp-content\/uploads\/2021\/02\/5S6A3062a-1-scaled-1.jpg\",\"width\":2560,\"height\":1707},{\"@type\":\"BreadcrumbList\",\"@id\":\"https:\/\/dev.antudigital.cl\/sites\/vc\/vitrina-valpo-creativo-kika-gonzalez\/#breadcrumb\",\"itemListElement\":[{\"@type\":\"ListItem\",\"position\":1,\"name\":\"Home\",\"item\":\"https:\/\/dev.antudigital.cl\/sites\/vc\/\"},{\"@type\":\"ListItem\",\"position\":2,\"name\":\"Vitrina Valpo Creativo: Kika Gonz\u00e1lez\"}]},{\"@type\":\"WebSite\",\"@id\":\"https:\/\/dev.antudigital.cl\/sites\/vc\/#website\",\"url\":\"https:\/\/dev.antudigital.cl\/sites\/vc\/\",\"name\":\"Valpara\u00ed\u00adso Creativo\",\"description\":\"\",\"potentialAction\":[{\"@type\":\"SearchAction\",\"target\":{\"@type\":\"EntryPoint\",\"urlTemplate\":\"https:\/\/dev.antudigital.cl\/sites\/vc\/?s={search_term_string}\"},\"query-input\":{\"@type\":\"PropertyValueSpecification\",\"valueRequired\":true,\"valueName\":\"search_term_string\"}}],\"inLanguage\":\"es\"},{\"@type\":\"Person\",\"@id\":\"https:\/\/dev.antudigital.cl\/sites\/vc\/#\/schema\/person\/81d1dcd51abd542b5dfc00f5f951a0f1\",\"name\":\"Valparaiso Creativo\",\"url\":\"https:\/\/dev.antudigital.cl\/sites\/vc\/author\/valparaiso-creativo\/\"}]}<\/script>\n<!-- \/ Yoast SEO plugin. -->","yoast_head_json":{"title":"Vitrina Valpo Creativo: Kika Gonz\u00e1lez - Valpara\u00ed\u00adso Creativo","robots":{"index":"index","follow":"follow","max-snippet":"max-snippet:-1","max-image-preview":"max-image-preview:large","max-video-preview":"max-video-preview:-1"},"canonical":"https:\/\/dev.antudigital.cl\/sites\/vc\/vitrina-valpo-creativo-kika-gonzalez\/","og_locale":"es_ES","og_type":"article","og_title":"Vitrina Valpo Creativo: Kika Gonz\u00e1lez - Valpara\u00ed\u00adso Creativo","og_description":"Hoy revisamos el perfil de una fot\u00f3grafa local: Kika Gonz\u00e1lez. Comenz\u00f3 hace a\u00f1os tomando fotos de manera colaborativa para medios como Siente Valpo. Ah\u00ed nos conocimos y desde entonces estudi\u00f3 en Instituto Arcos, y ha experimentado las vueltas de la vida. \u00abComenc\u00e9 a fotografiar cuando estaba en 2do medio. Mi pap\u00e1 lleg\u00f3 un d\u00eda con [&hellip;]","og_url":"https:\/\/dev.antudigital.cl\/sites\/vc\/vitrina-valpo-creativo-kika-gonzalez\/","og_site_name":"Valpara\u00ed\u00adso Creativo","article_published_time":"2021-02-09T16:57:31+00:00","article_modified_time":"2021-12-23T23:33:09+00:00","og_image":[{"width":2560,"height":1707,"url":"https:\/\/dev.antudigital.cl\/sites\/vc\/wp-content\/uploads\/2021\/02\/5S6A3062a-1-scaled-1.jpg","type":"image\/jpeg"}],"author":"Valparaiso Creativo","twitter_card":"summary_large_image","twitter_misc":{"Escrito por":"Valparaiso Creativo","Tiempo de lectura":"3 minutos"},"schema":{"@context":"https:\/\/schema.org","@graph":[{"@type":"Article","@id":"https:\/\/dev.antudigital.cl\/sites\/vc\/vitrina-valpo-creativo-kika-gonzalez\/#article","isPartOf":{"@id":"https:\/\/dev.antudigital.cl\/sites\/vc\/vitrina-valpo-creativo-kika-gonzalez\/"},"author":{"name":"Valparaiso Creativo","@id":"https:\/\/dev.antudigital.cl\/sites\/vc\/#\/schema\/person\/81d1dcd51abd542b5dfc00f5f951a0f1"},"headline":"Vitrina Valpo Creativo: Kika Gonz\u00e1lez","datePublished":"2021-02-09T16:57:31+00:00","dateModified":"2021-12-23T23:33:09+00:00","mainEntityOfPage":{"@id":"https:\/\/dev.antudigital.cl\/sites\/vc\/vitrina-valpo-creativo-kika-gonzalez\/"},"wordCount":616,"image":{"@id":"https:\/\/dev.antudigital.cl\/sites\/vc\/vitrina-valpo-creativo-kika-gonzalez\/#primaryimage"},"thumbnailUrl":"https:\/\/dev.antudigital.cl\/sites\/vc\/wp-content\/uploads\/2021\/02\/5S6A3062a-1-scaled-1.jpg","articleSection":["Noticia"],"inLanguage":"es"},{"@type":"WebPage","@id":"https:\/\/dev.antudigital.cl\/sites\/vc\/vitrina-valpo-creativo-kika-gonzalez\/","url":"https:\/\/dev.antudigital.cl\/sites\/vc\/vitrina-valpo-creativo-kika-gonzalez\/","name":"Vitrina Valpo Creativo: Kika Gonz\u00e1lez - Valpara\u00ed\u00adso Creativo","isPartOf":{"@id":"https:\/\/dev.antudigital.cl\/sites\/vc\/#website"},"primaryImageOfPage":{"@id":"https:\/\/dev.antudigital.cl\/sites\/vc\/vitrina-valpo-creativo-kika-gonzalez\/#primaryimage"},"image":{"@id":"https:\/\/dev.antudigital.cl\/sites\/vc\/vitrina-valpo-creativo-kika-gonzalez\/#primaryimage"},"thumbnailUrl":"https:\/\/dev.antudigital.cl\/sites\/vc\/wp-content\/uploads\/2021\/02\/5S6A3062a-1-scaled-1.jpg","datePublished":"2021-02-09T16:57:31+00:00","dateModified":"2021-12-23T23:33:09+00:00","author":{"@id":"https:\/\/dev.antudigital.cl\/sites\/vc\/#\/schema\/person\/81d1dcd51abd542b5dfc00f5f951a0f1"},"breadcrumb":{"@id":"https:\/\/dev.antudigital.cl\/sites\/vc\/vitrina-valpo-creativo-kika-gonzalez\/#breadcrumb"},"inLanguage":"es","potentialAction":[{"@type":"ReadAction","target":["https:\/\/dev.antudigital.cl\/sites\/vc\/vitrina-valpo-creativo-kika-gonzalez\/"]}]},{"@type":"ImageObject","inLanguage":"es","@id":"https:\/\/dev.antudigital.cl\/sites\/vc\/vitrina-valpo-creativo-kika-gonzalez\/#primaryimage","url":"https:\/\/dev.antudigital.cl\/sites\/vc\/wp-content\/uploads\/2021\/02\/5S6A3062a-1-scaled-1.jpg","contentUrl":"https:\/\/dev.antudigital.cl\/sites\/vc\/wp-content\/uploads\/2021\/02\/5S6A3062a-1-scaled-1.jpg","width":2560,"height":1707},{"@type":"BreadcrumbList","@id":"https:\/\/dev.antudigital.cl\/sites\/vc\/vitrina-valpo-creativo-kika-gonzalez\/#breadcrumb","itemListElement":[{"@type":"ListItem","position":1,"name":"Home","item":"https:\/\/dev.antudigital.cl\/sites\/vc\/"},{"@type":"ListItem","position":2,"name":"Vitrina Valpo Creativo: Kika Gonz\u00e1lez"}]},{"@type":"WebSite","@id":"https:\/\/dev.antudigital.cl\/sites\/vc\/#website","url":"https:\/\/dev.antudigital.cl\/sites\/vc\/","name":"Valpara\u00ed\u00adso Creativo","description":"","potentialAction":[{"@type":"SearchAction","target":{"@type":"EntryPoint","urlTemplate":"https:\/\/dev.antudigital.cl\/sites\/vc\/?s={search_term_string}"},"query-input":{"@type":"PropertyValueSpecification","valueRequired":true,"valueName":"search_term_string"}}],"inLanguage":"es"},{"@type":"Person","@id":"https:\/\/dev.antudigital.cl\/sites\/vc\/#\/schema\/person\/81d1dcd51abd542b5dfc00f5f951a0f1","name":"Valparaiso Creativo","url":"https:\/\/dev.antudigital.cl\/sites\/vc\/author\/valparaiso-creativo\/"}]}},"_links":{"self":[{"href":"https:\/\/dev.antudigital.cl\/sites\/vc\/wp-json\/wp\/v2\/posts\/8285","targetHints":{"allow":["GET"]}}],"collection":[{"href":"https:\/\/dev.antudigital.cl\/sites\/vc\/wp-json\/wp\/v2\/posts"}],"about":[{"href":"https:\/\/dev.antudigital.cl\/sites\/vc\/wp-json\/wp\/v2\/types\/post"}],"author":[{"embeddable":true,"href":"https:\/\/dev.antudigital.cl\/sites\/vc\/wp-json\/wp\/v2\/users\/3"}],"replies":[{"embeddable":true,"href":"https:\/\/dev.antudigital.cl\/sites\/vc\/wp-json\/wp\/v2\/comments?post=8285"}],"version-history":[{"count":2,"href":"https:\/\/dev.antudigital.cl\/sites\/vc\/wp-json\/wp\/v2\/posts\/8285\/revisions"}],"predecessor-version":[{"id":8290,"href":"https:\/\/dev.antudigital.cl\/sites\/vc\/wp-json\/wp\/v2\/posts\/8285\/revisions\/8290"}],"wp:featuredmedia":[{"embeddable":true,"href":"https:\/\/dev.antudigital.cl\/sites\/vc\/wp-json\/wp\/v2\/media\/8289"}],"wp:attachment":[{"href":"https:\/\/dev.antudigital.cl\/sites\/vc\/wp-json\/wp\/v2\/media?parent=8285"}],"wp:term":[{"taxonomy":"category","embeddable":true,"href":"https:\/\/dev.antudigital.cl\/sites\/vc\/wp-json\/wp\/v2\/categories?post=8285"},{"taxonomy":"post_tag","embeddable":true,"href":"https:\/\/dev.antudigital.cl\/sites\/vc\/wp-json\/wp\/v2\/tags?post=8285"}],"curies":[{"name":"wp","href":"https:\/\/api.w.org\/{rel}","templated":true}]}}