{"id":8291,"date":"2021-02-08T14:40:48","date_gmt":"2021-02-08T14:40:48","guid":{"rendered":"https:\/\/www.valparaisocreativo.cl\/?p=5902"},"modified":"2021-02-08T14:40:48","modified_gmt":"2021-02-08T14:40:48","slug":"quilpue-inicia-catastro-para-artistas-culturales-en-linea","status":"publish","type":"post","link":"https:\/\/dev.antudigital.cl\/sites\/vc\/quilpue-inicia-catastro-para-artistas-culturales-en-linea\/","title":{"rendered":"Quilpu\u00e9 inicia catastro para artistas culturales en l\u00ednea"},"content":{"rendered":"<p>Se trata de un reciente estudio que pretende conocer a quienes se desempe\u00f1an en las artes y distintas disciplinas relativas al quehacer cultural. Hasta el 24 de febrero estar\u00e1 abierta la instancia, siendo este uno de los pasos para poder construir un Plan Comunal de Cultura que abarque a quienes residen tanto en Quilpu\u00e9 como El Belloto.<\/p>\n<p><span class=\"\">La Direcci\u00f3n de Cultura de la Municipalidad de Quilpu\u00e9 invita a ser arte de este proceso que tiene impacto de aqu\u00ed a cuatro a\u00f1os. La respuesta y participaci\u00f3n es esencial para generar un proceso inclusivo y democr\u00e1tico, que d\u00e9 cuenta del desarrollo cultural de la comuna. Esta herramienta permite diagnosticar los desaf\u00edos y problemas de la participaci\u00f3n cultural de nuestro territorio.<br \/>\n<\/span><\/p>\n<p><img fetchpriority=\"high\" decoding=\"async\" class=\"alignleft size-medium wp-image-5903\" src=\"https:\/\/www.valparaisocreativo.cl\/wp-content\/uploads\/2021\/02\/WhatsApp-Image-2021-02-06-at-11.48.45-300x300.jpeg\" alt=\"\" width=\"300\" height=\"300\" \/><\/p>\n<h3><a href=\"https:\/\/es.surveymonkey.com\/r\/RG7VN8J\">Click aqu\u00ed<\/a> para acceder al catastro.<\/h3>\n","protected":false},"excerpt":{"rendered":"<p>Se trata de un reciente estudio que pretende conocer a quienes se desempe\u00f1an en las artes y distintas disciplinas relativas al quehacer cultural. Hasta el 24 de febrero estar\u00e1 abierta la instancia, siendo este uno de los pasos para poder construir un Plan Comunal de Cultura que abarque a quienes residen tanto en Quilpu\u00e9 como [&hellip;]<\/p>\n","protected":false},"author":3,"featured_media":8292,"comment_status":"closed","ping_status":"closed","sticky":false,"template":"","format":"standard","meta":{"_acf_changed":false,"footnotes":""},"categories":[8],"tags":[],"class_list":["post-8291","post","type-post","status-publish","format-standard","has-post-thumbnail","hentry","category-noticia"],"acf":[],"yoast_head":"<!-- This site is optimized with the Yoast SEO plugin v27.1.1 - https:\/\/yoast.com\/product\/yoast-seo-wordpress\/ -->\n<title>Quilpu\u00e9 inicia catastro para artistas culturales en l\u00ednea - Valpara\u00ed\u00adso Creativo<\/title>\n<meta name=\"robots\" content=\"index, follow, max-snippet:-1, max-image-preview:large, max-video-preview:-1\" \/>\n<link rel=\"canonical\" href=\"https:\/\/dev.antudigital.cl\/sites\/vc\/quilpue-inicia-catastro-para-artistas-culturales-en-linea\/\" \/>\n<meta property=\"og:locale\" content=\"es_ES\" \/>\n<meta property=\"og:type\" content=\"article\" \/>\n<meta property=\"og:title\" content=\"Quilpu\u00e9 inicia catastro para artistas culturales en l\u00ednea - Valpara\u00ed\u00adso Creativo\" \/>\n<meta property=\"og:description\" content=\"Se trata de un reciente estudio que pretende conocer a quienes se desempe\u00f1an en las artes y distintas disciplinas relativas al quehacer cultural. Hasta el 24 de febrero estar\u00e1 abierta la instancia, siendo este uno de los pasos para poder construir un Plan Comunal de Cultura que abarque a quienes residen tanto en Quilpu\u00e9 como [&hellip;]\" \/>\n<meta property=\"og:url\" content=\"https:\/\/dev.antudigital.cl\/sites\/vc\/quilpue-inicia-catastro-para-artistas-culturales-en-linea\/\" \/>\n<meta property=\"og:site_name\" content=\"Valpara\u00ed\u00adso Creativo\" \/>\n<meta property=\"article:published_time\" content=\"2021-02-08T14:40:48+00:00\" \/>\n<meta property=\"og:image\" content=\"https:\/\/dev.antudigital.cl\/sites\/vc\/wp-content\/uploads\/2021\/02\/Quilpue.jpg\" \/>\n\t<meta property=\"og:image:width\" content=\"1024\" \/>\n\t<meta property=\"og:image:height\" content=\"682\" \/>\n\t<meta property=\"og:image:type\" content=\"image\/jpeg\" \/>\n<meta name=\"author\" content=\"Valparaiso Creativo\" \/>\n<meta name=\"twitter:card\" content=\"summary_large_image\" \/>\n<meta name=\"twitter:label1\" content=\"Escrito por\" \/>\n\t<meta name=\"twitter:data1\" content=\"Valparaiso Creativo\" \/>\n\t<meta name=\"twitter:label2\" content=\"Tiempo de lectura\" \/>\n\t<meta name=\"twitter:data2\" content=\"1 minuto\" \/>\n<script type=\"application\/ld+json\" class=\"yoast-schema-graph\">{\"@context\":\"https:\/\/schema.org\",\"@graph\":[{\"@type\":\"Article\",\"@id\":\"https:\/\/dev.antudigital.cl\/sites\/vc\/quilpue-inicia-catastro-para-artistas-culturales-en-linea\/#article\",\"isPartOf\":{\"@id\":\"https:\/\/dev.antudigital.cl\/sites\/vc\/quilpue-inicia-catastro-para-artistas-culturales-en-linea\/\"},\"author\":{\"name\":\"Valparaiso Creativo\",\"@id\":\"https:\/\/dev.antudigital.cl\/sites\/vc\/#\/schema\/person\/81d1dcd51abd542b5dfc00f5f951a0f1\"},\"headline\":\"Quilpu\u00e9 inicia catastro para artistas culturales en l\u00ednea\",\"datePublished\":\"2021-02-08T14:40:48+00:00\",\"mainEntityOfPage\":{\"@id\":\"https:\/\/dev.antudigital.cl\/sites\/vc\/quilpue-inicia-catastro-para-artistas-culturales-en-linea\/\"},\"wordCount\":139,\"image\":{\"@id\":\"https:\/\/dev.antudigital.cl\/sites\/vc\/quilpue-inicia-catastro-para-artistas-culturales-en-linea\/#primaryimage\"},\"thumbnailUrl\":\"https:\/\/dev.antudigital.cl\/sites\/vc\/wp-content\/uploads\/2021\/02\/Quilpue.jpg\",\"articleSection\":[\"Noticia\"],\"inLanguage\":\"es\"},{\"@type\":\"WebPage\",\"@id\":\"https:\/\/dev.antudigital.cl\/sites\/vc\/quilpue-inicia-catastro-para-artistas-culturales-en-linea\/\",\"url\":\"https:\/\/dev.antudigital.cl\/sites\/vc\/quilpue-inicia-catastro-para-artistas-culturales-en-linea\/\",\"name\":\"Quilpu\u00e9 inicia catastro para artistas culturales en l\u00ednea - Valpara\u00ed\u00adso Creativo\",\"isPartOf\":{\"@id\":\"https:\/\/dev.antudigital.cl\/sites\/vc\/#website\"},\"primaryImageOfPage\":{\"@id\":\"https:\/\/dev.antudigital.cl\/sites\/vc\/quilpue-inicia-catastro-para-artistas-culturales-en-linea\/#primaryimage\"},\"image\":{\"@id\":\"https:\/\/dev.antudigital.cl\/sites\/vc\/quilpue-inicia-catastro-para-artistas-culturales-en-linea\/#primaryimage\"},\"thumbnailUrl\":\"https:\/\/dev.antudigital.cl\/sites\/vc\/wp-content\/uploads\/2021\/02\/Quilpue.jpg\",\"datePublished\":\"2021-02-08T14:40:48+00:00\",\"author\":{\"@id\":\"https:\/\/dev.antudigital.cl\/sites\/vc\/#\/schema\/person\/81d1dcd51abd542b5dfc00f5f951a0f1\"},\"breadcrumb\":{\"@id\":\"https:\/\/dev.antudigital.cl\/sites\/vc\/quilpue-inicia-catastro-para-artistas-culturales-en-linea\/#breadcrumb\"},\"inLanguage\":\"es\",\"potentialAction\":[{\"@type\":\"ReadAction\",\"target\":[\"https:\/\/dev.antudigital.cl\/sites\/vc\/quilpue-inicia-catastro-para-artistas-culturales-en-linea\/\"]}]},{\"@type\":\"ImageObject\",\"inLanguage\":\"es\",\"@id\":\"https:\/\/dev.antudigital.cl\/sites\/vc\/quilpue-inicia-catastro-para-artistas-culturales-en-linea\/#primaryimage\",\"url\":\"https:\/\/dev.antudigital.cl\/sites\/vc\/wp-content\/uploads\/2021\/02\/Quilpue.jpg\",\"contentUrl\":\"https:\/\/dev.antudigital.cl\/sites\/vc\/wp-content\/uploads\/2021\/02\/Quilpue.jpg\",\"width\":1024,\"height\":682},{\"@type\":\"BreadcrumbList\",\"@id\":\"https:\/\/dev.antudigital.cl\/sites\/vc\/quilpue-inicia-catastro-para-artistas-culturales-en-linea\/#breadcrumb\",\"itemListElement\":[{\"@type\":\"ListItem\",\"position\":1,\"name\":\"Home\",\"item\":\"https:\/\/dev.antudigital.cl\/sites\/vc\/\"},{\"@type\":\"ListItem\",\"position\":2,\"name\":\"Quilpu\u00e9 inicia catastro para artistas culturales en l\u00ednea\"}]},{\"@type\":\"WebSite\",\"@id\":\"https:\/\/dev.antudigital.cl\/sites\/vc\/#website\",\"url\":\"https:\/\/dev.antudigital.cl\/sites\/vc\/\",\"name\":\"Valpara\u00ed\u00adso Creativo\",\"description\":\"\",\"potentialAction\":[{\"@type\":\"SearchAction\",\"target\":{\"@type\":\"EntryPoint\",\"urlTemplate\":\"https:\/\/dev.antudigital.cl\/sites\/vc\/?s={search_term_string}\"},\"query-input\":{\"@type\":\"PropertyValueSpecification\",\"valueRequired\":true,\"valueName\":\"search_term_string\"}}],\"inLanguage\":\"es\"},{\"@type\":\"Person\",\"@id\":\"https:\/\/dev.antudigital.cl\/sites\/vc\/#\/schema\/person\/81d1dcd51abd542b5dfc00f5f951a0f1\",\"name\":\"Valparaiso Creativo\",\"url\":\"https:\/\/dev.antudigital.cl\/sites\/vc\/author\/valparaiso-creativo\/\"}]}<\/script>\n<!-- \/ Yoast SEO plugin. -->","yoast_head_json":{"title":"Quilpu\u00e9 inicia catastro para artistas culturales en l\u00ednea - Valpara\u00ed\u00adso Creativo","robots":{"index":"index","follow":"follow","max-snippet":"max-snippet:-1","max-image-preview":"max-image-preview:large","max-video-preview":"max-video-preview:-1"},"canonical":"https:\/\/dev.antudigital.cl\/sites\/vc\/quilpue-inicia-catastro-para-artistas-culturales-en-linea\/","og_locale":"es_ES","og_type":"article","og_title":"Quilpu\u00e9 inicia catastro para artistas culturales en l\u00ednea - Valpara\u00ed\u00adso Creativo","og_description":"Se trata de un reciente estudio que pretende conocer a quienes se desempe\u00f1an en las artes y distintas disciplinas relativas al quehacer cultural. Hasta el 24 de febrero estar\u00e1 abierta la instancia, siendo este uno de los pasos para poder construir un Plan Comunal de Cultura que abarque a quienes residen tanto en Quilpu\u00e9 como [&hellip;]","og_url":"https:\/\/dev.antudigital.cl\/sites\/vc\/quilpue-inicia-catastro-para-artistas-culturales-en-linea\/","og_site_name":"Valpara\u00ed\u00adso Creativo","article_published_time":"2021-02-08T14:40:48+00:00","og_image":[{"width":1024,"height":682,"url":"https:\/\/dev.antudigital.cl\/sites\/vc\/wp-content\/uploads\/2021\/02\/Quilpue.jpg","type":"image\/jpeg"}],"author":"Valparaiso Creativo","twitter_card":"summary_large_image","twitter_misc":{"Escrito por":"Valparaiso Creativo","Tiempo de lectura":"1 minuto"},"schema":{"@context":"https:\/\/schema.org","@graph":[{"@type":"Article","@id":"https:\/\/dev.antudigital.cl\/sites\/vc\/quilpue-inicia-catastro-para-artistas-culturales-en-linea\/#article","isPartOf":{"@id":"https:\/\/dev.antudigital.cl\/sites\/vc\/quilpue-inicia-catastro-para-artistas-culturales-en-linea\/"},"author":{"name":"Valparaiso Creativo","@id":"https:\/\/dev.antudigital.cl\/sites\/vc\/#\/schema\/person\/81d1dcd51abd542b5dfc00f5f951a0f1"},"headline":"Quilpu\u00e9 inicia catastro para artistas culturales en l\u00ednea","datePublished":"2021-02-08T14:40:48+00:00","mainEntityOfPage":{"@id":"https:\/\/dev.antudigital.cl\/sites\/vc\/quilpue-inicia-catastro-para-artistas-culturales-en-linea\/"},"wordCount":139,"image":{"@id":"https:\/\/dev.antudigital.cl\/sites\/vc\/quilpue-inicia-catastro-para-artistas-culturales-en-linea\/#primaryimage"},"thumbnailUrl":"https:\/\/dev.antudigital.cl\/sites\/vc\/wp-content\/uploads\/2021\/02\/Quilpue.jpg","articleSection":["Noticia"],"inLanguage":"es"},{"@type":"WebPage","@id":"https:\/\/dev.antudigital.cl\/sites\/vc\/quilpue-inicia-catastro-para-artistas-culturales-en-linea\/","url":"https:\/\/dev.antudigital.cl\/sites\/vc\/quilpue-inicia-catastro-para-artistas-culturales-en-linea\/","name":"Quilpu\u00e9 inicia catastro para artistas culturales en l\u00ednea - Valpara\u00ed\u00adso Creativo","isPartOf":{"@id":"https:\/\/dev.antudigital.cl\/sites\/vc\/#website"},"primaryImageOfPage":{"@id":"https:\/\/dev.antudigital.cl\/sites\/vc\/quilpue-inicia-catastro-para-artistas-culturales-en-linea\/#primaryimage"},"image":{"@id":"https:\/\/dev.antudigital.cl\/sites\/vc\/quilpue-inicia-catastro-para-artistas-culturales-en-linea\/#primaryimage"},"thumbnailUrl":"https:\/\/dev.antudigital.cl\/sites\/vc\/wp-content\/uploads\/2021\/02\/Quilpue.jpg","datePublished":"2021-02-08T14:40:48+00:00","author":{"@id":"https:\/\/dev.antudigital.cl\/sites\/vc\/#\/schema\/person\/81d1dcd51abd542b5dfc00f5f951a0f1"},"breadcrumb":{"@id":"https:\/\/dev.antudigital.cl\/sites\/vc\/quilpue-inicia-catastro-para-artistas-culturales-en-linea\/#breadcrumb"},"inLanguage":"es","potentialAction":[{"@type":"ReadAction","target":["https:\/\/dev.antudigital.cl\/sites\/vc\/quilpue-inicia-catastro-para-artistas-culturales-en-linea\/"]}]},{"@type":"ImageObject","inLanguage":"es","@id":"https:\/\/dev.antudigital.cl\/sites\/vc\/quilpue-inicia-catastro-para-artistas-culturales-en-linea\/#primaryimage","url":"https:\/\/dev.antudigital.cl\/sites\/vc\/wp-content\/uploads\/2021\/02\/Quilpue.jpg","contentUrl":"https:\/\/dev.antudigital.cl\/sites\/vc\/wp-content\/uploads\/2021\/02\/Quilpue.jpg","width":1024,"height":682},{"@type":"BreadcrumbList","@id":"https:\/\/dev.antudigital.cl\/sites\/vc\/quilpue-inicia-catastro-para-artistas-culturales-en-linea\/#breadcrumb","itemListElement":[{"@type":"ListItem","position":1,"name":"Home","item":"https:\/\/dev.antudigital.cl\/sites\/vc\/"},{"@type":"ListItem","position":2,"name":"Quilpu\u00e9 inicia catastro para artistas culturales en l\u00ednea"}]},{"@type":"WebSite","@id":"https:\/\/dev.antudigital.cl\/sites\/vc\/#website","url":"https:\/\/dev.antudigital.cl\/sites\/vc\/","name":"Valpara\u00ed\u00adso Creativo","description":"","potentialAction":[{"@type":"SearchAction","target":{"@type":"EntryPoint","urlTemplate":"https:\/\/dev.antudigital.cl\/sites\/vc\/?s={search_term_string}"},"query-input":{"@type":"PropertyValueSpecification","valueRequired":true,"valueName":"search_term_string"}}],"inLanguage":"es"},{"@type":"Person","@id":"https:\/\/dev.antudigital.cl\/sites\/vc\/#\/schema\/person\/81d1dcd51abd542b5dfc00f5f951a0f1","name":"Valparaiso Creativo","url":"https:\/\/dev.antudigital.cl\/sites\/vc\/author\/valparaiso-creativo\/"}]}},"_links":{"self":[{"href":"https:\/\/dev.antudigital.cl\/sites\/vc\/wp-json\/wp\/v2\/posts\/8291","targetHints":{"allow":["GET"]}}],"collection":[{"href":"https:\/\/dev.antudigital.cl\/sites\/vc\/wp-json\/wp\/v2\/posts"}],"about":[{"href":"https:\/\/dev.antudigital.cl\/sites\/vc\/wp-json\/wp\/v2\/types\/post"}],"author":[{"embeddable":true,"href":"https:\/\/dev.antudigital.cl\/sites\/vc\/wp-json\/wp\/v2\/users\/3"}],"replies":[{"embeddable":true,"href":"https:\/\/dev.antudigital.cl\/sites\/vc\/wp-json\/wp\/v2\/comments?post=8291"}],"version-history":[{"count":0,"href":"https:\/\/dev.antudigital.cl\/sites\/vc\/wp-json\/wp\/v2\/posts\/8291\/revisions"}],"wp:featuredmedia":[{"embeddable":true,"href":"https:\/\/dev.antudigital.cl\/sites\/vc\/wp-json\/wp\/v2\/media\/8292"}],"wp:attachment":[{"href":"https:\/\/dev.antudigital.cl\/sites\/vc\/wp-json\/wp\/v2\/media?parent=8291"}],"wp:term":[{"taxonomy":"category","embeddable":true,"href":"https:\/\/dev.antudigital.cl\/sites\/vc\/wp-json\/wp\/v2\/categories?post=8291"},{"taxonomy":"post_tag","embeddable":true,"href":"https:\/\/dev.antudigital.cl\/sites\/vc\/wp-json\/wp\/v2\/tags?post=8291"}],"curies":[{"name":"wp","href":"https:\/\/api.w.org\/{rel}","templated":true}]}}