{"id":8300,"date":"2021-02-08T10:31:27","date_gmt":"2021-02-08T10:31:27","guid":{"rendered":"https:\/\/www.valparaisocreativo.cl\/?p=5877"},"modified":"2021-02-08T10:31:27","modified_gmt":"2021-02-08T10:31:27","slug":"mon-laferte-pinta-amplio-mural-en-valparaiso-por-exposicion-en-galeria-bahia-utopica","status":"publish","type":"post","link":"https:\/\/dev.antudigital.cl\/sites\/vc\/mon-laferte-pinta-amplio-mural-en-valparaiso-por-exposicion-en-galeria-bahia-utopica\/","title":{"rendered":"Mon Laferte pinta amplio mural en Valpara\u00edso por exposici\u00f3n en Galer\u00eda Bah\u00eda Ut\u00f3pica"},"content":{"rendered":"<div class=\"entry-content\">\n<h2 class=\"source\">Mon Laferte inaugura con gran mural su muestra \u00abProcesi\u00f3n\u00bb, la que estar\u00e1 disponible en la galer\u00eda de arte Bah\u00eda Ut\u00f3pica de manera presencial. Desde el 15 de febrero al 12 de marzo.<\/h2>\n<p>La artista chilena<strong> Mon Laferte<\/strong> ha desarrollado una nutrida producci\u00f3n en dibujo, pintura y grabado paralelo a su carrera musical. En M\u00e9xico realiz\u00f3 la exposici\u00f3n \u201cGestos\u201d (Museo de la Ciudad de M\u00e9xico, 2020) e instal\u00f3 su propia galer\u00eda de arte (Mon Laferte Galer\u00eda de Arte.Tepoztl\u00e1n, Morenos, 2020).<\/p>\n<p>\u201c<strong>Procesi\u00f3n<\/strong>\u201d es la primera exposici\u00f3n individual de Mon Laferte en Chile. Realizar esta actividad en Valpara\u00edso -en medio de una pandemia que h<img fetchpriority=\"high\" decoding=\"async\" class=\"alignleft size-medium wp-image-5881\" src=\"https:\/\/www.valparaisocreativo.cl\/wp-content\/uploads\/2021\/02\/Mon-Laferte-2-300x200.jpg\" alt=\"\" width=\"300\" height=\"200\" \/>a repercutido gravemente en el quehacer social y cultural, entre otros- implica un logro invaluable para <strong>Bah\u00eda Ut\u00f3pica<\/strong>.<\/p>\n<blockquote><p>\u00abLa galer\u00eda agradece la decisi\u00f3n de la artista por exponer en la ciudad -con la que ha declarado poseer emotivos nexos vivenciales- ya que reactiva el circuito de\u00a0 difusi\u00f3n creativa y de generaci\u00f3n de lazos identitarios entre el arte la comunidad\u00bb.<\/p><\/blockquote>\n<p>Su pintura m\u00e1s reciente destaca por la versatilidad y desenfado en la ejecuci\u00f3n, en que confluyen diversas vertientes discursivas. En su imaginario ecl\u00e9ctico, la pintura de Mon Laferte posee una clara vocaci\u00f3n por lo urbano. A su vez, existe una clara impronta de la tradici\u00f3n latinoamericana, un sentido devocional e intimista en las acciones y espacios. Lo cotidiano y profano, ese espacio de recogimiento, del don por la ofrenda, tan propio del sincretismo latinoamericano y en particular de la tradici\u00f3n de los exvotos mexicanos.<\/p>\n<h3>Inscr\u00edbete para visitar la galer\u00eda <a href=\"https:\/\/docs.google.com\/forms\/d\/e\/1FAIpQLSejjCl09-sRFMFO5uYRRBkN_RfHA9lQcvsxuzi9ws81kK35aw\/viewform\">aqu\u00ed<\/a>.<\/h3>\n<p><img decoding=\"async\" class=\"alignleft size-medium wp-image-5879\" src=\"https:\/\/www.valparaisocreativo.cl\/wp-content\/uploads\/2021\/02\/Captura-de-Pantalla-2021-02-08-a-las-10.21.33-300x208.png\" alt=\"\" width=\"300\" height=\"208\" \/><\/p>\n<\/div>\n","protected":false},"excerpt":{"rendered":"<p>Mon Laferte inaugura con gran mural su muestra \u00abProcesi\u00f3n\u00bb, la que estar\u00e1 disponible en la galer\u00eda de arte Bah\u00eda Ut\u00f3pica de manera presencial. Desde el 15 de febrero al 12 de marzo. La artista chilena Mon Laferte ha desarrollado una nutrida producci\u00f3n en dibujo, pintura y grabado paralelo a su carrera musical. En M\u00e9xico realiz\u00f3 [&hellip;]<\/p>\n","protected":false},"author":3,"featured_media":8302,"comment_status":"closed","ping_status":"closed","sticky":false,"template":"","format":"standard","meta":{"_acf_changed":false,"footnotes":""},"categories":[8],"tags":[],"class_list":["post-8300","post","type-post","status-publish","format-standard","has-post-thumbnail","hentry","category-noticia"],"acf":[],"yoast_head":"<!-- This site is optimized with the Yoast SEO plugin v27.1.1 - https:\/\/yoast.com\/product\/yoast-seo-wordpress\/ -->\n<title>Mon Laferte pinta amplio mural en Valpara\u00edso por exposici\u00f3n en Galer\u00eda Bah\u00eda Ut\u00f3pica - Valpara\u00ed\u00adso Creativo<\/title>\n<meta name=\"robots\" content=\"index, follow, max-snippet:-1, max-image-preview:large, max-video-preview:-1\" \/>\n<link rel=\"canonical\" href=\"https:\/\/dev.antudigital.cl\/sites\/vc\/mon-laferte-pinta-amplio-mural-en-valparaiso-por-exposicion-en-galeria-bahia-utopica\/\" \/>\n<meta property=\"og:locale\" content=\"es_ES\" \/>\n<meta property=\"og:type\" content=\"article\" \/>\n<meta property=\"og:title\" content=\"Mon Laferte pinta amplio mural en Valpara\u00edso por exposici\u00f3n en Galer\u00eda Bah\u00eda Ut\u00f3pica - Valpara\u00ed\u00adso Creativo\" \/>\n<meta property=\"og:description\" content=\"Mon Laferte inaugura con gran mural su muestra \u00abProcesi\u00f3n\u00bb, la que estar\u00e1 disponible en la galer\u00eda de arte Bah\u00eda Ut\u00f3pica de manera presencial. Desde el 15 de febrero al 12 de marzo. La artista chilena Mon Laferte ha desarrollado una nutrida producci\u00f3n en dibujo, pintura y grabado paralelo a su carrera musical. En M\u00e9xico realiz\u00f3 [&hellip;]\" \/>\n<meta property=\"og:url\" content=\"https:\/\/dev.antudigital.cl\/sites\/vc\/mon-laferte-pinta-amplio-mural-en-valparaiso-por-exposicion-en-galeria-bahia-utopica\/\" \/>\n<meta property=\"og:site_name\" content=\"Valpara\u00ed\u00adso Creativo\" \/>\n<meta property=\"article:published_time\" content=\"2021-02-08T10:31:27+00:00\" \/>\n<meta property=\"og:image\" content=\"https:\/\/dev.antudigital.cl\/sites\/vc\/wp-content\/uploads\/2021\/02\/Mon-Laferte.jpg\" \/>\n\t<meta property=\"og:image:width\" content=\"900\" \/>\n\t<meta property=\"og:image:height\" content=\"631\" \/>\n\t<meta property=\"og:image:type\" content=\"image\/jpeg\" \/>\n<meta name=\"author\" content=\"Valparaiso Creativo\" \/>\n<meta name=\"twitter:card\" content=\"summary_large_image\" \/>\n<meta name=\"twitter:label1\" content=\"Escrito por\" \/>\n\t<meta name=\"twitter:data1\" content=\"Valparaiso Creativo\" \/>\n\t<meta name=\"twitter:label2\" content=\"Tiempo de lectura\" \/>\n\t<meta name=\"twitter:data2\" content=\"1 minuto\" \/>\n<script type=\"application\/ld+json\" class=\"yoast-schema-graph\">{\"@context\":\"https:\/\/schema.org\",\"@graph\":[{\"@type\":\"Article\",\"@id\":\"https:\/\/dev.antudigital.cl\/sites\/vc\/mon-laferte-pinta-amplio-mural-en-valparaiso-por-exposicion-en-galeria-bahia-utopica\/#article\",\"isPartOf\":{\"@id\":\"https:\/\/dev.antudigital.cl\/sites\/vc\/mon-laferte-pinta-amplio-mural-en-valparaiso-por-exposicion-en-galeria-bahia-utopica\/\"},\"author\":{\"name\":\"Valparaiso Creativo\",\"@id\":\"https:\/\/dev.antudigital.cl\/sites\/vc\/#\/schema\/person\/81d1dcd51abd542b5dfc00f5f951a0f1\"},\"headline\":\"Mon Laferte pinta amplio mural en Valpara\u00edso por exposici\u00f3n en Galer\u00eda Bah\u00eda Ut\u00f3pica\",\"datePublished\":\"2021-02-08T10:31:27+00:00\",\"mainEntityOfPage\":{\"@id\":\"https:\/\/dev.antudigital.cl\/sites\/vc\/mon-laferte-pinta-amplio-mural-en-valparaiso-por-exposicion-en-galeria-bahia-utopica\/\"},\"wordCount\":293,\"image\":{\"@id\":\"https:\/\/dev.antudigital.cl\/sites\/vc\/mon-laferte-pinta-amplio-mural-en-valparaiso-por-exposicion-en-galeria-bahia-utopica\/#primaryimage\"},\"thumbnailUrl\":\"https:\/\/dev.antudigital.cl\/sites\/vc\/wp-content\/uploads\/2021\/02\/Mon-Laferte.jpg\",\"articleSection\":[\"Noticia\"],\"inLanguage\":\"es\"},{\"@type\":\"WebPage\",\"@id\":\"https:\/\/dev.antudigital.cl\/sites\/vc\/mon-laferte-pinta-amplio-mural-en-valparaiso-por-exposicion-en-galeria-bahia-utopica\/\",\"url\":\"https:\/\/dev.antudigital.cl\/sites\/vc\/mon-laferte-pinta-amplio-mural-en-valparaiso-por-exposicion-en-galeria-bahia-utopica\/\",\"name\":\"Mon Laferte pinta amplio mural en Valpara\u00edso por exposici\u00f3n en Galer\u00eda Bah\u00eda Ut\u00f3pica - Valpara\u00ed\u00adso Creativo\",\"isPartOf\":{\"@id\":\"https:\/\/dev.antudigital.cl\/sites\/vc\/#website\"},\"primaryImageOfPage\":{\"@id\":\"https:\/\/dev.antudigital.cl\/sites\/vc\/mon-laferte-pinta-amplio-mural-en-valparaiso-por-exposicion-en-galeria-bahia-utopica\/#primaryimage\"},\"image\":{\"@id\":\"https:\/\/dev.antudigital.cl\/sites\/vc\/mon-laferte-pinta-amplio-mural-en-valparaiso-por-exposicion-en-galeria-bahia-utopica\/#primaryimage\"},\"thumbnailUrl\":\"https:\/\/dev.antudigital.cl\/sites\/vc\/wp-content\/uploads\/2021\/02\/Mon-Laferte.jpg\",\"datePublished\":\"2021-02-08T10:31:27+00:00\",\"author\":{\"@id\":\"https:\/\/dev.antudigital.cl\/sites\/vc\/#\/schema\/person\/81d1dcd51abd542b5dfc00f5f951a0f1\"},\"breadcrumb\":{\"@id\":\"https:\/\/dev.antudigital.cl\/sites\/vc\/mon-laferte-pinta-amplio-mural-en-valparaiso-por-exposicion-en-galeria-bahia-utopica\/#breadcrumb\"},\"inLanguage\":\"es\",\"potentialAction\":[{\"@type\":\"ReadAction\",\"target\":[\"https:\/\/dev.antudigital.cl\/sites\/vc\/mon-laferte-pinta-amplio-mural-en-valparaiso-por-exposicion-en-galeria-bahia-utopica\/\"]}]},{\"@type\":\"ImageObject\",\"inLanguage\":\"es\",\"@id\":\"https:\/\/dev.antudigital.cl\/sites\/vc\/mon-laferte-pinta-amplio-mural-en-valparaiso-por-exposicion-en-galeria-bahia-utopica\/#primaryimage\",\"url\":\"https:\/\/dev.antudigital.cl\/sites\/vc\/wp-content\/uploads\/2021\/02\/Mon-Laferte.jpg\",\"contentUrl\":\"https:\/\/dev.antudigital.cl\/sites\/vc\/wp-content\/uploads\/2021\/02\/Mon-Laferte.jpg\",\"width\":900,\"height\":631},{\"@type\":\"BreadcrumbList\",\"@id\":\"https:\/\/dev.antudigital.cl\/sites\/vc\/mon-laferte-pinta-amplio-mural-en-valparaiso-por-exposicion-en-galeria-bahia-utopica\/#breadcrumb\",\"itemListElement\":[{\"@type\":\"ListItem\",\"position\":1,\"name\":\"Home\",\"item\":\"https:\/\/dev.antudigital.cl\/sites\/vc\/\"},{\"@type\":\"ListItem\",\"position\":2,\"name\":\"Mon Laferte pinta amplio mural en Valpara\u00edso por exposici\u00f3n en Galer\u00eda Bah\u00eda Ut\u00f3pica\"}]},{\"@type\":\"WebSite\",\"@id\":\"https:\/\/dev.antudigital.cl\/sites\/vc\/#website\",\"url\":\"https:\/\/dev.antudigital.cl\/sites\/vc\/\",\"name\":\"Valpara\u00ed\u00adso Creativo\",\"description\":\"\",\"potentialAction\":[{\"@type\":\"SearchAction\",\"target\":{\"@type\":\"EntryPoint\",\"urlTemplate\":\"https:\/\/dev.antudigital.cl\/sites\/vc\/?s={search_term_string}\"},\"query-input\":{\"@type\":\"PropertyValueSpecification\",\"valueRequired\":true,\"valueName\":\"search_term_string\"}}],\"inLanguage\":\"es\"},{\"@type\":\"Person\",\"@id\":\"https:\/\/dev.antudigital.cl\/sites\/vc\/#\/schema\/person\/81d1dcd51abd542b5dfc00f5f951a0f1\",\"name\":\"Valparaiso Creativo\",\"url\":\"https:\/\/dev.antudigital.cl\/sites\/vc\/author\/valparaiso-creativo\/\"}]}<\/script>\n<!-- \/ Yoast SEO plugin. -->","yoast_head_json":{"title":"Mon Laferte pinta amplio mural en Valpara\u00edso por exposici\u00f3n en Galer\u00eda Bah\u00eda Ut\u00f3pica - Valpara\u00ed\u00adso Creativo","robots":{"index":"index","follow":"follow","max-snippet":"max-snippet:-1","max-image-preview":"max-image-preview:large","max-video-preview":"max-video-preview:-1"},"canonical":"https:\/\/dev.antudigital.cl\/sites\/vc\/mon-laferte-pinta-amplio-mural-en-valparaiso-por-exposicion-en-galeria-bahia-utopica\/","og_locale":"es_ES","og_type":"article","og_title":"Mon Laferte pinta amplio mural en Valpara\u00edso por exposici\u00f3n en Galer\u00eda Bah\u00eda Ut\u00f3pica - Valpara\u00ed\u00adso Creativo","og_description":"Mon Laferte inaugura con gran mural su muestra \u00abProcesi\u00f3n\u00bb, la que estar\u00e1 disponible en la galer\u00eda de arte Bah\u00eda Ut\u00f3pica de manera presencial. Desde el 15 de febrero al 12 de marzo. La artista chilena Mon Laferte ha desarrollado una nutrida producci\u00f3n en dibujo, pintura y grabado paralelo a su carrera musical. En M\u00e9xico realiz\u00f3 [&hellip;]","og_url":"https:\/\/dev.antudigital.cl\/sites\/vc\/mon-laferte-pinta-amplio-mural-en-valparaiso-por-exposicion-en-galeria-bahia-utopica\/","og_site_name":"Valpara\u00ed\u00adso Creativo","article_published_time":"2021-02-08T10:31:27+00:00","og_image":[{"width":900,"height":631,"url":"https:\/\/dev.antudigital.cl\/sites\/vc\/wp-content\/uploads\/2021\/02\/Mon-Laferte.jpg","type":"image\/jpeg"}],"author":"Valparaiso Creativo","twitter_card":"summary_large_image","twitter_misc":{"Escrito por":"Valparaiso Creativo","Tiempo de lectura":"1 minuto"},"schema":{"@context":"https:\/\/schema.org","@graph":[{"@type":"Article","@id":"https:\/\/dev.antudigital.cl\/sites\/vc\/mon-laferte-pinta-amplio-mural-en-valparaiso-por-exposicion-en-galeria-bahia-utopica\/#article","isPartOf":{"@id":"https:\/\/dev.antudigital.cl\/sites\/vc\/mon-laferte-pinta-amplio-mural-en-valparaiso-por-exposicion-en-galeria-bahia-utopica\/"},"author":{"name":"Valparaiso Creativo","@id":"https:\/\/dev.antudigital.cl\/sites\/vc\/#\/schema\/person\/81d1dcd51abd542b5dfc00f5f951a0f1"},"headline":"Mon Laferte pinta amplio mural en Valpara\u00edso por exposici\u00f3n en Galer\u00eda Bah\u00eda Ut\u00f3pica","datePublished":"2021-02-08T10:31:27+00:00","mainEntityOfPage":{"@id":"https:\/\/dev.antudigital.cl\/sites\/vc\/mon-laferte-pinta-amplio-mural-en-valparaiso-por-exposicion-en-galeria-bahia-utopica\/"},"wordCount":293,"image":{"@id":"https:\/\/dev.antudigital.cl\/sites\/vc\/mon-laferte-pinta-amplio-mural-en-valparaiso-por-exposicion-en-galeria-bahia-utopica\/#primaryimage"},"thumbnailUrl":"https:\/\/dev.antudigital.cl\/sites\/vc\/wp-content\/uploads\/2021\/02\/Mon-Laferte.jpg","articleSection":["Noticia"],"inLanguage":"es"},{"@type":"WebPage","@id":"https:\/\/dev.antudigital.cl\/sites\/vc\/mon-laferte-pinta-amplio-mural-en-valparaiso-por-exposicion-en-galeria-bahia-utopica\/","url":"https:\/\/dev.antudigital.cl\/sites\/vc\/mon-laferte-pinta-amplio-mural-en-valparaiso-por-exposicion-en-galeria-bahia-utopica\/","name":"Mon Laferte pinta amplio mural en Valpara\u00edso por exposici\u00f3n en Galer\u00eda Bah\u00eda Ut\u00f3pica - Valpara\u00ed\u00adso Creativo","isPartOf":{"@id":"https:\/\/dev.antudigital.cl\/sites\/vc\/#website"},"primaryImageOfPage":{"@id":"https:\/\/dev.antudigital.cl\/sites\/vc\/mon-laferte-pinta-amplio-mural-en-valparaiso-por-exposicion-en-galeria-bahia-utopica\/#primaryimage"},"image":{"@id":"https:\/\/dev.antudigital.cl\/sites\/vc\/mon-laferte-pinta-amplio-mural-en-valparaiso-por-exposicion-en-galeria-bahia-utopica\/#primaryimage"},"thumbnailUrl":"https:\/\/dev.antudigital.cl\/sites\/vc\/wp-content\/uploads\/2021\/02\/Mon-Laferte.jpg","datePublished":"2021-02-08T10:31:27+00:00","author":{"@id":"https:\/\/dev.antudigital.cl\/sites\/vc\/#\/schema\/person\/81d1dcd51abd542b5dfc00f5f951a0f1"},"breadcrumb":{"@id":"https:\/\/dev.antudigital.cl\/sites\/vc\/mon-laferte-pinta-amplio-mural-en-valparaiso-por-exposicion-en-galeria-bahia-utopica\/#breadcrumb"},"inLanguage":"es","potentialAction":[{"@type":"ReadAction","target":["https:\/\/dev.antudigital.cl\/sites\/vc\/mon-laferte-pinta-amplio-mural-en-valparaiso-por-exposicion-en-galeria-bahia-utopica\/"]}]},{"@type":"ImageObject","inLanguage":"es","@id":"https:\/\/dev.antudigital.cl\/sites\/vc\/mon-laferte-pinta-amplio-mural-en-valparaiso-por-exposicion-en-galeria-bahia-utopica\/#primaryimage","url":"https:\/\/dev.antudigital.cl\/sites\/vc\/wp-content\/uploads\/2021\/02\/Mon-Laferte.jpg","contentUrl":"https:\/\/dev.antudigital.cl\/sites\/vc\/wp-content\/uploads\/2021\/02\/Mon-Laferte.jpg","width":900,"height":631},{"@type":"BreadcrumbList","@id":"https:\/\/dev.antudigital.cl\/sites\/vc\/mon-laferte-pinta-amplio-mural-en-valparaiso-por-exposicion-en-galeria-bahia-utopica\/#breadcrumb","itemListElement":[{"@type":"ListItem","position":1,"name":"Home","item":"https:\/\/dev.antudigital.cl\/sites\/vc\/"},{"@type":"ListItem","position":2,"name":"Mon Laferte pinta amplio mural en Valpara\u00edso por exposici\u00f3n en Galer\u00eda Bah\u00eda Ut\u00f3pica"}]},{"@type":"WebSite","@id":"https:\/\/dev.antudigital.cl\/sites\/vc\/#website","url":"https:\/\/dev.antudigital.cl\/sites\/vc\/","name":"Valpara\u00ed\u00adso Creativo","description":"","potentialAction":[{"@type":"SearchAction","target":{"@type":"EntryPoint","urlTemplate":"https:\/\/dev.antudigital.cl\/sites\/vc\/?s={search_term_string}"},"query-input":{"@type":"PropertyValueSpecification","valueRequired":true,"valueName":"search_term_string"}}],"inLanguage":"es"},{"@type":"Person","@id":"https:\/\/dev.antudigital.cl\/sites\/vc\/#\/schema\/person\/81d1dcd51abd542b5dfc00f5f951a0f1","name":"Valparaiso Creativo","url":"https:\/\/dev.antudigital.cl\/sites\/vc\/author\/valparaiso-creativo\/"}]}},"_links":{"self":[{"href":"https:\/\/dev.antudigital.cl\/sites\/vc\/wp-json\/wp\/v2\/posts\/8300","targetHints":{"allow":["GET"]}}],"collection":[{"href":"https:\/\/dev.antudigital.cl\/sites\/vc\/wp-json\/wp\/v2\/posts"}],"about":[{"href":"https:\/\/dev.antudigital.cl\/sites\/vc\/wp-json\/wp\/v2\/types\/post"}],"author":[{"embeddable":true,"href":"https:\/\/dev.antudigital.cl\/sites\/vc\/wp-json\/wp\/v2\/users\/3"}],"replies":[{"embeddable":true,"href":"https:\/\/dev.antudigital.cl\/sites\/vc\/wp-json\/wp\/v2\/comments?post=8300"}],"version-history":[{"count":0,"href":"https:\/\/dev.antudigital.cl\/sites\/vc\/wp-json\/wp\/v2\/posts\/8300\/revisions"}],"wp:featuredmedia":[{"embeddable":true,"href":"https:\/\/dev.antudigital.cl\/sites\/vc\/wp-json\/wp\/v2\/media\/8302"}],"wp:attachment":[{"href":"https:\/\/dev.antudigital.cl\/sites\/vc\/wp-json\/wp\/v2\/media?parent=8300"}],"wp:term":[{"taxonomy":"category","embeddable":true,"href":"https:\/\/dev.antudigital.cl\/sites\/vc\/wp-json\/wp\/v2\/categories?post=8300"},{"taxonomy":"post_tag","embeddable":true,"href":"https:\/\/dev.antudigital.cl\/sites\/vc\/wp-json\/wp\/v2\/tags?post=8300"}],"curies":[{"name":"wp","href":"https:\/\/api.w.org\/{rel}","templated":true}]}}