{"id":8304,"date":"2021-02-08T10:14:07","date_gmt":"2021-02-08T10:14:07","guid":{"rendered":"https:\/\/www.valparaisocreativo.cl\/?p=5874"},"modified":"2021-02-08T10:14:07","modified_gmt":"2021-02-08T10:14:07","slug":"camara-lucida-inaugura-exposicion-con-resultados-de-talleres-de-verano","status":"publish","type":"post","link":"https:\/\/dev.antudigital.cl\/sites\/vc\/camara-lucida-inaugura-exposicion-con-resultados-de-talleres-de-verano\/","title":{"rendered":"C\u00e1mara L\u00facida inaugura exposici\u00f3n con resultados de talleres de verano"},"content":{"rendered":"<p><a href=\"https:\/\/camaralucida.cl\">C\u00e1mara L\u00facida<\/a> invita a una nueva exhibici\u00f3n en su sede de Almirante Montt 44, a inaugurarse este 8 de febrero hasta el 12 del mismo mes.<\/p>\n<p><span class=\"\" title=\"Editado\"><strong>L@s alumn@s de la Temporada Verano 2021 de nuestros talleres de fotograf\u00eda exhibir\u00e1n sus proyectos finales en una muestra colectiva que estar\u00e1 abierta toda la semana entre 15 a 18 horas.<\/strong> <\/span><\/p>\n<p><span class=\"\" title=\"Editado\">La exposici\u00f3n cierra un intenso proceso de aprendizaje y experimentaci\u00f3n en las distintas aristas fotogr\u00e1ficas desde los procesos an\u00e1logos y digitales hasta el uso de t\u00e9cnicas artesanales de los siglos XIX y XX. Debido a la contingencia sanitaria, las medidas exigidas por la autoridad y con el objetivo de proteger la salud de toda nuestra comunidad, el evento de inauguraci\u00f3n ser\u00e1 de car\u00e1cter privado para los estudiantes y profesores de Camaralucida. <\/span><\/p>\n<p><span class=\"\" title=\"Editado\">Quienes deseen presenciar la actividad, lo podr\u00e1n hacer de forma online a trav\u00e9s de la transmisi\u00f3n por Instagram Live de C\u00e1mara L\u00facida, que comenzar\u00e1 a las 18:30 horas de este viernes.<\/span><\/p>\n<p>&nbsp;<\/p>\n<p><span class=\"\" title=\"Editado\">Fotograf\u00eda afiche por Gabriela Gonz\u00e1lez Canessa <a class=\"notranslate\" tabindex=\"0\" href=\"https:\/\/www.instagram.com\/analoggab\/\">@analoggab<\/a><\/span><\/p>\n","protected":false},"excerpt":{"rendered":"<p>C\u00e1mara L\u00facida invita a una nueva exhibici\u00f3n en su sede de Almirante Montt 44, a inaugurarse este 8 de febrero hasta el 12 del mismo mes. L@s alumn@s de la Temporada Verano 2021 de nuestros talleres de fotograf\u00eda exhibir\u00e1n sus proyectos finales en una muestra colectiva que estar\u00e1 abierta toda la semana entre 15 a [&hellip;]<\/p>\n","protected":false},"author":3,"featured_media":8305,"comment_status":"closed","ping_status":"closed","sticky":false,"template":"","format":"standard","meta":{"_acf_changed":false,"footnotes":""},"categories":[8],"tags":[],"class_list":["post-8304","post","type-post","status-publish","format-standard","has-post-thumbnail","hentry","category-noticia"],"acf":[],"yoast_head":"<!-- This site is optimized with the Yoast SEO plugin v27.1.1 - https:\/\/yoast.com\/product\/yoast-seo-wordpress\/ -->\n<title>C\u00e1mara L\u00facida inaugura exposici\u00f3n con resultados de talleres de verano - Valpara\u00ed\u00adso Creativo<\/title>\n<meta name=\"robots\" content=\"index, follow, max-snippet:-1, max-image-preview:large, max-video-preview:-1\" \/>\n<link rel=\"canonical\" href=\"https:\/\/dev.antudigital.cl\/sites\/vc\/camara-lucida-inaugura-exposicion-con-resultados-de-talleres-de-verano\/\" \/>\n<meta property=\"og:locale\" content=\"es_ES\" \/>\n<meta property=\"og:type\" content=\"article\" \/>\n<meta property=\"og:title\" content=\"C\u00e1mara L\u00facida inaugura exposici\u00f3n con resultados de talleres de verano - Valpara\u00ed\u00adso Creativo\" \/>\n<meta property=\"og:description\" content=\"C\u00e1mara L\u00facida invita a una nueva exhibici\u00f3n en su sede de Almirante Montt 44, a inaugurarse este 8 de febrero hasta el 12 del mismo mes. L@s alumn@s de la Temporada Verano 2021 de nuestros talleres de fotograf\u00eda exhibir\u00e1n sus proyectos finales en una muestra colectiva que estar\u00e1 abierta toda la semana entre 15 a [&hellip;]\" \/>\n<meta property=\"og:url\" content=\"https:\/\/dev.antudigital.cl\/sites\/vc\/camara-lucida-inaugura-exposicion-con-resultados-de-talleres-de-verano\/\" \/>\n<meta property=\"og:site_name\" content=\"Valpara\u00ed\u00adso Creativo\" \/>\n<meta property=\"article:published_time\" content=\"2021-02-08T10:14:07+00:00\" \/>\n<meta property=\"og:image\" content=\"https:\/\/dev.antudigital.cl\/sites\/vc\/wp-content\/uploads\/2021\/02\/Captura-de-Pantalla-2021-02-08-a-las-10.12.03.png\" \/>\n\t<meta property=\"og:image:width\" content=\"711\" \/>\n\t<meta property=\"og:image:height\" content=\"368\" \/>\n\t<meta property=\"og:image:type\" content=\"image\/png\" \/>\n<meta name=\"author\" content=\"Valparaiso Creativo\" \/>\n<meta name=\"twitter:card\" content=\"summary_large_image\" \/>\n<meta name=\"twitter:label1\" content=\"Escrito por\" \/>\n\t<meta name=\"twitter:data1\" content=\"Valparaiso Creativo\" \/>\n\t<meta name=\"twitter:label2\" content=\"Tiempo de lectura\" \/>\n\t<meta name=\"twitter:data2\" content=\"1 minuto\" \/>\n<script type=\"application\/ld+json\" class=\"yoast-schema-graph\">{\"@context\":\"https:\/\/schema.org\",\"@graph\":[{\"@type\":\"Article\",\"@id\":\"https:\/\/dev.antudigital.cl\/sites\/vc\/camara-lucida-inaugura-exposicion-con-resultados-de-talleres-de-verano\/#article\",\"isPartOf\":{\"@id\":\"https:\/\/dev.antudigital.cl\/sites\/vc\/camara-lucida-inaugura-exposicion-con-resultados-de-talleres-de-verano\/\"},\"author\":{\"name\":\"Valparaiso Creativo\",\"@id\":\"https:\/\/dev.antudigital.cl\/sites\/vc\/#\/schema\/person\/81d1dcd51abd542b5dfc00f5f951a0f1\"},\"headline\":\"C\u00e1mara L\u00facida inaugura exposici\u00f3n con resultados de talleres de verano\",\"datePublished\":\"2021-02-08T10:14:07+00:00\",\"mainEntityOfPage\":{\"@id\":\"https:\/\/dev.antudigital.cl\/sites\/vc\/camara-lucida-inaugura-exposicion-con-resultados-de-talleres-de-verano\/\"},\"wordCount\":194,\"image\":{\"@id\":\"https:\/\/dev.antudigital.cl\/sites\/vc\/camara-lucida-inaugura-exposicion-con-resultados-de-talleres-de-verano\/#primaryimage\"},\"thumbnailUrl\":\"https:\/\/dev.antudigital.cl\/sites\/vc\/wp-content\/uploads\/2021\/02\/Captura-de-Pantalla-2021-02-08-a-las-10.12.03.png\",\"articleSection\":[\"Noticia\"],\"inLanguage\":\"es\"},{\"@type\":\"WebPage\",\"@id\":\"https:\/\/dev.antudigital.cl\/sites\/vc\/camara-lucida-inaugura-exposicion-con-resultados-de-talleres-de-verano\/\",\"url\":\"https:\/\/dev.antudigital.cl\/sites\/vc\/camara-lucida-inaugura-exposicion-con-resultados-de-talleres-de-verano\/\",\"name\":\"C\u00e1mara L\u00facida inaugura exposici\u00f3n con resultados de talleres de verano - Valpara\u00ed\u00adso Creativo\",\"isPartOf\":{\"@id\":\"https:\/\/dev.antudigital.cl\/sites\/vc\/#website\"},\"primaryImageOfPage\":{\"@id\":\"https:\/\/dev.antudigital.cl\/sites\/vc\/camara-lucida-inaugura-exposicion-con-resultados-de-talleres-de-verano\/#primaryimage\"},\"image\":{\"@id\":\"https:\/\/dev.antudigital.cl\/sites\/vc\/camara-lucida-inaugura-exposicion-con-resultados-de-talleres-de-verano\/#primaryimage\"},\"thumbnailUrl\":\"https:\/\/dev.antudigital.cl\/sites\/vc\/wp-content\/uploads\/2021\/02\/Captura-de-Pantalla-2021-02-08-a-las-10.12.03.png\",\"datePublished\":\"2021-02-08T10:14:07+00:00\",\"author\":{\"@id\":\"https:\/\/dev.antudigital.cl\/sites\/vc\/#\/schema\/person\/81d1dcd51abd542b5dfc00f5f951a0f1\"},\"breadcrumb\":{\"@id\":\"https:\/\/dev.antudigital.cl\/sites\/vc\/camara-lucida-inaugura-exposicion-con-resultados-de-talleres-de-verano\/#breadcrumb\"},\"inLanguage\":\"es\",\"potentialAction\":[{\"@type\":\"ReadAction\",\"target\":[\"https:\/\/dev.antudigital.cl\/sites\/vc\/camara-lucida-inaugura-exposicion-con-resultados-de-talleres-de-verano\/\"]}]},{\"@type\":\"ImageObject\",\"inLanguage\":\"es\",\"@id\":\"https:\/\/dev.antudigital.cl\/sites\/vc\/camara-lucida-inaugura-exposicion-con-resultados-de-talleres-de-verano\/#primaryimage\",\"url\":\"https:\/\/dev.antudigital.cl\/sites\/vc\/wp-content\/uploads\/2021\/02\/Captura-de-Pantalla-2021-02-08-a-las-10.12.03.png\",\"contentUrl\":\"https:\/\/dev.antudigital.cl\/sites\/vc\/wp-content\/uploads\/2021\/02\/Captura-de-Pantalla-2021-02-08-a-las-10.12.03.png\",\"width\":711,\"height\":368},{\"@type\":\"BreadcrumbList\",\"@id\":\"https:\/\/dev.antudigital.cl\/sites\/vc\/camara-lucida-inaugura-exposicion-con-resultados-de-talleres-de-verano\/#breadcrumb\",\"itemListElement\":[{\"@type\":\"ListItem\",\"position\":1,\"name\":\"Home\",\"item\":\"https:\/\/dev.antudigital.cl\/sites\/vc\/\"},{\"@type\":\"ListItem\",\"position\":2,\"name\":\"C\u00e1mara L\u00facida inaugura exposici\u00f3n con resultados de talleres de verano\"}]},{\"@type\":\"WebSite\",\"@id\":\"https:\/\/dev.antudigital.cl\/sites\/vc\/#website\",\"url\":\"https:\/\/dev.antudigital.cl\/sites\/vc\/\",\"name\":\"Valpara\u00ed\u00adso Creativo\",\"description\":\"\",\"potentialAction\":[{\"@type\":\"SearchAction\",\"target\":{\"@type\":\"EntryPoint\",\"urlTemplate\":\"https:\/\/dev.antudigital.cl\/sites\/vc\/?s={search_term_string}\"},\"query-input\":{\"@type\":\"PropertyValueSpecification\",\"valueRequired\":true,\"valueName\":\"search_term_string\"}}],\"inLanguage\":\"es\"},{\"@type\":\"Person\",\"@id\":\"https:\/\/dev.antudigital.cl\/sites\/vc\/#\/schema\/person\/81d1dcd51abd542b5dfc00f5f951a0f1\",\"name\":\"Valparaiso Creativo\",\"url\":\"https:\/\/dev.antudigital.cl\/sites\/vc\/author\/valparaiso-creativo\/\"}]}<\/script>\n<!-- \/ Yoast SEO plugin. -->","yoast_head_json":{"title":"C\u00e1mara L\u00facida inaugura exposici\u00f3n con resultados de talleres de verano - Valpara\u00ed\u00adso Creativo","robots":{"index":"index","follow":"follow","max-snippet":"max-snippet:-1","max-image-preview":"max-image-preview:large","max-video-preview":"max-video-preview:-1"},"canonical":"https:\/\/dev.antudigital.cl\/sites\/vc\/camara-lucida-inaugura-exposicion-con-resultados-de-talleres-de-verano\/","og_locale":"es_ES","og_type":"article","og_title":"C\u00e1mara L\u00facida inaugura exposici\u00f3n con resultados de talleres de verano - Valpara\u00ed\u00adso Creativo","og_description":"C\u00e1mara L\u00facida invita a una nueva exhibici\u00f3n en su sede de Almirante Montt 44, a inaugurarse este 8 de febrero hasta el 12 del mismo mes. L@s alumn@s de la Temporada Verano 2021 de nuestros talleres de fotograf\u00eda exhibir\u00e1n sus proyectos finales en una muestra colectiva que estar\u00e1 abierta toda la semana entre 15 a [&hellip;]","og_url":"https:\/\/dev.antudigital.cl\/sites\/vc\/camara-lucida-inaugura-exposicion-con-resultados-de-talleres-de-verano\/","og_site_name":"Valpara\u00ed\u00adso Creativo","article_published_time":"2021-02-08T10:14:07+00:00","og_image":[{"width":711,"height":368,"url":"https:\/\/dev.antudigital.cl\/sites\/vc\/wp-content\/uploads\/2021\/02\/Captura-de-Pantalla-2021-02-08-a-las-10.12.03.png","type":"image\/png"}],"author":"Valparaiso Creativo","twitter_card":"summary_large_image","twitter_misc":{"Escrito por":"Valparaiso Creativo","Tiempo de lectura":"1 minuto"},"schema":{"@context":"https:\/\/schema.org","@graph":[{"@type":"Article","@id":"https:\/\/dev.antudigital.cl\/sites\/vc\/camara-lucida-inaugura-exposicion-con-resultados-de-talleres-de-verano\/#article","isPartOf":{"@id":"https:\/\/dev.antudigital.cl\/sites\/vc\/camara-lucida-inaugura-exposicion-con-resultados-de-talleres-de-verano\/"},"author":{"name":"Valparaiso Creativo","@id":"https:\/\/dev.antudigital.cl\/sites\/vc\/#\/schema\/person\/81d1dcd51abd542b5dfc00f5f951a0f1"},"headline":"C\u00e1mara L\u00facida inaugura exposici\u00f3n con resultados de talleres de verano","datePublished":"2021-02-08T10:14:07+00:00","mainEntityOfPage":{"@id":"https:\/\/dev.antudigital.cl\/sites\/vc\/camara-lucida-inaugura-exposicion-con-resultados-de-talleres-de-verano\/"},"wordCount":194,"image":{"@id":"https:\/\/dev.antudigital.cl\/sites\/vc\/camara-lucida-inaugura-exposicion-con-resultados-de-talleres-de-verano\/#primaryimage"},"thumbnailUrl":"https:\/\/dev.antudigital.cl\/sites\/vc\/wp-content\/uploads\/2021\/02\/Captura-de-Pantalla-2021-02-08-a-las-10.12.03.png","articleSection":["Noticia"],"inLanguage":"es"},{"@type":"WebPage","@id":"https:\/\/dev.antudigital.cl\/sites\/vc\/camara-lucida-inaugura-exposicion-con-resultados-de-talleres-de-verano\/","url":"https:\/\/dev.antudigital.cl\/sites\/vc\/camara-lucida-inaugura-exposicion-con-resultados-de-talleres-de-verano\/","name":"C\u00e1mara L\u00facida inaugura exposici\u00f3n con resultados de talleres de verano - Valpara\u00ed\u00adso Creativo","isPartOf":{"@id":"https:\/\/dev.antudigital.cl\/sites\/vc\/#website"},"primaryImageOfPage":{"@id":"https:\/\/dev.antudigital.cl\/sites\/vc\/camara-lucida-inaugura-exposicion-con-resultados-de-talleres-de-verano\/#primaryimage"},"image":{"@id":"https:\/\/dev.antudigital.cl\/sites\/vc\/camara-lucida-inaugura-exposicion-con-resultados-de-talleres-de-verano\/#primaryimage"},"thumbnailUrl":"https:\/\/dev.antudigital.cl\/sites\/vc\/wp-content\/uploads\/2021\/02\/Captura-de-Pantalla-2021-02-08-a-las-10.12.03.png","datePublished":"2021-02-08T10:14:07+00:00","author":{"@id":"https:\/\/dev.antudigital.cl\/sites\/vc\/#\/schema\/person\/81d1dcd51abd542b5dfc00f5f951a0f1"},"breadcrumb":{"@id":"https:\/\/dev.antudigital.cl\/sites\/vc\/camara-lucida-inaugura-exposicion-con-resultados-de-talleres-de-verano\/#breadcrumb"},"inLanguage":"es","potentialAction":[{"@type":"ReadAction","target":["https:\/\/dev.antudigital.cl\/sites\/vc\/camara-lucida-inaugura-exposicion-con-resultados-de-talleres-de-verano\/"]}]},{"@type":"ImageObject","inLanguage":"es","@id":"https:\/\/dev.antudigital.cl\/sites\/vc\/camara-lucida-inaugura-exposicion-con-resultados-de-talleres-de-verano\/#primaryimage","url":"https:\/\/dev.antudigital.cl\/sites\/vc\/wp-content\/uploads\/2021\/02\/Captura-de-Pantalla-2021-02-08-a-las-10.12.03.png","contentUrl":"https:\/\/dev.antudigital.cl\/sites\/vc\/wp-content\/uploads\/2021\/02\/Captura-de-Pantalla-2021-02-08-a-las-10.12.03.png","width":711,"height":368},{"@type":"BreadcrumbList","@id":"https:\/\/dev.antudigital.cl\/sites\/vc\/camara-lucida-inaugura-exposicion-con-resultados-de-talleres-de-verano\/#breadcrumb","itemListElement":[{"@type":"ListItem","position":1,"name":"Home","item":"https:\/\/dev.antudigital.cl\/sites\/vc\/"},{"@type":"ListItem","position":2,"name":"C\u00e1mara L\u00facida inaugura exposici\u00f3n con resultados de talleres de verano"}]},{"@type":"WebSite","@id":"https:\/\/dev.antudigital.cl\/sites\/vc\/#website","url":"https:\/\/dev.antudigital.cl\/sites\/vc\/","name":"Valpara\u00ed\u00adso Creativo","description":"","potentialAction":[{"@type":"SearchAction","target":{"@type":"EntryPoint","urlTemplate":"https:\/\/dev.antudigital.cl\/sites\/vc\/?s={search_term_string}"},"query-input":{"@type":"PropertyValueSpecification","valueRequired":true,"valueName":"search_term_string"}}],"inLanguage":"es"},{"@type":"Person","@id":"https:\/\/dev.antudigital.cl\/sites\/vc\/#\/schema\/person\/81d1dcd51abd542b5dfc00f5f951a0f1","name":"Valparaiso Creativo","url":"https:\/\/dev.antudigital.cl\/sites\/vc\/author\/valparaiso-creativo\/"}]}},"_links":{"self":[{"href":"https:\/\/dev.antudigital.cl\/sites\/vc\/wp-json\/wp\/v2\/posts\/8304","targetHints":{"allow":["GET"]}}],"collection":[{"href":"https:\/\/dev.antudigital.cl\/sites\/vc\/wp-json\/wp\/v2\/posts"}],"about":[{"href":"https:\/\/dev.antudigital.cl\/sites\/vc\/wp-json\/wp\/v2\/types\/post"}],"author":[{"embeddable":true,"href":"https:\/\/dev.antudigital.cl\/sites\/vc\/wp-json\/wp\/v2\/users\/3"}],"replies":[{"embeddable":true,"href":"https:\/\/dev.antudigital.cl\/sites\/vc\/wp-json\/wp\/v2\/comments?post=8304"}],"version-history":[{"count":0,"href":"https:\/\/dev.antudigital.cl\/sites\/vc\/wp-json\/wp\/v2\/posts\/8304\/revisions"}],"wp:featuredmedia":[{"embeddable":true,"href":"https:\/\/dev.antudigital.cl\/sites\/vc\/wp-json\/wp\/v2\/media\/8305"}],"wp:attachment":[{"href":"https:\/\/dev.antudigital.cl\/sites\/vc\/wp-json\/wp\/v2\/media?parent=8304"}],"wp:term":[{"taxonomy":"category","embeddable":true,"href":"https:\/\/dev.antudigital.cl\/sites\/vc\/wp-json\/wp\/v2\/categories?post=8304"},{"taxonomy":"post_tag","embeddable":true,"href":"https:\/\/dev.antudigital.cl\/sites\/vc\/wp-json\/wp\/v2\/tags?post=8304"}],"curies":[{"name":"wp","href":"https:\/\/api.w.org\/{rel}","templated":true}]}}