{"id":8306,"date":"2021-02-08T09:53:36","date_gmt":"2021-02-08T09:53:36","guid":{"rendered":"https:\/\/www.valparaisocreativo.cl\/?p=5870"},"modified":"2021-02-08T09:53:36","modified_gmt":"2021-02-08T09:53:36","slug":"se-abre-convocatoria-para-mejoramiento-de-bibliotecas-publicas","status":"publish","type":"post","link":"https:\/\/dev.antudigital.cl\/sites\/vc\/se-abre-convocatoria-para-mejoramiento-de-bibliotecas-publicas\/","title":{"rendered":"Se abre convocatoria para mejoramiento de bibliotecas p\u00fablicas"},"content":{"rendered":"<p>M\u00e1s de 573 millones de pesos est\u00e1n disponibles este a\u00f1o para financiar proyectos de bibliotecas p\u00fablicas chilenas en las categor\u00edas de equipamiento\/mobiliario e Infraestructura, adem\u00e1s de una que financia la reapertura y el funcionamiento seguro de los recintos bibliotecarios en contexto de pandemia.<\/p>\n<p>Con un importante aumento en los montos para infraestructura y una nueva \u00abl\u00ednea Covid 19\u00bb, el Servicio Nacional del Patrimonio Cultural abri\u00f3 la convocatoria para participar en los Fondos Concursables del <a href=\"https:\/\/www.patrimoniocultural.gob.cl\/portal\/Contenido\/Noticias\/98710:Ministerio-de-las-Culturas-abre-convocatoria-a-fondos-de-mejoramiento-integral-de-bibliotecas-publicas-2021\"><strong>Programa de Mejoramiento Integral de Bibliotecas (PMI) 2021<\/strong><\/a>, que entregar\u00e1 recursos por un total de <strong>$573.703.000<\/strong>.<\/p>\n<p>El plazo para postular a la l\u00ednea regular del PMI vence el d\u00eda <strong>viernes 19 de marzo las 23:59 horas<\/strong> mientras que los proyectos que se postulen a la \u00abl\u00ednea Covid 19\u00bb tienen plazo hasta el <strong>viernes 12 de febrero a las 23:59<\/strong>. En ambos casos la postulaci\u00f3n se realizar\u00e1 a trav\u00e9s de la plataforma digital One Drive (ver manual <a href=\"https:\/\/www.patrimoniocultural.gob.cl\/portal\/Contenido\/Noticias\/98710:Ministerio-de-las-Culturas-abre-convocatoria-a-fondos-de-mejoramiento-integral-de-bibliotecas-publicas-2021\">aqu\u00ed<\/a>).<\/p>\n<p>Las bases, formulario de postulaci\u00f3n, as\u00ed como los anexos y el material referencial de apoyo, se encuentran disponibles en los archivos adjuntos. Las dudas o comentarios se pueden realizar al correo <a href=\"http:\/\/postulacion@bibliotecaspublicas.gob.cl\">postulacion@bibliotecaspublicas.gob.cl<\/a><\/p>\n","protected":false},"excerpt":{"rendered":"<p>M\u00e1s de 573 millones de pesos est\u00e1n disponibles este a\u00f1o para financiar proyectos de bibliotecas p\u00fablicas chilenas en las categor\u00edas de equipamiento\/mobiliario e Infraestructura, adem\u00e1s de una que financia la reapertura y el funcionamiento seguro de los recintos bibliotecarios en contexto de pandemia. Con un importante aumento en los montos para infraestructura y una nueva [&hellip;]<\/p>\n","protected":false},"author":3,"featured_media":8307,"comment_status":"closed","ping_status":"closed","sticky":false,"template":"","format":"standard","meta":{"_acf_changed":false,"footnotes":""},"categories":[8],"tags":[],"class_list":["post-8306","post","type-post","status-publish","format-standard","has-post-thumbnail","hentry","category-noticia"],"acf":[],"yoast_head":"<!-- This site is optimized with the Yoast SEO plugin v27.1.1 - https:\/\/yoast.com\/product\/yoast-seo-wordpress\/ -->\n<title>Se abre convocatoria para mejoramiento de bibliotecas p\u00fablicas - Valpara\u00ed\u00adso Creativo<\/title>\n<meta name=\"robots\" content=\"index, follow, max-snippet:-1, max-image-preview:large, max-video-preview:-1\" \/>\n<link rel=\"canonical\" href=\"https:\/\/dev.antudigital.cl\/sites\/vc\/se-abre-convocatoria-para-mejoramiento-de-bibliotecas-publicas\/\" \/>\n<meta property=\"og:locale\" content=\"es_ES\" \/>\n<meta property=\"og:type\" content=\"article\" \/>\n<meta property=\"og:title\" content=\"Se abre convocatoria para mejoramiento de bibliotecas p\u00fablicas - Valpara\u00ed\u00adso Creativo\" \/>\n<meta property=\"og:description\" content=\"M\u00e1s de 573 millones de pesos est\u00e1n disponibles este a\u00f1o para financiar proyectos de bibliotecas p\u00fablicas chilenas en las categor\u00edas de equipamiento\/mobiliario e Infraestructura, adem\u00e1s de una que financia la reapertura y el funcionamiento seguro de los recintos bibliotecarios en contexto de pandemia. Con un importante aumento en los montos para infraestructura y una nueva [&hellip;]\" \/>\n<meta property=\"og:url\" content=\"https:\/\/dev.antudigital.cl\/sites\/vc\/se-abre-convocatoria-para-mejoramiento-de-bibliotecas-publicas\/\" \/>\n<meta property=\"og:site_name\" content=\"Valpara\u00ed\u00adso Creativo\" \/>\n<meta property=\"article:published_time\" content=\"2021-02-08T09:53:36+00:00\" \/>\n<meta property=\"og:image\" content=\"https:\/\/dev.antudigital.cl\/sites\/vc\/wp-content\/uploads\/2021\/02\/Biblio.png\" \/>\n\t<meta property=\"og:image:width\" content=\"1024\" \/>\n\t<meta property=\"og:image:height\" content=\"512\" \/>\n\t<meta property=\"og:image:type\" content=\"image\/png\" \/>\n<meta name=\"author\" content=\"Valparaiso Creativo\" \/>\n<meta name=\"twitter:card\" content=\"summary_large_image\" \/>\n<meta name=\"twitter:label1\" content=\"Escrito por\" \/>\n\t<meta name=\"twitter:data1\" content=\"Valparaiso Creativo\" \/>\n\t<meta name=\"twitter:label2\" content=\"Tiempo de lectura\" \/>\n\t<meta name=\"twitter:data2\" content=\"1 minuto\" \/>\n<script type=\"application\/ld+json\" class=\"yoast-schema-graph\">{\"@context\":\"https:\/\/schema.org\",\"@graph\":[{\"@type\":\"Article\",\"@id\":\"https:\/\/dev.antudigital.cl\/sites\/vc\/se-abre-convocatoria-para-mejoramiento-de-bibliotecas-publicas\/#article\",\"isPartOf\":{\"@id\":\"https:\/\/dev.antudigital.cl\/sites\/vc\/se-abre-convocatoria-para-mejoramiento-de-bibliotecas-publicas\/\"},\"author\":{\"name\":\"Valparaiso Creativo\",\"@id\":\"https:\/\/dev.antudigital.cl\/sites\/vc\/#\/schema\/person\/81d1dcd51abd542b5dfc00f5f951a0f1\"},\"headline\":\"Se abre convocatoria para mejoramiento de bibliotecas p\u00fablicas\",\"datePublished\":\"2021-02-08T09:53:36+00:00\",\"mainEntityOfPage\":{\"@id\":\"https:\/\/dev.antudigital.cl\/sites\/vc\/se-abre-convocatoria-para-mejoramiento-de-bibliotecas-publicas\/\"},\"wordCount\":200,\"image\":{\"@id\":\"https:\/\/dev.antudigital.cl\/sites\/vc\/se-abre-convocatoria-para-mejoramiento-de-bibliotecas-publicas\/#primaryimage\"},\"thumbnailUrl\":\"https:\/\/dev.antudigital.cl\/sites\/vc\/wp-content\/uploads\/2021\/02\/Biblio.png\",\"articleSection\":[\"Noticia\"],\"inLanguage\":\"es\"},{\"@type\":\"WebPage\",\"@id\":\"https:\/\/dev.antudigital.cl\/sites\/vc\/se-abre-convocatoria-para-mejoramiento-de-bibliotecas-publicas\/\",\"url\":\"https:\/\/dev.antudigital.cl\/sites\/vc\/se-abre-convocatoria-para-mejoramiento-de-bibliotecas-publicas\/\",\"name\":\"Se abre convocatoria para mejoramiento de bibliotecas p\u00fablicas - Valpara\u00ed\u00adso Creativo\",\"isPartOf\":{\"@id\":\"https:\/\/dev.antudigital.cl\/sites\/vc\/#website\"},\"primaryImageOfPage\":{\"@id\":\"https:\/\/dev.antudigital.cl\/sites\/vc\/se-abre-convocatoria-para-mejoramiento-de-bibliotecas-publicas\/#primaryimage\"},\"image\":{\"@id\":\"https:\/\/dev.antudigital.cl\/sites\/vc\/se-abre-convocatoria-para-mejoramiento-de-bibliotecas-publicas\/#primaryimage\"},\"thumbnailUrl\":\"https:\/\/dev.antudigital.cl\/sites\/vc\/wp-content\/uploads\/2021\/02\/Biblio.png\",\"datePublished\":\"2021-02-08T09:53:36+00:00\",\"author\":{\"@id\":\"https:\/\/dev.antudigital.cl\/sites\/vc\/#\/schema\/person\/81d1dcd51abd542b5dfc00f5f951a0f1\"},\"breadcrumb\":{\"@id\":\"https:\/\/dev.antudigital.cl\/sites\/vc\/se-abre-convocatoria-para-mejoramiento-de-bibliotecas-publicas\/#breadcrumb\"},\"inLanguage\":\"es\",\"potentialAction\":[{\"@type\":\"ReadAction\",\"target\":[\"https:\/\/dev.antudigital.cl\/sites\/vc\/se-abre-convocatoria-para-mejoramiento-de-bibliotecas-publicas\/\"]}]},{\"@type\":\"ImageObject\",\"inLanguage\":\"es\",\"@id\":\"https:\/\/dev.antudigital.cl\/sites\/vc\/se-abre-convocatoria-para-mejoramiento-de-bibliotecas-publicas\/#primaryimage\",\"url\":\"https:\/\/dev.antudigital.cl\/sites\/vc\/wp-content\/uploads\/2021\/02\/Biblio.png\",\"contentUrl\":\"https:\/\/dev.antudigital.cl\/sites\/vc\/wp-content\/uploads\/2021\/02\/Biblio.png\",\"width\":1024,\"height\":512},{\"@type\":\"BreadcrumbList\",\"@id\":\"https:\/\/dev.antudigital.cl\/sites\/vc\/se-abre-convocatoria-para-mejoramiento-de-bibliotecas-publicas\/#breadcrumb\",\"itemListElement\":[{\"@type\":\"ListItem\",\"position\":1,\"name\":\"Home\",\"item\":\"https:\/\/dev.antudigital.cl\/sites\/vc\/\"},{\"@type\":\"ListItem\",\"position\":2,\"name\":\"Se abre convocatoria para mejoramiento de bibliotecas p\u00fablicas\"}]},{\"@type\":\"WebSite\",\"@id\":\"https:\/\/dev.antudigital.cl\/sites\/vc\/#website\",\"url\":\"https:\/\/dev.antudigital.cl\/sites\/vc\/\",\"name\":\"Valpara\u00ed\u00adso Creativo\",\"description\":\"\",\"potentialAction\":[{\"@type\":\"SearchAction\",\"target\":{\"@type\":\"EntryPoint\",\"urlTemplate\":\"https:\/\/dev.antudigital.cl\/sites\/vc\/?s={search_term_string}\"},\"query-input\":{\"@type\":\"PropertyValueSpecification\",\"valueRequired\":true,\"valueName\":\"search_term_string\"}}],\"inLanguage\":\"es\"},{\"@type\":\"Person\",\"@id\":\"https:\/\/dev.antudigital.cl\/sites\/vc\/#\/schema\/person\/81d1dcd51abd542b5dfc00f5f951a0f1\",\"name\":\"Valparaiso Creativo\",\"url\":\"https:\/\/dev.antudigital.cl\/sites\/vc\/author\/valparaiso-creativo\/\"}]}<\/script>\n<!-- \/ Yoast SEO plugin. -->","yoast_head_json":{"title":"Se abre convocatoria para mejoramiento de bibliotecas p\u00fablicas - Valpara\u00ed\u00adso Creativo","robots":{"index":"index","follow":"follow","max-snippet":"max-snippet:-1","max-image-preview":"max-image-preview:large","max-video-preview":"max-video-preview:-1"},"canonical":"https:\/\/dev.antudigital.cl\/sites\/vc\/se-abre-convocatoria-para-mejoramiento-de-bibliotecas-publicas\/","og_locale":"es_ES","og_type":"article","og_title":"Se abre convocatoria para mejoramiento de bibliotecas p\u00fablicas - Valpara\u00ed\u00adso Creativo","og_description":"M\u00e1s de 573 millones de pesos est\u00e1n disponibles este a\u00f1o para financiar proyectos de bibliotecas p\u00fablicas chilenas en las categor\u00edas de equipamiento\/mobiliario e Infraestructura, adem\u00e1s de una que financia la reapertura y el funcionamiento seguro de los recintos bibliotecarios en contexto de pandemia. Con un importante aumento en los montos para infraestructura y una nueva [&hellip;]","og_url":"https:\/\/dev.antudigital.cl\/sites\/vc\/se-abre-convocatoria-para-mejoramiento-de-bibliotecas-publicas\/","og_site_name":"Valpara\u00ed\u00adso Creativo","article_published_time":"2021-02-08T09:53:36+00:00","og_image":[{"width":1024,"height":512,"url":"https:\/\/dev.antudigital.cl\/sites\/vc\/wp-content\/uploads\/2021\/02\/Biblio.png","type":"image\/png"}],"author":"Valparaiso Creativo","twitter_card":"summary_large_image","twitter_misc":{"Escrito por":"Valparaiso Creativo","Tiempo de lectura":"1 minuto"},"schema":{"@context":"https:\/\/schema.org","@graph":[{"@type":"Article","@id":"https:\/\/dev.antudigital.cl\/sites\/vc\/se-abre-convocatoria-para-mejoramiento-de-bibliotecas-publicas\/#article","isPartOf":{"@id":"https:\/\/dev.antudigital.cl\/sites\/vc\/se-abre-convocatoria-para-mejoramiento-de-bibliotecas-publicas\/"},"author":{"name":"Valparaiso Creativo","@id":"https:\/\/dev.antudigital.cl\/sites\/vc\/#\/schema\/person\/81d1dcd51abd542b5dfc00f5f951a0f1"},"headline":"Se abre convocatoria para mejoramiento de bibliotecas p\u00fablicas","datePublished":"2021-02-08T09:53:36+00:00","mainEntityOfPage":{"@id":"https:\/\/dev.antudigital.cl\/sites\/vc\/se-abre-convocatoria-para-mejoramiento-de-bibliotecas-publicas\/"},"wordCount":200,"image":{"@id":"https:\/\/dev.antudigital.cl\/sites\/vc\/se-abre-convocatoria-para-mejoramiento-de-bibliotecas-publicas\/#primaryimage"},"thumbnailUrl":"https:\/\/dev.antudigital.cl\/sites\/vc\/wp-content\/uploads\/2021\/02\/Biblio.png","articleSection":["Noticia"],"inLanguage":"es"},{"@type":"WebPage","@id":"https:\/\/dev.antudigital.cl\/sites\/vc\/se-abre-convocatoria-para-mejoramiento-de-bibliotecas-publicas\/","url":"https:\/\/dev.antudigital.cl\/sites\/vc\/se-abre-convocatoria-para-mejoramiento-de-bibliotecas-publicas\/","name":"Se abre convocatoria para mejoramiento de bibliotecas p\u00fablicas - Valpara\u00ed\u00adso Creativo","isPartOf":{"@id":"https:\/\/dev.antudigital.cl\/sites\/vc\/#website"},"primaryImageOfPage":{"@id":"https:\/\/dev.antudigital.cl\/sites\/vc\/se-abre-convocatoria-para-mejoramiento-de-bibliotecas-publicas\/#primaryimage"},"image":{"@id":"https:\/\/dev.antudigital.cl\/sites\/vc\/se-abre-convocatoria-para-mejoramiento-de-bibliotecas-publicas\/#primaryimage"},"thumbnailUrl":"https:\/\/dev.antudigital.cl\/sites\/vc\/wp-content\/uploads\/2021\/02\/Biblio.png","datePublished":"2021-02-08T09:53:36+00:00","author":{"@id":"https:\/\/dev.antudigital.cl\/sites\/vc\/#\/schema\/person\/81d1dcd51abd542b5dfc00f5f951a0f1"},"breadcrumb":{"@id":"https:\/\/dev.antudigital.cl\/sites\/vc\/se-abre-convocatoria-para-mejoramiento-de-bibliotecas-publicas\/#breadcrumb"},"inLanguage":"es","potentialAction":[{"@type":"ReadAction","target":["https:\/\/dev.antudigital.cl\/sites\/vc\/se-abre-convocatoria-para-mejoramiento-de-bibliotecas-publicas\/"]}]},{"@type":"ImageObject","inLanguage":"es","@id":"https:\/\/dev.antudigital.cl\/sites\/vc\/se-abre-convocatoria-para-mejoramiento-de-bibliotecas-publicas\/#primaryimage","url":"https:\/\/dev.antudigital.cl\/sites\/vc\/wp-content\/uploads\/2021\/02\/Biblio.png","contentUrl":"https:\/\/dev.antudigital.cl\/sites\/vc\/wp-content\/uploads\/2021\/02\/Biblio.png","width":1024,"height":512},{"@type":"BreadcrumbList","@id":"https:\/\/dev.antudigital.cl\/sites\/vc\/se-abre-convocatoria-para-mejoramiento-de-bibliotecas-publicas\/#breadcrumb","itemListElement":[{"@type":"ListItem","position":1,"name":"Home","item":"https:\/\/dev.antudigital.cl\/sites\/vc\/"},{"@type":"ListItem","position":2,"name":"Se abre convocatoria para mejoramiento de bibliotecas p\u00fablicas"}]},{"@type":"WebSite","@id":"https:\/\/dev.antudigital.cl\/sites\/vc\/#website","url":"https:\/\/dev.antudigital.cl\/sites\/vc\/","name":"Valpara\u00ed\u00adso Creativo","description":"","potentialAction":[{"@type":"SearchAction","target":{"@type":"EntryPoint","urlTemplate":"https:\/\/dev.antudigital.cl\/sites\/vc\/?s={search_term_string}"},"query-input":{"@type":"PropertyValueSpecification","valueRequired":true,"valueName":"search_term_string"}}],"inLanguage":"es"},{"@type":"Person","@id":"https:\/\/dev.antudigital.cl\/sites\/vc\/#\/schema\/person\/81d1dcd51abd542b5dfc00f5f951a0f1","name":"Valparaiso Creativo","url":"https:\/\/dev.antudigital.cl\/sites\/vc\/author\/valparaiso-creativo\/"}]}},"_links":{"self":[{"href":"https:\/\/dev.antudigital.cl\/sites\/vc\/wp-json\/wp\/v2\/posts\/8306","targetHints":{"allow":["GET"]}}],"collection":[{"href":"https:\/\/dev.antudigital.cl\/sites\/vc\/wp-json\/wp\/v2\/posts"}],"about":[{"href":"https:\/\/dev.antudigital.cl\/sites\/vc\/wp-json\/wp\/v2\/types\/post"}],"author":[{"embeddable":true,"href":"https:\/\/dev.antudigital.cl\/sites\/vc\/wp-json\/wp\/v2\/users\/3"}],"replies":[{"embeddable":true,"href":"https:\/\/dev.antudigital.cl\/sites\/vc\/wp-json\/wp\/v2\/comments?post=8306"}],"version-history":[{"count":0,"href":"https:\/\/dev.antudigital.cl\/sites\/vc\/wp-json\/wp\/v2\/posts\/8306\/revisions"}],"wp:featuredmedia":[{"embeddable":true,"href":"https:\/\/dev.antudigital.cl\/sites\/vc\/wp-json\/wp\/v2\/media\/8307"}],"wp:attachment":[{"href":"https:\/\/dev.antudigital.cl\/sites\/vc\/wp-json\/wp\/v2\/media?parent=8306"}],"wp:term":[{"taxonomy":"category","embeddable":true,"href":"https:\/\/dev.antudigital.cl\/sites\/vc\/wp-json\/wp\/v2\/categories?post=8306"},{"taxonomy":"post_tag","embeddable":true,"href":"https:\/\/dev.antudigital.cl\/sites\/vc\/wp-json\/wp\/v2\/tags?post=8306"}],"curies":[{"name":"wp","href":"https:\/\/api.w.org\/{rel}","templated":true}]}}