{"id":8308,"date":"2021-02-08T09:45:46","date_gmt":"2021-02-08T09:45:46","guid":{"rendered":"https:\/\/www.valparaisocreativo.cl\/?p=5863"},"modified":"2021-02-08T09:45:46","modified_gmt":"2021-02-08T09:45:46","slug":"exposicion-v-bienal-internacional-de-grabado-carlos-hermosilla-en-sala-el-peral-y-museo-baburizza","status":"publish","type":"post","link":"https:\/\/dev.antudigital.cl\/sites\/vc\/exposicion-v-bienal-internacional-de-grabado-carlos-hermosilla-en-sala-el-peral-y-museo-baburizza\/","title":{"rendered":"Exposici\u00f3n: V Bienal Internacional de Grabado Carlos Hermosilla en Sala El Peral y Museo Baburizza"},"content":{"rendered":"<p>A comienzos del 2019, el Departamento de Desarrollo Cultural de la Ilustre Municipalidad de Valpara\u00edso, llev\u00f3 a cabo la <em>V versi\u00f3n de la Bienal Internacional de Grabado Carlos Hermosilla<\/em>. En esta ocasi\u00f3n, el tema propuesto fue \u201c<strong>Asunto de poder<\/strong>\u201d, el cual buscaba que artistas desde el arte de la visualidad pudieran reunir ideas y reflexiones a nivel nacional e internacional.<\/p>\n<p>Entre el estallido social y la crisis sanitaria se alarg\u00f3 el proceso, desarroll\u00e1ndose durante el 2020. En esta oportunidad se invit\u00f3 a la comunidad de artistas a crear desde una perspectiva cr\u00edtica y personal la realidad que viv\u00eda la sociedad.<\/p>\n<p>Tras finalizar la convocatoria, 78 grabadores de pa\u00edses como Argentina, Chile, Espa\u00f1a, Estados Unidos, Polonia, entre otros, fueron parte de este destacado concurso. De los m\u00e1s de 100 trabajos recibidos, 46 fueron seleccionados, dando un total de 43 expositores que utilizaron amplias t\u00e9cnicas en sus obras.<\/p>\n\n<p>\u201cEl env\u00edo de las obras permiti\u00f3 visualizar estos temas que son latentes y complejos sobre todo nuestro continente. La diversidad gr\u00e1fica multiejemplar de gran oficio, potente carga visual en forma y contenido que hacen brillar la disciplina del grabado\u201d, dijo <strong>David Contreras<\/strong>, curador de la muestra.<\/p>\n<p><strong>La muestra de grabados est\u00e1 disponible desde el 15 de enero en horario de 10:00 a 16:30 horas. Se exhibir\u00e1 en la Sala Extensi\u00f3n del Museo Baburizza y Sala El Peral de lunes a viernes de manera liberada.<\/strong><\/p>\n<h3>Accede a la exposici\u00f3n virtual <strong><a href=\"https:\/\/museobaburizza.cl\/bienal-internacional-de-grabado-carlos-hermosilla-2020\/#expo\">aqu\u00ed<\/a><\/strong>.<\/h3>\n","protected":false},"excerpt":{"rendered":"<p>A comienzos del 2019, el Departamento de Desarrollo Cultural de la Ilustre Municipalidad de Valpara\u00edso, llev\u00f3 a cabo la V versi\u00f3n de la Bienal Internacional de Grabado Carlos Hermosilla. En esta ocasi\u00f3n, el tema propuesto fue \u201cAsunto de poder\u201d, el cual buscaba que artistas desde el arte de la visualidad pudieran reunir ideas y reflexiones [&hellip;]<\/p>\n","protected":false},"author":3,"featured_media":8312,"comment_status":"closed","ping_status":"closed","sticky":false,"template":"","format":"standard","meta":{"_acf_changed":false,"footnotes":""},"categories":[8],"tags":[101,198,78,199,200,187,201],"class_list":["post-8308","post","type-post","status-publish","format-standard","has-post-thumbnail","hentry","category-noticia","tag-arte","tag-bienal","tag-chile","tag-coleccion","tag-grabado","tag-museo-baburizza","tag-valpariso"],"acf":[],"yoast_head":"<!-- This site is optimized with the Yoast SEO plugin v27.1.1 - https:\/\/yoast.com\/product\/yoast-seo-wordpress\/ -->\n<title>Exposici\u00f3n: V Bienal Internacional de Grabado Carlos Hermosilla en Sala El Peral y Museo Baburizza - Valpara\u00ed\u00adso Creativo<\/title>\n<meta name=\"robots\" content=\"index, follow, max-snippet:-1, max-image-preview:large, max-video-preview:-1\" \/>\n<link rel=\"canonical\" href=\"https:\/\/dev.antudigital.cl\/sites\/vc\/exposicion-v-bienal-internacional-de-grabado-carlos-hermosilla-en-sala-el-peral-y-museo-baburizza\/\" \/>\n<meta property=\"og:locale\" content=\"es_ES\" \/>\n<meta property=\"og:type\" content=\"article\" \/>\n<meta property=\"og:title\" content=\"Exposici\u00f3n: V Bienal Internacional de Grabado Carlos Hermosilla en Sala El Peral y Museo Baburizza - Valpara\u00ed\u00adso Creativo\" \/>\n<meta property=\"og:description\" content=\"A comienzos del 2019, el Departamento de Desarrollo Cultural de la Ilustre Municipalidad de Valpara\u00edso, llev\u00f3 a cabo la V versi\u00f3n de la Bienal Internacional de Grabado Carlos Hermosilla. En esta ocasi\u00f3n, el tema propuesto fue \u201cAsunto de poder\u201d, el cual buscaba que artistas desde el arte de la visualidad pudieran reunir ideas y reflexiones [&hellip;]\" \/>\n<meta property=\"og:url\" content=\"https:\/\/dev.antudigital.cl\/sites\/vc\/exposicion-v-bienal-internacional-de-grabado-carlos-hermosilla-en-sala-el-peral-y-museo-baburizza\/\" \/>\n<meta property=\"og:site_name\" content=\"Valpara\u00ed\u00adso Creativo\" \/>\n<meta property=\"article:published_time\" content=\"2021-02-08T09:45:46+00:00\" \/>\n<meta property=\"og:image\" content=\"https:\/\/dev.antudigital.cl\/sites\/vc\/wp-content\/uploads\/2021\/02\/Captura-de-Pantalla-2021-02-08-a-las-09.21.46.png\" \/>\n\t<meta property=\"og:image:width\" content=\"819\" \/>\n\t<meta property=\"og:image:height\" content=\"516\" \/>\n\t<meta property=\"og:image:type\" content=\"image\/png\" \/>\n<meta name=\"author\" content=\"Valparaiso Creativo\" \/>\n<meta name=\"twitter:card\" content=\"summary_large_image\" \/>\n<meta name=\"twitter:label1\" content=\"Escrito por\" \/>\n\t<meta name=\"twitter:data1\" content=\"Valparaiso Creativo\" \/>\n\t<meta name=\"twitter:label2\" content=\"Tiempo de lectura\" \/>\n\t<meta name=\"twitter:data2\" content=\"1 minuto\" \/>\n<script type=\"application\/ld+json\" class=\"yoast-schema-graph\">{\"@context\":\"https:\/\/schema.org\",\"@graph\":[{\"@type\":\"Article\",\"@id\":\"https:\/\/dev.antudigital.cl\/sites\/vc\/exposicion-v-bienal-internacional-de-grabado-carlos-hermosilla-en-sala-el-peral-y-museo-baburizza\/#article\",\"isPartOf\":{\"@id\":\"https:\/\/dev.antudigital.cl\/sites\/vc\/exposicion-v-bienal-internacional-de-grabado-carlos-hermosilla-en-sala-el-peral-y-museo-baburizza\/\"},\"author\":{\"name\":\"Valparaiso Creativo\",\"@id\":\"https:\/\/dev.antudigital.cl\/sites\/vc\/#\/schema\/person\/81d1dcd51abd542b5dfc00f5f951a0f1\"},\"headline\":\"Exposici\u00f3n: V Bienal Internacional de Grabado Carlos Hermosilla en Sala El Peral y Museo Baburizza\",\"datePublished\":\"2021-02-08T09:45:46+00:00\",\"mainEntityOfPage\":{\"@id\":\"https:\/\/dev.antudigital.cl\/sites\/vc\/exposicion-v-bienal-internacional-de-grabado-carlos-hermosilla-en-sala-el-peral-y-museo-baburizza\/\"},\"wordCount\":259,\"image\":{\"@id\":\"https:\/\/dev.antudigital.cl\/sites\/vc\/exposicion-v-bienal-internacional-de-grabado-carlos-hermosilla-en-sala-el-peral-y-museo-baburizza\/#primaryimage\"},\"thumbnailUrl\":\"https:\/\/dev.antudigital.cl\/sites\/vc\/wp-content\/uploads\/2021\/02\/Captura-de-Pantalla-2021-02-08-a-las-09.21.46.png\",\"keywords\":[\"Arte\",\"Bienal\",\"Chile\",\"Colecci\u00f3n\",\"Grabado\",\"Museo Baburizza\",\"Valpar\u00edso\"],\"articleSection\":[\"Noticia\"],\"inLanguage\":\"es\"},{\"@type\":\"WebPage\",\"@id\":\"https:\/\/dev.antudigital.cl\/sites\/vc\/exposicion-v-bienal-internacional-de-grabado-carlos-hermosilla-en-sala-el-peral-y-museo-baburizza\/\",\"url\":\"https:\/\/dev.antudigital.cl\/sites\/vc\/exposicion-v-bienal-internacional-de-grabado-carlos-hermosilla-en-sala-el-peral-y-museo-baburizza\/\",\"name\":\"Exposici\u00f3n: V Bienal Internacional de Grabado Carlos Hermosilla en Sala El Peral y Museo Baburizza - Valpara\u00ed\u00adso Creativo\",\"isPartOf\":{\"@id\":\"https:\/\/dev.antudigital.cl\/sites\/vc\/#website\"},\"primaryImageOfPage\":{\"@id\":\"https:\/\/dev.antudigital.cl\/sites\/vc\/exposicion-v-bienal-internacional-de-grabado-carlos-hermosilla-en-sala-el-peral-y-museo-baburizza\/#primaryimage\"},\"image\":{\"@id\":\"https:\/\/dev.antudigital.cl\/sites\/vc\/exposicion-v-bienal-internacional-de-grabado-carlos-hermosilla-en-sala-el-peral-y-museo-baburizza\/#primaryimage\"},\"thumbnailUrl\":\"https:\/\/dev.antudigital.cl\/sites\/vc\/wp-content\/uploads\/2021\/02\/Captura-de-Pantalla-2021-02-08-a-las-09.21.46.png\",\"datePublished\":\"2021-02-08T09:45:46+00:00\",\"author\":{\"@id\":\"https:\/\/dev.antudigital.cl\/sites\/vc\/#\/schema\/person\/81d1dcd51abd542b5dfc00f5f951a0f1\"},\"breadcrumb\":{\"@id\":\"https:\/\/dev.antudigital.cl\/sites\/vc\/exposicion-v-bienal-internacional-de-grabado-carlos-hermosilla-en-sala-el-peral-y-museo-baburizza\/#breadcrumb\"},\"inLanguage\":\"es\",\"potentialAction\":[{\"@type\":\"ReadAction\",\"target\":[\"https:\/\/dev.antudigital.cl\/sites\/vc\/exposicion-v-bienal-internacional-de-grabado-carlos-hermosilla-en-sala-el-peral-y-museo-baburizza\/\"]}]},{\"@type\":\"ImageObject\",\"inLanguage\":\"es\",\"@id\":\"https:\/\/dev.antudigital.cl\/sites\/vc\/exposicion-v-bienal-internacional-de-grabado-carlos-hermosilla-en-sala-el-peral-y-museo-baburizza\/#primaryimage\",\"url\":\"https:\/\/dev.antudigital.cl\/sites\/vc\/wp-content\/uploads\/2021\/02\/Captura-de-Pantalla-2021-02-08-a-las-09.21.46.png\",\"contentUrl\":\"https:\/\/dev.antudigital.cl\/sites\/vc\/wp-content\/uploads\/2021\/02\/Captura-de-Pantalla-2021-02-08-a-las-09.21.46.png\",\"width\":819,\"height\":516},{\"@type\":\"BreadcrumbList\",\"@id\":\"https:\/\/dev.antudigital.cl\/sites\/vc\/exposicion-v-bienal-internacional-de-grabado-carlos-hermosilla-en-sala-el-peral-y-museo-baburizza\/#breadcrumb\",\"itemListElement\":[{\"@type\":\"ListItem\",\"position\":1,\"name\":\"Home\",\"item\":\"https:\/\/dev.antudigital.cl\/sites\/vc\/\"},{\"@type\":\"ListItem\",\"position\":2,\"name\":\"Exposici\u00f3n: V Bienal Internacional de Grabado Carlos Hermosilla en Sala El Peral y Museo Baburizza\"}]},{\"@type\":\"WebSite\",\"@id\":\"https:\/\/dev.antudigital.cl\/sites\/vc\/#website\",\"url\":\"https:\/\/dev.antudigital.cl\/sites\/vc\/\",\"name\":\"Valpara\u00ed\u00adso Creativo\",\"description\":\"\",\"potentialAction\":[{\"@type\":\"SearchAction\",\"target\":{\"@type\":\"EntryPoint\",\"urlTemplate\":\"https:\/\/dev.antudigital.cl\/sites\/vc\/?s={search_term_string}\"},\"query-input\":{\"@type\":\"PropertyValueSpecification\",\"valueRequired\":true,\"valueName\":\"search_term_string\"}}],\"inLanguage\":\"es\"},{\"@type\":\"Person\",\"@id\":\"https:\/\/dev.antudigital.cl\/sites\/vc\/#\/schema\/person\/81d1dcd51abd542b5dfc00f5f951a0f1\",\"name\":\"Valparaiso Creativo\",\"url\":\"https:\/\/dev.antudigital.cl\/sites\/vc\/author\/valparaiso-creativo\/\"}]}<\/script>\n<!-- \/ Yoast SEO plugin. -->","yoast_head_json":{"title":"Exposici\u00f3n: V Bienal Internacional de Grabado Carlos Hermosilla en Sala El Peral y Museo Baburizza - Valpara\u00ed\u00adso Creativo","robots":{"index":"index","follow":"follow","max-snippet":"max-snippet:-1","max-image-preview":"max-image-preview:large","max-video-preview":"max-video-preview:-1"},"canonical":"https:\/\/dev.antudigital.cl\/sites\/vc\/exposicion-v-bienal-internacional-de-grabado-carlos-hermosilla-en-sala-el-peral-y-museo-baburizza\/","og_locale":"es_ES","og_type":"article","og_title":"Exposici\u00f3n: V Bienal Internacional de Grabado Carlos Hermosilla en Sala El Peral y Museo Baburizza - Valpara\u00ed\u00adso Creativo","og_description":"A comienzos del 2019, el Departamento de Desarrollo Cultural de la Ilustre Municipalidad de Valpara\u00edso, llev\u00f3 a cabo la V versi\u00f3n de la Bienal Internacional de Grabado Carlos Hermosilla. En esta ocasi\u00f3n, el tema propuesto fue \u201cAsunto de poder\u201d, el cual buscaba que artistas desde el arte de la visualidad pudieran reunir ideas y reflexiones [&hellip;]","og_url":"https:\/\/dev.antudigital.cl\/sites\/vc\/exposicion-v-bienal-internacional-de-grabado-carlos-hermosilla-en-sala-el-peral-y-museo-baburizza\/","og_site_name":"Valpara\u00ed\u00adso Creativo","article_published_time":"2021-02-08T09:45:46+00:00","og_image":[{"width":819,"height":516,"url":"https:\/\/dev.antudigital.cl\/sites\/vc\/wp-content\/uploads\/2021\/02\/Captura-de-Pantalla-2021-02-08-a-las-09.21.46.png","type":"image\/png"}],"author":"Valparaiso Creativo","twitter_card":"summary_large_image","twitter_misc":{"Escrito por":"Valparaiso Creativo","Tiempo de lectura":"1 minuto"},"schema":{"@context":"https:\/\/schema.org","@graph":[{"@type":"Article","@id":"https:\/\/dev.antudigital.cl\/sites\/vc\/exposicion-v-bienal-internacional-de-grabado-carlos-hermosilla-en-sala-el-peral-y-museo-baburizza\/#article","isPartOf":{"@id":"https:\/\/dev.antudigital.cl\/sites\/vc\/exposicion-v-bienal-internacional-de-grabado-carlos-hermosilla-en-sala-el-peral-y-museo-baburizza\/"},"author":{"name":"Valparaiso Creativo","@id":"https:\/\/dev.antudigital.cl\/sites\/vc\/#\/schema\/person\/81d1dcd51abd542b5dfc00f5f951a0f1"},"headline":"Exposici\u00f3n: V Bienal Internacional de Grabado Carlos Hermosilla en Sala El Peral y Museo Baburizza","datePublished":"2021-02-08T09:45:46+00:00","mainEntityOfPage":{"@id":"https:\/\/dev.antudigital.cl\/sites\/vc\/exposicion-v-bienal-internacional-de-grabado-carlos-hermosilla-en-sala-el-peral-y-museo-baburizza\/"},"wordCount":259,"image":{"@id":"https:\/\/dev.antudigital.cl\/sites\/vc\/exposicion-v-bienal-internacional-de-grabado-carlos-hermosilla-en-sala-el-peral-y-museo-baburizza\/#primaryimage"},"thumbnailUrl":"https:\/\/dev.antudigital.cl\/sites\/vc\/wp-content\/uploads\/2021\/02\/Captura-de-Pantalla-2021-02-08-a-las-09.21.46.png","keywords":["Arte","Bienal","Chile","Colecci\u00f3n","Grabado","Museo Baburizza","Valpar\u00edso"],"articleSection":["Noticia"],"inLanguage":"es"},{"@type":"WebPage","@id":"https:\/\/dev.antudigital.cl\/sites\/vc\/exposicion-v-bienal-internacional-de-grabado-carlos-hermosilla-en-sala-el-peral-y-museo-baburizza\/","url":"https:\/\/dev.antudigital.cl\/sites\/vc\/exposicion-v-bienal-internacional-de-grabado-carlos-hermosilla-en-sala-el-peral-y-museo-baburizza\/","name":"Exposici\u00f3n: V Bienal Internacional de Grabado Carlos Hermosilla en Sala El Peral y Museo Baburizza - Valpara\u00ed\u00adso Creativo","isPartOf":{"@id":"https:\/\/dev.antudigital.cl\/sites\/vc\/#website"},"primaryImageOfPage":{"@id":"https:\/\/dev.antudigital.cl\/sites\/vc\/exposicion-v-bienal-internacional-de-grabado-carlos-hermosilla-en-sala-el-peral-y-museo-baburizza\/#primaryimage"},"image":{"@id":"https:\/\/dev.antudigital.cl\/sites\/vc\/exposicion-v-bienal-internacional-de-grabado-carlos-hermosilla-en-sala-el-peral-y-museo-baburizza\/#primaryimage"},"thumbnailUrl":"https:\/\/dev.antudigital.cl\/sites\/vc\/wp-content\/uploads\/2021\/02\/Captura-de-Pantalla-2021-02-08-a-las-09.21.46.png","datePublished":"2021-02-08T09:45:46+00:00","author":{"@id":"https:\/\/dev.antudigital.cl\/sites\/vc\/#\/schema\/person\/81d1dcd51abd542b5dfc00f5f951a0f1"},"breadcrumb":{"@id":"https:\/\/dev.antudigital.cl\/sites\/vc\/exposicion-v-bienal-internacional-de-grabado-carlos-hermosilla-en-sala-el-peral-y-museo-baburizza\/#breadcrumb"},"inLanguage":"es","potentialAction":[{"@type":"ReadAction","target":["https:\/\/dev.antudigital.cl\/sites\/vc\/exposicion-v-bienal-internacional-de-grabado-carlos-hermosilla-en-sala-el-peral-y-museo-baburizza\/"]}]},{"@type":"ImageObject","inLanguage":"es","@id":"https:\/\/dev.antudigital.cl\/sites\/vc\/exposicion-v-bienal-internacional-de-grabado-carlos-hermosilla-en-sala-el-peral-y-museo-baburizza\/#primaryimage","url":"https:\/\/dev.antudigital.cl\/sites\/vc\/wp-content\/uploads\/2021\/02\/Captura-de-Pantalla-2021-02-08-a-las-09.21.46.png","contentUrl":"https:\/\/dev.antudigital.cl\/sites\/vc\/wp-content\/uploads\/2021\/02\/Captura-de-Pantalla-2021-02-08-a-las-09.21.46.png","width":819,"height":516},{"@type":"BreadcrumbList","@id":"https:\/\/dev.antudigital.cl\/sites\/vc\/exposicion-v-bienal-internacional-de-grabado-carlos-hermosilla-en-sala-el-peral-y-museo-baburizza\/#breadcrumb","itemListElement":[{"@type":"ListItem","position":1,"name":"Home","item":"https:\/\/dev.antudigital.cl\/sites\/vc\/"},{"@type":"ListItem","position":2,"name":"Exposici\u00f3n: V Bienal Internacional de Grabado Carlos Hermosilla en Sala El Peral y Museo Baburizza"}]},{"@type":"WebSite","@id":"https:\/\/dev.antudigital.cl\/sites\/vc\/#website","url":"https:\/\/dev.antudigital.cl\/sites\/vc\/","name":"Valpara\u00ed\u00adso Creativo","description":"","potentialAction":[{"@type":"SearchAction","target":{"@type":"EntryPoint","urlTemplate":"https:\/\/dev.antudigital.cl\/sites\/vc\/?s={search_term_string}"},"query-input":{"@type":"PropertyValueSpecification","valueRequired":true,"valueName":"search_term_string"}}],"inLanguage":"es"},{"@type":"Person","@id":"https:\/\/dev.antudigital.cl\/sites\/vc\/#\/schema\/person\/81d1dcd51abd542b5dfc00f5f951a0f1","name":"Valparaiso Creativo","url":"https:\/\/dev.antudigital.cl\/sites\/vc\/author\/valparaiso-creativo\/"}]}},"_links":{"self":[{"href":"https:\/\/dev.antudigital.cl\/sites\/vc\/wp-json\/wp\/v2\/posts\/8308","targetHints":{"allow":["GET"]}}],"collection":[{"href":"https:\/\/dev.antudigital.cl\/sites\/vc\/wp-json\/wp\/v2\/posts"}],"about":[{"href":"https:\/\/dev.antudigital.cl\/sites\/vc\/wp-json\/wp\/v2\/types\/post"}],"author":[{"embeddable":true,"href":"https:\/\/dev.antudigital.cl\/sites\/vc\/wp-json\/wp\/v2\/users\/3"}],"replies":[{"embeddable":true,"href":"https:\/\/dev.antudigital.cl\/sites\/vc\/wp-json\/wp\/v2\/comments?post=8308"}],"version-history":[{"count":0,"href":"https:\/\/dev.antudigital.cl\/sites\/vc\/wp-json\/wp\/v2\/posts\/8308\/revisions"}],"wp:featuredmedia":[{"embeddable":true,"href":"https:\/\/dev.antudigital.cl\/sites\/vc\/wp-json\/wp\/v2\/media\/8312"}],"wp:attachment":[{"href":"https:\/\/dev.antudigital.cl\/sites\/vc\/wp-json\/wp\/v2\/media?parent=8308"}],"wp:term":[{"taxonomy":"category","embeddable":true,"href":"https:\/\/dev.antudigital.cl\/sites\/vc\/wp-json\/wp\/v2\/categories?post=8308"},{"taxonomy":"post_tag","embeddable":true,"href":"https:\/\/dev.antudigital.cl\/sites\/vc\/wp-json\/wp\/v2\/tags?post=8308"}],"curies":[{"name":"wp","href":"https:\/\/api.w.org\/{rel}","templated":true}]}}