{"id":8316,"date":"2021-02-03T15:36:59","date_gmt":"2021-02-03T15:36:59","guid":{"rendered":"https:\/\/www.valparaisocreativo.cl\/?p=5849"},"modified":"2021-02-03T15:36:59","modified_gmt":"2021-02-03T15:36:59","slug":"se-viene-sonidos-de-casa-version-verano-en-tu-pantalla","status":"publish","type":"post","link":"https:\/\/dev.antudigital.cl\/sites\/vc\/se-viene-sonidos-de-casa-version-verano-en-tu-pantalla\/","title":{"rendered":"Se viene Sonidos de Casa versi\u00f3n verano, \u00a1en tu pantalla!"},"content":{"rendered":"<p dir=\"ltr\">Tres nuevos conciertos ser\u00e1n parte de los eventos musicales que ofrecer\u00e1 la sede porte\u00f1a de la corporaci\u00f3n cultural Balmaceda Arte Joven esta temporada. <strong>Dania Neko (04\/02), Lechu (11\/02) e Insomnia Is Dead (18\/02)<\/strong> ser\u00e1n los artistas locales que se presentar\u00e1n en este espacio de difusi\u00f3n de la m\u00fasica regional en Valpara\u00edso, que estrenar\u00e1 <strong>un cap\u00edtulo cada jueves a las 12.00 horas<\/strong>.<\/p>\n<p dir=\"ltr\"><strong>Sonidos de Casa<\/strong> es un ciclo de m\u00fasica que, por primera vez, adaptar\u00e1 su formato a la virtualidad, sum\u00e1ndose al resto de las actividades gratuitas realizadas durante todo el 2020 y 2021 en BAJ Valpara\u00edso, destacando talleres art\u00edsticos, laboratorios, conversatorios, entre otros, lo que ha permitido convocar a j\u00f3venes de diferentes rincones del pa\u00eds en la programaci\u00f3n de la sede regional.<\/p>\n<p dir=\"ltr\">El primer cap\u00edtulo a estrenarse es el de la MC <strong>Dania Neko<\/strong>, quien se ha caracterizado por poner al frente la fusi\u00f3n de estilos, predominando las influencias latinoamericanas en sus rimas. Radicada en Valpara\u00edso, esta artista recientemente lanz\u00f3 \u201cProsa Callejera\u201d, single que toma la creaci\u00f3n de la poeta Mal\u00fa Gonz\u00e1lez y que forma parte del adelanto de su nuevo disco.<\/p>\n<p dir=\"ltr\">En tanto, el estreno del 11 de febrero, continuar\u00e1 en la senda del hip hop, junto al porte\u00f1o <strong>Lechu<\/strong>, quien estar\u00e1 junto a Rod Rochet en las tornamesas. Caracterizado por poner en escena la esencia del puerto de Valpara\u00edso, junto a una marcada cr\u00edtica social en sus l\u00edricas, el tambi\u00e9n autor de D\u00f3nde nace, mostrar\u00e1 parte de sus creaciones junto a su \u00faltimo trabajo de estudio.<\/p>\n<p dir=\"ltr\"><strong>Insomnia Is Dead ser\u00e1 la encargada de cerrar esta temporada de Sonidos de Casa,<\/strong> quien trabaja una propuesta perform\u00e1tica en torno al Witch House, la electr\u00f3nica y la improvisaci\u00f3n. Fue durante el 2020 que la artista sum\u00f3 entre sus singles el track \u201cPresunta desgracia\u201d, un retrato crudo de Valpara\u00edso, y que forma parte de Vibraciones (2020), disco compilado del Laboratorio de Producci\u00f3n Musical (LPM) de BAJ Valpara\u00edso, del que tambi\u00e9n es parte Lechu.<\/p>\n<p><img fetchpriority=\"high\" decoding=\"async\" class=\"alignleft size-medium wp-image-5852\" src=\"https:\/\/www.valparaisocreativo.cl\/wp-content\/uploads\/2021\/02\/SDC-1-100-1-300x300.jpg\" alt=\"\" width=\"300\" height=\"300\" \/><\/p>\n<h3 dir=\"ltr\">Los ciclos musicales de Balmaceda Arte Joven Valpara\u00edso ser\u00e1n transmitidos los Jueves 4, 11 y 18 de febrero, a las 12.00 horas, a trav\u00e9s del canal de YouTube de la sede regional.<\/h3>\n<p>&nbsp;<\/p>\n","protected":false},"excerpt":{"rendered":"<p>Tres nuevos conciertos ser\u00e1n parte de los eventos musicales que ofrecer\u00e1 la sede porte\u00f1a de la corporaci\u00f3n cultural Balmaceda Arte Joven esta temporada. Dania Neko (04\/02), Lechu (11\/02) e Insomnia Is Dead (18\/02) ser\u00e1n los artistas locales que se presentar\u00e1n en este espacio de difusi\u00f3n de la m\u00fasica regional en Valpara\u00edso, que estrenar\u00e1 un cap\u00edtulo [&hellip;]<\/p>\n","protected":false},"author":3,"featured_media":8318,"comment_status":"closed","ping_status":"closed","sticky":false,"template":"","format":"standard","meta":{"_acf_changed":false,"footnotes":""},"categories":[8],"tags":[],"class_list":["post-8316","post","type-post","status-publish","format-standard","has-post-thumbnail","hentry","category-noticia"],"acf":[],"yoast_head":"<!-- This site is optimized with the Yoast SEO plugin v27.1.1 - https:\/\/yoast.com\/product\/yoast-seo-wordpress\/ -->\n<title>Se viene Sonidos de Casa versi\u00f3n verano, \u00a1en tu pantalla! - Valpara\u00ed\u00adso Creativo<\/title>\n<meta name=\"robots\" content=\"index, follow, max-snippet:-1, max-image-preview:large, max-video-preview:-1\" \/>\n<link rel=\"canonical\" href=\"https:\/\/dev.antudigital.cl\/sites\/vc\/se-viene-sonidos-de-casa-version-verano-en-tu-pantalla\/\" \/>\n<meta property=\"og:locale\" content=\"es_ES\" \/>\n<meta property=\"og:type\" content=\"article\" \/>\n<meta property=\"og:title\" content=\"Se viene Sonidos de Casa versi\u00f3n verano, \u00a1en tu pantalla! - Valpara\u00ed\u00adso Creativo\" \/>\n<meta property=\"og:description\" content=\"Tres nuevos conciertos ser\u00e1n parte de los eventos musicales que ofrecer\u00e1 la sede porte\u00f1a de la corporaci\u00f3n cultural Balmaceda Arte Joven esta temporada. Dania Neko (04\/02), Lechu (11\/02) e Insomnia Is Dead (18\/02) ser\u00e1n los artistas locales que se presentar\u00e1n en este espacio de difusi\u00f3n de la m\u00fasica regional en Valpara\u00edso, que estrenar\u00e1 un cap\u00edtulo [&hellip;]\" \/>\n<meta property=\"og:url\" content=\"https:\/\/dev.antudigital.cl\/sites\/vc\/se-viene-sonidos-de-casa-version-verano-en-tu-pantalla\/\" \/>\n<meta property=\"og:site_name\" content=\"Valpara\u00ed\u00adso Creativo\" \/>\n<meta property=\"article:published_time\" content=\"2021-02-03T15:36:59+00:00\" \/>\n<meta property=\"og:image\" content=\"https:\/\/dev.antudigital.cl\/sites\/vc\/wp-content\/uploads\/2021\/02\/Lechu-Por-BAJ-Valparai\u0301so-2.jpg\" \/>\n\t<meta property=\"og:image:width\" content=\"2048\" \/>\n\t<meta property=\"og:image:height\" content=\"1365\" \/>\n\t<meta property=\"og:image:type\" content=\"image\/jpeg\" \/>\n<meta name=\"author\" content=\"Valparaiso Creativo\" \/>\n<meta name=\"twitter:card\" content=\"summary_large_image\" \/>\n<meta name=\"twitter:label1\" content=\"Escrito por\" \/>\n\t<meta name=\"twitter:data1\" content=\"Valparaiso Creativo\" \/>\n\t<meta name=\"twitter:label2\" content=\"Tiempo de lectura\" \/>\n\t<meta name=\"twitter:data2\" content=\"2 minutos\" \/>\n<script type=\"application\/ld+json\" class=\"yoast-schema-graph\">{\"@context\":\"https:\/\/schema.org\",\"@graph\":[{\"@type\":\"Article\",\"@id\":\"https:\/\/dev.antudigital.cl\/sites\/vc\/se-viene-sonidos-de-casa-version-verano-en-tu-pantalla\/#article\",\"isPartOf\":{\"@id\":\"https:\/\/dev.antudigital.cl\/sites\/vc\/se-viene-sonidos-de-casa-version-verano-en-tu-pantalla\/\"},\"author\":{\"name\":\"Valparaiso Creativo\",\"@id\":\"https:\/\/dev.antudigital.cl\/sites\/vc\/#\/schema\/person\/81d1dcd51abd542b5dfc00f5f951a0f1\"},\"headline\":\"Se viene Sonidos de Casa versi\u00f3n verano, \u00a1en tu pantalla!\",\"datePublished\":\"2021-02-03T15:36:59+00:00\",\"mainEntityOfPage\":{\"@id\":\"https:\/\/dev.antudigital.cl\/sites\/vc\/se-viene-sonidos-de-casa-version-verano-en-tu-pantalla\/\"},\"wordCount\":389,\"image\":{\"@id\":\"https:\/\/dev.antudigital.cl\/sites\/vc\/se-viene-sonidos-de-casa-version-verano-en-tu-pantalla\/#primaryimage\"},\"thumbnailUrl\":\"https:\/\/dev.antudigital.cl\/sites\/vc\/wp-content\/uploads\/2021\/02\/Lechu-Por-BAJ-Valparai\u0301so-2.jpg\",\"articleSection\":[\"Noticia\"],\"inLanguage\":\"es\"},{\"@type\":\"WebPage\",\"@id\":\"https:\/\/dev.antudigital.cl\/sites\/vc\/se-viene-sonidos-de-casa-version-verano-en-tu-pantalla\/\",\"url\":\"https:\/\/dev.antudigital.cl\/sites\/vc\/se-viene-sonidos-de-casa-version-verano-en-tu-pantalla\/\",\"name\":\"Se viene Sonidos de Casa versi\u00f3n verano, \u00a1en tu pantalla! - Valpara\u00ed\u00adso Creativo\",\"isPartOf\":{\"@id\":\"https:\/\/dev.antudigital.cl\/sites\/vc\/#website\"},\"primaryImageOfPage\":{\"@id\":\"https:\/\/dev.antudigital.cl\/sites\/vc\/se-viene-sonidos-de-casa-version-verano-en-tu-pantalla\/#primaryimage\"},\"image\":{\"@id\":\"https:\/\/dev.antudigital.cl\/sites\/vc\/se-viene-sonidos-de-casa-version-verano-en-tu-pantalla\/#primaryimage\"},\"thumbnailUrl\":\"https:\/\/dev.antudigital.cl\/sites\/vc\/wp-content\/uploads\/2021\/02\/Lechu-Por-BAJ-Valparai\u0301so-2.jpg\",\"datePublished\":\"2021-02-03T15:36:59+00:00\",\"author\":{\"@id\":\"https:\/\/dev.antudigital.cl\/sites\/vc\/#\/schema\/person\/81d1dcd51abd542b5dfc00f5f951a0f1\"},\"breadcrumb\":{\"@id\":\"https:\/\/dev.antudigital.cl\/sites\/vc\/se-viene-sonidos-de-casa-version-verano-en-tu-pantalla\/#breadcrumb\"},\"inLanguage\":\"es\",\"potentialAction\":[{\"@type\":\"ReadAction\",\"target\":[\"https:\/\/dev.antudigital.cl\/sites\/vc\/se-viene-sonidos-de-casa-version-verano-en-tu-pantalla\/\"]}]},{\"@type\":\"ImageObject\",\"inLanguage\":\"es\",\"@id\":\"https:\/\/dev.antudigital.cl\/sites\/vc\/se-viene-sonidos-de-casa-version-verano-en-tu-pantalla\/#primaryimage\",\"url\":\"https:\/\/dev.antudigital.cl\/sites\/vc\/wp-content\/uploads\/2021\/02\/Lechu-Por-BAJ-Valparai\u0301so-2.jpg\",\"contentUrl\":\"https:\/\/dev.antudigital.cl\/sites\/vc\/wp-content\/uploads\/2021\/02\/Lechu-Por-BAJ-Valparai\u0301so-2.jpg\",\"width\":2048,\"height\":1365},{\"@type\":\"BreadcrumbList\",\"@id\":\"https:\/\/dev.antudigital.cl\/sites\/vc\/se-viene-sonidos-de-casa-version-verano-en-tu-pantalla\/#breadcrumb\",\"itemListElement\":[{\"@type\":\"ListItem\",\"position\":1,\"name\":\"Home\",\"item\":\"https:\/\/dev.antudigital.cl\/sites\/vc\/\"},{\"@type\":\"ListItem\",\"position\":2,\"name\":\"Se viene Sonidos de Casa versi\u00f3n verano, \u00a1en tu pantalla!\"}]},{\"@type\":\"WebSite\",\"@id\":\"https:\/\/dev.antudigital.cl\/sites\/vc\/#website\",\"url\":\"https:\/\/dev.antudigital.cl\/sites\/vc\/\",\"name\":\"Valpara\u00ed\u00adso Creativo\",\"description\":\"\",\"potentialAction\":[{\"@type\":\"SearchAction\",\"target\":{\"@type\":\"EntryPoint\",\"urlTemplate\":\"https:\/\/dev.antudigital.cl\/sites\/vc\/?s={search_term_string}\"},\"query-input\":{\"@type\":\"PropertyValueSpecification\",\"valueRequired\":true,\"valueName\":\"search_term_string\"}}],\"inLanguage\":\"es\"},{\"@type\":\"Person\",\"@id\":\"https:\/\/dev.antudigital.cl\/sites\/vc\/#\/schema\/person\/81d1dcd51abd542b5dfc00f5f951a0f1\",\"name\":\"Valparaiso Creativo\",\"url\":\"https:\/\/dev.antudigital.cl\/sites\/vc\/author\/valparaiso-creativo\/\"}]}<\/script>\n<!-- \/ Yoast SEO plugin. -->","yoast_head_json":{"title":"Se viene Sonidos de Casa versi\u00f3n verano, \u00a1en tu pantalla! - Valpara\u00ed\u00adso Creativo","robots":{"index":"index","follow":"follow","max-snippet":"max-snippet:-1","max-image-preview":"max-image-preview:large","max-video-preview":"max-video-preview:-1"},"canonical":"https:\/\/dev.antudigital.cl\/sites\/vc\/se-viene-sonidos-de-casa-version-verano-en-tu-pantalla\/","og_locale":"es_ES","og_type":"article","og_title":"Se viene Sonidos de Casa versi\u00f3n verano, \u00a1en tu pantalla! - Valpara\u00ed\u00adso Creativo","og_description":"Tres nuevos conciertos ser\u00e1n parte de los eventos musicales que ofrecer\u00e1 la sede porte\u00f1a de la corporaci\u00f3n cultural Balmaceda Arte Joven esta temporada. Dania Neko (04\/02), Lechu (11\/02) e Insomnia Is Dead (18\/02) ser\u00e1n los artistas locales que se presentar\u00e1n en este espacio de difusi\u00f3n de la m\u00fasica regional en Valpara\u00edso, que estrenar\u00e1 un cap\u00edtulo [&hellip;]","og_url":"https:\/\/dev.antudigital.cl\/sites\/vc\/se-viene-sonidos-de-casa-version-verano-en-tu-pantalla\/","og_site_name":"Valpara\u00ed\u00adso Creativo","article_published_time":"2021-02-03T15:36:59+00:00","og_image":[{"width":2048,"height":1365,"url":"https:\/\/dev.antudigital.cl\/sites\/vc\/wp-content\/uploads\/2021\/02\/Lechu-Por-BAJ-Valparai\u0301so-2.jpg","type":"image\/jpeg"}],"author":"Valparaiso Creativo","twitter_card":"summary_large_image","twitter_misc":{"Escrito por":"Valparaiso Creativo","Tiempo de lectura":"2 minutos"},"schema":{"@context":"https:\/\/schema.org","@graph":[{"@type":"Article","@id":"https:\/\/dev.antudigital.cl\/sites\/vc\/se-viene-sonidos-de-casa-version-verano-en-tu-pantalla\/#article","isPartOf":{"@id":"https:\/\/dev.antudigital.cl\/sites\/vc\/se-viene-sonidos-de-casa-version-verano-en-tu-pantalla\/"},"author":{"name":"Valparaiso Creativo","@id":"https:\/\/dev.antudigital.cl\/sites\/vc\/#\/schema\/person\/81d1dcd51abd542b5dfc00f5f951a0f1"},"headline":"Se viene Sonidos de Casa versi\u00f3n verano, \u00a1en tu pantalla!","datePublished":"2021-02-03T15:36:59+00:00","mainEntityOfPage":{"@id":"https:\/\/dev.antudigital.cl\/sites\/vc\/se-viene-sonidos-de-casa-version-verano-en-tu-pantalla\/"},"wordCount":389,"image":{"@id":"https:\/\/dev.antudigital.cl\/sites\/vc\/se-viene-sonidos-de-casa-version-verano-en-tu-pantalla\/#primaryimage"},"thumbnailUrl":"https:\/\/dev.antudigital.cl\/sites\/vc\/wp-content\/uploads\/2021\/02\/Lechu-Por-BAJ-Valparai\u0301so-2.jpg","articleSection":["Noticia"],"inLanguage":"es"},{"@type":"WebPage","@id":"https:\/\/dev.antudigital.cl\/sites\/vc\/se-viene-sonidos-de-casa-version-verano-en-tu-pantalla\/","url":"https:\/\/dev.antudigital.cl\/sites\/vc\/se-viene-sonidos-de-casa-version-verano-en-tu-pantalla\/","name":"Se viene Sonidos de Casa versi\u00f3n verano, \u00a1en tu pantalla! - Valpara\u00ed\u00adso Creativo","isPartOf":{"@id":"https:\/\/dev.antudigital.cl\/sites\/vc\/#website"},"primaryImageOfPage":{"@id":"https:\/\/dev.antudigital.cl\/sites\/vc\/se-viene-sonidos-de-casa-version-verano-en-tu-pantalla\/#primaryimage"},"image":{"@id":"https:\/\/dev.antudigital.cl\/sites\/vc\/se-viene-sonidos-de-casa-version-verano-en-tu-pantalla\/#primaryimage"},"thumbnailUrl":"https:\/\/dev.antudigital.cl\/sites\/vc\/wp-content\/uploads\/2021\/02\/Lechu-Por-BAJ-Valparai\u0301so-2.jpg","datePublished":"2021-02-03T15:36:59+00:00","author":{"@id":"https:\/\/dev.antudigital.cl\/sites\/vc\/#\/schema\/person\/81d1dcd51abd542b5dfc00f5f951a0f1"},"breadcrumb":{"@id":"https:\/\/dev.antudigital.cl\/sites\/vc\/se-viene-sonidos-de-casa-version-verano-en-tu-pantalla\/#breadcrumb"},"inLanguage":"es","potentialAction":[{"@type":"ReadAction","target":["https:\/\/dev.antudigital.cl\/sites\/vc\/se-viene-sonidos-de-casa-version-verano-en-tu-pantalla\/"]}]},{"@type":"ImageObject","inLanguage":"es","@id":"https:\/\/dev.antudigital.cl\/sites\/vc\/se-viene-sonidos-de-casa-version-verano-en-tu-pantalla\/#primaryimage","url":"https:\/\/dev.antudigital.cl\/sites\/vc\/wp-content\/uploads\/2021\/02\/Lechu-Por-BAJ-Valparai\u0301so-2.jpg","contentUrl":"https:\/\/dev.antudigital.cl\/sites\/vc\/wp-content\/uploads\/2021\/02\/Lechu-Por-BAJ-Valparai\u0301so-2.jpg","width":2048,"height":1365},{"@type":"BreadcrumbList","@id":"https:\/\/dev.antudigital.cl\/sites\/vc\/se-viene-sonidos-de-casa-version-verano-en-tu-pantalla\/#breadcrumb","itemListElement":[{"@type":"ListItem","position":1,"name":"Home","item":"https:\/\/dev.antudigital.cl\/sites\/vc\/"},{"@type":"ListItem","position":2,"name":"Se viene Sonidos de Casa versi\u00f3n verano, \u00a1en tu pantalla!"}]},{"@type":"WebSite","@id":"https:\/\/dev.antudigital.cl\/sites\/vc\/#website","url":"https:\/\/dev.antudigital.cl\/sites\/vc\/","name":"Valpara\u00ed\u00adso Creativo","description":"","potentialAction":[{"@type":"SearchAction","target":{"@type":"EntryPoint","urlTemplate":"https:\/\/dev.antudigital.cl\/sites\/vc\/?s={search_term_string}"},"query-input":{"@type":"PropertyValueSpecification","valueRequired":true,"valueName":"search_term_string"}}],"inLanguage":"es"},{"@type":"Person","@id":"https:\/\/dev.antudigital.cl\/sites\/vc\/#\/schema\/person\/81d1dcd51abd542b5dfc00f5f951a0f1","name":"Valparaiso Creativo","url":"https:\/\/dev.antudigital.cl\/sites\/vc\/author\/valparaiso-creativo\/"}]}},"_links":{"self":[{"href":"https:\/\/dev.antudigital.cl\/sites\/vc\/wp-json\/wp\/v2\/posts\/8316","targetHints":{"allow":["GET"]}}],"collection":[{"href":"https:\/\/dev.antudigital.cl\/sites\/vc\/wp-json\/wp\/v2\/posts"}],"about":[{"href":"https:\/\/dev.antudigital.cl\/sites\/vc\/wp-json\/wp\/v2\/types\/post"}],"author":[{"embeddable":true,"href":"https:\/\/dev.antudigital.cl\/sites\/vc\/wp-json\/wp\/v2\/users\/3"}],"replies":[{"embeddable":true,"href":"https:\/\/dev.antudigital.cl\/sites\/vc\/wp-json\/wp\/v2\/comments?post=8316"}],"version-history":[{"count":0,"href":"https:\/\/dev.antudigital.cl\/sites\/vc\/wp-json\/wp\/v2\/posts\/8316\/revisions"}],"wp:featuredmedia":[{"embeddable":true,"href":"https:\/\/dev.antudigital.cl\/sites\/vc\/wp-json\/wp\/v2\/media\/8318"}],"wp:attachment":[{"href":"https:\/\/dev.antudigital.cl\/sites\/vc\/wp-json\/wp\/v2\/media?parent=8316"}],"wp:term":[{"taxonomy":"category","embeddable":true,"href":"https:\/\/dev.antudigital.cl\/sites\/vc\/wp-json\/wp\/v2\/categories?post=8316"},{"taxonomy":"post_tag","embeddable":true,"href":"https:\/\/dev.antudigital.cl\/sites\/vc\/wp-json\/wp\/v2\/tags?post=8316"}],"curies":[{"name":"wp","href":"https:\/\/api.w.org\/{rel}","templated":true}]}}