{"id":8323,"date":"2021-01-29T17:12:37","date_gmt":"2021-01-29T17:12:37","guid":{"rendered":"https:\/\/www.valparaisocreativo.cl\/?p=5838"},"modified":"2021-01-29T17:12:37","modified_gmt":"2021-01-29T17:12:37","slug":"sala-negra-en-linea-se-abre-convocatoria-para-temporada-2021","status":"publish","type":"post","link":"https:\/\/dev.antudigital.cl\/sites\/vc\/sala-negra-en-linea-se-abre-convocatoria-para-temporada-2021\/","title":{"rendered":"Sala Negra en l\u00ednea: se abre convocatoria para temporada 2021"},"content":{"rendered":"<p><span class=\"d2edcug0 hpfvmrgz qv66sw1b c1et5uql oi732d6d ik7dh3pa fgxwclzu a8c37x1j keod5gw0 nxhoafnm aigsh9s9 d3f4x2em fe6kdd0r mau55g9w c8b282yb iv3no6db jq4qci2q a3bd9o3v knj5qynh oo9gr5id\" dir=\"auto\"><strong>Sala Negra Juan Barattini Carvelli<\/strong> abre su convocatoria a la Temporada Sala Negra en L\u00ednea 2021. Si quieres ser parte de su nueva Temporada de programaci\u00f3n, puedes enviar tu proyecto hasta el 22 de febrero\u00a0<\/span><\/p>\n<p>\u00bfQu\u00e9 es <a href=\"https:\/\/teatro.uv.cl\/sala-negra\">Sala Negra<\/a>?<\/p>\n<blockquote><p>La <strong>Sala Negra<\/strong> pertenece a la Escuela de Teatro de la Universidad de Valpara\u00edso, y se perfila como una sala de espect\u00e1culos en donde se exponen los procesos creativos de agrupaciones de variadas artes esc\u00e9nicas, propiciando espacios de reflexi\u00f3n, discusi\u00f3n, an\u00e1lisis y cr\u00edtica que aporten al desarrollo art\u00edstico de la ciudad.<\/p>\n<p>La <strong>Sala Negra<\/strong> fomenta el desarrollo del arte y la cultura con el fin enriquecer y mejorar la calidad de vida de todos y todas, pensando en la importancia que representan las artes esc\u00e9nicas en el desarrollo de una comunidad.<\/p><\/blockquote>\n<h3>Las bases y formulario puedes pedirlo directamente en extension.teatro@uv.cl<\/h3>\n","protected":false},"excerpt":{"rendered":"<p>Sala Negra Juan Barattini Carvelli abre su convocatoria a la Temporada Sala Negra en L\u00ednea 2021. Si quieres ser parte de su nueva Temporada de programaci\u00f3n, puedes enviar tu proyecto hasta el 22 de febrero\u00a0 \u00bfQu\u00e9 es Sala Negra? La Sala Negra pertenece a la Escuela de Teatro de la Universidad de Valpara\u00edso, y se [&hellip;]<\/p>\n","protected":false},"author":3,"featured_media":8324,"comment_status":"closed","ping_status":"closed","sticky":false,"template":"","format":"standard","meta":{"_acf_changed":false,"footnotes":""},"categories":[8],"tags":[],"class_list":["post-8323","post","type-post","status-publish","format-standard","has-post-thumbnail","hentry","category-noticia"],"acf":[],"yoast_head":"<!-- This site is optimized with the Yoast SEO plugin v27.1.1 - https:\/\/yoast.com\/product\/yoast-seo-wordpress\/ -->\n<title>Sala Negra en l\u00ednea: se abre convocatoria para temporada 2021 - Valpara\u00ed\u00adso Creativo<\/title>\n<meta name=\"robots\" content=\"index, follow, max-snippet:-1, max-image-preview:large, max-video-preview:-1\" \/>\n<link rel=\"canonical\" href=\"https:\/\/dev.antudigital.cl\/sites\/vc\/sala-negra-en-linea-se-abre-convocatoria-para-temporada-2021\/\" \/>\n<meta property=\"og:locale\" content=\"es_ES\" \/>\n<meta property=\"og:type\" content=\"article\" \/>\n<meta property=\"og:title\" content=\"Sala Negra en l\u00ednea: se abre convocatoria para temporada 2021 - Valpara\u00ed\u00adso Creativo\" \/>\n<meta property=\"og:description\" content=\"Sala Negra Juan Barattini Carvelli abre su convocatoria a la Temporada Sala Negra en L\u00ednea 2021. Si quieres ser parte de su nueva Temporada de programaci\u00f3n, puedes enviar tu proyecto hasta el 22 de febrero\u00a0 \u00bfQu\u00e9 es Sala Negra? La Sala Negra pertenece a la Escuela de Teatro de la Universidad de Valpara\u00edso, y se [&hellip;]\" \/>\n<meta property=\"og:url\" content=\"https:\/\/dev.antudigital.cl\/sites\/vc\/sala-negra-en-linea-se-abre-convocatoria-para-temporada-2021\/\" \/>\n<meta property=\"og:site_name\" content=\"Valpara\u00ed\u00adso Creativo\" \/>\n<meta property=\"article:published_time\" content=\"2021-01-29T17:12:37+00:00\" \/>\n<meta property=\"og:image\" content=\"https:\/\/dev.antudigital.cl\/sites\/vc\/wp-content\/uploads\/2021\/01\/Captura-de-Pantalla-2021-01-29-a-las-17.10.08.png\" \/>\n\t<meta property=\"og:image:width\" content=\"665\" \/>\n\t<meta property=\"og:image:height\" content=\"333\" \/>\n\t<meta property=\"og:image:type\" content=\"image\/png\" \/>\n<meta name=\"author\" content=\"Valparaiso Creativo\" \/>\n<meta name=\"twitter:card\" content=\"summary_large_image\" \/>\n<meta name=\"twitter:label1\" content=\"Escrito por\" \/>\n\t<meta name=\"twitter:data1\" content=\"Valparaiso Creativo\" \/>\n\t<meta name=\"twitter:label2\" content=\"Tiempo de lectura\" \/>\n\t<meta name=\"twitter:data2\" content=\"1 minuto\" \/>\n<script type=\"application\/ld+json\" class=\"yoast-schema-graph\">{\"@context\":\"https:\/\/schema.org\",\"@graph\":[{\"@type\":\"Article\",\"@id\":\"https:\/\/dev.antudigital.cl\/sites\/vc\/sala-negra-en-linea-se-abre-convocatoria-para-temporada-2021\/#article\",\"isPartOf\":{\"@id\":\"https:\/\/dev.antudigital.cl\/sites\/vc\/sala-negra-en-linea-se-abre-convocatoria-para-temporada-2021\/\"},\"author\":{\"name\":\"Valparaiso Creativo\",\"@id\":\"https:\/\/dev.antudigital.cl\/sites\/vc\/#\/schema\/person\/81d1dcd51abd542b5dfc00f5f951a0f1\"},\"headline\":\"Sala Negra en l\u00ednea: se abre convocatoria para temporada 2021\",\"datePublished\":\"2021-01-29T17:12:37+00:00\",\"mainEntityOfPage\":{\"@id\":\"https:\/\/dev.antudigital.cl\/sites\/vc\/sala-negra-en-linea-se-abre-convocatoria-para-temporada-2021\/\"},\"wordCount\":161,\"image\":{\"@id\":\"https:\/\/dev.antudigital.cl\/sites\/vc\/sala-negra-en-linea-se-abre-convocatoria-para-temporada-2021\/#primaryimage\"},\"thumbnailUrl\":\"https:\/\/dev.antudigital.cl\/sites\/vc\/wp-content\/uploads\/2021\/01\/Captura-de-Pantalla-2021-01-29-a-las-17.10.08.png\",\"articleSection\":[\"Noticia\"],\"inLanguage\":\"es\"},{\"@type\":\"WebPage\",\"@id\":\"https:\/\/dev.antudigital.cl\/sites\/vc\/sala-negra-en-linea-se-abre-convocatoria-para-temporada-2021\/\",\"url\":\"https:\/\/dev.antudigital.cl\/sites\/vc\/sala-negra-en-linea-se-abre-convocatoria-para-temporada-2021\/\",\"name\":\"Sala Negra en l\u00ednea: se abre convocatoria para temporada 2021 - Valpara\u00ed\u00adso Creativo\",\"isPartOf\":{\"@id\":\"https:\/\/dev.antudigital.cl\/sites\/vc\/#website\"},\"primaryImageOfPage\":{\"@id\":\"https:\/\/dev.antudigital.cl\/sites\/vc\/sala-negra-en-linea-se-abre-convocatoria-para-temporada-2021\/#primaryimage\"},\"image\":{\"@id\":\"https:\/\/dev.antudigital.cl\/sites\/vc\/sala-negra-en-linea-se-abre-convocatoria-para-temporada-2021\/#primaryimage\"},\"thumbnailUrl\":\"https:\/\/dev.antudigital.cl\/sites\/vc\/wp-content\/uploads\/2021\/01\/Captura-de-Pantalla-2021-01-29-a-las-17.10.08.png\",\"datePublished\":\"2021-01-29T17:12:37+00:00\",\"author\":{\"@id\":\"https:\/\/dev.antudigital.cl\/sites\/vc\/#\/schema\/person\/81d1dcd51abd542b5dfc00f5f951a0f1\"},\"breadcrumb\":{\"@id\":\"https:\/\/dev.antudigital.cl\/sites\/vc\/sala-negra-en-linea-se-abre-convocatoria-para-temporada-2021\/#breadcrumb\"},\"inLanguage\":\"es\",\"potentialAction\":[{\"@type\":\"ReadAction\",\"target\":[\"https:\/\/dev.antudigital.cl\/sites\/vc\/sala-negra-en-linea-se-abre-convocatoria-para-temporada-2021\/\"]}]},{\"@type\":\"ImageObject\",\"inLanguage\":\"es\",\"@id\":\"https:\/\/dev.antudigital.cl\/sites\/vc\/sala-negra-en-linea-se-abre-convocatoria-para-temporada-2021\/#primaryimage\",\"url\":\"https:\/\/dev.antudigital.cl\/sites\/vc\/wp-content\/uploads\/2021\/01\/Captura-de-Pantalla-2021-01-29-a-las-17.10.08.png\",\"contentUrl\":\"https:\/\/dev.antudigital.cl\/sites\/vc\/wp-content\/uploads\/2021\/01\/Captura-de-Pantalla-2021-01-29-a-las-17.10.08.png\",\"width\":665,\"height\":333},{\"@type\":\"BreadcrumbList\",\"@id\":\"https:\/\/dev.antudigital.cl\/sites\/vc\/sala-negra-en-linea-se-abre-convocatoria-para-temporada-2021\/#breadcrumb\",\"itemListElement\":[{\"@type\":\"ListItem\",\"position\":1,\"name\":\"Home\",\"item\":\"https:\/\/dev.antudigital.cl\/sites\/vc\/\"},{\"@type\":\"ListItem\",\"position\":2,\"name\":\"Sala Negra en l\u00ednea: se abre convocatoria para temporada 2021\"}]},{\"@type\":\"WebSite\",\"@id\":\"https:\/\/dev.antudigital.cl\/sites\/vc\/#website\",\"url\":\"https:\/\/dev.antudigital.cl\/sites\/vc\/\",\"name\":\"Valpara\u00ed\u00adso Creativo\",\"description\":\"\",\"potentialAction\":[{\"@type\":\"SearchAction\",\"target\":{\"@type\":\"EntryPoint\",\"urlTemplate\":\"https:\/\/dev.antudigital.cl\/sites\/vc\/?s={search_term_string}\"},\"query-input\":{\"@type\":\"PropertyValueSpecification\",\"valueRequired\":true,\"valueName\":\"search_term_string\"}}],\"inLanguage\":\"es\"},{\"@type\":\"Person\",\"@id\":\"https:\/\/dev.antudigital.cl\/sites\/vc\/#\/schema\/person\/81d1dcd51abd542b5dfc00f5f951a0f1\",\"name\":\"Valparaiso Creativo\",\"url\":\"https:\/\/dev.antudigital.cl\/sites\/vc\/author\/valparaiso-creativo\/\"}]}<\/script>\n<!-- \/ Yoast SEO plugin. -->","yoast_head_json":{"title":"Sala Negra en l\u00ednea: se abre convocatoria para temporada 2021 - Valpara\u00ed\u00adso Creativo","robots":{"index":"index","follow":"follow","max-snippet":"max-snippet:-1","max-image-preview":"max-image-preview:large","max-video-preview":"max-video-preview:-1"},"canonical":"https:\/\/dev.antudigital.cl\/sites\/vc\/sala-negra-en-linea-se-abre-convocatoria-para-temporada-2021\/","og_locale":"es_ES","og_type":"article","og_title":"Sala Negra en l\u00ednea: se abre convocatoria para temporada 2021 - Valpara\u00ed\u00adso Creativo","og_description":"Sala Negra Juan Barattini Carvelli abre su convocatoria a la Temporada Sala Negra en L\u00ednea 2021. Si quieres ser parte de su nueva Temporada de programaci\u00f3n, puedes enviar tu proyecto hasta el 22 de febrero\u00a0 \u00bfQu\u00e9 es Sala Negra? La Sala Negra pertenece a la Escuela de Teatro de la Universidad de Valpara\u00edso, y se [&hellip;]","og_url":"https:\/\/dev.antudigital.cl\/sites\/vc\/sala-negra-en-linea-se-abre-convocatoria-para-temporada-2021\/","og_site_name":"Valpara\u00ed\u00adso Creativo","article_published_time":"2021-01-29T17:12:37+00:00","og_image":[{"width":665,"height":333,"url":"https:\/\/dev.antudigital.cl\/sites\/vc\/wp-content\/uploads\/2021\/01\/Captura-de-Pantalla-2021-01-29-a-las-17.10.08.png","type":"image\/png"}],"author":"Valparaiso Creativo","twitter_card":"summary_large_image","twitter_misc":{"Escrito por":"Valparaiso Creativo","Tiempo de lectura":"1 minuto"},"schema":{"@context":"https:\/\/schema.org","@graph":[{"@type":"Article","@id":"https:\/\/dev.antudigital.cl\/sites\/vc\/sala-negra-en-linea-se-abre-convocatoria-para-temporada-2021\/#article","isPartOf":{"@id":"https:\/\/dev.antudigital.cl\/sites\/vc\/sala-negra-en-linea-se-abre-convocatoria-para-temporada-2021\/"},"author":{"name":"Valparaiso Creativo","@id":"https:\/\/dev.antudigital.cl\/sites\/vc\/#\/schema\/person\/81d1dcd51abd542b5dfc00f5f951a0f1"},"headline":"Sala Negra en l\u00ednea: se abre convocatoria para temporada 2021","datePublished":"2021-01-29T17:12:37+00:00","mainEntityOfPage":{"@id":"https:\/\/dev.antudigital.cl\/sites\/vc\/sala-negra-en-linea-se-abre-convocatoria-para-temporada-2021\/"},"wordCount":161,"image":{"@id":"https:\/\/dev.antudigital.cl\/sites\/vc\/sala-negra-en-linea-se-abre-convocatoria-para-temporada-2021\/#primaryimage"},"thumbnailUrl":"https:\/\/dev.antudigital.cl\/sites\/vc\/wp-content\/uploads\/2021\/01\/Captura-de-Pantalla-2021-01-29-a-las-17.10.08.png","articleSection":["Noticia"],"inLanguage":"es"},{"@type":"WebPage","@id":"https:\/\/dev.antudigital.cl\/sites\/vc\/sala-negra-en-linea-se-abre-convocatoria-para-temporada-2021\/","url":"https:\/\/dev.antudigital.cl\/sites\/vc\/sala-negra-en-linea-se-abre-convocatoria-para-temporada-2021\/","name":"Sala Negra en l\u00ednea: se abre convocatoria para temporada 2021 - Valpara\u00ed\u00adso Creativo","isPartOf":{"@id":"https:\/\/dev.antudigital.cl\/sites\/vc\/#website"},"primaryImageOfPage":{"@id":"https:\/\/dev.antudigital.cl\/sites\/vc\/sala-negra-en-linea-se-abre-convocatoria-para-temporada-2021\/#primaryimage"},"image":{"@id":"https:\/\/dev.antudigital.cl\/sites\/vc\/sala-negra-en-linea-se-abre-convocatoria-para-temporada-2021\/#primaryimage"},"thumbnailUrl":"https:\/\/dev.antudigital.cl\/sites\/vc\/wp-content\/uploads\/2021\/01\/Captura-de-Pantalla-2021-01-29-a-las-17.10.08.png","datePublished":"2021-01-29T17:12:37+00:00","author":{"@id":"https:\/\/dev.antudigital.cl\/sites\/vc\/#\/schema\/person\/81d1dcd51abd542b5dfc00f5f951a0f1"},"breadcrumb":{"@id":"https:\/\/dev.antudigital.cl\/sites\/vc\/sala-negra-en-linea-se-abre-convocatoria-para-temporada-2021\/#breadcrumb"},"inLanguage":"es","potentialAction":[{"@type":"ReadAction","target":["https:\/\/dev.antudigital.cl\/sites\/vc\/sala-negra-en-linea-se-abre-convocatoria-para-temporada-2021\/"]}]},{"@type":"ImageObject","inLanguage":"es","@id":"https:\/\/dev.antudigital.cl\/sites\/vc\/sala-negra-en-linea-se-abre-convocatoria-para-temporada-2021\/#primaryimage","url":"https:\/\/dev.antudigital.cl\/sites\/vc\/wp-content\/uploads\/2021\/01\/Captura-de-Pantalla-2021-01-29-a-las-17.10.08.png","contentUrl":"https:\/\/dev.antudigital.cl\/sites\/vc\/wp-content\/uploads\/2021\/01\/Captura-de-Pantalla-2021-01-29-a-las-17.10.08.png","width":665,"height":333},{"@type":"BreadcrumbList","@id":"https:\/\/dev.antudigital.cl\/sites\/vc\/sala-negra-en-linea-se-abre-convocatoria-para-temporada-2021\/#breadcrumb","itemListElement":[{"@type":"ListItem","position":1,"name":"Home","item":"https:\/\/dev.antudigital.cl\/sites\/vc\/"},{"@type":"ListItem","position":2,"name":"Sala Negra en l\u00ednea: se abre convocatoria para temporada 2021"}]},{"@type":"WebSite","@id":"https:\/\/dev.antudigital.cl\/sites\/vc\/#website","url":"https:\/\/dev.antudigital.cl\/sites\/vc\/","name":"Valpara\u00ed\u00adso Creativo","description":"","potentialAction":[{"@type":"SearchAction","target":{"@type":"EntryPoint","urlTemplate":"https:\/\/dev.antudigital.cl\/sites\/vc\/?s={search_term_string}"},"query-input":{"@type":"PropertyValueSpecification","valueRequired":true,"valueName":"search_term_string"}}],"inLanguage":"es"},{"@type":"Person","@id":"https:\/\/dev.antudigital.cl\/sites\/vc\/#\/schema\/person\/81d1dcd51abd542b5dfc00f5f951a0f1","name":"Valparaiso Creativo","url":"https:\/\/dev.antudigital.cl\/sites\/vc\/author\/valparaiso-creativo\/"}]}},"_links":{"self":[{"href":"https:\/\/dev.antudigital.cl\/sites\/vc\/wp-json\/wp\/v2\/posts\/8323","targetHints":{"allow":["GET"]}}],"collection":[{"href":"https:\/\/dev.antudigital.cl\/sites\/vc\/wp-json\/wp\/v2\/posts"}],"about":[{"href":"https:\/\/dev.antudigital.cl\/sites\/vc\/wp-json\/wp\/v2\/types\/post"}],"author":[{"embeddable":true,"href":"https:\/\/dev.antudigital.cl\/sites\/vc\/wp-json\/wp\/v2\/users\/3"}],"replies":[{"embeddable":true,"href":"https:\/\/dev.antudigital.cl\/sites\/vc\/wp-json\/wp\/v2\/comments?post=8323"}],"version-history":[{"count":0,"href":"https:\/\/dev.antudigital.cl\/sites\/vc\/wp-json\/wp\/v2\/posts\/8323\/revisions"}],"wp:featuredmedia":[{"embeddable":true,"href":"https:\/\/dev.antudigital.cl\/sites\/vc\/wp-json\/wp\/v2\/media\/8324"}],"wp:attachment":[{"href":"https:\/\/dev.antudigital.cl\/sites\/vc\/wp-json\/wp\/v2\/media?parent=8323"}],"wp:term":[{"taxonomy":"category","embeddable":true,"href":"https:\/\/dev.antudigital.cl\/sites\/vc\/wp-json\/wp\/v2\/categories?post=8323"},{"taxonomy":"post_tag","embeddable":true,"href":"https:\/\/dev.antudigital.cl\/sites\/vc\/wp-json\/wp\/v2\/tags?post=8323"}],"curies":[{"name":"wp","href":"https:\/\/api.w.org\/{rel}","templated":true}]}}