{"id":8331,"date":"2021-01-29T16:43:28","date_gmt":"2021-01-29T16:43:28","guid":{"rendered":"https:\/\/www.valparaisocreativo.cl\/?p=5825"},"modified":"2021-12-23T23:43:56","modified_gmt":"2021-12-23T23:43:56","slug":"se-abre-convocatoria-a-fondos-concursables-fondo-mar-abierto","status":"publish","type":"post","link":"https:\/\/dev.antudigital.cl\/sites\/vc\/se-abre-convocatoria-a-fondos-concursables-fondo-mar-abierto\/","title":{"rendered":"Se abre convocatoria a fondos concursables Fondo Mar Abierto"},"content":{"rendered":"<h2><\/h2>\n<h3 class=\"bajada\">Fundaci\u00f3n Mar Adentro crea fondo para financiar proyectos innovadores y transdisciplinarios que promueven la conservaci\u00f3n de ecosistemas y su biodiversidad.<\/h3>\n<div class=\"text-wrapper cf\">\n<p><img fetchpriority=\"high\" decoding=\"async\" class=\"size-medium wp-image-12291 alignleft\" src=\"http:\/\/fundacionmaradentro.cl\/wp-content\/uploads\/2021\/01\/foto-fondo-225x300.jpg\" sizes=\"(max-width: 225px) 100vw, 225px\" srcset=\"https:\/\/fundacionmaradentro.cl\/wp-content\/uploads\/2021\/01\/foto-fondo-225x300.jpg 225w, https:\/\/fundacionmaradentro.cl\/wp-content\/uploads\/2021\/01\/foto-fondo-768x1024.jpg 768w, https:\/\/fundacionmaradentro.cl\/wp-content\/uploads\/2021\/01\/foto-fondo.jpg 900w\" alt=\"\" width=\"225\" height=\"300\" \/>La recepci\u00f3n de las postulaciones ser\u00e1 desde el 11 de enero del 2021, hasta el 29 de marzo de este a\u00f1o. Los proyectos seleccionados se deber\u00e1n desarrollar en Chile y recibir\u00e1n un monto m\u00e1ximo de hasta $5.000.000. Adem\u00e1s, el equipo de la fundaci\u00f3n realizar\u00e1 un seguimiento de las etapas de cada iniciativa que se desarrolle.<\/p>\n<p>Se espera entre otras cosas, que los proyectos sean creativos e innovadores, incentiven el trabajo transdisciplinario (artes\/humanidades\/ciencias) y tengan un fuerte compromiso comunitario. Adem\u00e1s, se buscan iniciativas que puedan proyectarse a largo plazo y, preferentemente, que se desarrollen en distintas zonas de Chile, fuera de la Regi\u00f3n Metropolitana.<\/p>\n<p>Fundaciones, ONGs, instituciones, agrupaciones y tambi\u00e9n personas naturales (aunque se incentiva que postulen en representaci\u00f3n de un equipo o junto a una instituci\u00f3n), podr\u00e1n postular a este fondo, el que una vez adjudicado implica compromisos entre la fundaci\u00f3n y quien ejecuta el proyecto.<\/p>\n<p>Cabe destacar, que quienes ganen el fondo, tendr\u00e1n la posibilidad de repostular al a\u00f1o siguiente con diferentes etapas de desarrollo, hasta por 3 a\u00f1os consecutivos.<\/p>\n<h3>Revisa las bases y postula directamente <a href=\"https:\/\/fundacionmaradentro.cl\/noticias\/se-abre-convocatoria-a-fondos-concursables-fma\/\">aqu\u00ed<\/a>.<\/h3>\n<\/div>\n","protected":false},"excerpt":{"rendered":"<p>Fundaci\u00f3n Mar Adentro crea fondo para financiar proyectos innovadores y transdisciplinarios que promueven la conservaci\u00f3n de ecosistemas y su biodiversidad. La recepci\u00f3n de las postulaciones ser\u00e1 desde el 11 de enero del 2021, hasta el 29 de marzo de este a\u00f1o. Los proyectos seleccionados se deber\u00e1n desarrollar en Chile y recibir\u00e1n un monto m\u00e1ximo de [&hellip;]<\/p>\n","protected":false},"author":3,"featured_media":0,"comment_status":"closed","ping_status":"closed","sticky":false,"template":"","format":"standard","meta":{"_acf_changed":false,"footnotes":""},"categories":[8],"tags":[],"class_list":["post-8331","post","type-post","status-publish","format-standard","hentry","category-noticia"],"acf":[],"yoast_head":"<!-- This site is optimized with the Yoast SEO plugin v27.1.1 - https:\/\/yoast.com\/product\/yoast-seo-wordpress\/ -->\n<title>Se abre convocatoria a fondos concursables Fondo Mar Abierto - Valpara\u00ed\u00adso Creativo<\/title>\n<meta name=\"robots\" content=\"index, follow, max-snippet:-1, max-image-preview:large, max-video-preview:-1\" \/>\n<link rel=\"canonical\" href=\"https:\/\/dev.antudigital.cl\/sites\/vc\/se-abre-convocatoria-a-fondos-concursables-fondo-mar-abierto\/\" \/>\n<meta property=\"og:locale\" content=\"es_ES\" \/>\n<meta property=\"og:type\" content=\"article\" \/>\n<meta property=\"og:title\" content=\"Se abre convocatoria a fondos concursables Fondo Mar Abierto - Valpara\u00ed\u00adso Creativo\" \/>\n<meta property=\"og:description\" content=\"Fundaci\u00f3n Mar Adentro crea fondo para financiar proyectos innovadores y transdisciplinarios que promueven la conservaci\u00f3n de ecosistemas y su biodiversidad. La recepci\u00f3n de las postulaciones ser\u00e1 desde el 11 de enero del 2021, hasta el 29 de marzo de este a\u00f1o. Los proyectos seleccionados se deber\u00e1n desarrollar en Chile y recibir\u00e1n un monto m\u00e1ximo de [&hellip;]\" \/>\n<meta property=\"og:url\" content=\"https:\/\/dev.antudigital.cl\/sites\/vc\/se-abre-convocatoria-a-fondos-concursables-fondo-mar-abierto\/\" \/>\n<meta property=\"og:site_name\" content=\"Valpara\u00ed\u00adso Creativo\" \/>\n<meta property=\"article:published_time\" content=\"2021-01-29T16:43:28+00:00\" \/>\n<meta property=\"article:modified_time\" content=\"2021-12-23T23:43:56+00:00\" \/>\n<meta property=\"og:image\" content=\"http:\/\/fundacionmaradentro.cl\/wp-content\/uploads\/2021\/01\/foto-fondo-225x300.jpg\" \/>\n<meta name=\"author\" content=\"Valparaiso Creativo\" \/>\n<meta name=\"twitter:card\" content=\"summary_large_image\" \/>\n<meta name=\"twitter:label1\" content=\"Escrito por\" \/>\n\t<meta name=\"twitter:data1\" content=\"Valparaiso Creativo\" \/>\n\t<meta name=\"twitter:label2\" content=\"Tiempo de lectura\" \/>\n\t<meta name=\"twitter:data2\" content=\"1 minuto\" \/>\n<script type=\"application\/ld+json\" class=\"yoast-schema-graph\">{\"@context\":\"https:\/\/schema.org\",\"@graph\":[{\"@type\":\"Article\",\"@id\":\"https:\/\/dev.antudigital.cl\/sites\/vc\/se-abre-convocatoria-a-fondos-concursables-fondo-mar-abierto\/#article\",\"isPartOf\":{\"@id\":\"https:\/\/dev.antudigital.cl\/sites\/vc\/se-abre-convocatoria-a-fondos-concursables-fondo-mar-abierto\/\"},\"author\":{\"name\":\"Valparaiso Creativo\",\"@id\":\"https:\/\/dev.antudigital.cl\/sites\/vc\/#\/schema\/person\/81d1dcd51abd542b5dfc00f5f951a0f1\"},\"headline\":\"Se abre convocatoria a fondos concursables Fondo Mar Abierto\",\"datePublished\":\"2021-01-29T16:43:28+00:00\",\"dateModified\":\"2021-12-23T23:43:56+00:00\",\"mainEntityOfPage\":{\"@id\":\"https:\/\/dev.antudigital.cl\/sites\/vc\/se-abre-convocatoria-a-fondos-concursables-fondo-mar-abierto\/\"},\"wordCount\":223,\"image\":{\"@id\":\"https:\/\/dev.antudigital.cl\/sites\/vc\/se-abre-convocatoria-a-fondos-concursables-fondo-mar-abierto\/#primaryimage\"},\"thumbnailUrl\":\"http:\/\/fundacionmaradentro.cl\/wp-content\/uploads\/2021\/01\/foto-fondo-225x300.jpg\",\"articleSection\":[\"Noticia\"],\"inLanguage\":\"es\"},{\"@type\":\"WebPage\",\"@id\":\"https:\/\/dev.antudigital.cl\/sites\/vc\/se-abre-convocatoria-a-fondos-concursables-fondo-mar-abierto\/\",\"url\":\"https:\/\/dev.antudigital.cl\/sites\/vc\/se-abre-convocatoria-a-fondos-concursables-fondo-mar-abierto\/\",\"name\":\"Se abre convocatoria a fondos concursables Fondo Mar Abierto - Valpara\u00ed\u00adso Creativo\",\"isPartOf\":{\"@id\":\"https:\/\/dev.antudigital.cl\/sites\/vc\/#website\"},\"primaryImageOfPage\":{\"@id\":\"https:\/\/dev.antudigital.cl\/sites\/vc\/se-abre-convocatoria-a-fondos-concursables-fondo-mar-abierto\/#primaryimage\"},\"image\":{\"@id\":\"https:\/\/dev.antudigital.cl\/sites\/vc\/se-abre-convocatoria-a-fondos-concursables-fondo-mar-abierto\/#primaryimage\"},\"thumbnailUrl\":\"http:\/\/fundacionmaradentro.cl\/wp-content\/uploads\/2021\/01\/foto-fondo-225x300.jpg\",\"datePublished\":\"2021-01-29T16:43:28+00:00\",\"dateModified\":\"2021-12-23T23:43:56+00:00\",\"author\":{\"@id\":\"https:\/\/dev.antudigital.cl\/sites\/vc\/#\/schema\/person\/81d1dcd51abd542b5dfc00f5f951a0f1\"},\"breadcrumb\":{\"@id\":\"https:\/\/dev.antudigital.cl\/sites\/vc\/se-abre-convocatoria-a-fondos-concursables-fondo-mar-abierto\/#breadcrumb\"},\"inLanguage\":\"es\",\"potentialAction\":[{\"@type\":\"ReadAction\",\"target\":[\"https:\/\/dev.antudigital.cl\/sites\/vc\/se-abre-convocatoria-a-fondos-concursables-fondo-mar-abierto\/\"]}]},{\"@type\":\"ImageObject\",\"inLanguage\":\"es\",\"@id\":\"https:\/\/dev.antudigital.cl\/sites\/vc\/se-abre-convocatoria-a-fondos-concursables-fondo-mar-abierto\/#primaryimage\",\"url\":\"http:\/\/fundacionmaradentro.cl\/wp-content\/uploads\/2021\/01\/foto-fondo-225x300.jpg\",\"contentUrl\":\"http:\/\/fundacionmaradentro.cl\/wp-content\/uploads\/2021\/01\/foto-fondo-225x300.jpg\"},{\"@type\":\"BreadcrumbList\",\"@id\":\"https:\/\/dev.antudigital.cl\/sites\/vc\/se-abre-convocatoria-a-fondos-concursables-fondo-mar-abierto\/#breadcrumb\",\"itemListElement\":[{\"@type\":\"ListItem\",\"position\":1,\"name\":\"Home\",\"item\":\"https:\/\/dev.antudigital.cl\/sites\/vc\/\"},{\"@type\":\"ListItem\",\"position\":2,\"name\":\"Se abre convocatoria a fondos concursables Fondo Mar Abierto\"}]},{\"@type\":\"WebSite\",\"@id\":\"https:\/\/dev.antudigital.cl\/sites\/vc\/#website\",\"url\":\"https:\/\/dev.antudigital.cl\/sites\/vc\/\",\"name\":\"Valpara\u00ed\u00adso Creativo\",\"description\":\"\",\"potentialAction\":[{\"@type\":\"SearchAction\",\"target\":{\"@type\":\"EntryPoint\",\"urlTemplate\":\"https:\/\/dev.antudigital.cl\/sites\/vc\/?s={search_term_string}\"},\"query-input\":{\"@type\":\"PropertyValueSpecification\",\"valueRequired\":true,\"valueName\":\"search_term_string\"}}],\"inLanguage\":\"es\"},{\"@type\":\"Person\",\"@id\":\"https:\/\/dev.antudigital.cl\/sites\/vc\/#\/schema\/person\/81d1dcd51abd542b5dfc00f5f951a0f1\",\"name\":\"Valparaiso Creativo\",\"url\":\"https:\/\/dev.antudigital.cl\/sites\/vc\/author\/valparaiso-creativo\/\"}]}<\/script>\n<!-- \/ Yoast SEO plugin. -->","yoast_head_json":{"title":"Se abre convocatoria a fondos concursables Fondo Mar Abierto - Valpara\u00ed\u00adso Creativo","robots":{"index":"index","follow":"follow","max-snippet":"max-snippet:-1","max-image-preview":"max-image-preview:large","max-video-preview":"max-video-preview:-1"},"canonical":"https:\/\/dev.antudigital.cl\/sites\/vc\/se-abre-convocatoria-a-fondos-concursables-fondo-mar-abierto\/","og_locale":"es_ES","og_type":"article","og_title":"Se abre convocatoria a fondos concursables Fondo Mar Abierto - Valpara\u00ed\u00adso Creativo","og_description":"Fundaci\u00f3n Mar Adentro crea fondo para financiar proyectos innovadores y transdisciplinarios que promueven la conservaci\u00f3n de ecosistemas y su biodiversidad. La recepci\u00f3n de las postulaciones ser\u00e1 desde el 11 de enero del 2021, hasta el 29 de marzo de este a\u00f1o. Los proyectos seleccionados se deber\u00e1n desarrollar en Chile y recibir\u00e1n un monto m\u00e1ximo de [&hellip;]","og_url":"https:\/\/dev.antudigital.cl\/sites\/vc\/se-abre-convocatoria-a-fondos-concursables-fondo-mar-abierto\/","og_site_name":"Valpara\u00ed\u00adso Creativo","article_published_time":"2021-01-29T16:43:28+00:00","article_modified_time":"2021-12-23T23:43:56+00:00","og_image":[{"url":"http:\/\/fundacionmaradentro.cl\/wp-content\/uploads\/2021\/01\/foto-fondo-225x300.jpg","type":"","width":"","height":""}],"author":"Valparaiso Creativo","twitter_card":"summary_large_image","twitter_misc":{"Escrito por":"Valparaiso Creativo","Tiempo de lectura":"1 minuto"},"schema":{"@context":"https:\/\/schema.org","@graph":[{"@type":"Article","@id":"https:\/\/dev.antudigital.cl\/sites\/vc\/se-abre-convocatoria-a-fondos-concursables-fondo-mar-abierto\/#article","isPartOf":{"@id":"https:\/\/dev.antudigital.cl\/sites\/vc\/se-abre-convocatoria-a-fondos-concursables-fondo-mar-abierto\/"},"author":{"name":"Valparaiso Creativo","@id":"https:\/\/dev.antudigital.cl\/sites\/vc\/#\/schema\/person\/81d1dcd51abd542b5dfc00f5f951a0f1"},"headline":"Se abre convocatoria a fondos concursables Fondo Mar Abierto","datePublished":"2021-01-29T16:43:28+00:00","dateModified":"2021-12-23T23:43:56+00:00","mainEntityOfPage":{"@id":"https:\/\/dev.antudigital.cl\/sites\/vc\/se-abre-convocatoria-a-fondos-concursables-fondo-mar-abierto\/"},"wordCount":223,"image":{"@id":"https:\/\/dev.antudigital.cl\/sites\/vc\/se-abre-convocatoria-a-fondos-concursables-fondo-mar-abierto\/#primaryimage"},"thumbnailUrl":"http:\/\/fundacionmaradentro.cl\/wp-content\/uploads\/2021\/01\/foto-fondo-225x300.jpg","articleSection":["Noticia"],"inLanguage":"es"},{"@type":"WebPage","@id":"https:\/\/dev.antudigital.cl\/sites\/vc\/se-abre-convocatoria-a-fondos-concursables-fondo-mar-abierto\/","url":"https:\/\/dev.antudigital.cl\/sites\/vc\/se-abre-convocatoria-a-fondos-concursables-fondo-mar-abierto\/","name":"Se abre convocatoria a fondos concursables Fondo Mar Abierto - Valpara\u00ed\u00adso Creativo","isPartOf":{"@id":"https:\/\/dev.antudigital.cl\/sites\/vc\/#website"},"primaryImageOfPage":{"@id":"https:\/\/dev.antudigital.cl\/sites\/vc\/se-abre-convocatoria-a-fondos-concursables-fondo-mar-abierto\/#primaryimage"},"image":{"@id":"https:\/\/dev.antudigital.cl\/sites\/vc\/se-abre-convocatoria-a-fondos-concursables-fondo-mar-abierto\/#primaryimage"},"thumbnailUrl":"http:\/\/fundacionmaradentro.cl\/wp-content\/uploads\/2021\/01\/foto-fondo-225x300.jpg","datePublished":"2021-01-29T16:43:28+00:00","dateModified":"2021-12-23T23:43:56+00:00","author":{"@id":"https:\/\/dev.antudigital.cl\/sites\/vc\/#\/schema\/person\/81d1dcd51abd542b5dfc00f5f951a0f1"},"breadcrumb":{"@id":"https:\/\/dev.antudigital.cl\/sites\/vc\/se-abre-convocatoria-a-fondos-concursables-fondo-mar-abierto\/#breadcrumb"},"inLanguage":"es","potentialAction":[{"@type":"ReadAction","target":["https:\/\/dev.antudigital.cl\/sites\/vc\/se-abre-convocatoria-a-fondos-concursables-fondo-mar-abierto\/"]}]},{"@type":"ImageObject","inLanguage":"es","@id":"https:\/\/dev.antudigital.cl\/sites\/vc\/se-abre-convocatoria-a-fondos-concursables-fondo-mar-abierto\/#primaryimage","url":"http:\/\/fundacionmaradentro.cl\/wp-content\/uploads\/2021\/01\/foto-fondo-225x300.jpg","contentUrl":"http:\/\/fundacionmaradentro.cl\/wp-content\/uploads\/2021\/01\/foto-fondo-225x300.jpg"},{"@type":"BreadcrumbList","@id":"https:\/\/dev.antudigital.cl\/sites\/vc\/se-abre-convocatoria-a-fondos-concursables-fondo-mar-abierto\/#breadcrumb","itemListElement":[{"@type":"ListItem","position":1,"name":"Home","item":"https:\/\/dev.antudigital.cl\/sites\/vc\/"},{"@type":"ListItem","position":2,"name":"Se abre convocatoria a fondos concursables Fondo Mar Abierto"}]},{"@type":"WebSite","@id":"https:\/\/dev.antudigital.cl\/sites\/vc\/#website","url":"https:\/\/dev.antudigital.cl\/sites\/vc\/","name":"Valpara\u00ed\u00adso Creativo","description":"","potentialAction":[{"@type":"SearchAction","target":{"@type":"EntryPoint","urlTemplate":"https:\/\/dev.antudigital.cl\/sites\/vc\/?s={search_term_string}"},"query-input":{"@type":"PropertyValueSpecification","valueRequired":true,"valueName":"search_term_string"}}],"inLanguage":"es"},{"@type":"Person","@id":"https:\/\/dev.antudigital.cl\/sites\/vc\/#\/schema\/person\/81d1dcd51abd542b5dfc00f5f951a0f1","name":"Valparaiso Creativo","url":"https:\/\/dev.antudigital.cl\/sites\/vc\/author\/valparaiso-creativo\/"}]}},"_links":{"self":[{"href":"https:\/\/dev.antudigital.cl\/sites\/vc\/wp-json\/wp\/v2\/posts\/8331","targetHints":{"allow":["GET"]}}],"collection":[{"href":"https:\/\/dev.antudigital.cl\/sites\/vc\/wp-json\/wp\/v2\/posts"}],"about":[{"href":"https:\/\/dev.antudigital.cl\/sites\/vc\/wp-json\/wp\/v2\/types\/post"}],"author":[{"embeddable":true,"href":"https:\/\/dev.antudigital.cl\/sites\/vc\/wp-json\/wp\/v2\/users\/3"}],"replies":[{"embeddable":true,"href":"https:\/\/dev.antudigital.cl\/sites\/vc\/wp-json\/wp\/v2\/comments?post=8331"}],"version-history":[{"count":1,"href":"https:\/\/dev.antudigital.cl\/sites\/vc\/wp-json\/wp\/v2\/posts\/8331\/revisions"}],"predecessor-version":[{"id":8340,"href":"https:\/\/dev.antudigital.cl\/sites\/vc\/wp-json\/wp\/v2\/posts\/8331\/revisions\/8340"}],"wp:attachment":[{"href":"https:\/\/dev.antudigital.cl\/sites\/vc\/wp-json\/wp\/v2\/media?parent=8331"}],"wp:term":[{"taxonomy":"category","embeddable":true,"href":"https:\/\/dev.antudigital.cl\/sites\/vc\/wp-json\/wp\/v2\/categories?post=8331"},{"taxonomy":"post_tag","embeddable":true,"href":"https:\/\/dev.antudigital.cl\/sites\/vc\/wp-json\/wp\/v2\/tags?post=8331"}],"curies":[{"name":"wp","href":"https:\/\/api.w.org\/{rel}","templated":true}]}}