{"id":8342,"date":"2021-01-22T19:17:12","date_gmt":"2021-01-22T19:17:12","guid":{"rendered":"https:\/\/www.valparaisocreativo.cl\/?p=5811"},"modified":"2021-01-22T19:17:12","modified_gmt":"2021-01-22T19:17:12","slug":"fliv-valparaiso-vuelve-a-formato-presencial-en-parque-cultural-de-valparaiso","status":"publish","type":"post","link":"https:\/\/dev.antudigital.cl\/sites\/vc\/fliv-valparaiso-vuelve-a-formato-presencial-en-parque-cultural-de-valparaiso\/","title":{"rendered":"FLIV Valpara\u00edso vuelve a formato presencial en Parque Cultural de Valpara\u00edso"},"content":{"rendered":"<p>Llega la 32\u00aa versi\u00f3n de la Feria del Libro Independiente en Valpara\u00edso, una tradici\u00f3n de la literatura en Valpara\u00edso a estas alturas. Lo in\u00e9dito de esta nueva versi\u00f3n es que ser\u00e1 la que representa un regreso a lo presencial, teniendo como escenario la explanada del PCdV (Ex C\u00e1rcel).<\/p>\n<blockquote>\n<div dir=\"auto\"><span class=\"pq6dq46d tbxw36s4 knj5qynh kvgmc6g5 ditlmg2l oygrvhab nvdbi5me sf5mxxl7 gl3lb2sf hhz5lgdu\"><img decoding=\"async\" src=\"https:\/\/static.xx.fbcdn.net\/images\/emoji.php\/v9\/t49\/1\/16\/1f4da.png\" alt=\"????\" width=\"16\" height=\"16\" \/><\/span><strong> Los d\u00edas 26 al 29 de enero desde las 10.00 a las 16.30 horas realizaremos la versi\u00f3n 32 de Feria del libro<\/strong> independiente de Valpara\u00edso en el Parque Cultural de Valpara\u00edso en conjunto con Ministerio de las Culturas, las Artes y el Patrimonio, y el Plan regional de lectura.<\/div>\n<div dir=\"auto\"><span class=\"pq6dq46d tbxw36s4 knj5qynh kvgmc6g5 ditlmg2l oygrvhab nvdbi5me sf5mxxl7 gl3lb2sf hhz5lgdu\"><img decoding=\"async\" src=\"https:\/\/static.xx.fbcdn.net\/images\/emoji.php\/v9\/t6b\/1\/16\/1f333.png\" alt=\"????\" width=\"16\" height=\"16\" \/><\/span> En un entorno protegido por \u00e1reas verdes y medidas de seguridad seg\u00fan los protocolos sanitarios actuales.<\/div>\n<div dir=\"auto\"><span class=\"pq6dq46d tbxw36s4 knj5qynh kvgmc6g5 ditlmg2l oygrvhab nvdbi5me sf5mxxl7 gl3lb2sf hhz5lgdu\"><img decoding=\"async\" src=\"https:\/\/static.xx.fbcdn.net\/images\/emoji.php\/v9\/t1f\/1\/16\/1f41d.png\" alt=\"????\" width=\"16\" height=\"16\" \/><\/span> Impulsaremos actividades de fomento lector todo el a\u00f1o para apoyar la lectura y como eje de acompa\u00f1amiento en esta \u00e9poca de confinamiento.<\/div>\n<div dir=\"auto\"><span class=\"pq6dq46d tbxw36s4 knj5qynh kvgmc6g5 ditlmg2l oygrvhab nvdbi5me sf5mxxl7 gl3lb2sf hhz5lgdu\"><img loading=\"lazy\" decoding=\"async\" src=\"https:\/\/static.xx.fbcdn.net\/images\/emoji.php\/v9\/te0\/1\/16\/1f31f.png\" alt=\"????\" width=\"16\" height=\"16\" \/><\/span> La salud mental es vital para cambiar nuestro \u00e1nimo y cuidarnos<\/div>\n<div dir=\"auto\"><\/div>\n<\/blockquote>\n<p><img loading=\"lazy\" decoding=\"async\" class=\"alignleft size-medium wp-image-5812\" src=\"https:\/\/www.valparaisocreativo.cl\/wp-content\/uploads\/2021\/01\/flib-300x169.png\" alt=\"\" width=\"300\" height=\"169\" \/><\/p>\n","protected":false},"excerpt":{"rendered":"<p>Llega la 32\u00aa versi\u00f3n de la Feria del Libro Independiente en Valpara\u00edso, una tradici\u00f3n de la literatura en Valpara\u00edso a estas alturas. Lo in\u00e9dito de esta nueva versi\u00f3n es que ser\u00e1 la que representa un regreso a lo presencial, teniendo como escenario la explanada del PCdV (Ex C\u00e1rcel). Los d\u00edas 26 al 29 de enero [&hellip;]<\/p>\n","protected":false},"author":3,"featured_media":8343,"comment_status":"closed","ping_status":"closed","sticky":false,"template":"","format":"standard","meta":{"_acf_changed":false,"footnotes":""},"categories":[8],"tags":[],"class_list":["post-8342","post","type-post","status-publish","format-standard","has-post-thumbnail","hentry","category-noticia"],"acf":[],"yoast_head":"<!-- This site is optimized with the Yoast SEO plugin v27.1.1 - https:\/\/yoast.com\/product\/yoast-seo-wordpress\/ -->\n<title>FLIV Valpara\u00edso vuelve a formato presencial en Parque Cultural de Valpara\u00edso - Valpara\u00ed\u00adso Creativo<\/title>\n<meta name=\"robots\" content=\"index, follow, max-snippet:-1, max-image-preview:large, max-video-preview:-1\" \/>\n<link rel=\"canonical\" href=\"https:\/\/dev.antudigital.cl\/sites\/vc\/fliv-valparaiso-vuelve-a-formato-presencial-en-parque-cultural-de-valparaiso\/\" \/>\n<meta property=\"og:locale\" content=\"es_ES\" \/>\n<meta property=\"og:type\" content=\"article\" \/>\n<meta property=\"og:title\" content=\"FLIV Valpara\u00edso vuelve a formato presencial en Parque Cultural de Valpara\u00edso - Valpara\u00ed\u00adso Creativo\" \/>\n<meta property=\"og:description\" content=\"Llega la 32\u00aa versi\u00f3n de la Feria del Libro Independiente en Valpara\u00edso, una tradici\u00f3n de la literatura en Valpara\u00edso a estas alturas. Lo in\u00e9dito de esta nueva versi\u00f3n es que ser\u00e1 la que representa un regreso a lo presencial, teniendo como escenario la explanada del PCdV (Ex C\u00e1rcel). Los d\u00edas 26 al 29 de enero [&hellip;]\" \/>\n<meta property=\"og:url\" content=\"https:\/\/dev.antudigital.cl\/sites\/vc\/fliv-valparaiso-vuelve-a-formato-presencial-en-parque-cultural-de-valparaiso\/\" \/>\n<meta property=\"og:site_name\" content=\"Valpara\u00ed\u00adso Creativo\" \/>\n<meta property=\"article:published_time\" content=\"2021-01-22T19:17:12+00:00\" \/>\n<meta property=\"og:image\" content=\"https:\/\/dev.antudigital.cl\/sites\/vc\/wp-content\/uploads\/2021\/01\/flib.png\" \/>\n\t<meta property=\"og:image:width\" content=\"1640\" \/>\n\t<meta property=\"og:image:height\" content=\"924\" \/>\n\t<meta property=\"og:image:type\" content=\"image\/png\" \/>\n<meta name=\"author\" content=\"Valparaiso Creativo\" \/>\n<meta name=\"twitter:card\" content=\"summary_large_image\" \/>\n<meta name=\"twitter:label1\" content=\"Escrito por\" \/>\n\t<meta name=\"twitter:data1\" content=\"Valparaiso Creativo\" \/>\n\t<meta name=\"twitter:label2\" content=\"Tiempo de lectura\" \/>\n\t<meta name=\"twitter:data2\" content=\"1 minuto\" \/>\n<script type=\"application\/ld+json\" class=\"yoast-schema-graph\">{\"@context\":\"https:\/\/schema.org\",\"@graph\":[{\"@type\":\"Article\",\"@id\":\"https:\/\/dev.antudigital.cl\/sites\/vc\/fliv-valparaiso-vuelve-a-formato-presencial-en-parque-cultural-de-valparaiso\/#article\",\"isPartOf\":{\"@id\":\"https:\/\/dev.antudigital.cl\/sites\/vc\/fliv-valparaiso-vuelve-a-formato-presencial-en-parque-cultural-de-valparaiso\/\"},\"author\":{\"name\":\"Valparaiso Creativo\",\"@id\":\"https:\/\/dev.antudigital.cl\/sites\/vc\/#\/schema\/person\/81d1dcd51abd542b5dfc00f5f951a0f1\"},\"headline\":\"FLIV Valpara\u00edso vuelve a formato presencial en Parque Cultural de Valpara\u00edso\",\"datePublished\":\"2021-01-22T19:17:12+00:00\",\"mainEntityOfPage\":{\"@id\":\"https:\/\/dev.antudigital.cl\/sites\/vc\/fliv-valparaiso-vuelve-a-formato-presencial-en-parque-cultural-de-valparaiso\/\"},\"wordCount\":167,\"image\":{\"@id\":\"https:\/\/dev.antudigital.cl\/sites\/vc\/fliv-valparaiso-vuelve-a-formato-presencial-en-parque-cultural-de-valparaiso\/#primaryimage\"},\"thumbnailUrl\":\"https:\/\/dev.antudigital.cl\/sites\/vc\/wp-content\/uploads\/2021\/01\/flib.png\",\"articleSection\":[\"Noticia\"],\"inLanguage\":\"es\"},{\"@type\":\"WebPage\",\"@id\":\"https:\/\/dev.antudigital.cl\/sites\/vc\/fliv-valparaiso-vuelve-a-formato-presencial-en-parque-cultural-de-valparaiso\/\",\"url\":\"https:\/\/dev.antudigital.cl\/sites\/vc\/fliv-valparaiso-vuelve-a-formato-presencial-en-parque-cultural-de-valparaiso\/\",\"name\":\"FLIV Valpara\u00edso vuelve a formato presencial en Parque Cultural de Valpara\u00edso - Valpara\u00ed\u00adso Creativo\",\"isPartOf\":{\"@id\":\"https:\/\/dev.antudigital.cl\/sites\/vc\/#website\"},\"primaryImageOfPage\":{\"@id\":\"https:\/\/dev.antudigital.cl\/sites\/vc\/fliv-valparaiso-vuelve-a-formato-presencial-en-parque-cultural-de-valparaiso\/#primaryimage\"},\"image\":{\"@id\":\"https:\/\/dev.antudigital.cl\/sites\/vc\/fliv-valparaiso-vuelve-a-formato-presencial-en-parque-cultural-de-valparaiso\/#primaryimage\"},\"thumbnailUrl\":\"https:\/\/dev.antudigital.cl\/sites\/vc\/wp-content\/uploads\/2021\/01\/flib.png\",\"datePublished\":\"2021-01-22T19:17:12+00:00\",\"author\":{\"@id\":\"https:\/\/dev.antudigital.cl\/sites\/vc\/#\/schema\/person\/81d1dcd51abd542b5dfc00f5f951a0f1\"},\"breadcrumb\":{\"@id\":\"https:\/\/dev.antudigital.cl\/sites\/vc\/fliv-valparaiso-vuelve-a-formato-presencial-en-parque-cultural-de-valparaiso\/#breadcrumb\"},\"inLanguage\":\"es\",\"potentialAction\":[{\"@type\":\"ReadAction\",\"target\":[\"https:\/\/dev.antudigital.cl\/sites\/vc\/fliv-valparaiso-vuelve-a-formato-presencial-en-parque-cultural-de-valparaiso\/\"]}]},{\"@type\":\"ImageObject\",\"inLanguage\":\"es\",\"@id\":\"https:\/\/dev.antudigital.cl\/sites\/vc\/fliv-valparaiso-vuelve-a-formato-presencial-en-parque-cultural-de-valparaiso\/#primaryimage\",\"url\":\"https:\/\/dev.antudigital.cl\/sites\/vc\/wp-content\/uploads\/2021\/01\/flib.png\",\"contentUrl\":\"https:\/\/dev.antudigital.cl\/sites\/vc\/wp-content\/uploads\/2021\/01\/flib.png\",\"width\":1640,\"height\":924},{\"@type\":\"BreadcrumbList\",\"@id\":\"https:\/\/dev.antudigital.cl\/sites\/vc\/fliv-valparaiso-vuelve-a-formato-presencial-en-parque-cultural-de-valparaiso\/#breadcrumb\",\"itemListElement\":[{\"@type\":\"ListItem\",\"position\":1,\"name\":\"Home\",\"item\":\"https:\/\/dev.antudigital.cl\/sites\/vc\/\"},{\"@type\":\"ListItem\",\"position\":2,\"name\":\"FLIV Valpara\u00edso vuelve a formato presencial en Parque Cultural de Valpara\u00edso\"}]},{\"@type\":\"WebSite\",\"@id\":\"https:\/\/dev.antudigital.cl\/sites\/vc\/#website\",\"url\":\"https:\/\/dev.antudigital.cl\/sites\/vc\/\",\"name\":\"Valpara\u00ed\u00adso Creativo\",\"description\":\"\",\"potentialAction\":[{\"@type\":\"SearchAction\",\"target\":{\"@type\":\"EntryPoint\",\"urlTemplate\":\"https:\/\/dev.antudigital.cl\/sites\/vc\/?s={search_term_string}\"},\"query-input\":{\"@type\":\"PropertyValueSpecification\",\"valueRequired\":true,\"valueName\":\"search_term_string\"}}],\"inLanguage\":\"es\"},{\"@type\":\"Person\",\"@id\":\"https:\/\/dev.antudigital.cl\/sites\/vc\/#\/schema\/person\/81d1dcd51abd542b5dfc00f5f951a0f1\",\"name\":\"Valparaiso Creativo\",\"url\":\"https:\/\/dev.antudigital.cl\/sites\/vc\/author\/valparaiso-creativo\/\"}]}<\/script>\n<!-- \/ Yoast SEO plugin. -->","yoast_head_json":{"title":"FLIV Valpara\u00edso vuelve a formato presencial en Parque Cultural de Valpara\u00edso - Valpara\u00ed\u00adso Creativo","robots":{"index":"index","follow":"follow","max-snippet":"max-snippet:-1","max-image-preview":"max-image-preview:large","max-video-preview":"max-video-preview:-1"},"canonical":"https:\/\/dev.antudigital.cl\/sites\/vc\/fliv-valparaiso-vuelve-a-formato-presencial-en-parque-cultural-de-valparaiso\/","og_locale":"es_ES","og_type":"article","og_title":"FLIV Valpara\u00edso vuelve a formato presencial en Parque Cultural de Valpara\u00edso - Valpara\u00ed\u00adso Creativo","og_description":"Llega la 32\u00aa versi\u00f3n de la Feria del Libro Independiente en Valpara\u00edso, una tradici\u00f3n de la literatura en Valpara\u00edso a estas alturas. Lo in\u00e9dito de esta nueva versi\u00f3n es que ser\u00e1 la que representa un regreso a lo presencial, teniendo como escenario la explanada del PCdV (Ex C\u00e1rcel). Los d\u00edas 26 al 29 de enero [&hellip;]","og_url":"https:\/\/dev.antudigital.cl\/sites\/vc\/fliv-valparaiso-vuelve-a-formato-presencial-en-parque-cultural-de-valparaiso\/","og_site_name":"Valpara\u00ed\u00adso Creativo","article_published_time":"2021-01-22T19:17:12+00:00","og_image":[{"width":1640,"height":924,"url":"https:\/\/dev.antudigital.cl\/sites\/vc\/wp-content\/uploads\/2021\/01\/flib.png","type":"image\/png"}],"author":"Valparaiso Creativo","twitter_card":"summary_large_image","twitter_misc":{"Escrito por":"Valparaiso Creativo","Tiempo de lectura":"1 minuto"},"schema":{"@context":"https:\/\/schema.org","@graph":[{"@type":"Article","@id":"https:\/\/dev.antudigital.cl\/sites\/vc\/fliv-valparaiso-vuelve-a-formato-presencial-en-parque-cultural-de-valparaiso\/#article","isPartOf":{"@id":"https:\/\/dev.antudigital.cl\/sites\/vc\/fliv-valparaiso-vuelve-a-formato-presencial-en-parque-cultural-de-valparaiso\/"},"author":{"name":"Valparaiso Creativo","@id":"https:\/\/dev.antudigital.cl\/sites\/vc\/#\/schema\/person\/81d1dcd51abd542b5dfc00f5f951a0f1"},"headline":"FLIV Valpara\u00edso vuelve a formato presencial en Parque Cultural de Valpara\u00edso","datePublished":"2021-01-22T19:17:12+00:00","mainEntityOfPage":{"@id":"https:\/\/dev.antudigital.cl\/sites\/vc\/fliv-valparaiso-vuelve-a-formato-presencial-en-parque-cultural-de-valparaiso\/"},"wordCount":167,"image":{"@id":"https:\/\/dev.antudigital.cl\/sites\/vc\/fliv-valparaiso-vuelve-a-formato-presencial-en-parque-cultural-de-valparaiso\/#primaryimage"},"thumbnailUrl":"https:\/\/dev.antudigital.cl\/sites\/vc\/wp-content\/uploads\/2021\/01\/flib.png","articleSection":["Noticia"],"inLanguage":"es"},{"@type":"WebPage","@id":"https:\/\/dev.antudigital.cl\/sites\/vc\/fliv-valparaiso-vuelve-a-formato-presencial-en-parque-cultural-de-valparaiso\/","url":"https:\/\/dev.antudigital.cl\/sites\/vc\/fliv-valparaiso-vuelve-a-formato-presencial-en-parque-cultural-de-valparaiso\/","name":"FLIV Valpara\u00edso vuelve a formato presencial en Parque Cultural de Valpara\u00edso - Valpara\u00ed\u00adso Creativo","isPartOf":{"@id":"https:\/\/dev.antudigital.cl\/sites\/vc\/#website"},"primaryImageOfPage":{"@id":"https:\/\/dev.antudigital.cl\/sites\/vc\/fliv-valparaiso-vuelve-a-formato-presencial-en-parque-cultural-de-valparaiso\/#primaryimage"},"image":{"@id":"https:\/\/dev.antudigital.cl\/sites\/vc\/fliv-valparaiso-vuelve-a-formato-presencial-en-parque-cultural-de-valparaiso\/#primaryimage"},"thumbnailUrl":"https:\/\/dev.antudigital.cl\/sites\/vc\/wp-content\/uploads\/2021\/01\/flib.png","datePublished":"2021-01-22T19:17:12+00:00","author":{"@id":"https:\/\/dev.antudigital.cl\/sites\/vc\/#\/schema\/person\/81d1dcd51abd542b5dfc00f5f951a0f1"},"breadcrumb":{"@id":"https:\/\/dev.antudigital.cl\/sites\/vc\/fliv-valparaiso-vuelve-a-formato-presencial-en-parque-cultural-de-valparaiso\/#breadcrumb"},"inLanguage":"es","potentialAction":[{"@type":"ReadAction","target":["https:\/\/dev.antudigital.cl\/sites\/vc\/fliv-valparaiso-vuelve-a-formato-presencial-en-parque-cultural-de-valparaiso\/"]}]},{"@type":"ImageObject","inLanguage":"es","@id":"https:\/\/dev.antudigital.cl\/sites\/vc\/fliv-valparaiso-vuelve-a-formato-presencial-en-parque-cultural-de-valparaiso\/#primaryimage","url":"https:\/\/dev.antudigital.cl\/sites\/vc\/wp-content\/uploads\/2021\/01\/flib.png","contentUrl":"https:\/\/dev.antudigital.cl\/sites\/vc\/wp-content\/uploads\/2021\/01\/flib.png","width":1640,"height":924},{"@type":"BreadcrumbList","@id":"https:\/\/dev.antudigital.cl\/sites\/vc\/fliv-valparaiso-vuelve-a-formato-presencial-en-parque-cultural-de-valparaiso\/#breadcrumb","itemListElement":[{"@type":"ListItem","position":1,"name":"Home","item":"https:\/\/dev.antudigital.cl\/sites\/vc\/"},{"@type":"ListItem","position":2,"name":"FLIV Valpara\u00edso vuelve a formato presencial en Parque Cultural de Valpara\u00edso"}]},{"@type":"WebSite","@id":"https:\/\/dev.antudigital.cl\/sites\/vc\/#website","url":"https:\/\/dev.antudigital.cl\/sites\/vc\/","name":"Valpara\u00ed\u00adso Creativo","description":"","potentialAction":[{"@type":"SearchAction","target":{"@type":"EntryPoint","urlTemplate":"https:\/\/dev.antudigital.cl\/sites\/vc\/?s={search_term_string}"},"query-input":{"@type":"PropertyValueSpecification","valueRequired":true,"valueName":"search_term_string"}}],"inLanguage":"es"},{"@type":"Person","@id":"https:\/\/dev.antudigital.cl\/sites\/vc\/#\/schema\/person\/81d1dcd51abd542b5dfc00f5f951a0f1","name":"Valparaiso Creativo","url":"https:\/\/dev.antudigital.cl\/sites\/vc\/author\/valparaiso-creativo\/"}]}},"_links":{"self":[{"href":"https:\/\/dev.antudigital.cl\/sites\/vc\/wp-json\/wp\/v2\/posts\/8342","targetHints":{"allow":["GET"]}}],"collection":[{"href":"https:\/\/dev.antudigital.cl\/sites\/vc\/wp-json\/wp\/v2\/posts"}],"about":[{"href":"https:\/\/dev.antudigital.cl\/sites\/vc\/wp-json\/wp\/v2\/types\/post"}],"author":[{"embeddable":true,"href":"https:\/\/dev.antudigital.cl\/sites\/vc\/wp-json\/wp\/v2\/users\/3"}],"replies":[{"embeddable":true,"href":"https:\/\/dev.antudigital.cl\/sites\/vc\/wp-json\/wp\/v2\/comments?post=8342"}],"version-history":[{"count":0,"href":"https:\/\/dev.antudigital.cl\/sites\/vc\/wp-json\/wp\/v2\/posts\/8342\/revisions"}],"wp:featuredmedia":[{"embeddable":true,"href":"https:\/\/dev.antudigital.cl\/sites\/vc\/wp-json\/wp\/v2\/media\/8343"}],"wp:attachment":[{"href":"https:\/\/dev.antudigital.cl\/sites\/vc\/wp-json\/wp\/v2\/media?parent=8342"}],"wp:term":[{"taxonomy":"category","embeddable":true,"href":"https:\/\/dev.antudigital.cl\/sites\/vc\/wp-json\/wp\/v2\/categories?post=8342"},{"taxonomy":"post_tag","embeddable":true,"href":"https:\/\/dev.antudigital.cl\/sites\/vc\/wp-json\/wp\/v2\/tags?post=8342"}],"curies":[{"name":"wp","href":"https:\/\/api.w.org\/{rel}","templated":true}]}}