{"id":8344,"date":"2021-01-22T18:59:25","date_gmt":"2021-01-22T18:59:25","guid":{"rendered":"https:\/\/www.valparaisocreativo.cl\/?p=5807"},"modified":"2021-01-22T18:59:25","modified_gmt":"2021-01-22T18:59:25","slug":"te-gusta-escribir-no-te-pierdas-el-llamado-de-fabrica-textil-editorial","status":"publish","type":"post","link":"https:\/\/dev.antudigital.cl\/sites\/vc\/te-gusta-escribir-no-te-pierdas-el-llamado-de-fabrica-textil-editorial\/","title":{"rendered":"\u00bfTe gusta escribir? No te pierdas el llamado de F\u00e1brica Textil Editorial"},"content":{"rendered":"<p><a href=\"https:\/\/www.instagram.com\/fabricatextileditorial\/\">F\u00e1brica Textil Editorial<\/a> es un proyecto reciente que nace desde Valpara\u00edso. Parte de su existencia nace por el rescate de los oficios y el respeto a tradiciones como la escritura, la imprenta, entre otros. Hace poco comenzaron su funcionamiento, y hoy tienen abierta una convocatoria para quienes quieran escribir en su primer fanzine.<\/p>\n<blockquote><p><span class=\"\">???? CONVOCATORIA!<br \/>\nPara publicar en \u00abManufactura n\u00b01\u00bb, nuestro primer fanzine! ????<br \/>\nLa premisa de esta convocatoria es \u00abCuerpos\u00bb, para escritos e ilustraciones que den cuenta de la exclusi\u00f3n, resistencia, violencia, opresi\u00f3n, sororidad, como manifiesto de nuestra presencia, como rebeld\u00eda a la norma patriarcal, como experiencia en el mundo, como declaraci\u00f3n contrahegem\u00f3nica, como invitaci\u00f3n a embarcarse en la parres\u00eda: porque solo quienes est\u00e1n bajo el poder de otros pueden transitar en ella.<\/p>\n<p><strong>El plazo m\u00e1ximo es el 31 de enero de 2021.<\/strong><\/span><\/p><\/blockquote>\n<h3>Descarga las bases <a href=\"https:\/\/drive.google.com\/file\/d\/17-G_s__TSif9YCaYSosVnkZSUij2dsoN\/view\">aqu\u00ed.<\/a><\/h3>\n","protected":false},"excerpt":{"rendered":"<p>F\u00e1brica Textil Editorial es un proyecto reciente que nace desde Valpara\u00edso. Parte de su existencia nace por el rescate de los oficios y el respeto a tradiciones como la escritura, la imprenta, entre otros. Hace poco comenzaron su funcionamiento, y hoy tienen abierta una convocatoria para quienes quieran escribir en su primer fanzine. ???? CONVOCATORIA! [&hellip;]<\/p>\n","protected":false},"author":3,"featured_media":8345,"comment_status":"closed","ping_status":"closed","sticky":false,"template":"","format":"standard","meta":{"_acf_changed":false,"footnotes":""},"categories":[8],"tags":[],"class_list":["post-8344","post","type-post","status-publish","format-standard","has-post-thumbnail","hentry","category-noticia"],"acf":[],"yoast_head":"<!-- This site is optimized with the Yoast SEO plugin v27.1.1 - https:\/\/yoast.com\/product\/yoast-seo-wordpress\/ -->\n<title>\u00bfTe gusta escribir? No te pierdas el llamado de F\u00e1brica Textil Editorial - Valpara\u00ed\u00adso Creativo<\/title>\n<meta name=\"robots\" content=\"index, follow, max-snippet:-1, max-image-preview:large, max-video-preview:-1\" \/>\n<link rel=\"canonical\" href=\"https:\/\/dev.antudigital.cl\/sites\/vc\/te-gusta-escribir-no-te-pierdas-el-llamado-de-fabrica-textil-editorial\/\" \/>\n<meta property=\"og:locale\" content=\"es_ES\" \/>\n<meta property=\"og:type\" content=\"article\" \/>\n<meta property=\"og:title\" content=\"\u00bfTe gusta escribir? No te pierdas el llamado de F\u00e1brica Textil Editorial - Valpara\u00ed\u00adso Creativo\" \/>\n<meta property=\"og:description\" content=\"F\u00e1brica Textil Editorial es un proyecto reciente que nace desde Valpara\u00edso. Parte de su existencia nace por el rescate de los oficios y el respeto a tradiciones como la escritura, la imprenta, entre otros. Hace poco comenzaron su funcionamiento, y hoy tienen abierta una convocatoria para quienes quieran escribir en su primer fanzine. ???? CONVOCATORIA! [&hellip;]\" \/>\n<meta property=\"og:url\" content=\"https:\/\/dev.antudigital.cl\/sites\/vc\/te-gusta-escribir-no-te-pierdas-el-llamado-de-fabrica-textil-editorial\/\" \/>\n<meta property=\"og:site_name\" content=\"Valpara\u00ed\u00adso Creativo\" \/>\n<meta property=\"article:published_time\" content=\"2021-01-22T18:59:25+00:00\" \/>\n<meta property=\"og:image\" content=\"https:\/\/dev.antudigital.cl\/sites\/vc\/wp-content\/uploads\/2021\/01\/Captura-de-Pantalla-2021-01-22-a-las-18.58.07.png\" \/>\n\t<meta property=\"og:image:width\" content=\"590\" \/>\n\t<meta property=\"og:image:height\" content=\"379\" \/>\n\t<meta property=\"og:image:type\" content=\"image\/png\" \/>\n<meta name=\"author\" content=\"Valparaiso Creativo\" \/>\n<meta name=\"twitter:card\" content=\"summary_large_image\" \/>\n<meta name=\"twitter:label1\" content=\"Escrito por\" \/>\n\t<meta name=\"twitter:data1\" content=\"Valparaiso Creativo\" \/>\n\t<meta name=\"twitter:label2\" content=\"Tiempo de lectura\" \/>\n\t<meta name=\"twitter:data2\" content=\"1 minuto\" \/>\n<script type=\"application\/ld+json\" class=\"yoast-schema-graph\">{\"@context\":\"https:\/\/schema.org\",\"@graph\":[{\"@type\":\"Article\",\"@id\":\"https:\/\/dev.antudigital.cl\/sites\/vc\/te-gusta-escribir-no-te-pierdas-el-llamado-de-fabrica-textil-editorial\/#article\",\"isPartOf\":{\"@id\":\"https:\/\/dev.antudigital.cl\/sites\/vc\/te-gusta-escribir-no-te-pierdas-el-llamado-de-fabrica-textil-editorial\/\"},\"author\":{\"name\":\"Valparaiso Creativo\",\"@id\":\"https:\/\/dev.antudigital.cl\/sites\/vc\/#\/schema\/person\/81d1dcd51abd542b5dfc00f5f951a0f1\"},\"headline\":\"\u00bfTe gusta escribir? No te pierdas el llamado de F\u00e1brica Textil Editorial\",\"datePublished\":\"2021-01-22T18:59:25+00:00\",\"mainEntityOfPage\":{\"@id\":\"https:\/\/dev.antudigital.cl\/sites\/vc\/te-gusta-escribir-no-te-pierdas-el-llamado-de-fabrica-textil-editorial\/\"},\"wordCount\":158,\"image\":{\"@id\":\"https:\/\/dev.antudigital.cl\/sites\/vc\/te-gusta-escribir-no-te-pierdas-el-llamado-de-fabrica-textil-editorial\/#primaryimage\"},\"thumbnailUrl\":\"https:\/\/dev.antudigital.cl\/sites\/vc\/wp-content\/uploads\/2021\/01\/Captura-de-Pantalla-2021-01-22-a-las-18.58.07.png\",\"articleSection\":[\"Noticia\"],\"inLanguage\":\"es\"},{\"@type\":\"WebPage\",\"@id\":\"https:\/\/dev.antudigital.cl\/sites\/vc\/te-gusta-escribir-no-te-pierdas-el-llamado-de-fabrica-textil-editorial\/\",\"url\":\"https:\/\/dev.antudigital.cl\/sites\/vc\/te-gusta-escribir-no-te-pierdas-el-llamado-de-fabrica-textil-editorial\/\",\"name\":\"\u00bfTe gusta escribir? No te pierdas el llamado de F\u00e1brica Textil Editorial - Valpara\u00ed\u00adso Creativo\",\"isPartOf\":{\"@id\":\"https:\/\/dev.antudigital.cl\/sites\/vc\/#website\"},\"primaryImageOfPage\":{\"@id\":\"https:\/\/dev.antudigital.cl\/sites\/vc\/te-gusta-escribir-no-te-pierdas-el-llamado-de-fabrica-textil-editorial\/#primaryimage\"},\"image\":{\"@id\":\"https:\/\/dev.antudigital.cl\/sites\/vc\/te-gusta-escribir-no-te-pierdas-el-llamado-de-fabrica-textil-editorial\/#primaryimage\"},\"thumbnailUrl\":\"https:\/\/dev.antudigital.cl\/sites\/vc\/wp-content\/uploads\/2021\/01\/Captura-de-Pantalla-2021-01-22-a-las-18.58.07.png\",\"datePublished\":\"2021-01-22T18:59:25+00:00\",\"author\":{\"@id\":\"https:\/\/dev.antudigital.cl\/sites\/vc\/#\/schema\/person\/81d1dcd51abd542b5dfc00f5f951a0f1\"},\"breadcrumb\":{\"@id\":\"https:\/\/dev.antudigital.cl\/sites\/vc\/te-gusta-escribir-no-te-pierdas-el-llamado-de-fabrica-textil-editorial\/#breadcrumb\"},\"inLanguage\":\"es\",\"potentialAction\":[{\"@type\":\"ReadAction\",\"target\":[\"https:\/\/dev.antudigital.cl\/sites\/vc\/te-gusta-escribir-no-te-pierdas-el-llamado-de-fabrica-textil-editorial\/\"]}]},{\"@type\":\"ImageObject\",\"inLanguage\":\"es\",\"@id\":\"https:\/\/dev.antudigital.cl\/sites\/vc\/te-gusta-escribir-no-te-pierdas-el-llamado-de-fabrica-textil-editorial\/#primaryimage\",\"url\":\"https:\/\/dev.antudigital.cl\/sites\/vc\/wp-content\/uploads\/2021\/01\/Captura-de-Pantalla-2021-01-22-a-las-18.58.07.png\",\"contentUrl\":\"https:\/\/dev.antudigital.cl\/sites\/vc\/wp-content\/uploads\/2021\/01\/Captura-de-Pantalla-2021-01-22-a-las-18.58.07.png\",\"width\":590,\"height\":379},{\"@type\":\"BreadcrumbList\",\"@id\":\"https:\/\/dev.antudigital.cl\/sites\/vc\/te-gusta-escribir-no-te-pierdas-el-llamado-de-fabrica-textil-editorial\/#breadcrumb\",\"itemListElement\":[{\"@type\":\"ListItem\",\"position\":1,\"name\":\"Home\",\"item\":\"https:\/\/dev.antudigital.cl\/sites\/vc\/\"},{\"@type\":\"ListItem\",\"position\":2,\"name\":\"\u00bfTe gusta escribir? No te pierdas el llamado de F\u00e1brica Textil Editorial\"}]},{\"@type\":\"WebSite\",\"@id\":\"https:\/\/dev.antudigital.cl\/sites\/vc\/#website\",\"url\":\"https:\/\/dev.antudigital.cl\/sites\/vc\/\",\"name\":\"Valpara\u00ed\u00adso Creativo\",\"description\":\"\",\"potentialAction\":[{\"@type\":\"SearchAction\",\"target\":{\"@type\":\"EntryPoint\",\"urlTemplate\":\"https:\/\/dev.antudigital.cl\/sites\/vc\/?s={search_term_string}\"},\"query-input\":{\"@type\":\"PropertyValueSpecification\",\"valueRequired\":true,\"valueName\":\"search_term_string\"}}],\"inLanguage\":\"es\"},{\"@type\":\"Person\",\"@id\":\"https:\/\/dev.antudigital.cl\/sites\/vc\/#\/schema\/person\/81d1dcd51abd542b5dfc00f5f951a0f1\",\"name\":\"Valparaiso Creativo\",\"url\":\"https:\/\/dev.antudigital.cl\/sites\/vc\/author\/valparaiso-creativo\/\"}]}<\/script>\n<!-- \/ Yoast SEO plugin. -->","yoast_head_json":{"title":"\u00bfTe gusta escribir? No te pierdas el llamado de F\u00e1brica Textil Editorial - Valpara\u00ed\u00adso Creativo","robots":{"index":"index","follow":"follow","max-snippet":"max-snippet:-1","max-image-preview":"max-image-preview:large","max-video-preview":"max-video-preview:-1"},"canonical":"https:\/\/dev.antudigital.cl\/sites\/vc\/te-gusta-escribir-no-te-pierdas-el-llamado-de-fabrica-textil-editorial\/","og_locale":"es_ES","og_type":"article","og_title":"\u00bfTe gusta escribir? No te pierdas el llamado de F\u00e1brica Textil Editorial - Valpara\u00ed\u00adso Creativo","og_description":"F\u00e1brica Textil Editorial es un proyecto reciente que nace desde Valpara\u00edso. Parte de su existencia nace por el rescate de los oficios y el respeto a tradiciones como la escritura, la imprenta, entre otros. Hace poco comenzaron su funcionamiento, y hoy tienen abierta una convocatoria para quienes quieran escribir en su primer fanzine. ???? CONVOCATORIA! [&hellip;]","og_url":"https:\/\/dev.antudigital.cl\/sites\/vc\/te-gusta-escribir-no-te-pierdas-el-llamado-de-fabrica-textil-editorial\/","og_site_name":"Valpara\u00ed\u00adso Creativo","article_published_time":"2021-01-22T18:59:25+00:00","og_image":[{"width":590,"height":379,"url":"https:\/\/dev.antudigital.cl\/sites\/vc\/wp-content\/uploads\/2021\/01\/Captura-de-Pantalla-2021-01-22-a-las-18.58.07.png","type":"image\/png"}],"author":"Valparaiso Creativo","twitter_card":"summary_large_image","twitter_misc":{"Escrito por":"Valparaiso Creativo","Tiempo de lectura":"1 minuto"},"schema":{"@context":"https:\/\/schema.org","@graph":[{"@type":"Article","@id":"https:\/\/dev.antudigital.cl\/sites\/vc\/te-gusta-escribir-no-te-pierdas-el-llamado-de-fabrica-textil-editorial\/#article","isPartOf":{"@id":"https:\/\/dev.antudigital.cl\/sites\/vc\/te-gusta-escribir-no-te-pierdas-el-llamado-de-fabrica-textil-editorial\/"},"author":{"name":"Valparaiso Creativo","@id":"https:\/\/dev.antudigital.cl\/sites\/vc\/#\/schema\/person\/81d1dcd51abd542b5dfc00f5f951a0f1"},"headline":"\u00bfTe gusta escribir? No te pierdas el llamado de F\u00e1brica Textil Editorial","datePublished":"2021-01-22T18:59:25+00:00","mainEntityOfPage":{"@id":"https:\/\/dev.antudigital.cl\/sites\/vc\/te-gusta-escribir-no-te-pierdas-el-llamado-de-fabrica-textil-editorial\/"},"wordCount":158,"image":{"@id":"https:\/\/dev.antudigital.cl\/sites\/vc\/te-gusta-escribir-no-te-pierdas-el-llamado-de-fabrica-textil-editorial\/#primaryimage"},"thumbnailUrl":"https:\/\/dev.antudigital.cl\/sites\/vc\/wp-content\/uploads\/2021\/01\/Captura-de-Pantalla-2021-01-22-a-las-18.58.07.png","articleSection":["Noticia"],"inLanguage":"es"},{"@type":"WebPage","@id":"https:\/\/dev.antudigital.cl\/sites\/vc\/te-gusta-escribir-no-te-pierdas-el-llamado-de-fabrica-textil-editorial\/","url":"https:\/\/dev.antudigital.cl\/sites\/vc\/te-gusta-escribir-no-te-pierdas-el-llamado-de-fabrica-textil-editorial\/","name":"\u00bfTe gusta escribir? No te pierdas el llamado de F\u00e1brica Textil Editorial - Valpara\u00ed\u00adso Creativo","isPartOf":{"@id":"https:\/\/dev.antudigital.cl\/sites\/vc\/#website"},"primaryImageOfPage":{"@id":"https:\/\/dev.antudigital.cl\/sites\/vc\/te-gusta-escribir-no-te-pierdas-el-llamado-de-fabrica-textil-editorial\/#primaryimage"},"image":{"@id":"https:\/\/dev.antudigital.cl\/sites\/vc\/te-gusta-escribir-no-te-pierdas-el-llamado-de-fabrica-textil-editorial\/#primaryimage"},"thumbnailUrl":"https:\/\/dev.antudigital.cl\/sites\/vc\/wp-content\/uploads\/2021\/01\/Captura-de-Pantalla-2021-01-22-a-las-18.58.07.png","datePublished":"2021-01-22T18:59:25+00:00","author":{"@id":"https:\/\/dev.antudigital.cl\/sites\/vc\/#\/schema\/person\/81d1dcd51abd542b5dfc00f5f951a0f1"},"breadcrumb":{"@id":"https:\/\/dev.antudigital.cl\/sites\/vc\/te-gusta-escribir-no-te-pierdas-el-llamado-de-fabrica-textil-editorial\/#breadcrumb"},"inLanguage":"es","potentialAction":[{"@type":"ReadAction","target":["https:\/\/dev.antudigital.cl\/sites\/vc\/te-gusta-escribir-no-te-pierdas-el-llamado-de-fabrica-textil-editorial\/"]}]},{"@type":"ImageObject","inLanguage":"es","@id":"https:\/\/dev.antudigital.cl\/sites\/vc\/te-gusta-escribir-no-te-pierdas-el-llamado-de-fabrica-textil-editorial\/#primaryimage","url":"https:\/\/dev.antudigital.cl\/sites\/vc\/wp-content\/uploads\/2021\/01\/Captura-de-Pantalla-2021-01-22-a-las-18.58.07.png","contentUrl":"https:\/\/dev.antudigital.cl\/sites\/vc\/wp-content\/uploads\/2021\/01\/Captura-de-Pantalla-2021-01-22-a-las-18.58.07.png","width":590,"height":379},{"@type":"BreadcrumbList","@id":"https:\/\/dev.antudigital.cl\/sites\/vc\/te-gusta-escribir-no-te-pierdas-el-llamado-de-fabrica-textil-editorial\/#breadcrumb","itemListElement":[{"@type":"ListItem","position":1,"name":"Home","item":"https:\/\/dev.antudigital.cl\/sites\/vc\/"},{"@type":"ListItem","position":2,"name":"\u00bfTe gusta escribir? No te pierdas el llamado de F\u00e1brica Textil Editorial"}]},{"@type":"WebSite","@id":"https:\/\/dev.antudigital.cl\/sites\/vc\/#website","url":"https:\/\/dev.antudigital.cl\/sites\/vc\/","name":"Valpara\u00ed\u00adso Creativo","description":"","potentialAction":[{"@type":"SearchAction","target":{"@type":"EntryPoint","urlTemplate":"https:\/\/dev.antudigital.cl\/sites\/vc\/?s={search_term_string}"},"query-input":{"@type":"PropertyValueSpecification","valueRequired":true,"valueName":"search_term_string"}}],"inLanguage":"es"},{"@type":"Person","@id":"https:\/\/dev.antudigital.cl\/sites\/vc\/#\/schema\/person\/81d1dcd51abd542b5dfc00f5f951a0f1","name":"Valparaiso Creativo","url":"https:\/\/dev.antudigital.cl\/sites\/vc\/author\/valparaiso-creativo\/"}]}},"_links":{"self":[{"href":"https:\/\/dev.antudigital.cl\/sites\/vc\/wp-json\/wp\/v2\/posts\/8344","targetHints":{"allow":["GET"]}}],"collection":[{"href":"https:\/\/dev.antudigital.cl\/sites\/vc\/wp-json\/wp\/v2\/posts"}],"about":[{"href":"https:\/\/dev.antudigital.cl\/sites\/vc\/wp-json\/wp\/v2\/types\/post"}],"author":[{"embeddable":true,"href":"https:\/\/dev.antudigital.cl\/sites\/vc\/wp-json\/wp\/v2\/users\/3"}],"replies":[{"embeddable":true,"href":"https:\/\/dev.antudigital.cl\/sites\/vc\/wp-json\/wp\/v2\/comments?post=8344"}],"version-history":[{"count":0,"href":"https:\/\/dev.antudigital.cl\/sites\/vc\/wp-json\/wp\/v2\/posts\/8344\/revisions"}],"wp:featuredmedia":[{"embeddable":true,"href":"https:\/\/dev.antudigital.cl\/sites\/vc\/wp-json\/wp\/v2\/media\/8345"}],"wp:attachment":[{"href":"https:\/\/dev.antudigital.cl\/sites\/vc\/wp-json\/wp\/v2\/media?parent=8344"}],"wp:term":[{"taxonomy":"category","embeddable":true,"href":"https:\/\/dev.antudigital.cl\/sites\/vc\/wp-json\/wp\/v2\/categories?post=8344"},{"taxonomy":"post_tag","embeddable":true,"href":"https:\/\/dev.antudigital.cl\/sites\/vc\/wp-json\/wp\/v2\/tags?post=8344"}],"curies":[{"name":"wp","href":"https:\/\/api.w.org\/{rel}","templated":true}]}}