{"id":8351,"date":"2021-01-22T18:45:45","date_gmt":"2021-01-22T18:45:45","guid":{"rendered":"https:\/\/www.valparaisocreativo.cl\/?p=5797"},"modified":"2021-01-22T18:45:45","modified_gmt":"2021-01-22T18:45:45","slug":"rem-photo-activando-redes-desde-mercado-puerto","status":"publish","type":"post","link":"https:\/\/dev.antudigital.cl\/sites\/vc\/rem-photo-activando-redes-desde-mercado-puerto\/","title":{"rendered":"REM PHOTO: activando redes desde Mercado Puerto"},"content":{"rendered":"<p>Jos\u00e9 Mogrol es fot\u00f3grafo y un \u00abactivista\u00bb de la fotograf\u00eda en Valpara\u00edso. Hoy est\u00e1 involucrado tanto en C\u00e1mara L\u00facida, como en REM PHOTO, stand de dedicado a la fotograf\u00eda en Mercado Puerto. Lo entrevistamos para conocer m\u00e1s sobre este proyecto y su visi\u00f3n sobre la fotograf\u00eda en la Regi\u00f3n.<\/p>\n<blockquote>\n<h3>\u00abCon REM Photo estamos funcionando en la zona de artesan\u00edas del Mercado, junto a productores locales, de lunes a viernes de 10-18h en esta fase\u00bb, cuenta Jos\u00e9.<\/h3>\n<\/blockquote>\n<ul>\n<li><strong>\u00bfC\u00f3mo surge este stand? Est\u00e1n desde el 2019 ac\u00e1, teniendo un funcionamiento, como todo, interrumpido.<\/strong><\/li>\n<\/ul>\n<p>&#8211; Este es un proyecto de largo recorrido. Yo no soy <em>vendedor <\/em>de fotos. Me gusta compartir ideas, proyectos, dar informaci\u00f3n y eso hace que vayamos vendiendo. Ten\u00eda esta idea de trabajar con formatos peque\u00f1os a precios peque\u00f1os, algo que tra\u00eda conmigo desde el colectivo fotogr\u00e1fico en el que particip\u00e9 en Madrid, en un circuito de bares culturales.<\/p>\n<hr \/>\n<p>Dentro de l@s artistas que se encuentran involucrados en este stand, se genera un punto de difusi\u00f3n de su trabajo, con talentos regionales tales como: Carlos Silva, Paula L\u00f3pez Droguett, In\u00e9s Molina, Ana Carla Mart\u00ednez, \u00c1ngeles Loyola, Robert Barsby, Paz Olivares-Droguett, V\u00edctor Parra, Joaqu\u00edn Rodr\u00edguez, y el mismo Mogrol.<\/p>\n<ul>\n<li><strong>\u00bfCu\u00e1l es la misi\u00f3n de REM Photo?<\/strong><\/li>\n<\/ul>\n<p>&#8211; La idea es promocionar la obra de artistas locales. Tenemos fotograf\u00edas en formatos para comenzar una colecci\u00f3n, y una l\u00ednea de souvenirs fotogr\u00e1ficos: calendarios, bolsas, magnetos, Stickers, postales.<\/p>\n<p>Adem\u00e1s comparto espacios con Consuelo que se dedica al reciclado textil; con \u00c1ngeles Loyola, fot\u00f3grafa, y Erasmo Pizarro, ilustrador.<\/p>\n<ul>\n<li><b>\u00bfCu\u00e1l es tu visi\u00f3n de la escena fotogr\u00e1fica en Valpara\u00edso?<\/b><\/li>\n<\/ul>\n<p>&#8211; A nivel autoral, bien, harto trabajo interesante que ha salido durante este tiempo pand\u00e9mico. Creo que hay mucha gente que est\u00e1 haciendo cosas buenas. En general, creo que hay un caldo de cultivo incre\u00edble en esta ciudad para que se pudiese explotar fotogr\u00e1ficamente.<\/p>\n<ul>\n<li><strong>\u00bfC\u00f3mo ves el escenario de seguir con fases y contingencia sanitaria?<\/strong><\/li>\n<\/ul>\n<p>&#8211; Est\u00e1 todo bien complicado, pero hay que seguir insistiendo en educar de manera virtual a las personas. A\u00fan hay iniciativas por impulsar en torno a educar la narrativa visual. Y muchos de estos espacios se potencian digitalmente, como Biblioteca Libroalegre con sus talleres en l\u00ednea. Hay que intentar seguir en esa y buscar la plataforma de innovaci\u00f3n en la que podamos dar un salto a lo digital.<\/p>\n","protected":false},"excerpt":{"rendered":"<p>Jos\u00e9 Mogrol es fot\u00f3grafo y un \u00abactivista\u00bb de la fotograf\u00eda en Valpara\u00edso. Hoy est\u00e1 involucrado tanto en C\u00e1mara L\u00facida, como en REM PHOTO, stand de dedicado a la fotograf\u00eda en Mercado Puerto. Lo entrevistamos para conocer m\u00e1s sobre este proyecto y su visi\u00f3n sobre la fotograf\u00eda en la Regi\u00f3n. \u00abCon REM Photo estamos funcionando en [&hellip;]<\/p>\n","protected":false},"author":3,"featured_media":8352,"comment_status":"closed","ping_status":"closed","sticky":false,"template":"","format":"standard","meta":{"_acf_changed":false,"footnotes":""},"categories":[8],"tags":[],"class_list":["post-8351","post","type-post","status-publish","format-standard","has-post-thumbnail","hentry","category-noticia"],"acf":[],"yoast_head":"<!-- This site is optimized with the Yoast SEO plugin v27.1.1 - https:\/\/yoast.com\/product\/yoast-seo-wordpress\/ -->\n<title>REM PHOTO: activando redes desde Mercado Puerto - Valpara\u00ed\u00adso Creativo<\/title>\n<meta name=\"robots\" content=\"index, follow, max-snippet:-1, max-image-preview:large, max-video-preview:-1\" \/>\n<link rel=\"canonical\" href=\"https:\/\/dev.antudigital.cl\/sites\/vc\/rem-photo-activando-redes-desde-mercado-puerto\/\" \/>\n<meta property=\"og:locale\" content=\"es_ES\" \/>\n<meta property=\"og:type\" content=\"article\" \/>\n<meta property=\"og:title\" content=\"REM PHOTO: activando redes desde Mercado Puerto - Valpara\u00ed\u00adso Creativo\" \/>\n<meta property=\"og:description\" content=\"Jos\u00e9 Mogrol es fot\u00f3grafo y un \u00abactivista\u00bb de la fotograf\u00eda en Valpara\u00edso. Hoy est\u00e1 involucrado tanto en C\u00e1mara L\u00facida, como en REM PHOTO, stand de dedicado a la fotograf\u00eda en Mercado Puerto. Lo entrevistamos para conocer m\u00e1s sobre este proyecto y su visi\u00f3n sobre la fotograf\u00eda en la Regi\u00f3n. \u00abCon REM Photo estamos funcionando en [&hellip;]\" \/>\n<meta property=\"og:url\" content=\"https:\/\/dev.antudigital.cl\/sites\/vc\/rem-photo-activando-redes-desde-mercado-puerto\/\" \/>\n<meta property=\"og:site_name\" content=\"Valpara\u00ed\u00adso Creativo\" \/>\n<meta property=\"article:published_time\" content=\"2021-01-22T18:45:45+00:00\" \/>\n<meta property=\"og:image\" content=\"https:\/\/dev.antudigital.cl\/sites\/vc\/wp-content\/uploads\/2021\/01\/WhatsApp-Image-2021-01-22-at-12.42.02.jpeg\" \/>\n\t<meta property=\"og:image:width\" content=\"1280\" \/>\n\t<meta property=\"og:image:height\" content=\"712\" \/>\n\t<meta property=\"og:image:type\" content=\"image\/jpeg\" \/>\n<meta name=\"author\" content=\"Valparaiso Creativo\" \/>\n<meta name=\"twitter:card\" content=\"summary_large_image\" \/>\n<meta name=\"twitter:label1\" content=\"Escrito por\" \/>\n\t<meta name=\"twitter:data1\" content=\"Valparaiso Creativo\" \/>\n\t<meta name=\"twitter:label2\" content=\"Tiempo de lectura\" \/>\n\t<meta name=\"twitter:data2\" content=\"2 minutos\" \/>\n<script type=\"application\/ld+json\" class=\"yoast-schema-graph\">{\"@context\":\"https:\/\/schema.org\",\"@graph\":[{\"@type\":\"Article\",\"@id\":\"https:\/\/dev.antudigital.cl\/sites\/vc\/rem-photo-activando-redes-desde-mercado-puerto\/#article\",\"isPartOf\":{\"@id\":\"https:\/\/dev.antudigital.cl\/sites\/vc\/rem-photo-activando-redes-desde-mercado-puerto\/\"},\"author\":{\"name\":\"Valparaiso Creativo\",\"@id\":\"https:\/\/dev.antudigital.cl\/sites\/vc\/#\/schema\/person\/81d1dcd51abd542b5dfc00f5f951a0f1\"},\"headline\":\"REM PHOTO: activando redes desde Mercado Puerto\",\"datePublished\":\"2021-01-22T18:45:45+00:00\",\"mainEntityOfPage\":{\"@id\":\"https:\/\/dev.antudigital.cl\/sites\/vc\/rem-photo-activando-redes-desde-mercado-puerto\/\"},\"wordCount\":439,\"image\":{\"@id\":\"https:\/\/dev.antudigital.cl\/sites\/vc\/rem-photo-activando-redes-desde-mercado-puerto\/#primaryimage\"},\"thumbnailUrl\":\"https:\/\/dev.antudigital.cl\/sites\/vc\/wp-content\/uploads\/2021\/01\/WhatsApp-Image-2021-01-22-at-12.42.02.jpeg\",\"articleSection\":[\"Noticia\"],\"inLanguage\":\"es\"},{\"@type\":\"WebPage\",\"@id\":\"https:\/\/dev.antudigital.cl\/sites\/vc\/rem-photo-activando-redes-desde-mercado-puerto\/\",\"url\":\"https:\/\/dev.antudigital.cl\/sites\/vc\/rem-photo-activando-redes-desde-mercado-puerto\/\",\"name\":\"REM PHOTO: activando redes desde Mercado Puerto - Valpara\u00ed\u00adso Creativo\",\"isPartOf\":{\"@id\":\"https:\/\/dev.antudigital.cl\/sites\/vc\/#website\"},\"primaryImageOfPage\":{\"@id\":\"https:\/\/dev.antudigital.cl\/sites\/vc\/rem-photo-activando-redes-desde-mercado-puerto\/#primaryimage\"},\"image\":{\"@id\":\"https:\/\/dev.antudigital.cl\/sites\/vc\/rem-photo-activando-redes-desde-mercado-puerto\/#primaryimage\"},\"thumbnailUrl\":\"https:\/\/dev.antudigital.cl\/sites\/vc\/wp-content\/uploads\/2021\/01\/WhatsApp-Image-2021-01-22-at-12.42.02.jpeg\",\"datePublished\":\"2021-01-22T18:45:45+00:00\",\"author\":{\"@id\":\"https:\/\/dev.antudigital.cl\/sites\/vc\/#\/schema\/person\/81d1dcd51abd542b5dfc00f5f951a0f1\"},\"breadcrumb\":{\"@id\":\"https:\/\/dev.antudigital.cl\/sites\/vc\/rem-photo-activando-redes-desde-mercado-puerto\/#breadcrumb\"},\"inLanguage\":\"es\",\"potentialAction\":[{\"@type\":\"ReadAction\",\"target\":[\"https:\/\/dev.antudigital.cl\/sites\/vc\/rem-photo-activando-redes-desde-mercado-puerto\/\"]}]},{\"@type\":\"ImageObject\",\"inLanguage\":\"es\",\"@id\":\"https:\/\/dev.antudigital.cl\/sites\/vc\/rem-photo-activando-redes-desde-mercado-puerto\/#primaryimage\",\"url\":\"https:\/\/dev.antudigital.cl\/sites\/vc\/wp-content\/uploads\/2021\/01\/WhatsApp-Image-2021-01-22-at-12.42.02.jpeg\",\"contentUrl\":\"https:\/\/dev.antudigital.cl\/sites\/vc\/wp-content\/uploads\/2021\/01\/WhatsApp-Image-2021-01-22-at-12.42.02.jpeg\",\"width\":1280,\"height\":712},{\"@type\":\"BreadcrumbList\",\"@id\":\"https:\/\/dev.antudigital.cl\/sites\/vc\/rem-photo-activando-redes-desde-mercado-puerto\/#breadcrumb\",\"itemListElement\":[{\"@type\":\"ListItem\",\"position\":1,\"name\":\"Home\",\"item\":\"https:\/\/dev.antudigital.cl\/sites\/vc\/\"},{\"@type\":\"ListItem\",\"position\":2,\"name\":\"REM PHOTO: activando redes desde Mercado Puerto\"}]},{\"@type\":\"WebSite\",\"@id\":\"https:\/\/dev.antudigital.cl\/sites\/vc\/#website\",\"url\":\"https:\/\/dev.antudigital.cl\/sites\/vc\/\",\"name\":\"Valpara\u00ed\u00adso Creativo\",\"description\":\"\",\"potentialAction\":[{\"@type\":\"SearchAction\",\"target\":{\"@type\":\"EntryPoint\",\"urlTemplate\":\"https:\/\/dev.antudigital.cl\/sites\/vc\/?s={search_term_string}\"},\"query-input\":{\"@type\":\"PropertyValueSpecification\",\"valueRequired\":true,\"valueName\":\"search_term_string\"}}],\"inLanguage\":\"es\"},{\"@type\":\"Person\",\"@id\":\"https:\/\/dev.antudigital.cl\/sites\/vc\/#\/schema\/person\/81d1dcd51abd542b5dfc00f5f951a0f1\",\"name\":\"Valparaiso Creativo\",\"url\":\"https:\/\/dev.antudigital.cl\/sites\/vc\/author\/valparaiso-creativo\/\"}]}<\/script>\n<!-- \/ Yoast SEO plugin. -->","yoast_head_json":{"title":"REM PHOTO: activando redes desde Mercado Puerto - Valpara\u00ed\u00adso Creativo","robots":{"index":"index","follow":"follow","max-snippet":"max-snippet:-1","max-image-preview":"max-image-preview:large","max-video-preview":"max-video-preview:-1"},"canonical":"https:\/\/dev.antudigital.cl\/sites\/vc\/rem-photo-activando-redes-desde-mercado-puerto\/","og_locale":"es_ES","og_type":"article","og_title":"REM PHOTO: activando redes desde Mercado Puerto - Valpara\u00ed\u00adso Creativo","og_description":"Jos\u00e9 Mogrol es fot\u00f3grafo y un \u00abactivista\u00bb de la fotograf\u00eda en Valpara\u00edso. Hoy est\u00e1 involucrado tanto en C\u00e1mara L\u00facida, como en REM PHOTO, stand de dedicado a la fotograf\u00eda en Mercado Puerto. Lo entrevistamos para conocer m\u00e1s sobre este proyecto y su visi\u00f3n sobre la fotograf\u00eda en la Regi\u00f3n. \u00abCon REM Photo estamos funcionando en [&hellip;]","og_url":"https:\/\/dev.antudigital.cl\/sites\/vc\/rem-photo-activando-redes-desde-mercado-puerto\/","og_site_name":"Valpara\u00ed\u00adso Creativo","article_published_time":"2021-01-22T18:45:45+00:00","og_image":[{"width":1280,"height":712,"url":"https:\/\/dev.antudigital.cl\/sites\/vc\/wp-content\/uploads\/2021\/01\/WhatsApp-Image-2021-01-22-at-12.42.02.jpeg","type":"image\/jpeg"}],"author":"Valparaiso Creativo","twitter_card":"summary_large_image","twitter_misc":{"Escrito por":"Valparaiso Creativo","Tiempo de lectura":"2 minutos"},"schema":{"@context":"https:\/\/schema.org","@graph":[{"@type":"Article","@id":"https:\/\/dev.antudigital.cl\/sites\/vc\/rem-photo-activando-redes-desde-mercado-puerto\/#article","isPartOf":{"@id":"https:\/\/dev.antudigital.cl\/sites\/vc\/rem-photo-activando-redes-desde-mercado-puerto\/"},"author":{"name":"Valparaiso Creativo","@id":"https:\/\/dev.antudigital.cl\/sites\/vc\/#\/schema\/person\/81d1dcd51abd542b5dfc00f5f951a0f1"},"headline":"REM PHOTO: activando redes desde Mercado Puerto","datePublished":"2021-01-22T18:45:45+00:00","mainEntityOfPage":{"@id":"https:\/\/dev.antudigital.cl\/sites\/vc\/rem-photo-activando-redes-desde-mercado-puerto\/"},"wordCount":439,"image":{"@id":"https:\/\/dev.antudigital.cl\/sites\/vc\/rem-photo-activando-redes-desde-mercado-puerto\/#primaryimage"},"thumbnailUrl":"https:\/\/dev.antudigital.cl\/sites\/vc\/wp-content\/uploads\/2021\/01\/WhatsApp-Image-2021-01-22-at-12.42.02.jpeg","articleSection":["Noticia"],"inLanguage":"es"},{"@type":"WebPage","@id":"https:\/\/dev.antudigital.cl\/sites\/vc\/rem-photo-activando-redes-desde-mercado-puerto\/","url":"https:\/\/dev.antudigital.cl\/sites\/vc\/rem-photo-activando-redes-desde-mercado-puerto\/","name":"REM PHOTO: activando redes desde Mercado Puerto - Valpara\u00ed\u00adso Creativo","isPartOf":{"@id":"https:\/\/dev.antudigital.cl\/sites\/vc\/#website"},"primaryImageOfPage":{"@id":"https:\/\/dev.antudigital.cl\/sites\/vc\/rem-photo-activando-redes-desde-mercado-puerto\/#primaryimage"},"image":{"@id":"https:\/\/dev.antudigital.cl\/sites\/vc\/rem-photo-activando-redes-desde-mercado-puerto\/#primaryimage"},"thumbnailUrl":"https:\/\/dev.antudigital.cl\/sites\/vc\/wp-content\/uploads\/2021\/01\/WhatsApp-Image-2021-01-22-at-12.42.02.jpeg","datePublished":"2021-01-22T18:45:45+00:00","author":{"@id":"https:\/\/dev.antudigital.cl\/sites\/vc\/#\/schema\/person\/81d1dcd51abd542b5dfc00f5f951a0f1"},"breadcrumb":{"@id":"https:\/\/dev.antudigital.cl\/sites\/vc\/rem-photo-activando-redes-desde-mercado-puerto\/#breadcrumb"},"inLanguage":"es","potentialAction":[{"@type":"ReadAction","target":["https:\/\/dev.antudigital.cl\/sites\/vc\/rem-photo-activando-redes-desde-mercado-puerto\/"]}]},{"@type":"ImageObject","inLanguage":"es","@id":"https:\/\/dev.antudigital.cl\/sites\/vc\/rem-photo-activando-redes-desde-mercado-puerto\/#primaryimage","url":"https:\/\/dev.antudigital.cl\/sites\/vc\/wp-content\/uploads\/2021\/01\/WhatsApp-Image-2021-01-22-at-12.42.02.jpeg","contentUrl":"https:\/\/dev.antudigital.cl\/sites\/vc\/wp-content\/uploads\/2021\/01\/WhatsApp-Image-2021-01-22-at-12.42.02.jpeg","width":1280,"height":712},{"@type":"BreadcrumbList","@id":"https:\/\/dev.antudigital.cl\/sites\/vc\/rem-photo-activando-redes-desde-mercado-puerto\/#breadcrumb","itemListElement":[{"@type":"ListItem","position":1,"name":"Home","item":"https:\/\/dev.antudigital.cl\/sites\/vc\/"},{"@type":"ListItem","position":2,"name":"REM PHOTO: activando redes desde Mercado Puerto"}]},{"@type":"WebSite","@id":"https:\/\/dev.antudigital.cl\/sites\/vc\/#website","url":"https:\/\/dev.antudigital.cl\/sites\/vc\/","name":"Valpara\u00ed\u00adso Creativo","description":"","potentialAction":[{"@type":"SearchAction","target":{"@type":"EntryPoint","urlTemplate":"https:\/\/dev.antudigital.cl\/sites\/vc\/?s={search_term_string}"},"query-input":{"@type":"PropertyValueSpecification","valueRequired":true,"valueName":"search_term_string"}}],"inLanguage":"es"},{"@type":"Person","@id":"https:\/\/dev.antudigital.cl\/sites\/vc\/#\/schema\/person\/81d1dcd51abd542b5dfc00f5f951a0f1","name":"Valparaiso Creativo","url":"https:\/\/dev.antudigital.cl\/sites\/vc\/author\/valparaiso-creativo\/"}]}},"_links":{"self":[{"href":"https:\/\/dev.antudigital.cl\/sites\/vc\/wp-json\/wp\/v2\/posts\/8351","targetHints":{"allow":["GET"]}}],"collection":[{"href":"https:\/\/dev.antudigital.cl\/sites\/vc\/wp-json\/wp\/v2\/posts"}],"about":[{"href":"https:\/\/dev.antudigital.cl\/sites\/vc\/wp-json\/wp\/v2\/types\/post"}],"author":[{"embeddable":true,"href":"https:\/\/dev.antudigital.cl\/sites\/vc\/wp-json\/wp\/v2\/users\/3"}],"replies":[{"embeddable":true,"href":"https:\/\/dev.antudigital.cl\/sites\/vc\/wp-json\/wp\/v2\/comments?post=8351"}],"version-history":[{"count":0,"href":"https:\/\/dev.antudigital.cl\/sites\/vc\/wp-json\/wp\/v2\/posts\/8351\/revisions"}],"wp:featuredmedia":[{"embeddable":true,"href":"https:\/\/dev.antudigital.cl\/sites\/vc\/wp-json\/wp\/v2\/media\/8352"}],"wp:attachment":[{"href":"https:\/\/dev.antudigital.cl\/sites\/vc\/wp-json\/wp\/v2\/media?parent=8351"}],"wp:term":[{"taxonomy":"category","embeddable":true,"href":"https:\/\/dev.antudigital.cl\/sites\/vc\/wp-json\/wp\/v2\/categories?post=8351"},{"taxonomy":"post_tag","embeddable":true,"href":"https:\/\/dev.antudigital.cl\/sites\/vc\/wp-json\/wp\/v2\/tags?post=8351"}],"curies":[{"name":"wp","href":"https:\/\/api.w.org\/{rel}","templated":true}]}}