{"id":8353,"date":"2021-01-22T18:13:11","date_gmt":"2021-01-22T18:13:11","guid":{"rendered":"https:\/\/www.valparaisocreativo.cl\/?p=5791"},"modified":"2021-01-22T18:13:11","modified_gmt":"2021-01-22T18:13:11","slug":"hay-que-escuchar-mas-musica-y-apoyar-a-los-artistas-entrevista-a-casa-abstracta","status":"publish","type":"post","link":"https:\/\/dev.antudigital.cl\/sites\/vc\/hay-que-escuchar-mas-musica-y-apoyar-a-los-artistas-entrevista-a-casa-abstracta\/","title":{"rendered":"\u00abHay que escuchar m\u00e1s m\u00fasica y apoyar a los artistas\u00bb: entrevista a Casa Abstracta"},"content":{"rendered":"<p>Hace un tiempo fuimos a conocer <a href=\"https:\/\/www.casaabstracta.com\/\">Casa Abstracta<\/a>. Este es un proyecto que ya lleva dos a\u00f1os, y pretende ser un espacio de m\u00fasicos para m\u00fasicos. Matilde Soto-Aguilar y Gokul Ramdas son quienes conforman este estudio de grabaci\u00f3n \/ espacio de formaci\u00f3n \/ set de presentaciones. Un espacio multiuso y multiprop\u00f3sito donde la m\u00fasica es lo que importa.<\/p>\n<p>Conversamos con Matilde Soto-Aguilar, compositora y productora musical que es una de las impulsoras tras este proyecto. Junto a Choby Scheulfer (Director General) y Alessandra Luzzi (Periodista) son el equipo que se ha propuesto no darse por vencido, pese a los cambios. \u201cA\u00fan buscamos nuestro lugar en esta industria, buscando ante qu\u00e9 necesidad aportar dentro de la sociedad\u201d.<\/p>\n<p>Gokul y Matilde se conocieron estudiando en Boston, donde profundizaron en la producci\u00f3n musical. Desde entonces quisieron armar <i>algo <\/i>con los conocimientos que ten\u00edan.<\/p>\n\n<p><b>&#8211; \u00bfDe qu\u00e9 manera surgi\u00f3 Casa Abstracta?<\/b><\/p>\n<p>&#8211; Fue un proceso complicado, en cuanto a definir la log\u00edstica y c\u00f3mo pod\u00edamos hacer sostenible el espacio. Somos m\u00fasicos, la administraci\u00f3n no es nuestra \u00e1rea. Intentamos mezclar conciertos, con educaci\u00f3n, con un estudio de grabaciones, adem\u00e1s de poder brindar asesor\u00edas y crear m\u00fasica.<\/p>\n<h3>\u201cCasa Abstracta es un poco el sue\u00f1o del m\u00fasico: en el mismo lugar grabar, presentarse y conocer a otros, sacando proyectos adelante por medio de la colaboraci\u00f3n\u201d.<\/h3>\n<p>&nbsp;<\/p>\n<p><b>&#8211; \u00bfC\u00f3mo fue el proceso de ir generando el proyecto hasta consolidarlo?<\/b><\/p>\n<p>&#8211; Es muy dif\u00edcil entrar a la industria musical. Cuando comenzamos no ten\u00edamos los contactos que necesit\u00e1bamos, entonces hicimos actividades que nos permitieran generar redes de colaboraci\u00f3n. Y trabajar en nuestra propia m\u00fasica, al mismo tiempo. Producir desde aqu\u00ed mismo es una de las cosas m\u00e1s importantes que hacemos, y as\u00ed fortalecer los v\u00ednculos.<\/p>\n<p>&nbsp;<\/p>\n<p><b>&#8211; \u00bfEn qu\u00e9 etapa est\u00e1n?<\/b><\/p>\n<p>&#8211; Definir\u00eda esta como una etapa de incertidumbre, o m\u00e1s de <b>reinventarse<\/b> por la pandemia. Tuvimos que parar como todos. Talleres o conciertos se tuvieron que cancelar durante el a\u00f1o. Es una etapa de ver c\u00f3mo Casa Abstracta puede adaptarse a lo digital.<\/p>\n<p>&nbsp;<\/p>\n<p><b>&#8211; De las actividades y el quehacer que tienen hasta ahora, \u00bfqu\u00e9 es lo que m\u00e1s te gusta, lo que rescatas, alguna an\u00e9cdota?<\/b><\/p>\n<p>&#8211; Una de las cosas que fueron m\u00e1s enriquecedoras son las entrevistas.\u00a0 Hubo una buena recepci\u00f3n, y junto a Alessandra pudimos armarlas con artistas de distintas partes del mundo. Adem\u00e1s de las clases on line, que tambi\u00e9n han sido un descubrimiento para nosotros.<\/p>\n<p><img fetchpriority=\"high\" decoding=\"async\" class=\"alignleft size-medium wp-image-5795\" src=\"https:\/\/www.valparaisocreativo.cl\/wp-content\/uploads\/2021\/01\/DSC09561-Mini-300x200.jpg\" alt=\"\" width=\"300\" height=\"200\" \/><\/p>\n<p><b>&#8211; \u00bfC\u00f3mo puedes describir, en tus palabras, la importancia de la m\u00fasica en la vida de las personas?<\/b><\/p>\n<h3>&#8211; La m\u00fasica, para m\u00ed, es una herramienta de comunicaci\u00f3n de las emociones de las personas.<\/h3>\n<p>Todos los seres humanos somos tan sensoriales, de emociones, y eso nos hace accionar o pensar o no pensar ciertas cosas. Es algo que es parte de la vida de todos, y nos puede ayudar en distintos momentos y formas. A relajarte, ser mejor persona, a resolver conflictos, es una terapia. Es demasiado poderosa para los seres humanos. Hay que escuchar m\u00e1s m\u00fasica y apoyar a los artistas.<\/p>\n<p>&nbsp;<\/p>\n<p><b>&#8211; \u00bfPuedes comentar algun@s m\u00fasicas que has escuchado \u00faltimamente y que te inspiren?<\/b><\/p>\n<p>&#8211; Tengo una gran amiga, <a href=\"https:\/\/www.instagram.com\/pamelledebruit\/\"><b>Pamelle<\/b><\/a>. Ha sacado singles \u00faltimamente, y tiene un trabajo s\u00faper hermoso que he escuchado mucho. Y de algunas personas que han trabajado con nosotros, est\u00e1 <a href=\"https:\/\/www.instagram.com\/reinagarcia__\/\"><b>Reina Garc\u00eda<\/b><\/a> con trabajos s\u00faper bonitos.<\/p>\n<p>&nbsp;<\/p>\n<p><b>&#8211; \u00bfCu\u00e1les son sus futuros proyectos?<\/b><\/p>\n<p>&#8211; Las clases online siempre est\u00e1n disponibles. Y tenemos unas grabaciones en febrero con cantautoras de regi\u00f3n, <b>Sesiones Oceana<\/b>, donde grabaremos a 12 cantautoras regionales que presentar\u00e1n un show original de 30 minutos. Ese trabajo se ver\u00e1 alrededor de abril. A nosotros eso nos apasiona.<\/p>\n<p>&nbsp;<\/p>\n<p>\u201cEn resumidas cuentas, este proyecto es de m\u00fasicos intentando armar un espacio de m\u00fasicos para m\u00fasicos, que pueda ser un lugar que ayude a los artistas y creadores en las distintas partes del proceso de colaboraci\u00f3n\u201d.<\/p>\n","protected":false},"excerpt":{"rendered":"<p>Hace un tiempo fuimos a conocer Casa Abstracta. Este es un proyecto que ya lleva dos a\u00f1os, y pretende ser un espacio de m\u00fasicos para m\u00fasicos. Matilde Soto-Aguilar y Gokul Ramdas son quienes conforman este estudio de grabaci\u00f3n \/ espacio de formaci\u00f3n \/ set de presentaciones. Un espacio multiuso y multiprop\u00f3sito donde la m\u00fasica es [&hellip;]<\/p>\n","protected":false},"author":3,"featured_media":0,"comment_status":"closed","ping_status":"closed","sticky":false,"template":"","format":"standard","meta":{"_acf_changed":false,"footnotes":""},"categories":[8],"tags":[],"class_list":["post-8353","post","type-post","status-publish","format-standard","hentry","category-noticia"],"acf":[],"yoast_head":"<!-- This site is optimized with the Yoast SEO plugin v27.1.1 - https:\/\/yoast.com\/product\/yoast-seo-wordpress\/ -->\n<title>&quot;Hay que escuchar m\u00e1s m\u00fasica y apoyar a los artistas&quot;: entrevista a Casa Abstracta - Valpara\u00ed\u00adso Creativo<\/title>\n<meta name=\"robots\" content=\"index, follow, max-snippet:-1, max-image-preview:large, max-video-preview:-1\" \/>\n<link rel=\"canonical\" href=\"https:\/\/dev.antudigital.cl\/sites\/vc\/hay-que-escuchar-mas-musica-y-apoyar-a-los-artistas-entrevista-a-casa-abstracta\/\" \/>\n<meta property=\"og:locale\" content=\"es_ES\" \/>\n<meta property=\"og:type\" content=\"article\" \/>\n<meta property=\"og:title\" content=\"&quot;Hay que escuchar m\u00e1s m\u00fasica y apoyar a los artistas&quot;: entrevista a Casa Abstracta - Valpara\u00ed\u00adso Creativo\" \/>\n<meta property=\"og:description\" content=\"Hace un tiempo fuimos a conocer Casa Abstracta. Este es un proyecto que ya lleva dos a\u00f1os, y pretende ser un espacio de m\u00fasicos para m\u00fasicos. Matilde Soto-Aguilar y Gokul Ramdas son quienes conforman este estudio de grabaci\u00f3n \/ espacio de formaci\u00f3n \/ set de presentaciones. Un espacio multiuso y multiprop\u00f3sito donde la m\u00fasica es [&hellip;]\" \/>\n<meta property=\"og:url\" content=\"https:\/\/dev.antudigital.cl\/sites\/vc\/hay-que-escuchar-mas-musica-y-apoyar-a-los-artistas-entrevista-a-casa-abstracta\/\" \/>\n<meta property=\"og:site_name\" content=\"Valpara\u00ed\u00adso Creativo\" \/>\n<meta property=\"article:published_time\" content=\"2021-01-22T18:13:11+00:00\" \/>\n<meta property=\"og:image\" content=\"https:\/\/www.valparaisocreativo.cl\/wp-content\/uploads\/2021\/01\/DSC09561-Mini-300x200.jpg\" \/>\n<meta name=\"author\" content=\"Valparaiso Creativo\" \/>\n<meta name=\"twitter:card\" content=\"summary_large_image\" \/>\n<meta name=\"twitter:label1\" content=\"Escrito por\" \/>\n\t<meta name=\"twitter:data1\" content=\"Valparaiso Creativo\" \/>\n\t<meta name=\"twitter:label2\" content=\"Tiempo de lectura\" \/>\n\t<meta name=\"twitter:data2\" content=\"4 minutos\" \/>\n<script type=\"application\/ld+json\" class=\"yoast-schema-graph\">{\"@context\":\"https:\/\/schema.org\",\"@graph\":[{\"@type\":\"Article\",\"@id\":\"https:\/\/dev.antudigital.cl\/sites\/vc\/hay-que-escuchar-mas-musica-y-apoyar-a-los-artistas-entrevista-a-casa-abstracta\/#article\",\"isPartOf\":{\"@id\":\"https:\/\/dev.antudigital.cl\/sites\/vc\/hay-que-escuchar-mas-musica-y-apoyar-a-los-artistas-entrevista-a-casa-abstracta\/\"},\"author\":{\"name\":\"Valparaiso Creativo\",\"@id\":\"https:\/\/dev.antudigital.cl\/sites\/vc\/#\/schema\/person\/81d1dcd51abd542b5dfc00f5f951a0f1\"},\"headline\":\"\u00abHay que escuchar m\u00e1s m\u00fasica y apoyar a los artistas\u00bb: entrevista a Casa Abstracta\",\"datePublished\":\"2021-01-22T18:13:11+00:00\",\"mainEntityOfPage\":{\"@id\":\"https:\/\/dev.antudigital.cl\/sites\/vc\/hay-que-escuchar-mas-musica-y-apoyar-a-los-artistas-entrevista-a-casa-abstracta\/\"},\"wordCount\":716,\"image\":{\"@id\":\"https:\/\/dev.antudigital.cl\/sites\/vc\/hay-que-escuchar-mas-musica-y-apoyar-a-los-artistas-entrevista-a-casa-abstracta\/#primaryimage\"},\"thumbnailUrl\":\"https:\/\/www.valparaisocreativo.cl\/wp-content\/uploads\/2021\/01\/DSC09561-Mini-300x200.jpg\",\"articleSection\":[\"Noticia\"],\"inLanguage\":\"es\"},{\"@type\":\"WebPage\",\"@id\":\"https:\/\/dev.antudigital.cl\/sites\/vc\/hay-que-escuchar-mas-musica-y-apoyar-a-los-artistas-entrevista-a-casa-abstracta\/\",\"url\":\"https:\/\/dev.antudigital.cl\/sites\/vc\/hay-que-escuchar-mas-musica-y-apoyar-a-los-artistas-entrevista-a-casa-abstracta\/\",\"name\":\"\\\"Hay que escuchar m\u00e1s m\u00fasica y apoyar a los artistas\\\": entrevista a Casa Abstracta - Valpara\u00ed\u00adso Creativo\",\"isPartOf\":{\"@id\":\"https:\/\/dev.antudigital.cl\/sites\/vc\/#website\"},\"primaryImageOfPage\":{\"@id\":\"https:\/\/dev.antudigital.cl\/sites\/vc\/hay-que-escuchar-mas-musica-y-apoyar-a-los-artistas-entrevista-a-casa-abstracta\/#primaryimage\"},\"image\":{\"@id\":\"https:\/\/dev.antudigital.cl\/sites\/vc\/hay-que-escuchar-mas-musica-y-apoyar-a-los-artistas-entrevista-a-casa-abstracta\/#primaryimage\"},\"thumbnailUrl\":\"https:\/\/www.valparaisocreativo.cl\/wp-content\/uploads\/2021\/01\/DSC09561-Mini-300x200.jpg\",\"datePublished\":\"2021-01-22T18:13:11+00:00\",\"author\":{\"@id\":\"https:\/\/dev.antudigital.cl\/sites\/vc\/#\/schema\/person\/81d1dcd51abd542b5dfc00f5f951a0f1\"},\"breadcrumb\":{\"@id\":\"https:\/\/dev.antudigital.cl\/sites\/vc\/hay-que-escuchar-mas-musica-y-apoyar-a-los-artistas-entrevista-a-casa-abstracta\/#breadcrumb\"},\"inLanguage\":\"es\",\"potentialAction\":[{\"@type\":\"ReadAction\",\"target\":[\"https:\/\/dev.antudigital.cl\/sites\/vc\/hay-que-escuchar-mas-musica-y-apoyar-a-los-artistas-entrevista-a-casa-abstracta\/\"]}]},{\"@type\":\"ImageObject\",\"inLanguage\":\"es\",\"@id\":\"https:\/\/dev.antudigital.cl\/sites\/vc\/hay-que-escuchar-mas-musica-y-apoyar-a-los-artistas-entrevista-a-casa-abstracta\/#primaryimage\",\"url\":\"https:\/\/www.valparaisocreativo.cl\/wp-content\/uploads\/2021\/01\/DSC09561-Mini-300x200.jpg\",\"contentUrl\":\"https:\/\/www.valparaisocreativo.cl\/wp-content\/uploads\/2021\/01\/DSC09561-Mini-300x200.jpg\"},{\"@type\":\"BreadcrumbList\",\"@id\":\"https:\/\/dev.antudigital.cl\/sites\/vc\/hay-que-escuchar-mas-musica-y-apoyar-a-los-artistas-entrevista-a-casa-abstracta\/#breadcrumb\",\"itemListElement\":[{\"@type\":\"ListItem\",\"position\":1,\"name\":\"Home\",\"item\":\"https:\/\/dev.antudigital.cl\/sites\/vc\/\"},{\"@type\":\"ListItem\",\"position\":2,\"name\":\"\u00abHay que escuchar m\u00e1s m\u00fasica y apoyar a los artistas\u00bb: entrevista a Casa Abstracta\"}]},{\"@type\":\"WebSite\",\"@id\":\"https:\/\/dev.antudigital.cl\/sites\/vc\/#website\",\"url\":\"https:\/\/dev.antudigital.cl\/sites\/vc\/\",\"name\":\"Valpara\u00ed\u00adso Creativo\",\"description\":\"\",\"potentialAction\":[{\"@type\":\"SearchAction\",\"target\":{\"@type\":\"EntryPoint\",\"urlTemplate\":\"https:\/\/dev.antudigital.cl\/sites\/vc\/?s={search_term_string}\"},\"query-input\":{\"@type\":\"PropertyValueSpecification\",\"valueRequired\":true,\"valueName\":\"search_term_string\"}}],\"inLanguage\":\"es\"},{\"@type\":\"Person\",\"@id\":\"https:\/\/dev.antudigital.cl\/sites\/vc\/#\/schema\/person\/81d1dcd51abd542b5dfc00f5f951a0f1\",\"name\":\"Valparaiso Creativo\",\"url\":\"https:\/\/dev.antudigital.cl\/sites\/vc\/author\/valparaiso-creativo\/\"}]}<\/script>\n<!-- \/ Yoast SEO plugin. -->","yoast_head_json":{"title":"\"Hay que escuchar m\u00e1s m\u00fasica y apoyar a los artistas\": entrevista a Casa Abstracta - Valpara\u00ed\u00adso Creativo","robots":{"index":"index","follow":"follow","max-snippet":"max-snippet:-1","max-image-preview":"max-image-preview:large","max-video-preview":"max-video-preview:-1"},"canonical":"https:\/\/dev.antudigital.cl\/sites\/vc\/hay-que-escuchar-mas-musica-y-apoyar-a-los-artistas-entrevista-a-casa-abstracta\/","og_locale":"es_ES","og_type":"article","og_title":"\"Hay que escuchar m\u00e1s m\u00fasica y apoyar a los artistas\": entrevista a Casa Abstracta - Valpara\u00ed\u00adso Creativo","og_description":"Hace un tiempo fuimos a conocer Casa Abstracta. Este es un proyecto que ya lleva dos a\u00f1os, y pretende ser un espacio de m\u00fasicos para m\u00fasicos. Matilde Soto-Aguilar y Gokul Ramdas son quienes conforman este estudio de grabaci\u00f3n \/ espacio de formaci\u00f3n \/ set de presentaciones. Un espacio multiuso y multiprop\u00f3sito donde la m\u00fasica es [&hellip;]","og_url":"https:\/\/dev.antudigital.cl\/sites\/vc\/hay-que-escuchar-mas-musica-y-apoyar-a-los-artistas-entrevista-a-casa-abstracta\/","og_site_name":"Valpara\u00ed\u00adso Creativo","article_published_time":"2021-01-22T18:13:11+00:00","og_image":[{"url":"https:\/\/www.valparaisocreativo.cl\/wp-content\/uploads\/2021\/01\/DSC09561-Mini-300x200.jpg","type":"","width":"","height":""}],"author":"Valparaiso Creativo","twitter_card":"summary_large_image","twitter_misc":{"Escrito por":"Valparaiso Creativo","Tiempo de lectura":"4 minutos"},"schema":{"@context":"https:\/\/schema.org","@graph":[{"@type":"Article","@id":"https:\/\/dev.antudigital.cl\/sites\/vc\/hay-que-escuchar-mas-musica-y-apoyar-a-los-artistas-entrevista-a-casa-abstracta\/#article","isPartOf":{"@id":"https:\/\/dev.antudigital.cl\/sites\/vc\/hay-que-escuchar-mas-musica-y-apoyar-a-los-artistas-entrevista-a-casa-abstracta\/"},"author":{"name":"Valparaiso Creativo","@id":"https:\/\/dev.antudigital.cl\/sites\/vc\/#\/schema\/person\/81d1dcd51abd542b5dfc00f5f951a0f1"},"headline":"\u00abHay que escuchar m\u00e1s m\u00fasica y apoyar a los artistas\u00bb: entrevista a Casa Abstracta","datePublished":"2021-01-22T18:13:11+00:00","mainEntityOfPage":{"@id":"https:\/\/dev.antudigital.cl\/sites\/vc\/hay-que-escuchar-mas-musica-y-apoyar-a-los-artistas-entrevista-a-casa-abstracta\/"},"wordCount":716,"image":{"@id":"https:\/\/dev.antudigital.cl\/sites\/vc\/hay-que-escuchar-mas-musica-y-apoyar-a-los-artistas-entrevista-a-casa-abstracta\/#primaryimage"},"thumbnailUrl":"https:\/\/www.valparaisocreativo.cl\/wp-content\/uploads\/2021\/01\/DSC09561-Mini-300x200.jpg","articleSection":["Noticia"],"inLanguage":"es"},{"@type":"WebPage","@id":"https:\/\/dev.antudigital.cl\/sites\/vc\/hay-que-escuchar-mas-musica-y-apoyar-a-los-artistas-entrevista-a-casa-abstracta\/","url":"https:\/\/dev.antudigital.cl\/sites\/vc\/hay-que-escuchar-mas-musica-y-apoyar-a-los-artistas-entrevista-a-casa-abstracta\/","name":"\"Hay que escuchar m\u00e1s m\u00fasica y apoyar a los artistas\": entrevista a Casa Abstracta - Valpara\u00ed\u00adso Creativo","isPartOf":{"@id":"https:\/\/dev.antudigital.cl\/sites\/vc\/#website"},"primaryImageOfPage":{"@id":"https:\/\/dev.antudigital.cl\/sites\/vc\/hay-que-escuchar-mas-musica-y-apoyar-a-los-artistas-entrevista-a-casa-abstracta\/#primaryimage"},"image":{"@id":"https:\/\/dev.antudigital.cl\/sites\/vc\/hay-que-escuchar-mas-musica-y-apoyar-a-los-artistas-entrevista-a-casa-abstracta\/#primaryimage"},"thumbnailUrl":"https:\/\/www.valparaisocreativo.cl\/wp-content\/uploads\/2021\/01\/DSC09561-Mini-300x200.jpg","datePublished":"2021-01-22T18:13:11+00:00","author":{"@id":"https:\/\/dev.antudigital.cl\/sites\/vc\/#\/schema\/person\/81d1dcd51abd542b5dfc00f5f951a0f1"},"breadcrumb":{"@id":"https:\/\/dev.antudigital.cl\/sites\/vc\/hay-que-escuchar-mas-musica-y-apoyar-a-los-artistas-entrevista-a-casa-abstracta\/#breadcrumb"},"inLanguage":"es","potentialAction":[{"@type":"ReadAction","target":["https:\/\/dev.antudigital.cl\/sites\/vc\/hay-que-escuchar-mas-musica-y-apoyar-a-los-artistas-entrevista-a-casa-abstracta\/"]}]},{"@type":"ImageObject","inLanguage":"es","@id":"https:\/\/dev.antudigital.cl\/sites\/vc\/hay-que-escuchar-mas-musica-y-apoyar-a-los-artistas-entrevista-a-casa-abstracta\/#primaryimage","url":"https:\/\/www.valparaisocreativo.cl\/wp-content\/uploads\/2021\/01\/DSC09561-Mini-300x200.jpg","contentUrl":"https:\/\/www.valparaisocreativo.cl\/wp-content\/uploads\/2021\/01\/DSC09561-Mini-300x200.jpg"},{"@type":"BreadcrumbList","@id":"https:\/\/dev.antudigital.cl\/sites\/vc\/hay-que-escuchar-mas-musica-y-apoyar-a-los-artistas-entrevista-a-casa-abstracta\/#breadcrumb","itemListElement":[{"@type":"ListItem","position":1,"name":"Home","item":"https:\/\/dev.antudigital.cl\/sites\/vc\/"},{"@type":"ListItem","position":2,"name":"\u00abHay que escuchar m\u00e1s m\u00fasica y apoyar a los artistas\u00bb: entrevista a Casa Abstracta"}]},{"@type":"WebSite","@id":"https:\/\/dev.antudigital.cl\/sites\/vc\/#website","url":"https:\/\/dev.antudigital.cl\/sites\/vc\/","name":"Valpara\u00ed\u00adso Creativo","description":"","potentialAction":[{"@type":"SearchAction","target":{"@type":"EntryPoint","urlTemplate":"https:\/\/dev.antudigital.cl\/sites\/vc\/?s={search_term_string}"},"query-input":{"@type":"PropertyValueSpecification","valueRequired":true,"valueName":"search_term_string"}}],"inLanguage":"es"},{"@type":"Person","@id":"https:\/\/dev.antudigital.cl\/sites\/vc\/#\/schema\/person\/81d1dcd51abd542b5dfc00f5f951a0f1","name":"Valparaiso Creativo","url":"https:\/\/dev.antudigital.cl\/sites\/vc\/author\/valparaiso-creativo\/"}]}},"_links":{"self":[{"href":"https:\/\/dev.antudigital.cl\/sites\/vc\/wp-json\/wp\/v2\/posts\/8353","targetHints":{"allow":["GET"]}}],"collection":[{"href":"https:\/\/dev.antudigital.cl\/sites\/vc\/wp-json\/wp\/v2\/posts"}],"about":[{"href":"https:\/\/dev.antudigital.cl\/sites\/vc\/wp-json\/wp\/v2\/types\/post"}],"author":[{"embeddable":true,"href":"https:\/\/dev.antudigital.cl\/sites\/vc\/wp-json\/wp\/v2\/users\/3"}],"replies":[{"embeddable":true,"href":"https:\/\/dev.antudigital.cl\/sites\/vc\/wp-json\/wp\/v2\/comments?post=8353"}],"version-history":[{"count":0,"href":"https:\/\/dev.antudigital.cl\/sites\/vc\/wp-json\/wp\/v2\/posts\/8353\/revisions"}],"wp:attachment":[{"href":"https:\/\/dev.antudigital.cl\/sites\/vc\/wp-json\/wp\/v2\/media?parent=8353"}],"wp:term":[{"taxonomy":"category","embeddable":true,"href":"https:\/\/dev.antudigital.cl\/sites\/vc\/wp-json\/wp\/v2\/categories?post=8353"},{"taxonomy":"post_tag","embeddable":true,"href":"https:\/\/dev.antudigital.cl\/sites\/vc\/wp-json\/wp\/v2\/tags?post=8353"}],"curies":[{"name":"wp","href":"https:\/\/api.w.org\/{rel}","templated":true}]}}