{"id":8357,"date":"2021-01-19T08:37:17","date_gmt":"2021-01-19T08:37:17","guid":{"rendered":"https:\/\/www.valparaisocreativo.cl\/?p=5776"},"modified":"2021-12-24T19:36:49","modified_gmt":"2021-12-24T19:36:49","slug":"falsas-esperanzas-descubre-mas-sobre-la-nueva-expo-colectiva-en-casaplan","status":"publish","type":"post","link":"https:\/\/dev.antudigital.cl\/sites\/vc\/falsas-esperanzas-descubre-mas-sobre-la-nueva-expo-colectiva-en-casaplan\/","title":{"rendered":"\u00abFalsas esperanzas\u00bb: descubre m\u00e1s sobre la nueva expo colectiva en Casaplan"},"content":{"rendered":"<p><em>Texto: Constanza Jarpa Luco<\/em><\/p>\n<h5>Coordinadora y expositora\u00a0 de la muestra <i>Falsas Esperanzas<\/i><\/h5>\n<h5><i>*Artista visual y profesora del Instituto de Arte de la Pontificia Universidad Cat\u00f3lica de Valpara\u00edso<\/i><\/h5>\n<p><em>Fotograf\u00edas por: Rodolfo Mu\u00f1oz y Paula L\u00f3pez-Droguett<\/em><\/p>\n<p>&nbsp;<\/p>\n<p>Recientemente Casaplan inaugur\u00f3 una nueva muestra en modalidad presencial y virtual. Se trata de Falsas Esperanzas, exposici\u00f3n colectiva en subterr\u00e1neo y galer\u00eda Casaplan de Valpara\u00edso (Av. Brasil 1490) que se mantendr\u00e1 desde el 11 de enero al 26de febrero de 2021.<\/p>\n<ul>\n<li><b>\u00bfQu\u00e9 es lo central en ella?<\/b><\/li>\n<\/ul>\n<p><b><i>Falsas Esperanzas<\/i><\/b> se arma con el grupo de artistas: Ram\u00f3n Aldunate, Rodrigo Arteaga, Raisa Bosich, Tom\u00e1s Fern\u00e1ndez, Gabriel Holzapfel, Constanza Jarpa-Luco, Paula L\u00f3pez-Droguett, Rodolfo Mu\u00f1oz, Consuelo Rodr\u00edguez, Renato \u00d3rdenes, Carlos Silva y Pablo Suazo.<\/p>\n<p>El grupo estaba previamente constituido, por lo que no hay una elecci\u00f3n de obras seg\u00fan un tema en particular. Eso mismo hizo que las obras finalmente se permearan de la idea del t\u00edtulo, como una especie de condici\u00f3n previa. La exposici\u00f3n da un panorama muy heterog\u00e9neo en los distintos lenguajes que aborda, desde obras cercanas a la abstracci\u00f3n geom\u00e9trica, instalaci\u00f3n, fotograf\u00eda, objetos, video, gr\u00e1fica, hasta pintura mas tradicional, que de alg\u00fan modo comparten un estado de \u00e1nimo en com\u00fan.<\/p>\n\n<ul>\n<li><b>\u00bfC\u00f3mo se gesta esta exposici\u00f3n?<\/b><\/li>\n<\/ul>\n<p>La exposici\u00f3n <b><i>Falsas esperanzas<\/i><\/b> comienza a tomar forma a partir de una invitaci\u00f3n a exponer que hace Roberto Acosta de Casaplan, en medio de los enrarecidos tiempos saliendo de cuarentena. Era el momento de aprovechar esta ventana de dudosa libertad que est\u00e1bamos comenzando a tener desde octubre 2020 y recuperar de alg\u00fan modo la presencialidad de las obras, su dimensi\u00f3n f\u00edsica y espacial irremplazable.<\/p>\n<p>Ah\u00ed se me ocurre que era un buen momento para reunir a un grupo de artistas que hace justo un a\u00f1o hab\u00edamos sido convocadas por unas curadoras estadounidenses a exponer en un centro de arte en Carolina del Norte, donde participar\u00edan artistas de Valdivia, Valpara\u00edso y algunos de Santiago. Est\u00e1bamos armando eso cuando se viene el 18 de octubre de 2019 y las obras evidentemente comenzaron a tener otro rumbo. En febrero de 2020 llegaba el momento en que una empresa gringa las iba a retirar y embalar, surge la pandemia y se quedan varadas en el puerto, a la espera, hasta ahora.<\/p>\n<p>De ah\u00ed el t\u00edtulo <b><i>Falsas Esperanzas<\/i><\/b>, como una suerte de destino tragic\u00f3mico de un grupo de artistas que iba a exponer en Estados Unidos. De esas obras varadas nace esta exposici\u00f3n, algunas han sido repensadas o resignificadas para el espacio de Casaplan y el contexto local, otras son completamente nuevas, pero dir\u00eda que todas est\u00e1n trastocadas por esos dos acontecimientos, fines del 2019 y el encierro del 2020.<\/p>\n<p>&nbsp;<\/p>\n<ul>\n<li><b>\u00bfPor qu\u00e9 en casaplan?<\/b><\/li>\n<\/ul>\n<p>Casaplan es el \u00fanico espacio independiente que va quedando en el plan de Valpara\u00edso, donde se pueden mostrar obras de gran formato y recibir la afluencia del p\u00fablico del plan. Ha sido un lugar muy importante estos \u00faltimos a\u00f1os en que han ido desapareciendo galer\u00edas y espacios de exposici\u00f3n.<\/p>\n<p>&nbsp;<\/p>\n<p><strong>Si quieres visitar la muestra:<\/strong><\/p>\n<h3>Visitas previa inscripci\u00f3n de lunes a viernes de 10 a 16 hrs escribiendo a coordinaci\u00f3n@casaplan.cl o al\u00a0 whatsapp +56985845553.<\/h3>\n<h3>Aforo m\u00e1ximo 5 personas dentro de cada sala siguiendo los protocolos indicados seg\u00fan la fase en la que se encuentre la comuna de Valpara\u00edso.<\/h3>\n<h3>La muestra tambi\u00e9n podr\u00e1 ser visitada de manera online en la web <a href=\"http:\/\/www.casaplan.cl\">www.casaplan.cl<\/a> a partir del lunes 18 de enero<\/h3>\n","protected":false},"excerpt":{"rendered":"<p>Texto: Constanza Jarpa Luco Coordinadora y expositora\u00a0 de la muestra Falsas Esperanzas *Artista visual y profesora del Instituto de Arte de la Pontificia Universidad Cat\u00f3lica de Valpara\u00edso Fotograf\u00edas por: Rodolfo Mu\u00f1oz y Paula L\u00f3pez-Droguett &nbsp; Recientemente Casaplan inaugur\u00f3 una nueva muestra en modalidad presencial y virtual. Se trata de Falsas Esperanzas, exposici\u00f3n colectiva en subterr\u00e1neo [&hellip;]<\/p>\n","protected":false},"author":3,"featured_media":8360,"comment_status":"closed","ping_status":"closed","sticky":false,"template":"","format":"standard","meta":{"_acf_changed":false,"footnotes":""},"categories":[8],"tags":[],"class_list":["post-8357","post","type-post","status-publish","format-standard","has-post-thumbnail","hentry","category-noticia"],"acf":[],"yoast_head":"<!-- This site is optimized with the Yoast SEO plugin v27.1.1 - https:\/\/yoast.com\/product\/yoast-seo-wordpress\/ -->\n<title>&quot;Falsas esperanzas&quot;: descubre m\u00e1s sobre la nueva expo colectiva en Casaplan - Valpara\u00ed\u00adso Creativo<\/title>\n<meta name=\"robots\" content=\"index, follow, max-snippet:-1, max-image-preview:large, max-video-preview:-1\" \/>\n<link rel=\"canonical\" href=\"https:\/\/dev.antudigital.cl\/sites\/vc\/falsas-esperanzas-descubre-mas-sobre-la-nueva-expo-colectiva-en-casaplan\/\" \/>\n<meta property=\"og:locale\" content=\"es_ES\" \/>\n<meta property=\"og:type\" content=\"article\" \/>\n<meta property=\"og:title\" content=\"&quot;Falsas esperanzas&quot;: descubre m\u00e1s sobre la nueva expo colectiva en Casaplan - Valpara\u00ed\u00adso Creativo\" \/>\n<meta property=\"og:description\" content=\"Texto: Constanza Jarpa Luco Coordinadora y expositora\u00a0 de la muestra Falsas Esperanzas *Artista visual y profesora del Instituto de Arte de la Pontificia Universidad Cat\u00f3lica de Valpara\u00edso Fotograf\u00edas por: Rodolfo Mu\u00f1oz y Paula L\u00f3pez-Droguett &nbsp; Recientemente Casaplan inaugur\u00f3 una nueva muestra en modalidad presencial y virtual. Se trata de Falsas Esperanzas, exposici\u00f3n colectiva en subterr\u00e1neo [&hellip;]\" \/>\n<meta property=\"og:url\" content=\"https:\/\/dev.antudigital.cl\/sites\/vc\/falsas-esperanzas-descubre-mas-sobre-la-nueva-expo-colectiva-en-casaplan\/\" \/>\n<meta property=\"og:site_name\" content=\"Valpara\u00ed\u00adso Creativo\" \/>\n<meta property=\"article:published_time\" content=\"2021-01-19T08:37:17+00:00\" \/>\n<meta property=\"article:modified_time\" content=\"2021-12-24T19:36:49+00:00\" \/>\n<meta property=\"og:image\" content=\"https:\/\/dev.antudigital.cl\/sites\/vc\/wp-content\/uploads\/2021\/01\/FE1.jpg\" \/>\n\t<meta property=\"og:image:width\" content=\"1280\" \/>\n\t<meta property=\"og:image:height\" content=\"853\" \/>\n\t<meta property=\"og:image:type\" content=\"image\/jpeg\" \/>\n<meta name=\"author\" content=\"Valparaiso Creativo\" \/>\n<meta name=\"twitter:card\" content=\"summary_large_image\" \/>\n<meta name=\"twitter:label1\" content=\"Escrito por\" \/>\n\t<meta name=\"twitter:data1\" content=\"Valparaiso Creativo\" \/>\n\t<meta name=\"twitter:label2\" content=\"Tiempo de lectura\" \/>\n\t<meta name=\"twitter:data2\" content=\"3 minutos\" \/>\n<script type=\"application\/ld+json\" class=\"yoast-schema-graph\">{\"@context\":\"https:\/\/schema.org\",\"@graph\":[{\"@type\":\"Article\",\"@id\":\"https:\/\/dev.antudigital.cl\/sites\/vc\/falsas-esperanzas-descubre-mas-sobre-la-nueva-expo-colectiva-en-casaplan\/#article\",\"isPartOf\":{\"@id\":\"https:\/\/dev.antudigital.cl\/sites\/vc\/falsas-esperanzas-descubre-mas-sobre-la-nueva-expo-colectiva-en-casaplan\/\"},\"author\":{\"name\":\"Valparaiso Creativo\",\"@id\":\"https:\/\/dev.antudigital.cl\/sites\/vc\/#\/schema\/person\/81d1dcd51abd542b5dfc00f5f951a0f1\"},\"headline\":\"\u00abFalsas esperanzas\u00bb: descubre m\u00e1s sobre la nueva expo colectiva en Casaplan\",\"datePublished\":\"2021-01-19T08:37:17+00:00\",\"dateModified\":\"2021-12-24T19:36:49+00:00\",\"mainEntityOfPage\":{\"@id\":\"https:\/\/dev.antudigital.cl\/sites\/vc\/falsas-esperanzas-descubre-mas-sobre-la-nueva-expo-colectiva-en-casaplan\/\"},\"wordCount\":619,\"image\":{\"@id\":\"https:\/\/dev.antudigital.cl\/sites\/vc\/falsas-esperanzas-descubre-mas-sobre-la-nueva-expo-colectiva-en-casaplan\/#primaryimage\"},\"thumbnailUrl\":\"https:\/\/dev.antudigital.cl\/sites\/vc\/wp-content\/uploads\/2021\/01\/FE1.jpg\",\"articleSection\":[\"Noticia\"],\"inLanguage\":\"es\"},{\"@type\":\"WebPage\",\"@id\":\"https:\/\/dev.antudigital.cl\/sites\/vc\/falsas-esperanzas-descubre-mas-sobre-la-nueva-expo-colectiva-en-casaplan\/\",\"url\":\"https:\/\/dev.antudigital.cl\/sites\/vc\/falsas-esperanzas-descubre-mas-sobre-la-nueva-expo-colectiva-en-casaplan\/\",\"name\":\"\\\"Falsas esperanzas\\\": descubre m\u00e1s sobre la nueva expo colectiva en Casaplan - Valpara\u00ed\u00adso Creativo\",\"isPartOf\":{\"@id\":\"https:\/\/dev.antudigital.cl\/sites\/vc\/#website\"},\"primaryImageOfPage\":{\"@id\":\"https:\/\/dev.antudigital.cl\/sites\/vc\/falsas-esperanzas-descubre-mas-sobre-la-nueva-expo-colectiva-en-casaplan\/#primaryimage\"},\"image\":{\"@id\":\"https:\/\/dev.antudigital.cl\/sites\/vc\/falsas-esperanzas-descubre-mas-sobre-la-nueva-expo-colectiva-en-casaplan\/#primaryimage\"},\"thumbnailUrl\":\"https:\/\/dev.antudigital.cl\/sites\/vc\/wp-content\/uploads\/2021\/01\/FE1.jpg\",\"datePublished\":\"2021-01-19T08:37:17+00:00\",\"dateModified\":\"2021-12-24T19:36:49+00:00\",\"author\":{\"@id\":\"https:\/\/dev.antudigital.cl\/sites\/vc\/#\/schema\/person\/81d1dcd51abd542b5dfc00f5f951a0f1\"},\"breadcrumb\":{\"@id\":\"https:\/\/dev.antudigital.cl\/sites\/vc\/falsas-esperanzas-descubre-mas-sobre-la-nueva-expo-colectiva-en-casaplan\/#breadcrumb\"},\"inLanguage\":\"es\",\"potentialAction\":[{\"@type\":\"ReadAction\",\"target\":[\"https:\/\/dev.antudigital.cl\/sites\/vc\/falsas-esperanzas-descubre-mas-sobre-la-nueva-expo-colectiva-en-casaplan\/\"]}]},{\"@type\":\"ImageObject\",\"inLanguage\":\"es\",\"@id\":\"https:\/\/dev.antudigital.cl\/sites\/vc\/falsas-esperanzas-descubre-mas-sobre-la-nueva-expo-colectiva-en-casaplan\/#primaryimage\",\"url\":\"https:\/\/dev.antudigital.cl\/sites\/vc\/wp-content\/uploads\/2021\/01\/FE1.jpg\",\"contentUrl\":\"https:\/\/dev.antudigital.cl\/sites\/vc\/wp-content\/uploads\/2021\/01\/FE1.jpg\",\"width\":1280,\"height\":853},{\"@type\":\"BreadcrumbList\",\"@id\":\"https:\/\/dev.antudigital.cl\/sites\/vc\/falsas-esperanzas-descubre-mas-sobre-la-nueva-expo-colectiva-en-casaplan\/#breadcrumb\",\"itemListElement\":[{\"@type\":\"ListItem\",\"position\":1,\"name\":\"Home\",\"item\":\"https:\/\/dev.antudigital.cl\/sites\/vc\/\"},{\"@type\":\"ListItem\",\"position\":2,\"name\":\"\u00abFalsas esperanzas\u00bb: descubre m\u00e1s sobre la nueva expo colectiva en Casaplan\"}]},{\"@type\":\"WebSite\",\"@id\":\"https:\/\/dev.antudigital.cl\/sites\/vc\/#website\",\"url\":\"https:\/\/dev.antudigital.cl\/sites\/vc\/\",\"name\":\"Valpara\u00ed\u00adso Creativo\",\"description\":\"\",\"potentialAction\":[{\"@type\":\"SearchAction\",\"target\":{\"@type\":\"EntryPoint\",\"urlTemplate\":\"https:\/\/dev.antudigital.cl\/sites\/vc\/?s={search_term_string}\"},\"query-input\":{\"@type\":\"PropertyValueSpecification\",\"valueRequired\":true,\"valueName\":\"search_term_string\"}}],\"inLanguage\":\"es\"},{\"@type\":\"Person\",\"@id\":\"https:\/\/dev.antudigital.cl\/sites\/vc\/#\/schema\/person\/81d1dcd51abd542b5dfc00f5f951a0f1\",\"name\":\"Valparaiso Creativo\",\"url\":\"https:\/\/dev.antudigital.cl\/sites\/vc\/author\/valparaiso-creativo\/\"}]}<\/script>\n<!-- \/ Yoast SEO plugin. -->","yoast_head_json":{"title":"\"Falsas esperanzas\": descubre m\u00e1s sobre la nueva expo colectiva en Casaplan - Valpara\u00ed\u00adso Creativo","robots":{"index":"index","follow":"follow","max-snippet":"max-snippet:-1","max-image-preview":"max-image-preview:large","max-video-preview":"max-video-preview:-1"},"canonical":"https:\/\/dev.antudigital.cl\/sites\/vc\/falsas-esperanzas-descubre-mas-sobre-la-nueva-expo-colectiva-en-casaplan\/","og_locale":"es_ES","og_type":"article","og_title":"\"Falsas esperanzas\": descubre m\u00e1s sobre la nueva expo colectiva en Casaplan - Valpara\u00ed\u00adso Creativo","og_description":"Texto: Constanza Jarpa Luco Coordinadora y expositora\u00a0 de la muestra Falsas Esperanzas *Artista visual y profesora del Instituto de Arte de la Pontificia Universidad Cat\u00f3lica de Valpara\u00edso Fotograf\u00edas por: Rodolfo Mu\u00f1oz y Paula L\u00f3pez-Droguett &nbsp; Recientemente Casaplan inaugur\u00f3 una nueva muestra en modalidad presencial y virtual. Se trata de Falsas Esperanzas, exposici\u00f3n colectiva en subterr\u00e1neo [&hellip;]","og_url":"https:\/\/dev.antudigital.cl\/sites\/vc\/falsas-esperanzas-descubre-mas-sobre-la-nueva-expo-colectiva-en-casaplan\/","og_site_name":"Valpara\u00ed\u00adso Creativo","article_published_time":"2021-01-19T08:37:17+00:00","article_modified_time":"2021-12-24T19:36:49+00:00","og_image":[{"width":1280,"height":853,"url":"https:\/\/dev.antudigital.cl\/sites\/vc\/wp-content\/uploads\/2021\/01\/FE1.jpg","type":"image\/jpeg"}],"author":"Valparaiso Creativo","twitter_card":"summary_large_image","twitter_misc":{"Escrito por":"Valparaiso Creativo","Tiempo de lectura":"3 minutos"},"schema":{"@context":"https:\/\/schema.org","@graph":[{"@type":"Article","@id":"https:\/\/dev.antudigital.cl\/sites\/vc\/falsas-esperanzas-descubre-mas-sobre-la-nueva-expo-colectiva-en-casaplan\/#article","isPartOf":{"@id":"https:\/\/dev.antudigital.cl\/sites\/vc\/falsas-esperanzas-descubre-mas-sobre-la-nueva-expo-colectiva-en-casaplan\/"},"author":{"name":"Valparaiso Creativo","@id":"https:\/\/dev.antudigital.cl\/sites\/vc\/#\/schema\/person\/81d1dcd51abd542b5dfc00f5f951a0f1"},"headline":"\u00abFalsas esperanzas\u00bb: descubre m\u00e1s sobre la nueva expo colectiva en Casaplan","datePublished":"2021-01-19T08:37:17+00:00","dateModified":"2021-12-24T19:36:49+00:00","mainEntityOfPage":{"@id":"https:\/\/dev.antudigital.cl\/sites\/vc\/falsas-esperanzas-descubre-mas-sobre-la-nueva-expo-colectiva-en-casaplan\/"},"wordCount":619,"image":{"@id":"https:\/\/dev.antudigital.cl\/sites\/vc\/falsas-esperanzas-descubre-mas-sobre-la-nueva-expo-colectiva-en-casaplan\/#primaryimage"},"thumbnailUrl":"https:\/\/dev.antudigital.cl\/sites\/vc\/wp-content\/uploads\/2021\/01\/FE1.jpg","articleSection":["Noticia"],"inLanguage":"es"},{"@type":"WebPage","@id":"https:\/\/dev.antudigital.cl\/sites\/vc\/falsas-esperanzas-descubre-mas-sobre-la-nueva-expo-colectiva-en-casaplan\/","url":"https:\/\/dev.antudigital.cl\/sites\/vc\/falsas-esperanzas-descubre-mas-sobre-la-nueva-expo-colectiva-en-casaplan\/","name":"\"Falsas esperanzas\": descubre m\u00e1s sobre la nueva expo colectiva en Casaplan - Valpara\u00ed\u00adso Creativo","isPartOf":{"@id":"https:\/\/dev.antudigital.cl\/sites\/vc\/#website"},"primaryImageOfPage":{"@id":"https:\/\/dev.antudigital.cl\/sites\/vc\/falsas-esperanzas-descubre-mas-sobre-la-nueva-expo-colectiva-en-casaplan\/#primaryimage"},"image":{"@id":"https:\/\/dev.antudigital.cl\/sites\/vc\/falsas-esperanzas-descubre-mas-sobre-la-nueva-expo-colectiva-en-casaplan\/#primaryimage"},"thumbnailUrl":"https:\/\/dev.antudigital.cl\/sites\/vc\/wp-content\/uploads\/2021\/01\/FE1.jpg","datePublished":"2021-01-19T08:37:17+00:00","dateModified":"2021-12-24T19:36:49+00:00","author":{"@id":"https:\/\/dev.antudigital.cl\/sites\/vc\/#\/schema\/person\/81d1dcd51abd542b5dfc00f5f951a0f1"},"breadcrumb":{"@id":"https:\/\/dev.antudigital.cl\/sites\/vc\/falsas-esperanzas-descubre-mas-sobre-la-nueva-expo-colectiva-en-casaplan\/#breadcrumb"},"inLanguage":"es","potentialAction":[{"@type":"ReadAction","target":["https:\/\/dev.antudigital.cl\/sites\/vc\/falsas-esperanzas-descubre-mas-sobre-la-nueva-expo-colectiva-en-casaplan\/"]}]},{"@type":"ImageObject","inLanguage":"es","@id":"https:\/\/dev.antudigital.cl\/sites\/vc\/falsas-esperanzas-descubre-mas-sobre-la-nueva-expo-colectiva-en-casaplan\/#primaryimage","url":"https:\/\/dev.antudigital.cl\/sites\/vc\/wp-content\/uploads\/2021\/01\/FE1.jpg","contentUrl":"https:\/\/dev.antudigital.cl\/sites\/vc\/wp-content\/uploads\/2021\/01\/FE1.jpg","width":1280,"height":853},{"@type":"BreadcrumbList","@id":"https:\/\/dev.antudigital.cl\/sites\/vc\/falsas-esperanzas-descubre-mas-sobre-la-nueva-expo-colectiva-en-casaplan\/#breadcrumb","itemListElement":[{"@type":"ListItem","position":1,"name":"Home","item":"https:\/\/dev.antudigital.cl\/sites\/vc\/"},{"@type":"ListItem","position":2,"name":"\u00abFalsas esperanzas\u00bb: descubre m\u00e1s sobre la nueva expo colectiva en Casaplan"}]},{"@type":"WebSite","@id":"https:\/\/dev.antudigital.cl\/sites\/vc\/#website","url":"https:\/\/dev.antudigital.cl\/sites\/vc\/","name":"Valpara\u00ed\u00adso Creativo","description":"","potentialAction":[{"@type":"SearchAction","target":{"@type":"EntryPoint","urlTemplate":"https:\/\/dev.antudigital.cl\/sites\/vc\/?s={search_term_string}"},"query-input":{"@type":"PropertyValueSpecification","valueRequired":true,"valueName":"search_term_string"}}],"inLanguage":"es"},{"@type":"Person","@id":"https:\/\/dev.antudigital.cl\/sites\/vc\/#\/schema\/person\/81d1dcd51abd542b5dfc00f5f951a0f1","name":"Valparaiso Creativo","url":"https:\/\/dev.antudigital.cl\/sites\/vc\/author\/valparaiso-creativo\/"}]}},"_links":{"self":[{"href":"https:\/\/dev.antudigital.cl\/sites\/vc\/wp-json\/wp\/v2\/posts\/8357","targetHints":{"allow":["GET"]}}],"collection":[{"href":"https:\/\/dev.antudigital.cl\/sites\/vc\/wp-json\/wp\/v2\/posts"}],"about":[{"href":"https:\/\/dev.antudigital.cl\/sites\/vc\/wp-json\/wp\/v2\/types\/post"}],"author":[{"embeddable":true,"href":"https:\/\/dev.antudigital.cl\/sites\/vc\/wp-json\/wp\/v2\/users\/3"}],"replies":[{"embeddable":true,"href":"https:\/\/dev.antudigital.cl\/sites\/vc\/wp-json\/wp\/v2\/comments?post=8357"}],"version-history":[{"count":1,"href":"https:\/\/dev.antudigital.cl\/sites\/vc\/wp-json\/wp\/v2\/posts\/8357\/revisions"}],"predecessor-version":[{"id":8372,"href":"https:\/\/dev.antudigital.cl\/sites\/vc\/wp-json\/wp\/v2\/posts\/8357\/revisions\/8372"}],"wp:featuredmedia":[{"embeddable":true,"href":"https:\/\/dev.antudigital.cl\/sites\/vc\/wp-json\/wp\/v2\/media\/8360"}],"wp:attachment":[{"href":"https:\/\/dev.antudigital.cl\/sites\/vc\/wp-json\/wp\/v2\/media?parent=8357"}],"wp:term":[{"taxonomy":"category","embeddable":true,"href":"https:\/\/dev.antudigital.cl\/sites\/vc\/wp-json\/wp\/v2\/categories?post=8357"},{"taxonomy":"post_tag","embeddable":true,"href":"https:\/\/dev.antudigital.cl\/sites\/vc\/wp-json\/wp\/v2\/tags?post=8357"}],"curies":[{"name":"wp","href":"https:\/\/api.w.org\/{rel}","templated":true}]}}