{"id":8361,"date":"2021-01-15T18:34:20","date_gmt":"2021-01-15T18:34:20","guid":{"rendered":"https:\/\/www.valparaisocreativo.cl\/?p=5771"},"modified":"2021-12-24T19:37:00","modified_gmt":"2021-12-24T19:37:00","slug":"2021-el-ano-de-la-economia-creativa-para-el-desarrollo-sostenible","status":"publish","type":"post","link":"https:\/\/dev.antudigital.cl\/sites\/vc\/2021-el-ano-de-la-economia-creativa-para-el-desarrollo-sostenible\/","title":{"rendered":"2021: El a\u00f1o de la econom\u00eda creativa para el desarrollo sostenible"},"content":{"rendered":"<div class=\"short content\">\n<h4>Esta es la raz\u00f3n por la cual organizaciones como la UNESCO y Organizaci\u00f3n de la Naciones Unidas (ONU), dedicar\u00e1n un a\u00f1o entero a la econom\u00eda creativa y su papel fundamental en la promoci\u00f3n del desarrollo sostenible, especialmente en un mundo post- coronavirus.<\/h4>\n<\/div>\n<div class=\"long content\">\n<p>Despu\u00e9s de un a\u00f1o de cuarentena inducida por la pandemia, no podr\u00eda haber un mejor momento para apreciar la econom\u00eda creativa. Las Naciones Unidas est\u00e1n haciendo precisamente \u00e8sto, ya que han designado el 2021 como el A\u00f1o Internacional de la Econom\u00eda Creativa para el Desarrollo Sostenible.<\/p>\n<p>A medida que la pandemia de coronavirus empezaba a paralizar la vida cotidiana, muchas personas comenzaron a realizar artesan\u00edas, leer libros, ver un sinf\u00edn de series y pel\u00edculas, conectarse a conciertos digitales o comprar en l\u00ednea la \u00faltima moda. Dichas acciones ayudaron de esta forma a movilizar la econom\u00eda creativa.<\/p>\n<p>En diciembre del 2019, la ONU adopt\u00f3 la resoluci\u00f3n A \/ RES \/ 74\/198, declarando 2021 como el \u201cA\u00f1o Internacional de la Econom\u00eda Creativa para el Desarrollo Sostenible\u201d. Presentado por Indonesia, la resoluci\u00f3n fue patrocinada por 81 pa\u00edses, un respaldo rotundo para la econom\u00eda creativa que es a menudo mal entendida y tergiversada.<\/p>\n<p>Las industrias creativas y culturales han desempe\u00f1ado un papel importante en la mediaci\u00f3n de la transformaci\u00f3n digital que est\u00e1 ocurriendo a nivel mundial, y m\u00e1s desde que COVID-19 nos empuj\u00f3 en l\u00ednea en cantidades sin precedentes.<\/p>\n<p>La resoluci\u00f3n de Naciones Unidas reconoce que la econom\u00eda creativa tiene el potencial de ayudar a los pa\u00edses en desarrollo y pa\u00edses con econom\u00edas en transici\u00f3n a diversificar la producci\u00f3n y las exportaciones y lograr un desarrollo sostenible de manera inclusiva y equitativa.<\/p>\n<p>&nbsp;<\/p>\n<h4><strong>Industrias creativas: gravemente afectadas por la pandemia<\/strong><\/h4>\n<p>El coronavirus le ha dado un golpe terrible a las industrias creativas, que emplean a m\u00e1s de 30 millones de personas en todo el mundo, en su mayor\u00eda j\u00f3venes. En 2020, las estimaciones dicen que la cancelaci\u00f3n de actuaciones p\u00fablicas por s\u00ed solas, ha costado a los autores aproximadamente el 30% de sus ganancias por derechos, mientras que la industria cinematogr\u00e1fica mundial ha perdido $ 7 mil millones de d\u00f3lares en ingresos.<\/p>\n<p>&nbsp;<\/p>\n<h4><strong>Pero, \u00bfqu\u00e9 es la econom\u00eda creativa?<\/strong><\/h4>\n<p>La econom\u00eda creativa abarca las actividades econ\u00f3micas basadas en el conocimiento y talento. Las \u00abindustrias creativas\u00bb que son los motores de la econom\u00eda \u00a0creativa son industrias como la publicidad, la arquitectura, las artes y artesan\u00eda, el dise\u00f1o, la moda, el cine, el video, la fotograf\u00eda, la m\u00fasica, las artes esc\u00e9nicas, la publicaci\u00f3n, la investigaci\u00f3n y el desarrollo, el software, los juegos de computadora, la TV y la radio.<\/p>\n<p>&nbsp;<\/p>\n<h4><strong>La era dorada<\/strong><\/h4>\n<p>La econom\u00eda creativa representa alrededor del 3% del PIB mundial, seg\u00fan un estudio de 2015 de la firma de servicios profesionales EY. Pero podr\u00eda decirse que vale mucho m\u00e1s cuando se agrega valor cultural a sus ganancias comerciales.<\/p>\n<p>En Indonesia, que llev\u00f3 la resoluci\u00f3n a la Asamblea General de la ONU, la econom\u00eda creativa contribuye con el 7,4% del PIB. Tambi\u00e9n emplea al 14,3% de su fuerza laboral: desde la artesan\u00eda hasta los juegos, la moda y los muebles. Y el potencial sin explotar es enorme.<\/p>\n<p>Estos son ejemplos monetarios de un impacto m\u00e1s amplio, ya que la econom\u00eda creativa es un sector econ\u00f3mico emergente poderoso, fortalecido por la digitalizaci\u00f3n y un aumento en los servicios.<\/p>\n<\/div>\n<p>&nbsp;<\/p>\n<div class=\"long content\">\n<h4><strong>Qu\u00e9 significa la resoluci\u00f3n y actividades claves<\/strong><\/h4>\n<p>Durante el a\u00f1o 2021, los pa\u00edses miembros de Naciones Unidas y las organizaciones trabajar\u00e1n juntos para mejorar la recopilaci\u00f3n de datos para medir la econom\u00eda creativa. Los datos regulares, confiables y comparables sobre la contribuci\u00f3n de la econom\u00eda creativa ayudar\u00e1n a comprender mejor sus contribuciones socioecon\u00f3micas a todos los niveles: mundial, regional y nacional.<\/p>\n<p>&nbsp;<\/p>\n<p><em>Fuente: Conferencia de las Naciones Unidas sobre el Comercio y Desarrollo<\/em><\/p>\n<p><em>Fotograf\u00eda: Rodolfo Mu\u00f1oz para Valpara\u00edso Creativo.<\/em><\/p>\n<\/div>\n","protected":false},"excerpt":{"rendered":"<p>Esta es la raz\u00f3n por la cual organizaciones como la UNESCO y Organizaci\u00f3n de la Naciones Unidas (ONU), dedicar\u00e1n un a\u00f1o entero a la econom\u00eda creativa y su papel fundamental en la promoci\u00f3n del desarrollo sostenible, especialmente en un mundo post- coronavirus. Despu\u00e9s de un a\u00f1o de cuarentena inducida por la pandemia, no podr\u00eda haber [&hellip;]<\/p>\n","protected":false},"author":3,"featured_media":8363,"comment_status":"closed","ping_status":"closed","sticky":false,"template":"","format":"standard","meta":{"_acf_changed":false,"footnotes":""},"categories":[8],"tags":[],"class_list":["post-8361","post","type-post","status-publish","format-standard","has-post-thumbnail","hentry","category-noticia"],"acf":[],"yoast_head":"<!-- This site is optimized with the Yoast SEO plugin v27.1.1 - https:\/\/yoast.com\/product\/yoast-seo-wordpress\/ -->\n<title>2021: El a\u00f1o de la econom\u00eda creativa para el desarrollo sostenible - Valpara\u00ed\u00adso Creativo<\/title>\n<meta name=\"robots\" content=\"index, follow, max-snippet:-1, max-image-preview:large, max-video-preview:-1\" \/>\n<link rel=\"canonical\" href=\"https:\/\/dev.antudigital.cl\/sites\/vc\/2021-el-ano-de-la-economia-creativa-para-el-desarrollo-sostenible\/\" \/>\n<meta property=\"og:locale\" content=\"es_ES\" \/>\n<meta property=\"og:type\" content=\"article\" \/>\n<meta property=\"og:title\" content=\"2021: El a\u00f1o de la econom\u00eda creativa para el desarrollo sostenible - Valpara\u00ed\u00adso Creativo\" \/>\n<meta property=\"og:description\" content=\"Esta es la raz\u00f3n por la cual organizaciones como la UNESCO y Organizaci\u00f3n de la Naciones Unidas (ONU), dedicar\u00e1n un a\u00f1o entero a la econom\u00eda creativa y su papel fundamental en la promoci\u00f3n del desarrollo sostenible, especialmente en un mundo post- coronavirus. Despu\u00e9s de un a\u00f1o de cuarentena inducida por la pandemia, no podr\u00eda haber [&hellip;]\" \/>\n<meta property=\"og:url\" content=\"https:\/\/dev.antudigital.cl\/sites\/vc\/2021-el-ano-de-la-economia-creativa-para-el-desarrollo-sostenible\/\" \/>\n<meta property=\"og:site_name\" content=\"Valpara\u00ed\u00adso Creativo\" \/>\n<meta property=\"article:published_time\" content=\"2021-01-15T18:34:20+00:00\" \/>\n<meta property=\"article:modified_time\" content=\"2021-12-24T19:37:00+00:00\" \/>\n<meta property=\"og:image\" content=\"https:\/\/dev.antudigital.cl\/sites\/vc\/wp-content\/uploads\/2019\/12\/Teatro-museo_0012_IMG_7657.jpg\" \/>\n\t<meta property=\"og:image:width\" content=\"1920\" \/>\n\t<meta property=\"og:image:height\" content=\"1080\" \/>\n\t<meta property=\"og:image:type\" content=\"image\/jpeg\" \/>\n<meta name=\"author\" content=\"Valparaiso Creativo\" \/>\n<meta name=\"twitter:card\" content=\"summary_large_image\" \/>\n<meta name=\"twitter:label1\" content=\"Escrito por\" \/>\n\t<meta name=\"twitter:data1\" content=\"Valparaiso Creativo\" \/>\n\t<meta name=\"twitter:label2\" content=\"Tiempo de lectura\" \/>\n\t<meta name=\"twitter:data2\" content=\"3 minutos\" \/>\n<script type=\"application\/ld+json\" class=\"yoast-schema-graph\">{\"@context\":\"https:\/\/schema.org\",\"@graph\":[{\"@type\":\"Article\",\"@id\":\"https:\/\/dev.antudigital.cl\/sites\/vc\/2021-el-ano-de-la-economia-creativa-para-el-desarrollo-sostenible\/#article\",\"isPartOf\":{\"@id\":\"https:\/\/dev.antudigital.cl\/sites\/vc\/2021-el-ano-de-la-economia-creativa-para-el-desarrollo-sostenible\/\"},\"author\":{\"name\":\"Valparaiso Creativo\",\"@id\":\"https:\/\/dev.antudigital.cl\/sites\/vc\/#\/schema\/person\/81d1dcd51abd542b5dfc00f5f951a0f1\"},\"headline\":\"2021: El a\u00f1o de la econom\u00eda creativa para el desarrollo sostenible\",\"datePublished\":\"2021-01-15T18:34:20+00:00\",\"dateModified\":\"2021-12-24T19:37:00+00:00\",\"mainEntityOfPage\":{\"@id\":\"https:\/\/dev.antudigital.cl\/sites\/vc\/2021-el-ano-de-la-economia-creativa-para-el-desarrollo-sostenible\/\"},\"wordCount\":699,\"image\":{\"@id\":\"https:\/\/dev.antudigital.cl\/sites\/vc\/2021-el-ano-de-la-economia-creativa-para-el-desarrollo-sostenible\/#primaryimage\"},\"thumbnailUrl\":\"https:\/\/dev.antudigital.cl\/sites\/vc\/wp-content\/uploads\/2019\/12\/Teatro-museo_0012_IMG_7657.jpg\",\"articleSection\":[\"Noticia\"],\"inLanguage\":\"es\"},{\"@type\":\"WebPage\",\"@id\":\"https:\/\/dev.antudigital.cl\/sites\/vc\/2021-el-ano-de-la-economia-creativa-para-el-desarrollo-sostenible\/\",\"url\":\"https:\/\/dev.antudigital.cl\/sites\/vc\/2021-el-ano-de-la-economia-creativa-para-el-desarrollo-sostenible\/\",\"name\":\"2021: El a\u00f1o de la econom\u00eda creativa para el desarrollo sostenible - Valpara\u00ed\u00adso Creativo\",\"isPartOf\":{\"@id\":\"https:\/\/dev.antudigital.cl\/sites\/vc\/#website\"},\"primaryImageOfPage\":{\"@id\":\"https:\/\/dev.antudigital.cl\/sites\/vc\/2021-el-ano-de-la-economia-creativa-para-el-desarrollo-sostenible\/#primaryimage\"},\"image\":{\"@id\":\"https:\/\/dev.antudigital.cl\/sites\/vc\/2021-el-ano-de-la-economia-creativa-para-el-desarrollo-sostenible\/#primaryimage\"},\"thumbnailUrl\":\"https:\/\/dev.antudigital.cl\/sites\/vc\/wp-content\/uploads\/2019\/12\/Teatro-museo_0012_IMG_7657.jpg\",\"datePublished\":\"2021-01-15T18:34:20+00:00\",\"dateModified\":\"2021-12-24T19:37:00+00:00\",\"author\":{\"@id\":\"https:\/\/dev.antudigital.cl\/sites\/vc\/#\/schema\/person\/81d1dcd51abd542b5dfc00f5f951a0f1\"},\"breadcrumb\":{\"@id\":\"https:\/\/dev.antudigital.cl\/sites\/vc\/2021-el-ano-de-la-economia-creativa-para-el-desarrollo-sostenible\/#breadcrumb\"},\"inLanguage\":\"es\",\"potentialAction\":[{\"@type\":\"ReadAction\",\"target\":[\"https:\/\/dev.antudigital.cl\/sites\/vc\/2021-el-ano-de-la-economia-creativa-para-el-desarrollo-sostenible\/\"]}]},{\"@type\":\"ImageObject\",\"inLanguage\":\"es\",\"@id\":\"https:\/\/dev.antudigital.cl\/sites\/vc\/2021-el-ano-de-la-economia-creativa-para-el-desarrollo-sostenible\/#primaryimage\",\"url\":\"https:\/\/dev.antudigital.cl\/sites\/vc\/wp-content\/uploads\/2019\/12\/Teatro-museo_0012_IMG_7657.jpg\",\"contentUrl\":\"https:\/\/dev.antudigital.cl\/sites\/vc\/wp-content\/uploads\/2019\/12\/Teatro-museo_0012_IMG_7657.jpg\",\"width\":1920,\"height\":1080},{\"@type\":\"BreadcrumbList\",\"@id\":\"https:\/\/dev.antudigital.cl\/sites\/vc\/2021-el-ano-de-la-economia-creativa-para-el-desarrollo-sostenible\/#breadcrumb\",\"itemListElement\":[{\"@type\":\"ListItem\",\"position\":1,\"name\":\"Home\",\"item\":\"https:\/\/dev.antudigital.cl\/sites\/vc\/\"},{\"@type\":\"ListItem\",\"position\":2,\"name\":\"2021: El a\u00f1o de la econom\u00eda creativa para el desarrollo sostenible\"}]},{\"@type\":\"WebSite\",\"@id\":\"https:\/\/dev.antudigital.cl\/sites\/vc\/#website\",\"url\":\"https:\/\/dev.antudigital.cl\/sites\/vc\/\",\"name\":\"Valpara\u00ed\u00adso Creativo\",\"description\":\"\",\"potentialAction\":[{\"@type\":\"SearchAction\",\"target\":{\"@type\":\"EntryPoint\",\"urlTemplate\":\"https:\/\/dev.antudigital.cl\/sites\/vc\/?s={search_term_string}\"},\"query-input\":{\"@type\":\"PropertyValueSpecification\",\"valueRequired\":true,\"valueName\":\"search_term_string\"}}],\"inLanguage\":\"es\"},{\"@type\":\"Person\",\"@id\":\"https:\/\/dev.antudigital.cl\/sites\/vc\/#\/schema\/person\/81d1dcd51abd542b5dfc00f5f951a0f1\",\"name\":\"Valparaiso Creativo\",\"url\":\"https:\/\/dev.antudigital.cl\/sites\/vc\/author\/valparaiso-creativo\/\"}]}<\/script>\n<!-- \/ Yoast SEO plugin. -->","yoast_head_json":{"title":"2021: El a\u00f1o de la econom\u00eda creativa para el desarrollo sostenible - Valpara\u00ed\u00adso Creativo","robots":{"index":"index","follow":"follow","max-snippet":"max-snippet:-1","max-image-preview":"max-image-preview:large","max-video-preview":"max-video-preview:-1"},"canonical":"https:\/\/dev.antudigital.cl\/sites\/vc\/2021-el-ano-de-la-economia-creativa-para-el-desarrollo-sostenible\/","og_locale":"es_ES","og_type":"article","og_title":"2021: El a\u00f1o de la econom\u00eda creativa para el desarrollo sostenible - Valpara\u00ed\u00adso Creativo","og_description":"Esta es la raz\u00f3n por la cual organizaciones como la UNESCO y Organizaci\u00f3n de la Naciones Unidas (ONU), dedicar\u00e1n un a\u00f1o entero a la econom\u00eda creativa y su papel fundamental en la promoci\u00f3n del desarrollo sostenible, especialmente en un mundo post- coronavirus. Despu\u00e9s de un a\u00f1o de cuarentena inducida por la pandemia, no podr\u00eda haber [&hellip;]","og_url":"https:\/\/dev.antudigital.cl\/sites\/vc\/2021-el-ano-de-la-economia-creativa-para-el-desarrollo-sostenible\/","og_site_name":"Valpara\u00ed\u00adso Creativo","article_published_time":"2021-01-15T18:34:20+00:00","article_modified_time":"2021-12-24T19:37:00+00:00","og_image":[{"width":1920,"height":1080,"url":"https:\/\/dev.antudigital.cl\/sites\/vc\/wp-content\/uploads\/2019\/12\/Teatro-museo_0012_IMG_7657.jpg","type":"image\/jpeg"}],"author":"Valparaiso Creativo","twitter_card":"summary_large_image","twitter_misc":{"Escrito por":"Valparaiso Creativo","Tiempo de lectura":"3 minutos"},"schema":{"@context":"https:\/\/schema.org","@graph":[{"@type":"Article","@id":"https:\/\/dev.antudigital.cl\/sites\/vc\/2021-el-ano-de-la-economia-creativa-para-el-desarrollo-sostenible\/#article","isPartOf":{"@id":"https:\/\/dev.antudigital.cl\/sites\/vc\/2021-el-ano-de-la-economia-creativa-para-el-desarrollo-sostenible\/"},"author":{"name":"Valparaiso Creativo","@id":"https:\/\/dev.antudigital.cl\/sites\/vc\/#\/schema\/person\/81d1dcd51abd542b5dfc00f5f951a0f1"},"headline":"2021: El a\u00f1o de la econom\u00eda creativa para el desarrollo sostenible","datePublished":"2021-01-15T18:34:20+00:00","dateModified":"2021-12-24T19:37:00+00:00","mainEntityOfPage":{"@id":"https:\/\/dev.antudigital.cl\/sites\/vc\/2021-el-ano-de-la-economia-creativa-para-el-desarrollo-sostenible\/"},"wordCount":699,"image":{"@id":"https:\/\/dev.antudigital.cl\/sites\/vc\/2021-el-ano-de-la-economia-creativa-para-el-desarrollo-sostenible\/#primaryimage"},"thumbnailUrl":"https:\/\/dev.antudigital.cl\/sites\/vc\/wp-content\/uploads\/2019\/12\/Teatro-museo_0012_IMG_7657.jpg","articleSection":["Noticia"],"inLanguage":"es"},{"@type":"WebPage","@id":"https:\/\/dev.antudigital.cl\/sites\/vc\/2021-el-ano-de-la-economia-creativa-para-el-desarrollo-sostenible\/","url":"https:\/\/dev.antudigital.cl\/sites\/vc\/2021-el-ano-de-la-economia-creativa-para-el-desarrollo-sostenible\/","name":"2021: El a\u00f1o de la econom\u00eda creativa para el desarrollo sostenible - Valpara\u00ed\u00adso Creativo","isPartOf":{"@id":"https:\/\/dev.antudigital.cl\/sites\/vc\/#website"},"primaryImageOfPage":{"@id":"https:\/\/dev.antudigital.cl\/sites\/vc\/2021-el-ano-de-la-economia-creativa-para-el-desarrollo-sostenible\/#primaryimage"},"image":{"@id":"https:\/\/dev.antudigital.cl\/sites\/vc\/2021-el-ano-de-la-economia-creativa-para-el-desarrollo-sostenible\/#primaryimage"},"thumbnailUrl":"https:\/\/dev.antudigital.cl\/sites\/vc\/wp-content\/uploads\/2019\/12\/Teatro-museo_0012_IMG_7657.jpg","datePublished":"2021-01-15T18:34:20+00:00","dateModified":"2021-12-24T19:37:00+00:00","author":{"@id":"https:\/\/dev.antudigital.cl\/sites\/vc\/#\/schema\/person\/81d1dcd51abd542b5dfc00f5f951a0f1"},"breadcrumb":{"@id":"https:\/\/dev.antudigital.cl\/sites\/vc\/2021-el-ano-de-la-economia-creativa-para-el-desarrollo-sostenible\/#breadcrumb"},"inLanguage":"es","potentialAction":[{"@type":"ReadAction","target":["https:\/\/dev.antudigital.cl\/sites\/vc\/2021-el-ano-de-la-economia-creativa-para-el-desarrollo-sostenible\/"]}]},{"@type":"ImageObject","inLanguage":"es","@id":"https:\/\/dev.antudigital.cl\/sites\/vc\/2021-el-ano-de-la-economia-creativa-para-el-desarrollo-sostenible\/#primaryimage","url":"https:\/\/dev.antudigital.cl\/sites\/vc\/wp-content\/uploads\/2019\/12\/Teatro-museo_0012_IMG_7657.jpg","contentUrl":"https:\/\/dev.antudigital.cl\/sites\/vc\/wp-content\/uploads\/2019\/12\/Teatro-museo_0012_IMG_7657.jpg","width":1920,"height":1080},{"@type":"BreadcrumbList","@id":"https:\/\/dev.antudigital.cl\/sites\/vc\/2021-el-ano-de-la-economia-creativa-para-el-desarrollo-sostenible\/#breadcrumb","itemListElement":[{"@type":"ListItem","position":1,"name":"Home","item":"https:\/\/dev.antudigital.cl\/sites\/vc\/"},{"@type":"ListItem","position":2,"name":"2021: El a\u00f1o de la econom\u00eda creativa para el desarrollo sostenible"}]},{"@type":"WebSite","@id":"https:\/\/dev.antudigital.cl\/sites\/vc\/#website","url":"https:\/\/dev.antudigital.cl\/sites\/vc\/","name":"Valpara\u00ed\u00adso Creativo","description":"","potentialAction":[{"@type":"SearchAction","target":{"@type":"EntryPoint","urlTemplate":"https:\/\/dev.antudigital.cl\/sites\/vc\/?s={search_term_string}"},"query-input":{"@type":"PropertyValueSpecification","valueRequired":true,"valueName":"search_term_string"}}],"inLanguage":"es"},{"@type":"Person","@id":"https:\/\/dev.antudigital.cl\/sites\/vc\/#\/schema\/person\/81d1dcd51abd542b5dfc00f5f951a0f1","name":"Valparaiso Creativo","url":"https:\/\/dev.antudigital.cl\/sites\/vc\/author\/valparaiso-creativo\/"}]}},"_links":{"self":[{"href":"https:\/\/dev.antudigital.cl\/sites\/vc\/wp-json\/wp\/v2\/posts\/8361","targetHints":{"allow":["GET"]}}],"collection":[{"href":"https:\/\/dev.antudigital.cl\/sites\/vc\/wp-json\/wp\/v2\/posts"}],"about":[{"href":"https:\/\/dev.antudigital.cl\/sites\/vc\/wp-json\/wp\/v2\/types\/post"}],"author":[{"embeddable":true,"href":"https:\/\/dev.antudigital.cl\/sites\/vc\/wp-json\/wp\/v2\/users\/3"}],"replies":[{"embeddable":true,"href":"https:\/\/dev.antudigital.cl\/sites\/vc\/wp-json\/wp\/v2\/comments?post=8361"}],"version-history":[{"count":1,"href":"https:\/\/dev.antudigital.cl\/sites\/vc\/wp-json\/wp\/v2\/posts\/8361\/revisions"}],"predecessor-version":[{"id":8373,"href":"https:\/\/dev.antudigital.cl\/sites\/vc\/wp-json\/wp\/v2\/posts\/8361\/revisions\/8373"}],"wp:featuredmedia":[{"embeddable":true,"href":"https:\/\/dev.antudigital.cl\/sites\/vc\/wp-json\/wp\/v2\/media\/8363"}],"wp:attachment":[{"href":"https:\/\/dev.antudigital.cl\/sites\/vc\/wp-json\/wp\/v2\/media?parent=8361"}],"wp:term":[{"taxonomy":"category","embeddable":true,"href":"https:\/\/dev.antudigital.cl\/sites\/vc\/wp-json\/wp\/v2\/categories?post=8361"},{"taxonomy":"post_tag","embeddable":true,"href":"https:\/\/dev.antudigital.cl\/sites\/vc\/wp-json\/wp\/v2\/tags?post=8361"}],"curies":[{"name":"wp","href":"https:\/\/api.w.org\/{rel}","templated":true}]}}