{"id":8366,"date":"2021-01-15T13:41:18","date_gmt":"2021-01-15T13:41:18","guid":{"rendered":"https:\/\/www.valparaisocreativo.cl\/?p=5761"},"modified":"2021-12-24T19:37:23","modified_gmt":"2021-12-24T19:37:23","slug":"amor-por-la-naturaleza-y-su-ilustracion-conoce-a-arsnaturalis","status":"publish","type":"post","link":"https:\/\/dev.antudigital.cl\/sites\/vc\/amor-por-la-naturaleza-y-su-ilustracion-conoce-a-arsnaturalis\/","title":{"rendered":"Amor por la naturaleza y su ilustraci\u00f3n: conoce a ArsNaturalis"},"content":{"rendered":"<p><b>Entrevistamos a Pascale Sabelle, quien con su proyecto ArsNaturalis ha llevado a diferentes soportes y formatos la ilustraci\u00f3n de naturaleza con un gran enfoque en dar a conocer informaci\u00f3n sobre las especies. Pascale tiene 28 a\u00f1os y es dise\u00f1adora gr\u00e1fica. Desde Vi\u00f1a del Mar, nos responde.<\/b><\/p>\n<p><img fetchpriority=\"high\" decoding=\"async\" class=\"alignleft size-medium wp-image-5765\" src=\"https:\/\/www.valparaisocreativo.cl\/wp-content\/uploads\/2021\/01\/pascale-marie-artistaasn\u0303dij-300x174.jpg\" alt=\"\" width=\"300\" height=\"174\" \/><\/p>\n<ul>\n<li><b>\u00bfHace cu\u00e1nto tienes tu marca, c\u00f3mo fue ese proceso?<\/b><\/li>\n<\/ul>\n<p>El instagram lo tengo hace hartos a\u00f1os, Arsnaturalis nace despu\u00e9s de una exposici\u00f3n que hice con mis dibujos. Y busc\u00e1ndole un nombre a la exposici\u00f3n.<\/p>\n<p>Esto del dibujo nace el 2013. Me fui de intercambio y conoc\u00ed el mundo de los libros de zoolog\u00eda, donde se describ\u00edan las especies. Estaba en el desierto de Estados Unidos, y ah\u00ed me enganch\u00e9 de esa onda de lo mexicano. Estudi\u00e9 dise\u00f1o gr\u00e1fico, y todo lo que aprend\u00ed lo llev\u00e9 a la ilustraci\u00f3n. As\u00ed llegu\u00e9 a la ilustraci\u00f3n cient\u00edfica.<\/p>\n<p>De esta manera le di sentido y marco te\u00f3rico ante las cosas que me interesan. Hay muchas personas que estudian a las plantas, a la naturaleza, entonces pretendo elevar el valor de esto y llevarlo a la sociedad. Y eso se hace en c\u00edrculos: mis amigos, familia, no todos son de esa \u00e1rea. Quer\u00eda llevar ese aprecio por la naturaleza que a veces no vemos, a un \u00e1mbito m\u00e1s popular. Como abrir esa percepci\u00f3n de las personas.<\/p>\n<p>&nbsp;<\/p>\n<ul>\n<li><b>\u00bfTe gusta el trabajo colaborativo, por ejemplo con otros emprendimientos locales?<\/b><\/li>\n<\/ul>\n<p>S\u00ed, es bac\u00e1n, me saca a m\u00ed de mi individualidad creativa. Con Bel\u00e9n Villavicencio hicimos una colaboraci\u00f3n, a modo de trueque. He hecho otras cosas as\u00ed, con otras personas, donde nos nutrimos e intercambiamos trabajo. Es gratificante que gente creativa est\u00e9 viviendo cerca.<\/p>\n<p><img decoding=\"async\" class=\"alignleft size-medium wp-image-5764\" src=\"https:\/\/www.valparaisocreativo.cl\/wp-content\/uploads\/2021\/01\/IMG_286112-225x300.jpg\" alt=\"\" width=\"225\" height=\"300\" \/><\/p>\n<ul>\n<li><b>\u00bfQu\u00e9 es lo m\u00e1s desafiante en este tiempo?<\/b><\/li>\n<\/ul>\n<p>El a\u00f1o pasado decid\u00ed dedicarme full a lo m\u00edo, y mis propios proyectos. Hago todo: lo ilustro, lo p\u00fablico, y todo lo que desde ah\u00ed viene lo hago sola. Entonces es el total foco de mi energ\u00eda.<\/p>\n<p>El 2020 fue mejor de hecho, porque todos tenemos una necesidad de consumo en cualquier aspecto. Puedes consumir experiencias, productos, estamos acostumbrados a esto.Y sin salir, las ventas online aumentaron demasiado y me benefici\u00f3 mucho.<\/p>\n<p>&nbsp;<\/p>\n<ul>\n<li><b>\u00bfPor qu\u00e9 te gusta crear, qu\u00e9 es lo que buscas expresar en tu trabajo?<\/b><\/li>\n<\/ul>\n<p>Siendo dise\u00f1adora, no me pude quedar tranquila con la ilustraci\u00f3n. Al manejar conceptos art\u00edsticos, no la puedo dejar solo en un papel, o solo en un cuadro. Quiero poner estas cosas en pa\u00f1uelos, que estos tienen informaci\u00f3n incluso de las especies que est\u00e1n en el dise\u00f1o:eso es intentar innovar para mi. Tratar de llevar a otros soportes, a un p\u00fablico amplio, mientras crezca org\u00e1nicamente soy feliz. Buscar una soluci\u00f3n a darle una doble lectura a un dise\u00f1o, que no sea solo eso.<\/p>\n<p>Es mi trabajo, pero tambi\u00e9n lo que hago a diario. Es todo el mundo que me rodea, que sea como un estilo de vida. Que me da un sustento para vivir, lo que me da esa misi\u00f3n peque\u00f1a de generar una marca, y vender m\u00e1s productos y m\u00e1s cosas. A\u00fan estoy en un proceso medio experimental, y no s\u00e9 si cambie alg\u00fan d\u00eda, porque me gusta probar cosas nuevas siempre.<\/p>\n<p>&nbsp;<\/p>\n<ul>\n<li><strong>\u00bfEn qu\u00e9 proceso est\u00e1s actualmente?<\/strong><\/li>\n<\/ul>\n<p>Actualmente estoy trabajando en mi p\u00e1gina web, tengo que afinarla. La log\u00edstica de los pa\u00f1uelos fue harto, as\u00ed que estoy en una pausa para retomar mis ideas.<\/p>\n","protected":false},"excerpt":{"rendered":"<p>Entrevistamos a Pascale Sabelle, quien con su proyecto ArsNaturalis ha llevado a diferentes soportes y formatos la ilustraci\u00f3n de naturaleza con un gran enfoque en dar a conocer informaci\u00f3n sobre las especies. Pascale tiene 28 a\u00f1os y es dise\u00f1adora gr\u00e1fica. Desde Vi\u00f1a del Mar, nos responde. \u00bfHace cu\u00e1nto tienes tu marca, c\u00f3mo fue ese proceso? [&hellip;]<\/p>\n","protected":false},"author":3,"featured_media":8369,"comment_status":"closed","ping_status":"closed","sticky":false,"template":"","format":"standard","meta":{"_acf_changed":false,"footnotes":""},"categories":[8],"tags":[],"class_list":["post-8366","post","type-post","status-publish","format-standard","has-post-thumbnail","hentry","category-noticia"],"acf":[],"yoast_head":"<!-- This site is optimized with the Yoast SEO plugin v27.1.1 - https:\/\/yoast.com\/product\/yoast-seo-wordpress\/ -->\n<title>Amor por la naturaleza y su ilustraci\u00f3n: conoce a ArsNaturalis - Valpara\u00ed\u00adso Creativo<\/title>\n<meta name=\"robots\" content=\"index, follow, max-snippet:-1, max-image-preview:large, max-video-preview:-1\" \/>\n<link rel=\"canonical\" href=\"https:\/\/dev.antudigital.cl\/sites\/vc\/amor-por-la-naturaleza-y-su-ilustracion-conoce-a-arsnaturalis\/\" \/>\n<meta property=\"og:locale\" content=\"es_ES\" \/>\n<meta property=\"og:type\" content=\"article\" \/>\n<meta property=\"og:title\" content=\"Amor por la naturaleza y su ilustraci\u00f3n: conoce a ArsNaturalis - Valpara\u00ed\u00adso Creativo\" \/>\n<meta property=\"og:description\" content=\"Entrevistamos a Pascale Sabelle, quien con su proyecto ArsNaturalis ha llevado a diferentes soportes y formatos la ilustraci\u00f3n de naturaleza con un gran enfoque en dar a conocer informaci\u00f3n sobre las especies. Pascale tiene 28 a\u00f1os y es dise\u00f1adora gr\u00e1fica. Desde Vi\u00f1a del Mar, nos responde. \u00bfHace cu\u00e1nto tienes tu marca, c\u00f3mo fue ese proceso? [&hellip;]\" \/>\n<meta property=\"og:url\" content=\"https:\/\/dev.antudigital.cl\/sites\/vc\/amor-por-la-naturaleza-y-su-ilustracion-conoce-a-arsnaturalis\/\" \/>\n<meta property=\"og:site_name\" content=\"Valpara\u00ed\u00adso Creativo\" \/>\n<meta property=\"article:published_time\" content=\"2021-01-15T13:41:18+00:00\" \/>\n<meta property=\"article:modified_time\" content=\"2021-12-24T19:37:23+00:00\" \/>\n<meta property=\"og:image\" content=\"https:\/\/dev.antudigital.cl\/sites\/vc\/wp-content\/uploads\/2021\/01\/IMG_1342.jpg\" \/>\n\t<meta property=\"og:image:width\" content=\"1620\" \/>\n\t<meta property=\"og:image:height\" content=\"1080\" \/>\n\t<meta property=\"og:image:type\" content=\"image\/jpeg\" \/>\n<meta name=\"author\" content=\"Valparaiso Creativo\" \/>\n<meta name=\"twitter:card\" content=\"summary_large_image\" \/>\n<meta name=\"twitter:label1\" content=\"Escrito por\" \/>\n\t<meta name=\"twitter:data1\" content=\"Valparaiso Creativo\" \/>\n\t<meta name=\"twitter:label2\" content=\"Tiempo de lectura\" \/>\n\t<meta name=\"twitter:data2\" content=\"3 minutos\" \/>\n<script type=\"application\/ld+json\" class=\"yoast-schema-graph\">{\"@context\":\"https:\/\/schema.org\",\"@graph\":[{\"@type\":\"Article\",\"@id\":\"https:\/\/dev.antudigital.cl\/sites\/vc\/amor-por-la-naturaleza-y-su-ilustracion-conoce-a-arsnaturalis\/#article\",\"isPartOf\":{\"@id\":\"https:\/\/dev.antudigital.cl\/sites\/vc\/amor-por-la-naturaleza-y-su-ilustracion-conoce-a-arsnaturalis\/\"},\"author\":{\"name\":\"Valparaiso Creativo\",\"@id\":\"https:\/\/dev.antudigital.cl\/sites\/vc\/#\/schema\/person\/81d1dcd51abd542b5dfc00f5f951a0f1\"},\"headline\":\"Amor por la naturaleza y su ilustraci\u00f3n: conoce a ArsNaturalis\",\"datePublished\":\"2021-01-15T13:41:18+00:00\",\"dateModified\":\"2021-12-24T19:37:23+00:00\",\"mainEntityOfPage\":{\"@id\":\"https:\/\/dev.antudigital.cl\/sites\/vc\/amor-por-la-naturaleza-y-su-ilustracion-conoce-a-arsnaturalis\/\"},\"wordCount\":618,\"image\":{\"@id\":\"https:\/\/dev.antudigital.cl\/sites\/vc\/amor-por-la-naturaleza-y-su-ilustracion-conoce-a-arsnaturalis\/#primaryimage\"},\"thumbnailUrl\":\"https:\/\/dev.antudigital.cl\/sites\/vc\/wp-content\/uploads\/2021\/01\/IMG_1342.jpg\",\"articleSection\":[\"Noticia\"],\"inLanguage\":\"es\"},{\"@type\":\"WebPage\",\"@id\":\"https:\/\/dev.antudigital.cl\/sites\/vc\/amor-por-la-naturaleza-y-su-ilustracion-conoce-a-arsnaturalis\/\",\"url\":\"https:\/\/dev.antudigital.cl\/sites\/vc\/amor-por-la-naturaleza-y-su-ilustracion-conoce-a-arsnaturalis\/\",\"name\":\"Amor por la naturaleza y su ilustraci\u00f3n: conoce a ArsNaturalis - Valpara\u00ed\u00adso Creativo\",\"isPartOf\":{\"@id\":\"https:\/\/dev.antudigital.cl\/sites\/vc\/#website\"},\"primaryImageOfPage\":{\"@id\":\"https:\/\/dev.antudigital.cl\/sites\/vc\/amor-por-la-naturaleza-y-su-ilustracion-conoce-a-arsnaturalis\/#primaryimage\"},\"image\":{\"@id\":\"https:\/\/dev.antudigital.cl\/sites\/vc\/amor-por-la-naturaleza-y-su-ilustracion-conoce-a-arsnaturalis\/#primaryimage\"},\"thumbnailUrl\":\"https:\/\/dev.antudigital.cl\/sites\/vc\/wp-content\/uploads\/2021\/01\/IMG_1342.jpg\",\"datePublished\":\"2021-01-15T13:41:18+00:00\",\"dateModified\":\"2021-12-24T19:37:23+00:00\",\"author\":{\"@id\":\"https:\/\/dev.antudigital.cl\/sites\/vc\/#\/schema\/person\/81d1dcd51abd542b5dfc00f5f951a0f1\"},\"breadcrumb\":{\"@id\":\"https:\/\/dev.antudigital.cl\/sites\/vc\/amor-por-la-naturaleza-y-su-ilustracion-conoce-a-arsnaturalis\/#breadcrumb\"},\"inLanguage\":\"es\",\"potentialAction\":[{\"@type\":\"ReadAction\",\"target\":[\"https:\/\/dev.antudigital.cl\/sites\/vc\/amor-por-la-naturaleza-y-su-ilustracion-conoce-a-arsnaturalis\/\"]}]},{\"@type\":\"ImageObject\",\"inLanguage\":\"es\",\"@id\":\"https:\/\/dev.antudigital.cl\/sites\/vc\/amor-por-la-naturaleza-y-su-ilustracion-conoce-a-arsnaturalis\/#primaryimage\",\"url\":\"https:\/\/dev.antudigital.cl\/sites\/vc\/wp-content\/uploads\/2021\/01\/IMG_1342.jpg\",\"contentUrl\":\"https:\/\/dev.antudigital.cl\/sites\/vc\/wp-content\/uploads\/2021\/01\/IMG_1342.jpg\",\"width\":1620,\"height\":1080},{\"@type\":\"BreadcrumbList\",\"@id\":\"https:\/\/dev.antudigital.cl\/sites\/vc\/amor-por-la-naturaleza-y-su-ilustracion-conoce-a-arsnaturalis\/#breadcrumb\",\"itemListElement\":[{\"@type\":\"ListItem\",\"position\":1,\"name\":\"Home\",\"item\":\"https:\/\/dev.antudigital.cl\/sites\/vc\/\"},{\"@type\":\"ListItem\",\"position\":2,\"name\":\"Amor por la naturaleza y su ilustraci\u00f3n: conoce a ArsNaturalis\"}]},{\"@type\":\"WebSite\",\"@id\":\"https:\/\/dev.antudigital.cl\/sites\/vc\/#website\",\"url\":\"https:\/\/dev.antudigital.cl\/sites\/vc\/\",\"name\":\"Valpara\u00ed\u00adso Creativo\",\"description\":\"\",\"potentialAction\":[{\"@type\":\"SearchAction\",\"target\":{\"@type\":\"EntryPoint\",\"urlTemplate\":\"https:\/\/dev.antudigital.cl\/sites\/vc\/?s={search_term_string}\"},\"query-input\":{\"@type\":\"PropertyValueSpecification\",\"valueRequired\":true,\"valueName\":\"search_term_string\"}}],\"inLanguage\":\"es\"},{\"@type\":\"Person\",\"@id\":\"https:\/\/dev.antudigital.cl\/sites\/vc\/#\/schema\/person\/81d1dcd51abd542b5dfc00f5f951a0f1\",\"name\":\"Valparaiso Creativo\",\"url\":\"https:\/\/dev.antudigital.cl\/sites\/vc\/author\/valparaiso-creativo\/\"}]}<\/script>\n<!-- \/ Yoast SEO plugin. -->","yoast_head_json":{"title":"Amor por la naturaleza y su ilustraci\u00f3n: conoce a ArsNaturalis - Valpara\u00ed\u00adso Creativo","robots":{"index":"index","follow":"follow","max-snippet":"max-snippet:-1","max-image-preview":"max-image-preview:large","max-video-preview":"max-video-preview:-1"},"canonical":"https:\/\/dev.antudigital.cl\/sites\/vc\/amor-por-la-naturaleza-y-su-ilustracion-conoce-a-arsnaturalis\/","og_locale":"es_ES","og_type":"article","og_title":"Amor por la naturaleza y su ilustraci\u00f3n: conoce a ArsNaturalis - Valpara\u00ed\u00adso Creativo","og_description":"Entrevistamos a Pascale Sabelle, quien con su proyecto ArsNaturalis ha llevado a diferentes soportes y formatos la ilustraci\u00f3n de naturaleza con un gran enfoque en dar a conocer informaci\u00f3n sobre las especies. Pascale tiene 28 a\u00f1os y es dise\u00f1adora gr\u00e1fica. Desde Vi\u00f1a del Mar, nos responde. \u00bfHace cu\u00e1nto tienes tu marca, c\u00f3mo fue ese proceso? [&hellip;]","og_url":"https:\/\/dev.antudigital.cl\/sites\/vc\/amor-por-la-naturaleza-y-su-ilustracion-conoce-a-arsnaturalis\/","og_site_name":"Valpara\u00ed\u00adso Creativo","article_published_time":"2021-01-15T13:41:18+00:00","article_modified_time":"2021-12-24T19:37:23+00:00","og_image":[{"width":1620,"height":1080,"url":"https:\/\/dev.antudigital.cl\/sites\/vc\/wp-content\/uploads\/2021\/01\/IMG_1342.jpg","type":"image\/jpeg"}],"author":"Valparaiso Creativo","twitter_card":"summary_large_image","twitter_misc":{"Escrito por":"Valparaiso Creativo","Tiempo de lectura":"3 minutos"},"schema":{"@context":"https:\/\/schema.org","@graph":[{"@type":"Article","@id":"https:\/\/dev.antudigital.cl\/sites\/vc\/amor-por-la-naturaleza-y-su-ilustracion-conoce-a-arsnaturalis\/#article","isPartOf":{"@id":"https:\/\/dev.antudigital.cl\/sites\/vc\/amor-por-la-naturaleza-y-su-ilustracion-conoce-a-arsnaturalis\/"},"author":{"name":"Valparaiso Creativo","@id":"https:\/\/dev.antudigital.cl\/sites\/vc\/#\/schema\/person\/81d1dcd51abd542b5dfc00f5f951a0f1"},"headline":"Amor por la naturaleza y su ilustraci\u00f3n: conoce a ArsNaturalis","datePublished":"2021-01-15T13:41:18+00:00","dateModified":"2021-12-24T19:37:23+00:00","mainEntityOfPage":{"@id":"https:\/\/dev.antudigital.cl\/sites\/vc\/amor-por-la-naturaleza-y-su-ilustracion-conoce-a-arsnaturalis\/"},"wordCount":618,"image":{"@id":"https:\/\/dev.antudigital.cl\/sites\/vc\/amor-por-la-naturaleza-y-su-ilustracion-conoce-a-arsnaturalis\/#primaryimage"},"thumbnailUrl":"https:\/\/dev.antudigital.cl\/sites\/vc\/wp-content\/uploads\/2021\/01\/IMG_1342.jpg","articleSection":["Noticia"],"inLanguage":"es"},{"@type":"WebPage","@id":"https:\/\/dev.antudigital.cl\/sites\/vc\/amor-por-la-naturaleza-y-su-ilustracion-conoce-a-arsnaturalis\/","url":"https:\/\/dev.antudigital.cl\/sites\/vc\/amor-por-la-naturaleza-y-su-ilustracion-conoce-a-arsnaturalis\/","name":"Amor por la naturaleza y su ilustraci\u00f3n: conoce a ArsNaturalis - Valpara\u00ed\u00adso Creativo","isPartOf":{"@id":"https:\/\/dev.antudigital.cl\/sites\/vc\/#website"},"primaryImageOfPage":{"@id":"https:\/\/dev.antudigital.cl\/sites\/vc\/amor-por-la-naturaleza-y-su-ilustracion-conoce-a-arsnaturalis\/#primaryimage"},"image":{"@id":"https:\/\/dev.antudigital.cl\/sites\/vc\/amor-por-la-naturaleza-y-su-ilustracion-conoce-a-arsnaturalis\/#primaryimage"},"thumbnailUrl":"https:\/\/dev.antudigital.cl\/sites\/vc\/wp-content\/uploads\/2021\/01\/IMG_1342.jpg","datePublished":"2021-01-15T13:41:18+00:00","dateModified":"2021-12-24T19:37:23+00:00","author":{"@id":"https:\/\/dev.antudigital.cl\/sites\/vc\/#\/schema\/person\/81d1dcd51abd542b5dfc00f5f951a0f1"},"breadcrumb":{"@id":"https:\/\/dev.antudigital.cl\/sites\/vc\/amor-por-la-naturaleza-y-su-ilustracion-conoce-a-arsnaturalis\/#breadcrumb"},"inLanguage":"es","potentialAction":[{"@type":"ReadAction","target":["https:\/\/dev.antudigital.cl\/sites\/vc\/amor-por-la-naturaleza-y-su-ilustracion-conoce-a-arsnaturalis\/"]}]},{"@type":"ImageObject","inLanguage":"es","@id":"https:\/\/dev.antudigital.cl\/sites\/vc\/amor-por-la-naturaleza-y-su-ilustracion-conoce-a-arsnaturalis\/#primaryimage","url":"https:\/\/dev.antudigital.cl\/sites\/vc\/wp-content\/uploads\/2021\/01\/IMG_1342.jpg","contentUrl":"https:\/\/dev.antudigital.cl\/sites\/vc\/wp-content\/uploads\/2021\/01\/IMG_1342.jpg","width":1620,"height":1080},{"@type":"BreadcrumbList","@id":"https:\/\/dev.antudigital.cl\/sites\/vc\/amor-por-la-naturaleza-y-su-ilustracion-conoce-a-arsnaturalis\/#breadcrumb","itemListElement":[{"@type":"ListItem","position":1,"name":"Home","item":"https:\/\/dev.antudigital.cl\/sites\/vc\/"},{"@type":"ListItem","position":2,"name":"Amor por la naturaleza y su ilustraci\u00f3n: conoce a ArsNaturalis"}]},{"@type":"WebSite","@id":"https:\/\/dev.antudigital.cl\/sites\/vc\/#website","url":"https:\/\/dev.antudigital.cl\/sites\/vc\/","name":"Valpara\u00ed\u00adso Creativo","description":"","potentialAction":[{"@type":"SearchAction","target":{"@type":"EntryPoint","urlTemplate":"https:\/\/dev.antudigital.cl\/sites\/vc\/?s={search_term_string}"},"query-input":{"@type":"PropertyValueSpecification","valueRequired":true,"valueName":"search_term_string"}}],"inLanguage":"es"},{"@type":"Person","@id":"https:\/\/dev.antudigital.cl\/sites\/vc\/#\/schema\/person\/81d1dcd51abd542b5dfc00f5f951a0f1","name":"Valparaiso Creativo","url":"https:\/\/dev.antudigital.cl\/sites\/vc\/author\/valparaiso-creativo\/"}]}},"_links":{"self":[{"href":"https:\/\/dev.antudigital.cl\/sites\/vc\/wp-json\/wp\/v2\/posts\/8366","targetHints":{"allow":["GET"]}}],"collection":[{"href":"https:\/\/dev.antudigital.cl\/sites\/vc\/wp-json\/wp\/v2\/posts"}],"about":[{"href":"https:\/\/dev.antudigital.cl\/sites\/vc\/wp-json\/wp\/v2\/types\/post"}],"author":[{"embeddable":true,"href":"https:\/\/dev.antudigital.cl\/sites\/vc\/wp-json\/wp\/v2\/users\/3"}],"replies":[{"embeddable":true,"href":"https:\/\/dev.antudigital.cl\/sites\/vc\/wp-json\/wp\/v2\/comments?post=8366"}],"version-history":[{"count":1,"href":"https:\/\/dev.antudigital.cl\/sites\/vc\/wp-json\/wp\/v2\/posts\/8366\/revisions"}],"predecessor-version":[{"id":8375,"href":"https:\/\/dev.antudigital.cl\/sites\/vc\/wp-json\/wp\/v2\/posts\/8366\/revisions\/8375"}],"wp:featuredmedia":[{"embeddable":true,"href":"https:\/\/dev.antudigital.cl\/sites\/vc\/wp-json\/wp\/v2\/media\/8369"}],"wp:attachment":[{"href":"https:\/\/dev.antudigital.cl\/sites\/vc\/wp-json\/wp\/v2\/media?parent=8366"}],"wp:term":[{"taxonomy":"category","embeddable":true,"href":"https:\/\/dev.antudigital.cl\/sites\/vc\/wp-json\/wp\/v2\/categories?post=8366"},{"taxonomy":"post_tag","embeddable":true,"href":"https:\/\/dev.antudigital.cl\/sites\/vc\/wp-json\/wp\/v2\/tags?post=8366"}],"curies":[{"name":"wp","href":"https:\/\/api.w.org\/{rel}","templated":true}]}}