{"id":8370,"date":"2021-01-15T13:03:34","date_gmt":"2021-01-15T13:03:34","guid":{"rendered":"https:\/\/www.valparaisocreativo.cl\/?p=5757"},"modified":"2021-12-24T19:37:33","modified_gmt":"2021-12-24T19:37:33","slug":"ojo-de-pescado-invita-a-foros-abiertos-sobre-television-cine-e-infancia","status":"publish","type":"post","link":"https:\/\/dev.antudigital.cl\/sites\/vc\/ojo-de-pescado-invita-a-foros-abiertos-sobre-television-cine-e-infancia\/","title":{"rendered":"Ojo de Pescado invita a Foros abiertos sobre Televisi\u00f3n, Cine e infancia"},"content":{"rendered":"<ul>\n<li><em>Entre el 12 y el 27 de enero se realizar\u00e1n 8 Foros abiertos a la comunidad para abordar el urgente debate sobre el lugar de la infancia en el mundo del cine y la televisi\u00f3n tanto en Chile como en Latinoam\u00e9rica.<\/em><\/li>\n<li><em>Los Foros se realizar\u00e1n en el marco del 2\u00b0 Seminario Internacional \u201cLa Infancia Quiere Cine\u201d en modalidad abierta por Facebook Live y son posibles gracias al financiamiento del Fondo de Fomento Audiovisual, Convocatoria 2020, del Ministerio de las Culturas las Artes y el Patrimonio.<\/em><\/li>\n<\/ul>\n<p>El Comit\u00e9 de defensa para la Televisi\u00f3n y los Medios P\u00fablicos, el Colegio de Periodistas de Chile, canales p\u00fablicos de Am\u00e9rica Latina, Gremios y distribuidores de cine y contenidos audiovisuales, creadores de contenidos, ni\u00f1os y ni\u00f1as de Chile ser\u00e1n parte de los 8 Foros abiertos sobre Televisi\u00f3n, Cine e Infancia que organiza la Corporaci\u00f3n Cultural Ojo de Pescado para promover el debate ciudadano en el marco de las transformaciones sociales que est\u00e1 viviendo nuestro pa\u00eds y de cara a la Nueva Constituci\u00f3n.<\/p>\n<p>Estas actividades paralelas al 2\u00b0 Seminario Internacional \u201cLa Infancia quiere Cine\u201d son posible gracias al financiamiento del Fondo de Fomento Audiovisual, Convocatoria 2020 del Ministerio de las Culturas, las Artes y el Patrimonio y ser\u00e1n transmitidas a todo p\u00fablico por el Facebook Live Festival Ojo de Pescado.<\/p>\n<p>Adicionalmente a la preocupaci\u00f3n por la formaci\u00f3n de personas dedicadas a la creaci\u00f3n de contenidos de calidad para ni\u00f1os, ni\u00f1as y j\u00f3venes, esta versi\u00f3n del 2\u00b0 Seminario Internacional \u201cLa Infancia quiere Cine\u201d busca impulsar con fuerza el debate sobre el escenario actual y los cambios urgentes que debiesen ocurrir en las pol\u00edticas p\u00fablicas orientadas a la promoci\u00f3n de contenidos para la infancia, tanto desde la creaci\u00f3n de contenidos, como desde su posterior difusi\u00f3n y distribuci\u00f3n.<\/p>\n<p>&nbsp;<\/p>\n<p>En este contexto, el <strong>19 y 21 de enero a las 12:00 hrs. se realizar\u00e1n los Foros sobre Producci\u00f3n y Circulaci\u00f3n de Contenidos Audiovisuales para la infancia en Chile con participaci\u00f3n de gremios audiovisuales<\/strong>, festivales y exhibidores de cine de nuestro pa\u00eds. En representaci\u00f3n de Chile Guionistas, la actriz y guionista Luz Croxatto nos habl\u00f3 de la importancia de estas instancias de formaci\u00f3n: \u201cLa neurociencia nos ense\u00f1a que no basta con el talento y la imaginaci\u00f3n para hablarle a los ni\u00f1os. Son pocos los guionistas que se han especializado en la audiencia infantil y juvenil. Debemos capacitarnos para responsablemente cautivar a la infancia con historias propias que aporten y nutran a los chilenos del futuro. El equipo de Ojo de Pescado cumple una labor important\u00edsima en este sentido y estamos muy agradecidos y entusiasmados con esta instancia, esperamos que productores y directores se sumen a este esfuerzo\u201d.<\/p>\n<p><strong>Finalmente, la \u00faltima semana de enero, los d\u00edas 26, 27 y 28 a las 12:00 hrs. se llevar\u00e1n a cabo los Foros \u201cLa Infancia Opina\u201d, encuentro de ni\u00f1os y ni\u00f1as con realizadores y el 27 de enero a las 19:00 hrs. el Foro \u201cLa uni\u00f3n nos hace fuertes: producci\u00f3n audiovisual colaborativa con ni\u00f1os y ni\u00f1as\u201d, todos transmitidos por el Facebook Live Festival Ojo de Pescado.<\/strong><\/p>\n<p>Te invitamos a conocer el calendario del 2\u00b0 Seminario \u201cLa Infancia Quiere Cine\u00bb aqu\u00ed: <a href=\"https:\/\/ojodepescado.cl\/2o-seminario\/calendario-seminario\/\" data-saferedirecturl=\"https:\/\/www.google.com\/url?q=https:\/\/ojodepescado.cl\/2o-seminario\/calendario-seminario\/&amp;source=gmail&amp;ust=1610804645035000&amp;usg=AFQjCNF9hCVujiGkJtrC1y_o-Sloa_554w\">https:\/\/ojodepescado.cl\/2o-seminario\/calendario-seminario\/<\/a><\/p>\n","protected":false},"excerpt":{"rendered":"<p>Entre el 12 y el 27 de enero se realizar\u00e1n 8 Foros abiertos a la comunidad para abordar el urgente debate sobre el lugar de la infancia en el mundo del cine y la televisi\u00f3n tanto en Chile como en Latinoam\u00e9rica. Los Foros se realizar\u00e1n en el marco del 2\u00b0 Seminario Internacional \u201cLa Infancia Quiere [&hellip;]<\/p>\n","protected":false},"author":3,"featured_media":8371,"comment_status":"closed","ping_status":"closed","sticky":false,"template":"","format":"standard","meta":{"_acf_changed":false,"footnotes":""},"categories":[8],"tags":[],"class_list":["post-8370","post","type-post","status-publish","format-standard","has-post-thumbnail","hentry","category-noticia"],"acf":[],"yoast_head":"<!-- This site is optimized with the Yoast SEO plugin v27.1.1 - https:\/\/yoast.com\/product\/yoast-seo-wordpress\/ -->\n<title>Ojo de Pescado invita a Foros abiertos sobre Televisi\u00f3n, Cine e infancia - Valpara\u00ed\u00adso Creativo<\/title>\n<meta name=\"robots\" content=\"index, follow, max-snippet:-1, max-image-preview:large, max-video-preview:-1\" \/>\n<link rel=\"canonical\" href=\"https:\/\/dev.antudigital.cl\/sites\/vc\/ojo-de-pescado-invita-a-foros-abiertos-sobre-television-cine-e-infancia\/\" \/>\n<meta property=\"og:locale\" content=\"es_ES\" \/>\n<meta property=\"og:type\" content=\"article\" \/>\n<meta property=\"og:title\" content=\"Ojo de Pescado invita a Foros abiertos sobre Televisi\u00f3n, Cine e infancia - Valpara\u00ed\u00adso Creativo\" \/>\n<meta property=\"og:description\" content=\"Entre el 12 y el 27 de enero se realizar\u00e1n 8 Foros abiertos a la comunidad para abordar el urgente debate sobre el lugar de la infancia en el mundo del cine y la televisi\u00f3n tanto en Chile como en Latinoam\u00e9rica. Los Foros se realizar\u00e1n en el marco del 2\u00b0 Seminario Internacional \u201cLa Infancia Quiere [&hellip;]\" \/>\n<meta property=\"og:url\" content=\"https:\/\/dev.antudigital.cl\/sites\/vc\/ojo-de-pescado-invita-a-foros-abiertos-sobre-television-cine-e-infancia\/\" \/>\n<meta property=\"og:site_name\" content=\"Valpara\u00ed\u00adso Creativo\" \/>\n<meta property=\"article:published_time\" content=\"2021-01-15T13:03:34+00:00\" \/>\n<meta property=\"article:modified_time\" content=\"2021-12-24T19:37:33+00:00\" \/>\n<meta property=\"og:image\" content=\"https:\/\/dev.antudigital.cl\/sites\/vc\/wp-content\/uploads\/2021\/01\/Festival-Ojo-de-Pescado-1.jpeg\" \/>\n\t<meta property=\"og:image:width\" content=\"1280\" \/>\n\t<meta property=\"og:image:height\" content=\"853\" \/>\n\t<meta property=\"og:image:type\" content=\"image\/jpeg\" \/>\n<meta name=\"author\" content=\"Valparaiso Creativo\" \/>\n<meta name=\"twitter:card\" content=\"summary_large_image\" \/>\n<meta name=\"twitter:label1\" content=\"Escrito por\" \/>\n\t<meta name=\"twitter:data1\" content=\"Valparaiso Creativo\" \/>\n\t<meta name=\"twitter:label2\" content=\"Tiempo de lectura\" \/>\n\t<meta name=\"twitter:data2\" content=\"3 minutos\" \/>\n<script type=\"application\/ld+json\" class=\"yoast-schema-graph\">{\"@context\":\"https:\/\/schema.org\",\"@graph\":[{\"@type\":\"Article\",\"@id\":\"https:\/\/dev.antudigital.cl\/sites\/vc\/ojo-de-pescado-invita-a-foros-abiertos-sobre-television-cine-e-infancia\/#article\",\"isPartOf\":{\"@id\":\"https:\/\/dev.antudigital.cl\/sites\/vc\/ojo-de-pescado-invita-a-foros-abiertos-sobre-television-cine-e-infancia\/\"},\"author\":{\"name\":\"Valparaiso Creativo\",\"@id\":\"https:\/\/dev.antudigital.cl\/sites\/vc\/#\/schema\/person\/81d1dcd51abd542b5dfc00f5f951a0f1\"},\"headline\":\"Ojo de Pescado invita a Foros abiertos sobre Televisi\u00f3n, Cine e infancia\",\"datePublished\":\"2021-01-15T13:03:34+00:00\",\"dateModified\":\"2021-12-24T19:37:33+00:00\",\"mainEntityOfPage\":{\"@id\":\"https:\/\/dev.antudigital.cl\/sites\/vc\/ojo-de-pescado-invita-a-foros-abiertos-sobre-television-cine-e-infancia\/\"},\"wordCount\":564,\"image\":{\"@id\":\"https:\/\/dev.antudigital.cl\/sites\/vc\/ojo-de-pescado-invita-a-foros-abiertos-sobre-television-cine-e-infancia\/#primaryimage\"},\"thumbnailUrl\":\"https:\/\/dev.antudigital.cl\/sites\/vc\/wp-content\/uploads\/2021\/01\/Festival-Ojo-de-Pescado-1.jpeg\",\"articleSection\":[\"Noticia\"],\"inLanguage\":\"es\"},{\"@type\":\"WebPage\",\"@id\":\"https:\/\/dev.antudigital.cl\/sites\/vc\/ojo-de-pescado-invita-a-foros-abiertos-sobre-television-cine-e-infancia\/\",\"url\":\"https:\/\/dev.antudigital.cl\/sites\/vc\/ojo-de-pescado-invita-a-foros-abiertos-sobre-television-cine-e-infancia\/\",\"name\":\"Ojo de Pescado invita a Foros abiertos sobre Televisi\u00f3n, Cine e infancia - Valpara\u00ed\u00adso Creativo\",\"isPartOf\":{\"@id\":\"https:\/\/dev.antudigital.cl\/sites\/vc\/#website\"},\"primaryImageOfPage\":{\"@id\":\"https:\/\/dev.antudigital.cl\/sites\/vc\/ojo-de-pescado-invita-a-foros-abiertos-sobre-television-cine-e-infancia\/#primaryimage\"},\"image\":{\"@id\":\"https:\/\/dev.antudigital.cl\/sites\/vc\/ojo-de-pescado-invita-a-foros-abiertos-sobre-television-cine-e-infancia\/#primaryimage\"},\"thumbnailUrl\":\"https:\/\/dev.antudigital.cl\/sites\/vc\/wp-content\/uploads\/2021\/01\/Festival-Ojo-de-Pescado-1.jpeg\",\"datePublished\":\"2021-01-15T13:03:34+00:00\",\"dateModified\":\"2021-12-24T19:37:33+00:00\",\"author\":{\"@id\":\"https:\/\/dev.antudigital.cl\/sites\/vc\/#\/schema\/person\/81d1dcd51abd542b5dfc00f5f951a0f1\"},\"breadcrumb\":{\"@id\":\"https:\/\/dev.antudigital.cl\/sites\/vc\/ojo-de-pescado-invita-a-foros-abiertos-sobre-television-cine-e-infancia\/#breadcrumb\"},\"inLanguage\":\"es\",\"potentialAction\":[{\"@type\":\"ReadAction\",\"target\":[\"https:\/\/dev.antudigital.cl\/sites\/vc\/ojo-de-pescado-invita-a-foros-abiertos-sobre-television-cine-e-infancia\/\"]}]},{\"@type\":\"ImageObject\",\"inLanguage\":\"es\",\"@id\":\"https:\/\/dev.antudigital.cl\/sites\/vc\/ojo-de-pescado-invita-a-foros-abiertos-sobre-television-cine-e-infancia\/#primaryimage\",\"url\":\"https:\/\/dev.antudigital.cl\/sites\/vc\/wp-content\/uploads\/2021\/01\/Festival-Ojo-de-Pescado-1.jpeg\",\"contentUrl\":\"https:\/\/dev.antudigital.cl\/sites\/vc\/wp-content\/uploads\/2021\/01\/Festival-Ojo-de-Pescado-1.jpeg\",\"width\":1280,\"height\":853},{\"@type\":\"BreadcrumbList\",\"@id\":\"https:\/\/dev.antudigital.cl\/sites\/vc\/ojo-de-pescado-invita-a-foros-abiertos-sobre-television-cine-e-infancia\/#breadcrumb\",\"itemListElement\":[{\"@type\":\"ListItem\",\"position\":1,\"name\":\"Home\",\"item\":\"https:\/\/dev.antudigital.cl\/sites\/vc\/\"},{\"@type\":\"ListItem\",\"position\":2,\"name\":\"Ojo de Pescado invita a Foros abiertos sobre Televisi\u00f3n, Cine e infancia\"}]},{\"@type\":\"WebSite\",\"@id\":\"https:\/\/dev.antudigital.cl\/sites\/vc\/#website\",\"url\":\"https:\/\/dev.antudigital.cl\/sites\/vc\/\",\"name\":\"Valpara\u00ed\u00adso Creativo\",\"description\":\"\",\"potentialAction\":[{\"@type\":\"SearchAction\",\"target\":{\"@type\":\"EntryPoint\",\"urlTemplate\":\"https:\/\/dev.antudigital.cl\/sites\/vc\/?s={search_term_string}\"},\"query-input\":{\"@type\":\"PropertyValueSpecification\",\"valueRequired\":true,\"valueName\":\"search_term_string\"}}],\"inLanguage\":\"es\"},{\"@type\":\"Person\",\"@id\":\"https:\/\/dev.antudigital.cl\/sites\/vc\/#\/schema\/person\/81d1dcd51abd542b5dfc00f5f951a0f1\",\"name\":\"Valparaiso Creativo\",\"url\":\"https:\/\/dev.antudigital.cl\/sites\/vc\/author\/valparaiso-creativo\/\"}]}<\/script>\n<!-- \/ Yoast SEO plugin. -->","yoast_head_json":{"title":"Ojo de Pescado invita a Foros abiertos sobre Televisi\u00f3n, Cine e infancia - Valpara\u00ed\u00adso Creativo","robots":{"index":"index","follow":"follow","max-snippet":"max-snippet:-1","max-image-preview":"max-image-preview:large","max-video-preview":"max-video-preview:-1"},"canonical":"https:\/\/dev.antudigital.cl\/sites\/vc\/ojo-de-pescado-invita-a-foros-abiertos-sobre-television-cine-e-infancia\/","og_locale":"es_ES","og_type":"article","og_title":"Ojo de Pescado invita a Foros abiertos sobre Televisi\u00f3n, Cine e infancia - Valpara\u00ed\u00adso Creativo","og_description":"Entre el 12 y el 27 de enero se realizar\u00e1n 8 Foros abiertos a la comunidad para abordar el urgente debate sobre el lugar de la infancia en el mundo del cine y la televisi\u00f3n tanto en Chile como en Latinoam\u00e9rica. Los Foros se realizar\u00e1n en el marco del 2\u00b0 Seminario Internacional \u201cLa Infancia Quiere [&hellip;]","og_url":"https:\/\/dev.antudigital.cl\/sites\/vc\/ojo-de-pescado-invita-a-foros-abiertos-sobre-television-cine-e-infancia\/","og_site_name":"Valpara\u00ed\u00adso Creativo","article_published_time":"2021-01-15T13:03:34+00:00","article_modified_time":"2021-12-24T19:37:33+00:00","og_image":[{"width":1280,"height":853,"url":"https:\/\/dev.antudigital.cl\/sites\/vc\/wp-content\/uploads\/2021\/01\/Festival-Ojo-de-Pescado-1.jpeg","type":"image\/jpeg"}],"author":"Valparaiso Creativo","twitter_card":"summary_large_image","twitter_misc":{"Escrito por":"Valparaiso Creativo","Tiempo de lectura":"3 minutos"},"schema":{"@context":"https:\/\/schema.org","@graph":[{"@type":"Article","@id":"https:\/\/dev.antudigital.cl\/sites\/vc\/ojo-de-pescado-invita-a-foros-abiertos-sobre-television-cine-e-infancia\/#article","isPartOf":{"@id":"https:\/\/dev.antudigital.cl\/sites\/vc\/ojo-de-pescado-invita-a-foros-abiertos-sobre-television-cine-e-infancia\/"},"author":{"name":"Valparaiso Creativo","@id":"https:\/\/dev.antudigital.cl\/sites\/vc\/#\/schema\/person\/81d1dcd51abd542b5dfc00f5f951a0f1"},"headline":"Ojo de Pescado invita a Foros abiertos sobre Televisi\u00f3n, Cine e infancia","datePublished":"2021-01-15T13:03:34+00:00","dateModified":"2021-12-24T19:37:33+00:00","mainEntityOfPage":{"@id":"https:\/\/dev.antudigital.cl\/sites\/vc\/ojo-de-pescado-invita-a-foros-abiertos-sobre-television-cine-e-infancia\/"},"wordCount":564,"image":{"@id":"https:\/\/dev.antudigital.cl\/sites\/vc\/ojo-de-pescado-invita-a-foros-abiertos-sobre-television-cine-e-infancia\/#primaryimage"},"thumbnailUrl":"https:\/\/dev.antudigital.cl\/sites\/vc\/wp-content\/uploads\/2021\/01\/Festival-Ojo-de-Pescado-1.jpeg","articleSection":["Noticia"],"inLanguage":"es"},{"@type":"WebPage","@id":"https:\/\/dev.antudigital.cl\/sites\/vc\/ojo-de-pescado-invita-a-foros-abiertos-sobre-television-cine-e-infancia\/","url":"https:\/\/dev.antudigital.cl\/sites\/vc\/ojo-de-pescado-invita-a-foros-abiertos-sobre-television-cine-e-infancia\/","name":"Ojo de Pescado invita a Foros abiertos sobre Televisi\u00f3n, Cine e infancia - Valpara\u00ed\u00adso Creativo","isPartOf":{"@id":"https:\/\/dev.antudigital.cl\/sites\/vc\/#website"},"primaryImageOfPage":{"@id":"https:\/\/dev.antudigital.cl\/sites\/vc\/ojo-de-pescado-invita-a-foros-abiertos-sobre-television-cine-e-infancia\/#primaryimage"},"image":{"@id":"https:\/\/dev.antudigital.cl\/sites\/vc\/ojo-de-pescado-invita-a-foros-abiertos-sobre-television-cine-e-infancia\/#primaryimage"},"thumbnailUrl":"https:\/\/dev.antudigital.cl\/sites\/vc\/wp-content\/uploads\/2021\/01\/Festival-Ojo-de-Pescado-1.jpeg","datePublished":"2021-01-15T13:03:34+00:00","dateModified":"2021-12-24T19:37:33+00:00","author":{"@id":"https:\/\/dev.antudigital.cl\/sites\/vc\/#\/schema\/person\/81d1dcd51abd542b5dfc00f5f951a0f1"},"breadcrumb":{"@id":"https:\/\/dev.antudigital.cl\/sites\/vc\/ojo-de-pescado-invita-a-foros-abiertos-sobre-television-cine-e-infancia\/#breadcrumb"},"inLanguage":"es","potentialAction":[{"@type":"ReadAction","target":["https:\/\/dev.antudigital.cl\/sites\/vc\/ojo-de-pescado-invita-a-foros-abiertos-sobre-television-cine-e-infancia\/"]}]},{"@type":"ImageObject","inLanguage":"es","@id":"https:\/\/dev.antudigital.cl\/sites\/vc\/ojo-de-pescado-invita-a-foros-abiertos-sobre-television-cine-e-infancia\/#primaryimage","url":"https:\/\/dev.antudigital.cl\/sites\/vc\/wp-content\/uploads\/2021\/01\/Festival-Ojo-de-Pescado-1.jpeg","contentUrl":"https:\/\/dev.antudigital.cl\/sites\/vc\/wp-content\/uploads\/2021\/01\/Festival-Ojo-de-Pescado-1.jpeg","width":1280,"height":853},{"@type":"BreadcrumbList","@id":"https:\/\/dev.antudigital.cl\/sites\/vc\/ojo-de-pescado-invita-a-foros-abiertos-sobre-television-cine-e-infancia\/#breadcrumb","itemListElement":[{"@type":"ListItem","position":1,"name":"Home","item":"https:\/\/dev.antudigital.cl\/sites\/vc\/"},{"@type":"ListItem","position":2,"name":"Ojo de Pescado invita a Foros abiertos sobre Televisi\u00f3n, Cine e infancia"}]},{"@type":"WebSite","@id":"https:\/\/dev.antudigital.cl\/sites\/vc\/#website","url":"https:\/\/dev.antudigital.cl\/sites\/vc\/","name":"Valpara\u00ed\u00adso Creativo","description":"","potentialAction":[{"@type":"SearchAction","target":{"@type":"EntryPoint","urlTemplate":"https:\/\/dev.antudigital.cl\/sites\/vc\/?s={search_term_string}"},"query-input":{"@type":"PropertyValueSpecification","valueRequired":true,"valueName":"search_term_string"}}],"inLanguage":"es"},{"@type":"Person","@id":"https:\/\/dev.antudigital.cl\/sites\/vc\/#\/schema\/person\/81d1dcd51abd542b5dfc00f5f951a0f1","name":"Valparaiso Creativo","url":"https:\/\/dev.antudigital.cl\/sites\/vc\/author\/valparaiso-creativo\/"}]}},"_links":{"self":[{"href":"https:\/\/dev.antudigital.cl\/sites\/vc\/wp-json\/wp\/v2\/posts\/8370","targetHints":{"allow":["GET"]}}],"collection":[{"href":"https:\/\/dev.antudigital.cl\/sites\/vc\/wp-json\/wp\/v2\/posts"}],"about":[{"href":"https:\/\/dev.antudigital.cl\/sites\/vc\/wp-json\/wp\/v2\/types\/post"}],"author":[{"embeddable":true,"href":"https:\/\/dev.antudigital.cl\/sites\/vc\/wp-json\/wp\/v2\/users\/3"}],"replies":[{"embeddable":true,"href":"https:\/\/dev.antudigital.cl\/sites\/vc\/wp-json\/wp\/v2\/comments?post=8370"}],"version-history":[{"count":1,"href":"https:\/\/dev.antudigital.cl\/sites\/vc\/wp-json\/wp\/v2\/posts\/8370\/revisions"}],"predecessor-version":[{"id":8376,"href":"https:\/\/dev.antudigital.cl\/sites\/vc\/wp-json\/wp\/v2\/posts\/8370\/revisions\/8376"}],"wp:featuredmedia":[{"embeddable":true,"href":"https:\/\/dev.antudigital.cl\/sites\/vc\/wp-json\/wp\/v2\/media\/8371"}],"wp:attachment":[{"href":"https:\/\/dev.antudigital.cl\/sites\/vc\/wp-json\/wp\/v2\/media?parent=8370"}],"wp:term":[{"taxonomy":"category","embeddable":true,"href":"https:\/\/dev.antudigital.cl\/sites\/vc\/wp-json\/wp\/v2\/categories?post=8370"},{"taxonomy":"post_tag","embeddable":true,"href":"https:\/\/dev.antudigital.cl\/sites\/vc\/wp-json\/wp\/v2\/tags?post=8370"}],"curies":[{"name":"wp","href":"https:\/\/api.w.org\/{rel}","templated":true}]}}