{"id":8377,"date":"2021-01-15T11:59:20","date_gmt":"2021-01-15T11:59:20","guid":{"rendered":"https:\/\/www.valparaisocreativo.cl\/?p=5750"},"modified":"2021-01-15T11:59:20","modified_gmt":"2021-01-15T11:59:20","slug":"municipalidad-de-vina-del-mar-ofrece-talleres-de-educacion-patrimonial","status":"publish","type":"post","link":"https:\/\/dev.antudigital.cl\/sites\/vc\/municipalidad-de-vina-del-mar-ofrece-talleres-de-educacion-patrimonial\/","title":{"rendered":"Municipalidad de Vi\u00f1a del Mar ofrece talleres de educaci\u00f3n patrimonial"},"content":{"rendered":"<p>Desde la Municipalidad de Vi\u00f1a del Mar se extiende la invitaci\u00f3n a ser parte de los <strong>Talleres de Verano del Programa de Educaci\u00f3n Patrimonial Pasos<\/strong>, a realizarse durante el presente mes de enero y febrero.<\/p>\n<p>Se trata de una serie de sesiones en las que se profundizar\u00e1 sobre patrimonio y la historia de la ciudad. Parten el jueves 21 enero con la charla \u201cConociendo nuestro patrimonio\u201d especialmente pensada en los ni\u00f1os y ni\u00f1as.<\/p>\n\n<p>El Programa de Educaci\u00f3n Patrimonial Pasos, de la Unidad de Patrimonio del municipio de Vi\u00f1a del Mar, invita a ni\u00f1os, j\u00f3venes y adultos a conectarse con el patrimonio este verano a trav\u00e9s de los talleres online que desarrollar\u00e1 durante enero y febrero mediante la plataforma Zoom.<\/p>\n<p>Es as\u00ed que el jueves 21 enero, de 12:00 a 13.00 horas, se realizar\u00e1 la charla \u201cConociendo nuestro patrimonio\u201d especialmente pensada para ni\u00f1os y ni\u00f1as y que estar\u00e1 a cargo de la Administradora Tur\u00edstico Cultural y mediadora del Programa de Educaci\u00f3n Patrimonial Pasos, Carla Millar, para que los m\u00e1s peque\u00f1os aprendan qu\u00e9 es patrimonio mediante una din\u00e1mica en que podr\u00e1n reconocer su patrimonio personal, luego el de su barrio, para despu\u00e9s pasar a lo local y nacional. Este \u00faltimo representado por edificios emblem\u00e1ticos, museos, objetos y esculturas, entre otros elementos.<\/p>\n<p>A lo anterior se suman los relatos sobre efem\u00e9rides relacionadas con el patrimonio cultural y natural de la comuna en la serie \u201cTe contamos que\u2026\u201d y los Apuntes Patrimoniales sobre la Parroquia de Lourdes y su entorno que el Programa publica en el Facebook @programapasosvinadelmar y el Instagram @programa.pasos.<\/p>\n<p>Descarga y ve el Programa <a href=\"https:\/\/www.patrimoniovina.cl\/uploads\/2021\/01\/20210111133124-talleres-de-verano-enero-febrero-2021-programa-de-educacion-patrimonial-pasos.pdf\" data-file=\"867edab046bf65ed0300494b118652d4\" data-name=\"Talleres de Verano Enero - Febrero 2021 - Programa de Educacio\u0301n Patrimonial Pasos.pdf\">aqu\u00ed<\/a>.<\/p>\n","protected":false},"excerpt":{"rendered":"<p>Desde la Municipalidad de Vi\u00f1a del Mar se extiende la invitaci\u00f3n a ser parte de los Talleres de Verano del Programa de Educaci\u00f3n Patrimonial Pasos, a realizarse durante el presente mes de enero y febrero. Se trata de una serie de sesiones en las que se profundizar\u00e1 sobre patrimonio y la historia de la ciudad. [&hellip;]<\/p>\n","protected":false},"author":3,"featured_media":8381,"comment_status":"closed","ping_status":"closed","sticky":false,"template":"","format":"standard","meta":{"_acf_changed":false,"footnotes":""},"categories":[8],"tags":[],"class_list":["post-8377","post","type-post","status-publish","format-standard","has-post-thumbnail","hentry","category-noticia"],"acf":[],"yoast_head":"<!-- This site is optimized with the Yoast SEO plugin v27.1.1 - https:\/\/yoast.com\/product\/yoast-seo-wordpress\/ -->\n<title>Municipalidad de Vi\u00f1a del Mar ofrece talleres de educaci\u00f3n patrimonial - Valpara\u00ed\u00adso Creativo<\/title>\n<meta name=\"robots\" content=\"index, follow, max-snippet:-1, max-image-preview:large, max-video-preview:-1\" \/>\n<link rel=\"canonical\" href=\"https:\/\/dev.antudigital.cl\/sites\/vc\/municipalidad-de-vina-del-mar-ofrece-talleres-de-educacion-patrimonial\/\" \/>\n<meta property=\"og:locale\" content=\"es_ES\" \/>\n<meta property=\"og:type\" content=\"article\" \/>\n<meta property=\"og:title\" content=\"Municipalidad de Vi\u00f1a del Mar ofrece talleres de educaci\u00f3n patrimonial - Valpara\u00ed\u00adso Creativo\" \/>\n<meta property=\"og:description\" content=\"Desde la Municipalidad de Vi\u00f1a del Mar se extiende la invitaci\u00f3n a ser parte de los Talleres de Verano del Programa de Educaci\u00f3n Patrimonial Pasos, a realizarse durante el presente mes de enero y febrero. Se trata de una serie de sesiones en las que se profundizar\u00e1 sobre patrimonio y la historia de la ciudad. [&hellip;]\" \/>\n<meta property=\"og:url\" content=\"https:\/\/dev.antudigital.cl\/sites\/vc\/municipalidad-de-vina-del-mar-ofrece-talleres-de-educacion-patrimonial\/\" \/>\n<meta property=\"og:site_name\" content=\"Valpara\u00ed\u00adso Creativo\" \/>\n<meta property=\"article:published_time\" content=\"2021-01-15T11:59:20+00:00\" \/>\n<meta property=\"og:image\" content=\"https:\/\/dev.antudigital.cl\/sites\/vc\/wp-content\/uploads\/2021\/01\/Captura-de-Pantalla-2021-01-15-a-las-11.42.48.png\" \/>\n\t<meta property=\"og:image:width\" content=\"677\" \/>\n\t<meta property=\"og:image:height\" content=\"345\" \/>\n\t<meta property=\"og:image:type\" content=\"image\/png\" \/>\n<meta name=\"author\" content=\"Valparaiso Creativo\" \/>\n<meta name=\"twitter:card\" content=\"summary_large_image\" \/>\n<meta name=\"twitter:label1\" content=\"Escrito por\" \/>\n\t<meta name=\"twitter:data1\" content=\"Valparaiso Creativo\" \/>\n\t<meta name=\"twitter:label2\" content=\"Tiempo de lectura\" \/>\n\t<meta name=\"twitter:data2\" content=\"1 minuto\" \/>\n<script type=\"application\/ld+json\" class=\"yoast-schema-graph\">{\"@context\":\"https:\/\/schema.org\",\"@graph\":[{\"@type\":\"Article\",\"@id\":\"https:\/\/dev.antudigital.cl\/sites\/vc\/municipalidad-de-vina-del-mar-ofrece-talleres-de-educacion-patrimonial\/#article\",\"isPartOf\":{\"@id\":\"https:\/\/dev.antudigital.cl\/sites\/vc\/municipalidad-de-vina-del-mar-ofrece-talleres-de-educacion-patrimonial\/\"},\"author\":{\"name\":\"Valparaiso Creativo\",\"@id\":\"https:\/\/dev.antudigital.cl\/sites\/vc\/#\/schema\/person\/81d1dcd51abd542b5dfc00f5f951a0f1\"},\"headline\":\"Municipalidad de Vi\u00f1a del Mar ofrece talleres de educaci\u00f3n patrimonial\",\"datePublished\":\"2021-01-15T11:59:20+00:00\",\"mainEntityOfPage\":{\"@id\":\"https:\/\/dev.antudigital.cl\/sites\/vc\/municipalidad-de-vina-del-mar-ofrece-talleres-de-educacion-patrimonial\/\"},\"wordCount\":296,\"image\":{\"@id\":\"https:\/\/dev.antudigital.cl\/sites\/vc\/municipalidad-de-vina-del-mar-ofrece-talleres-de-educacion-patrimonial\/#primaryimage\"},\"thumbnailUrl\":\"https:\/\/dev.antudigital.cl\/sites\/vc\/wp-content\/uploads\/2021\/01\/Captura-de-Pantalla-2021-01-15-a-las-11.42.48.png\",\"articleSection\":[\"Noticia\"],\"inLanguage\":\"es\"},{\"@type\":\"WebPage\",\"@id\":\"https:\/\/dev.antudigital.cl\/sites\/vc\/municipalidad-de-vina-del-mar-ofrece-talleres-de-educacion-patrimonial\/\",\"url\":\"https:\/\/dev.antudigital.cl\/sites\/vc\/municipalidad-de-vina-del-mar-ofrece-talleres-de-educacion-patrimonial\/\",\"name\":\"Municipalidad de Vi\u00f1a del Mar ofrece talleres de educaci\u00f3n patrimonial - Valpara\u00ed\u00adso Creativo\",\"isPartOf\":{\"@id\":\"https:\/\/dev.antudigital.cl\/sites\/vc\/#website\"},\"primaryImageOfPage\":{\"@id\":\"https:\/\/dev.antudigital.cl\/sites\/vc\/municipalidad-de-vina-del-mar-ofrece-talleres-de-educacion-patrimonial\/#primaryimage\"},\"image\":{\"@id\":\"https:\/\/dev.antudigital.cl\/sites\/vc\/municipalidad-de-vina-del-mar-ofrece-talleres-de-educacion-patrimonial\/#primaryimage\"},\"thumbnailUrl\":\"https:\/\/dev.antudigital.cl\/sites\/vc\/wp-content\/uploads\/2021\/01\/Captura-de-Pantalla-2021-01-15-a-las-11.42.48.png\",\"datePublished\":\"2021-01-15T11:59:20+00:00\",\"author\":{\"@id\":\"https:\/\/dev.antudigital.cl\/sites\/vc\/#\/schema\/person\/81d1dcd51abd542b5dfc00f5f951a0f1\"},\"breadcrumb\":{\"@id\":\"https:\/\/dev.antudigital.cl\/sites\/vc\/municipalidad-de-vina-del-mar-ofrece-talleres-de-educacion-patrimonial\/#breadcrumb\"},\"inLanguage\":\"es\",\"potentialAction\":[{\"@type\":\"ReadAction\",\"target\":[\"https:\/\/dev.antudigital.cl\/sites\/vc\/municipalidad-de-vina-del-mar-ofrece-talleres-de-educacion-patrimonial\/\"]}]},{\"@type\":\"ImageObject\",\"inLanguage\":\"es\",\"@id\":\"https:\/\/dev.antudigital.cl\/sites\/vc\/municipalidad-de-vina-del-mar-ofrece-talleres-de-educacion-patrimonial\/#primaryimage\",\"url\":\"https:\/\/dev.antudigital.cl\/sites\/vc\/wp-content\/uploads\/2021\/01\/Captura-de-Pantalla-2021-01-15-a-las-11.42.48.png\",\"contentUrl\":\"https:\/\/dev.antudigital.cl\/sites\/vc\/wp-content\/uploads\/2021\/01\/Captura-de-Pantalla-2021-01-15-a-las-11.42.48.png\",\"width\":677,\"height\":345},{\"@type\":\"BreadcrumbList\",\"@id\":\"https:\/\/dev.antudigital.cl\/sites\/vc\/municipalidad-de-vina-del-mar-ofrece-talleres-de-educacion-patrimonial\/#breadcrumb\",\"itemListElement\":[{\"@type\":\"ListItem\",\"position\":1,\"name\":\"Home\",\"item\":\"https:\/\/dev.antudigital.cl\/sites\/vc\/\"},{\"@type\":\"ListItem\",\"position\":2,\"name\":\"Municipalidad de Vi\u00f1a del Mar ofrece talleres de educaci\u00f3n patrimonial\"}]},{\"@type\":\"WebSite\",\"@id\":\"https:\/\/dev.antudigital.cl\/sites\/vc\/#website\",\"url\":\"https:\/\/dev.antudigital.cl\/sites\/vc\/\",\"name\":\"Valpara\u00ed\u00adso Creativo\",\"description\":\"\",\"potentialAction\":[{\"@type\":\"SearchAction\",\"target\":{\"@type\":\"EntryPoint\",\"urlTemplate\":\"https:\/\/dev.antudigital.cl\/sites\/vc\/?s={search_term_string}\"},\"query-input\":{\"@type\":\"PropertyValueSpecification\",\"valueRequired\":true,\"valueName\":\"search_term_string\"}}],\"inLanguage\":\"es\"},{\"@type\":\"Person\",\"@id\":\"https:\/\/dev.antudigital.cl\/sites\/vc\/#\/schema\/person\/81d1dcd51abd542b5dfc00f5f951a0f1\",\"name\":\"Valparaiso Creativo\",\"url\":\"https:\/\/dev.antudigital.cl\/sites\/vc\/author\/valparaiso-creativo\/\"}]}<\/script>\n<!-- \/ Yoast SEO plugin. -->","yoast_head_json":{"title":"Municipalidad de Vi\u00f1a del Mar ofrece talleres de educaci\u00f3n patrimonial - Valpara\u00ed\u00adso Creativo","robots":{"index":"index","follow":"follow","max-snippet":"max-snippet:-1","max-image-preview":"max-image-preview:large","max-video-preview":"max-video-preview:-1"},"canonical":"https:\/\/dev.antudigital.cl\/sites\/vc\/municipalidad-de-vina-del-mar-ofrece-talleres-de-educacion-patrimonial\/","og_locale":"es_ES","og_type":"article","og_title":"Municipalidad de Vi\u00f1a del Mar ofrece talleres de educaci\u00f3n patrimonial - Valpara\u00ed\u00adso Creativo","og_description":"Desde la Municipalidad de Vi\u00f1a del Mar se extiende la invitaci\u00f3n a ser parte de los Talleres de Verano del Programa de Educaci\u00f3n Patrimonial Pasos, a realizarse durante el presente mes de enero y febrero. Se trata de una serie de sesiones en las que se profundizar\u00e1 sobre patrimonio y la historia de la ciudad. [&hellip;]","og_url":"https:\/\/dev.antudigital.cl\/sites\/vc\/municipalidad-de-vina-del-mar-ofrece-talleres-de-educacion-patrimonial\/","og_site_name":"Valpara\u00ed\u00adso Creativo","article_published_time":"2021-01-15T11:59:20+00:00","og_image":[{"width":677,"height":345,"url":"https:\/\/dev.antudigital.cl\/sites\/vc\/wp-content\/uploads\/2021\/01\/Captura-de-Pantalla-2021-01-15-a-las-11.42.48.png","type":"image\/png"}],"author":"Valparaiso Creativo","twitter_card":"summary_large_image","twitter_misc":{"Escrito por":"Valparaiso Creativo","Tiempo de lectura":"1 minuto"},"schema":{"@context":"https:\/\/schema.org","@graph":[{"@type":"Article","@id":"https:\/\/dev.antudigital.cl\/sites\/vc\/municipalidad-de-vina-del-mar-ofrece-talleres-de-educacion-patrimonial\/#article","isPartOf":{"@id":"https:\/\/dev.antudigital.cl\/sites\/vc\/municipalidad-de-vina-del-mar-ofrece-talleres-de-educacion-patrimonial\/"},"author":{"name":"Valparaiso Creativo","@id":"https:\/\/dev.antudigital.cl\/sites\/vc\/#\/schema\/person\/81d1dcd51abd542b5dfc00f5f951a0f1"},"headline":"Municipalidad de Vi\u00f1a del Mar ofrece talleres de educaci\u00f3n patrimonial","datePublished":"2021-01-15T11:59:20+00:00","mainEntityOfPage":{"@id":"https:\/\/dev.antudigital.cl\/sites\/vc\/municipalidad-de-vina-del-mar-ofrece-talleres-de-educacion-patrimonial\/"},"wordCount":296,"image":{"@id":"https:\/\/dev.antudigital.cl\/sites\/vc\/municipalidad-de-vina-del-mar-ofrece-talleres-de-educacion-patrimonial\/#primaryimage"},"thumbnailUrl":"https:\/\/dev.antudigital.cl\/sites\/vc\/wp-content\/uploads\/2021\/01\/Captura-de-Pantalla-2021-01-15-a-las-11.42.48.png","articleSection":["Noticia"],"inLanguage":"es"},{"@type":"WebPage","@id":"https:\/\/dev.antudigital.cl\/sites\/vc\/municipalidad-de-vina-del-mar-ofrece-talleres-de-educacion-patrimonial\/","url":"https:\/\/dev.antudigital.cl\/sites\/vc\/municipalidad-de-vina-del-mar-ofrece-talleres-de-educacion-patrimonial\/","name":"Municipalidad de Vi\u00f1a del Mar ofrece talleres de educaci\u00f3n patrimonial - Valpara\u00ed\u00adso Creativo","isPartOf":{"@id":"https:\/\/dev.antudigital.cl\/sites\/vc\/#website"},"primaryImageOfPage":{"@id":"https:\/\/dev.antudigital.cl\/sites\/vc\/municipalidad-de-vina-del-mar-ofrece-talleres-de-educacion-patrimonial\/#primaryimage"},"image":{"@id":"https:\/\/dev.antudigital.cl\/sites\/vc\/municipalidad-de-vina-del-mar-ofrece-talleres-de-educacion-patrimonial\/#primaryimage"},"thumbnailUrl":"https:\/\/dev.antudigital.cl\/sites\/vc\/wp-content\/uploads\/2021\/01\/Captura-de-Pantalla-2021-01-15-a-las-11.42.48.png","datePublished":"2021-01-15T11:59:20+00:00","author":{"@id":"https:\/\/dev.antudigital.cl\/sites\/vc\/#\/schema\/person\/81d1dcd51abd542b5dfc00f5f951a0f1"},"breadcrumb":{"@id":"https:\/\/dev.antudigital.cl\/sites\/vc\/municipalidad-de-vina-del-mar-ofrece-talleres-de-educacion-patrimonial\/#breadcrumb"},"inLanguage":"es","potentialAction":[{"@type":"ReadAction","target":["https:\/\/dev.antudigital.cl\/sites\/vc\/municipalidad-de-vina-del-mar-ofrece-talleres-de-educacion-patrimonial\/"]}]},{"@type":"ImageObject","inLanguage":"es","@id":"https:\/\/dev.antudigital.cl\/sites\/vc\/municipalidad-de-vina-del-mar-ofrece-talleres-de-educacion-patrimonial\/#primaryimage","url":"https:\/\/dev.antudigital.cl\/sites\/vc\/wp-content\/uploads\/2021\/01\/Captura-de-Pantalla-2021-01-15-a-las-11.42.48.png","contentUrl":"https:\/\/dev.antudigital.cl\/sites\/vc\/wp-content\/uploads\/2021\/01\/Captura-de-Pantalla-2021-01-15-a-las-11.42.48.png","width":677,"height":345},{"@type":"BreadcrumbList","@id":"https:\/\/dev.antudigital.cl\/sites\/vc\/municipalidad-de-vina-del-mar-ofrece-talleres-de-educacion-patrimonial\/#breadcrumb","itemListElement":[{"@type":"ListItem","position":1,"name":"Home","item":"https:\/\/dev.antudigital.cl\/sites\/vc\/"},{"@type":"ListItem","position":2,"name":"Municipalidad de Vi\u00f1a del Mar ofrece talleres de educaci\u00f3n patrimonial"}]},{"@type":"WebSite","@id":"https:\/\/dev.antudigital.cl\/sites\/vc\/#website","url":"https:\/\/dev.antudigital.cl\/sites\/vc\/","name":"Valpara\u00ed\u00adso Creativo","description":"","potentialAction":[{"@type":"SearchAction","target":{"@type":"EntryPoint","urlTemplate":"https:\/\/dev.antudigital.cl\/sites\/vc\/?s={search_term_string}"},"query-input":{"@type":"PropertyValueSpecification","valueRequired":true,"valueName":"search_term_string"}}],"inLanguage":"es"},{"@type":"Person","@id":"https:\/\/dev.antudigital.cl\/sites\/vc\/#\/schema\/person\/81d1dcd51abd542b5dfc00f5f951a0f1","name":"Valparaiso Creativo","url":"https:\/\/dev.antudigital.cl\/sites\/vc\/author\/valparaiso-creativo\/"}]}},"_links":{"self":[{"href":"https:\/\/dev.antudigital.cl\/sites\/vc\/wp-json\/wp\/v2\/posts\/8377","targetHints":{"allow":["GET"]}}],"collection":[{"href":"https:\/\/dev.antudigital.cl\/sites\/vc\/wp-json\/wp\/v2\/posts"}],"about":[{"href":"https:\/\/dev.antudigital.cl\/sites\/vc\/wp-json\/wp\/v2\/types\/post"}],"author":[{"embeddable":true,"href":"https:\/\/dev.antudigital.cl\/sites\/vc\/wp-json\/wp\/v2\/users\/3"}],"replies":[{"embeddable":true,"href":"https:\/\/dev.antudigital.cl\/sites\/vc\/wp-json\/wp\/v2\/comments?post=8377"}],"version-history":[{"count":0,"href":"https:\/\/dev.antudigital.cl\/sites\/vc\/wp-json\/wp\/v2\/posts\/8377\/revisions"}],"wp:featuredmedia":[{"embeddable":true,"href":"https:\/\/dev.antudigital.cl\/sites\/vc\/wp-json\/wp\/v2\/media\/8381"}],"wp:attachment":[{"href":"https:\/\/dev.antudigital.cl\/sites\/vc\/wp-json\/wp\/v2\/media?parent=8377"}],"wp:term":[{"taxonomy":"category","embeddable":true,"href":"https:\/\/dev.antudigital.cl\/sites\/vc\/wp-json\/wp\/v2\/categories?post=8377"},{"taxonomy":"post_tag","embeddable":true,"href":"https:\/\/dev.antudigital.cl\/sites\/vc\/wp-json\/wp\/v2\/tags?post=8377"}],"curies":[{"name":"wp","href":"https:\/\/api.w.org\/{rel}","templated":true}]}}