{"id":8384,"date":"2021-01-08T22:34:21","date_gmt":"2021-01-08T22:34:21","guid":{"rendered":"https:\/\/www.valparaisocreativo.cl\/?p=5737"},"modified":"2021-01-08T22:34:21","modified_gmt":"2021-01-08T22:34:21","slug":"escenalborde-inicia-itinerancia-de-artes-escenicas-por-la-region-de-valparaiso","status":"publish","type":"post","link":"https:\/\/dev.antudigital.cl\/sites\/vc\/escenalborde-inicia-itinerancia-de-artes-escenicas-por-la-region-de-valparaiso\/","title":{"rendered":"Escenalborde inicia itinerancia de Artes Esc\u00e9nicas por la Regi\u00f3n de Valpara\u00edso"},"content":{"rendered":"<p dir=\"ltr\">Danza, circo, narraci\u00f3n oral, teatro, t\u00edteres y \u00f3pera son las disciplinas que <a href=\"https:\/\/www.escenalborde.cl\/\" target=\"_blank\" rel=\"noopener noreferrer\" data-saferedirecturl=\"https:\/\/www.google.com\/url?q=https:\/\/www.escenalborde.cl\/&amp;source=gmail&amp;ust=1610241634707000&amp;usg=AFQjCNEOJgmGBvWMOog77CVNyMipU435zA\">escenalborde<\/a> llevar\u00e1 a de manera presencial a distintos territorios de la regi\u00f3n de Valpara\u00edso, y a los hogares en modalidad online. La programaci\u00f3n se inicia el martes 5 de enero y se extender\u00e1 hasta marzo de 2021.<\/p>\n<p dir=\"ltr\">En un a\u00f1o marcado por la emergencia sanitaria, <a href=\"https:\/\/www.escenalborde.cl\/\" target=\"_blank\" rel=\"noopener noreferrer\" data-saferedirecturl=\"https:\/\/www.google.com\/url?q=https:\/\/www.escenalborde.cl\/&amp;source=gmail&amp;ust=1610241634707000&amp;usg=AFQjCNEOJgmGBvWMOog77CVNyMipU435zA\">escenalborde<\/a> la plataforma de artes esc\u00e9nicas contempor\u00e1neas, radicada en Valpara\u00edso apuesta por la asociatividad entre los distintos actores locales vinculados a las artes esc\u00e9nicas y la necesaria dinamizaci\u00f3n del territorio, con el proyecto \u201cDe lo virtual a lo presencial\u201d, parte del\u00a0Programa de Artes Esc\u00e9nicas Itinerantes Regionales, impulsada por la Secretar\u00eda Ejecutiva de Artes Esc\u00e9nicas, del Ministerio de las Culturas, las Artes y el Patrimonio.<\/p>\n<p dir=\"ltr\">La iniciativa contempla una itinerancia regional con obras de 8 compa\u00f1\u00edas, agrupaciones, colectivos y creadores de destacada trayectoria en la Regi\u00f3n de Valpara\u00edso, que se iniciar\u00e1 de manera virtual digital, para luego pasar a una fase presencial. Los convocados son la Compa\u00f1\u00eda Moviendo Hilos (Marionetas), Compa\u00f1\u00eda Alumbra Creando (Narraci\u00f3n Oral), Compa\u00f1\u00eda EnAires (Circo A\u00e9reo), Los Furamburleros (Circo Clown), Bernardita Paz (\u00d3pera), Yolanda Carm\u00edn (Tragicomedia) y los representantes de Danza, las Compa\u00f1\u00edas Mundo Moebio y laOrtopedia.<\/p>\n<p dir=\"ltr\"><img fetchpriority=\"high\" decoding=\"async\" class=\"alignleft size-medium wp-image-5739\" src=\"https:\/\/www.valparaisocreativo.cl\/wp-content\/uploads\/2021\/01\/image-300x300.png\" alt=\"\" width=\"300\" height=\"300\" \/>\u201cPara este itinerancia de artes esc\u00e9nicas, hemos ampliado nuestro rango habitual de especificidad en danza, buscando intercambiar con creadores de otras disciplinas y compartir esta experiencia de re-habitabilidad de espacios culturales y los potenciales y necesidades que devienen de la contingencia en desarrollo y la relaci\u00f3n con nuestro hacer y el p\u00fablico\u201d, se\u00f1ala Iv\u00e1n S\u00e1nchez, codirector de escenalborde y programador del proyecto.<\/p>\n<p dir=\"ltr\">Las actividades se inician el martes 5 de enero de 2021 con una programaci\u00f3n virtual que ser\u00e1 transmitida desde las distintas redes sociales de los centros culturales y municipios de Quilpu\u00e9, Quillota, La Cruz, Quintero, Conc\u00f3n y Algarrobo. En tanto, desde el mi\u00e9rcoles 6 de enero, las transmisiones se realizar\u00e1n desde Calle Larga, Llay Llay, Santa Mar\u00eda, San Esteban, Putaendo y Panquehue. Posteriormente, la programaci\u00f3n presencial se desarrollar\u00e1 durante los meses de febrero y marzo, seg\u00fan el estado de contingencia sanitaria de cada comuna.<\/p>\n<p dir=\"ltr\">Todas las actividades ser\u00e1n difundidas a trav\u00e9s del sitio\u00a0<a href=\"http:\/\/www.eligecultura.gob.cl\/\" target=\"_blank\" rel=\"noopener noreferrer\" data-saferedirecturl=\"https:\/\/www.google.com\/url?q=http:\/\/www.eligecultura.gob.cl\/&amp;source=gmail&amp;ust=1610241634707000&amp;usg=AFQjCNEflLo4Zy68l27nHuTJ80I9xQyHXA\">www.eligecultura.gob.cl<\/a> y <a href=\"http:\/\/www.escenalborde.cl\" target=\"_blank\" rel=\"noopener noreferrer\" data-saferedirecturl=\"https:\/\/www.google.com\/url?q=http:\/\/www.escenalborde.cl&amp;source=gmail&amp;ust=1610241634707000&amp;usg=AFQjCNF9Ckb9MFyDjl99tIu6BlcpR4jYUg\">www.escenalborde.cl<\/a>. \u00a1Descubre la programaci\u00f3n en l\u00ednea!<\/p>\n","protected":false},"excerpt":{"rendered":"<p>Danza, circo, narraci\u00f3n oral, teatro, t\u00edteres y \u00f3pera son las disciplinas que escenalborde llevar\u00e1 a de manera presencial a distintos territorios de la regi\u00f3n de Valpara\u00edso, y a los hogares en modalidad online. La programaci\u00f3n se inicia el martes 5 de enero y se extender\u00e1 hasta marzo de 2021. En un a\u00f1o marcado por la [&hellip;]<\/p>\n","protected":false},"author":3,"featured_media":8386,"comment_status":"closed","ping_status":"closed","sticky":false,"template":"","format":"standard","meta":{"_acf_changed":false,"footnotes":""},"categories":[8],"tags":[],"class_list":["post-8384","post","type-post","status-publish","format-standard","has-post-thumbnail","hentry","category-noticia"],"acf":[],"yoast_head":"<!-- This site is optimized with the Yoast SEO plugin v27.1.1 - https:\/\/yoast.com\/product\/yoast-seo-wordpress\/ -->\n<title>Escenalborde inicia itinerancia de Artes Esc\u00e9nicas por la Regi\u00f3n de Valpara\u00edso - Valpara\u00ed\u00adso Creativo<\/title>\n<meta name=\"robots\" content=\"index, follow, max-snippet:-1, max-image-preview:large, max-video-preview:-1\" \/>\n<link rel=\"canonical\" href=\"https:\/\/dev.antudigital.cl\/sites\/vc\/escenalborde-inicia-itinerancia-de-artes-escenicas-por-la-region-de-valparaiso\/\" \/>\n<meta property=\"og:locale\" content=\"es_ES\" \/>\n<meta property=\"og:type\" content=\"article\" \/>\n<meta property=\"og:title\" content=\"Escenalborde inicia itinerancia de Artes Esc\u00e9nicas por la Regi\u00f3n de Valpara\u00edso - Valpara\u00ed\u00adso Creativo\" \/>\n<meta property=\"og:description\" content=\"Danza, circo, narraci\u00f3n oral, teatro, t\u00edteres y \u00f3pera son las disciplinas que escenalborde llevar\u00e1 a de manera presencial a distintos territorios de la regi\u00f3n de Valpara\u00edso, y a los hogares en modalidad online. La programaci\u00f3n se inicia el martes 5 de enero y se extender\u00e1 hasta marzo de 2021. En un a\u00f1o marcado por la [&hellip;]\" \/>\n<meta property=\"og:url\" content=\"https:\/\/dev.antudigital.cl\/sites\/vc\/escenalborde-inicia-itinerancia-de-artes-escenicas-por-la-region-de-valparaiso\/\" \/>\n<meta property=\"og:site_name\" content=\"Valpara\u00ed\u00adso Creativo\" \/>\n<meta property=\"article:published_time\" content=\"2021-01-08T22:34:21+00:00\" \/>\n<meta property=\"og:image\" content=\"https:\/\/dev.antudigital.cl\/sites\/vc\/wp-content\/uploads\/2021\/01\/Mundo-Moebio_Silencio-Expansivo-por-Denis-Adonis.jpg\" \/>\n\t<meta property=\"og:image:width\" content=\"800\" \/>\n\t<meta property=\"og:image:height\" content=\"532\" \/>\n\t<meta property=\"og:image:type\" content=\"image\/jpeg\" \/>\n<meta name=\"author\" content=\"Valparaiso Creativo\" \/>\n<meta name=\"twitter:card\" content=\"summary_large_image\" \/>\n<meta name=\"twitter:label1\" content=\"Escrito por\" \/>\n\t<meta name=\"twitter:data1\" content=\"Valparaiso Creativo\" \/>\n\t<meta name=\"twitter:label2\" content=\"Tiempo de lectura\" \/>\n\t<meta name=\"twitter:data2\" content=\"2 minutos\" \/>\n<script type=\"application\/ld+json\" class=\"yoast-schema-graph\">{\"@context\":\"https:\/\/schema.org\",\"@graph\":[{\"@type\":\"Article\",\"@id\":\"https:\/\/dev.antudigital.cl\/sites\/vc\/escenalborde-inicia-itinerancia-de-artes-escenicas-por-la-region-de-valparaiso\/#article\",\"isPartOf\":{\"@id\":\"https:\/\/dev.antudigital.cl\/sites\/vc\/escenalborde-inicia-itinerancia-de-artes-escenicas-por-la-region-de-valparaiso\/\"},\"author\":{\"name\":\"Valparaiso Creativo\",\"@id\":\"https:\/\/dev.antudigital.cl\/sites\/vc\/#\/schema\/person\/81d1dcd51abd542b5dfc00f5f951a0f1\"},\"headline\":\"Escenalborde inicia itinerancia de Artes Esc\u00e9nicas por la Regi\u00f3n de Valpara\u00edso\",\"datePublished\":\"2021-01-08T22:34:21+00:00\",\"mainEntityOfPage\":{\"@id\":\"https:\/\/dev.antudigital.cl\/sites\/vc\/escenalborde-inicia-itinerancia-de-artes-escenicas-por-la-region-de-valparaiso\/\"},\"wordCount\":414,\"image\":{\"@id\":\"https:\/\/dev.antudigital.cl\/sites\/vc\/escenalborde-inicia-itinerancia-de-artes-escenicas-por-la-region-de-valparaiso\/#primaryimage\"},\"thumbnailUrl\":\"https:\/\/dev.antudigital.cl\/sites\/vc\/wp-content\/uploads\/2021\/01\/Mundo-Moebio_Silencio-Expansivo-por-Denis-Adonis.jpg\",\"articleSection\":[\"Noticia\"],\"inLanguage\":\"es\"},{\"@type\":\"WebPage\",\"@id\":\"https:\/\/dev.antudigital.cl\/sites\/vc\/escenalborde-inicia-itinerancia-de-artes-escenicas-por-la-region-de-valparaiso\/\",\"url\":\"https:\/\/dev.antudigital.cl\/sites\/vc\/escenalborde-inicia-itinerancia-de-artes-escenicas-por-la-region-de-valparaiso\/\",\"name\":\"Escenalborde inicia itinerancia de Artes Esc\u00e9nicas por la Regi\u00f3n de Valpara\u00edso - Valpara\u00ed\u00adso Creativo\",\"isPartOf\":{\"@id\":\"https:\/\/dev.antudigital.cl\/sites\/vc\/#website\"},\"primaryImageOfPage\":{\"@id\":\"https:\/\/dev.antudigital.cl\/sites\/vc\/escenalborde-inicia-itinerancia-de-artes-escenicas-por-la-region-de-valparaiso\/#primaryimage\"},\"image\":{\"@id\":\"https:\/\/dev.antudigital.cl\/sites\/vc\/escenalborde-inicia-itinerancia-de-artes-escenicas-por-la-region-de-valparaiso\/#primaryimage\"},\"thumbnailUrl\":\"https:\/\/dev.antudigital.cl\/sites\/vc\/wp-content\/uploads\/2021\/01\/Mundo-Moebio_Silencio-Expansivo-por-Denis-Adonis.jpg\",\"datePublished\":\"2021-01-08T22:34:21+00:00\",\"author\":{\"@id\":\"https:\/\/dev.antudigital.cl\/sites\/vc\/#\/schema\/person\/81d1dcd51abd542b5dfc00f5f951a0f1\"},\"breadcrumb\":{\"@id\":\"https:\/\/dev.antudigital.cl\/sites\/vc\/escenalborde-inicia-itinerancia-de-artes-escenicas-por-la-region-de-valparaiso\/#breadcrumb\"},\"inLanguage\":\"es\",\"potentialAction\":[{\"@type\":\"ReadAction\",\"target\":[\"https:\/\/dev.antudigital.cl\/sites\/vc\/escenalborde-inicia-itinerancia-de-artes-escenicas-por-la-region-de-valparaiso\/\"]}]},{\"@type\":\"ImageObject\",\"inLanguage\":\"es\",\"@id\":\"https:\/\/dev.antudigital.cl\/sites\/vc\/escenalborde-inicia-itinerancia-de-artes-escenicas-por-la-region-de-valparaiso\/#primaryimage\",\"url\":\"https:\/\/dev.antudigital.cl\/sites\/vc\/wp-content\/uploads\/2021\/01\/Mundo-Moebio_Silencio-Expansivo-por-Denis-Adonis.jpg\",\"contentUrl\":\"https:\/\/dev.antudigital.cl\/sites\/vc\/wp-content\/uploads\/2021\/01\/Mundo-Moebio_Silencio-Expansivo-por-Denis-Adonis.jpg\",\"width\":800,\"height\":532},{\"@type\":\"BreadcrumbList\",\"@id\":\"https:\/\/dev.antudigital.cl\/sites\/vc\/escenalborde-inicia-itinerancia-de-artes-escenicas-por-la-region-de-valparaiso\/#breadcrumb\",\"itemListElement\":[{\"@type\":\"ListItem\",\"position\":1,\"name\":\"Home\",\"item\":\"https:\/\/dev.antudigital.cl\/sites\/vc\/\"},{\"@type\":\"ListItem\",\"position\":2,\"name\":\"Escenalborde inicia itinerancia de Artes Esc\u00e9nicas por la Regi\u00f3n de Valpara\u00edso\"}]},{\"@type\":\"WebSite\",\"@id\":\"https:\/\/dev.antudigital.cl\/sites\/vc\/#website\",\"url\":\"https:\/\/dev.antudigital.cl\/sites\/vc\/\",\"name\":\"Valpara\u00ed\u00adso Creativo\",\"description\":\"\",\"potentialAction\":[{\"@type\":\"SearchAction\",\"target\":{\"@type\":\"EntryPoint\",\"urlTemplate\":\"https:\/\/dev.antudigital.cl\/sites\/vc\/?s={search_term_string}\"},\"query-input\":{\"@type\":\"PropertyValueSpecification\",\"valueRequired\":true,\"valueName\":\"search_term_string\"}}],\"inLanguage\":\"es\"},{\"@type\":\"Person\",\"@id\":\"https:\/\/dev.antudigital.cl\/sites\/vc\/#\/schema\/person\/81d1dcd51abd542b5dfc00f5f951a0f1\",\"name\":\"Valparaiso Creativo\",\"url\":\"https:\/\/dev.antudigital.cl\/sites\/vc\/author\/valparaiso-creativo\/\"}]}<\/script>\n<!-- \/ Yoast SEO plugin. -->","yoast_head_json":{"title":"Escenalborde inicia itinerancia de Artes Esc\u00e9nicas por la Regi\u00f3n de Valpara\u00edso - Valpara\u00ed\u00adso Creativo","robots":{"index":"index","follow":"follow","max-snippet":"max-snippet:-1","max-image-preview":"max-image-preview:large","max-video-preview":"max-video-preview:-1"},"canonical":"https:\/\/dev.antudigital.cl\/sites\/vc\/escenalborde-inicia-itinerancia-de-artes-escenicas-por-la-region-de-valparaiso\/","og_locale":"es_ES","og_type":"article","og_title":"Escenalborde inicia itinerancia de Artes Esc\u00e9nicas por la Regi\u00f3n de Valpara\u00edso - Valpara\u00ed\u00adso Creativo","og_description":"Danza, circo, narraci\u00f3n oral, teatro, t\u00edteres y \u00f3pera son las disciplinas que escenalborde llevar\u00e1 a de manera presencial a distintos territorios de la regi\u00f3n de Valpara\u00edso, y a los hogares en modalidad online. La programaci\u00f3n se inicia el martes 5 de enero y se extender\u00e1 hasta marzo de 2021. En un a\u00f1o marcado por la [&hellip;]","og_url":"https:\/\/dev.antudigital.cl\/sites\/vc\/escenalborde-inicia-itinerancia-de-artes-escenicas-por-la-region-de-valparaiso\/","og_site_name":"Valpara\u00ed\u00adso Creativo","article_published_time":"2021-01-08T22:34:21+00:00","og_image":[{"width":800,"height":532,"url":"https:\/\/dev.antudigital.cl\/sites\/vc\/wp-content\/uploads\/2021\/01\/Mundo-Moebio_Silencio-Expansivo-por-Denis-Adonis.jpg","type":"image\/jpeg"}],"author":"Valparaiso Creativo","twitter_card":"summary_large_image","twitter_misc":{"Escrito por":"Valparaiso Creativo","Tiempo de lectura":"2 minutos"},"schema":{"@context":"https:\/\/schema.org","@graph":[{"@type":"Article","@id":"https:\/\/dev.antudigital.cl\/sites\/vc\/escenalborde-inicia-itinerancia-de-artes-escenicas-por-la-region-de-valparaiso\/#article","isPartOf":{"@id":"https:\/\/dev.antudigital.cl\/sites\/vc\/escenalborde-inicia-itinerancia-de-artes-escenicas-por-la-region-de-valparaiso\/"},"author":{"name":"Valparaiso Creativo","@id":"https:\/\/dev.antudigital.cl\/sites\/vc\/#\/schema\/person\/81d1dcd51abd542b5dfc00f5f951a0f1"},"headline":"Escenalborde inicia itinerancia de Artes Esc\u00e9nicas por la Regi\u00f3n de Valpara\u00edso","datePublished":"2021-01-08T22:34:21+00:00","mainEntityOfPage":{"@id":"https:\/\/dev.antudigital.cl\/sites\/vc\/escenalborde-inicia-itinerancia-de-artes-escenicas-por-la-region-de-valparaiso\/"},"wordCount":414,"image":{"@id":"https:\/\/dev.antudigital.cl\/sites\/vc\/escenalborde-inicia-itinerancia-de-artes-escenicas-por-la-region-de-valparaiso\/#primaryimage"},"thumbnailUrl":"https:\/\/dev.antudigital.cl\/sites\/vc\/wp-content\/uploads\/2021\/01\/Mundo-Moebio_Silencio-Expansivo-por-Denis-Adonis.jpg","articleSection":["Noticia"],"inLanguage":"es"},{"@type":"WebPage","@id":"https:\/\/dev.antudigital.cl\/sites\/vc\/escenalborde-inicia-itinerancia-de-artes-escenicas-por-la-region-de-valparaiso\/","url":"https:\/\/dev.antudigital.cl\/sites\/vc\/escenalborde-inicia-itinerancia-de-artes-escenicas-por-la-region-de-valparaiso\/","name":"Escenalborde inicia itinerancia de Artes Esc\u00e9nicas por la Regi\u00f3n de Valpara\u00edso - Valpara\u00ed\u00adso Creativo","isPartOf":{"@id":"https:\/\/dev.antudigital.cl\/sites\/vc\/#website"},"primaryImageOfPage":{"@id":"https:\/\/dev.antudigital.cl\/sites\/vc\/escenalborde-inicia-itinerancia-de-artes-escenicas-por-la-region-de-valparaiso\/#primaryimage"},"image":{"@id":"https:\/\/dev.antudigital.cl\/sites\/vc\/escenalborde-inicia-itinerancia-de-artes-escenicas-por-la-region-de-valparaiso\/#primaryimage"},"thumbnailUrl":"https:\/\/dev.antudigital.cl\/sites\/vc\/wp-content\/uploads\/2021\/01\/Mundo-Moebio_Silencio-Expansivo-por-Denis-Adonis.jpg","datePublished":"2021-01-08T22:34:21+00:00","author":{"@id":"https:\/\/dev.antudigital.cl\/sites\/vc\/#\/schema\/person\/81d1dcd51abd542b5dfc00f5f951a0f1"},"breadcrumb":{"@id":"https:\/\/dev.antudigital.cl\/sites\/vc\/escenalborde-inicia-itinerancia-de-artes-escenicas-por-la-region-de-valparaiso\/#breadcrumb"},"inLanguage":"es","potentialAction":[{"@type":"ReadAction","target":["https:\/\/dev.antudigital.cl\/sites\/vc\/escenalborde-inicia-itinerancia-de-artes-escenicas-por-la-region-de-valparaiso\/"]}]},{"@type":"ImageObject","inLanguage":"es","@id":"https:\/\/dev.antudigital.cl\/sites\/vc\/escenalborde-inicia-itinerancia-de-artes-escenicas-por-la-region-de-valparaiso\/#primaryimage","url":"https:\/\/dev.antudigital.cl\/sites\/vc\/wp-content\/uploads\/2021\/01\/Mundo-Moebio_Silencio-Expansivo-por-Denis-Adonis.jpg","contentUrl":"https:\/\/dev.antudigital.cl\/sites\/vc\/wp-content\/uploads\/2021\/01\/Mundo-Moebio_Silencio-Expansivo-por-Denis-Adonis.jpg","width":800,"height":532},{"@type":"BreadcrumbList","@id":"https:\/\/dev.antudigital.cl\/sites\/vc\/escenalborde-inicia-itinerancia-de-artes-escenicas-por-la-region-de-valparaiso\/#breadcrumb","itemListElement":[{"@type":"ListItem","position":1,"name":"Home","item":"https:\/\/dev.antudigital.cl\/sites\/vc\/"},{"@type":"ListItem","position":2,"name":"Escenalborde inicia itinerancia de Artes Esc\u00e9nicas por la Regi\u00f3n de Valpara\u00edso"}]},{"@type":"WebSite","@id":"https:\/\/dev.antudigital.cl\/sites\/vc\/#website","url":"https:\/\/dev.antudigital.cl\/sites\/vc\/","name":"Valpara\u00ed\u00adso Creativo","description":"","potentialAction":[{"@type":"SearchAction","target":{"@type":"EntryPoint","urlTemplate":"https:\/\/dev.antudigital.cl\/sites\/vc\/?s={search_term_string}"},"query-input":{"@type":"PropertyValueSpecification","valueRequired":true,"valueName":"search_term_string"}}],"inLanguage":"es"},{"@type":"Person","@id":"https:\/\/dev.antudigital.cl\/sites\/vc\/#\/schema\/person\/81d1dcd51abd542b5dfc00f5f951a0f1","name":"Valparaiso Creativo","url":"https:\/\/dev.antudigital.cl\/sites\/vc\/author\/valparaiso-creativo\/"}]}},"_links":{"self":[{"href":"https:\/\/dev.antudigital.cl\/sites\/vc\/wp-json\/wp\/v2\/posts\/8384","targetHints":{"allow":["GET"]}}],"collection":[{"href":"https:\/\/dev.antudigital.cl\/sites\/vc\/wp-json\/wp\/v2\/posts"}],"about":[{"href":"https:\/\/dev.antudigital.cl\/sites\/vc\/wp-json\/wp\/v2\/types\/post"}],"author":[{"embeddable":true,"href":"https:\/\/dev.antudigital.cl\/sites\/vc\/wp-json\/wp\/v2\/users\/3"}],"replies":[{"embeddable":true,"href":"https:\/\/dev.antudigital.cl\/sites\/vc\/wp-json\/wp\/v2\/comments?post=8384"}],"version-history":[{"count":0,"href":"https:\/\/dev.antudigital.cl\/sites\/vc\/wp-json\/wp\/v2\/posts\/8384\/revisions"}],"wp:featuredmedia":[{"embeddable":true,"href":"https:\/\/dev.antudigital.cl\/sites\/vc\/wp-json\/wp\/v2\/media\/8386"}],"wp:attachment":[{"href":"https:\/\/dev.antudigital.cl\/sites\/vc\/wp-json\/wp\/v2\/media?parent=8384"}],"wp:term":[{"taxonomy":"category","embeddable":true,"href":"https:\/\/dev.antudigital.cl\/sites\/vc\/wp-json\/wp\/v2\/categories?post=8384"},{"taxonomy":"post_tag","embeddable":true,"href":"https:\/\/dev.antudigital.cl\/sites\/vc\/wp-json\/wp\/v2\/tags?post=8384"}],"curies":[{"name":"wp","href":"https:\/\/api.w.org\/{rel}","templated":true}]}}