{"id":8387,"date":"2021-01-08T22:13:35","date_gmt":"2021-01-08T22:13:35","guid":{"rendered":"https:\/\/www.valparaisocreativo.cl\/?p=5734"},"modified":"2021-01-08T22:13:35","modified_gmt":"2021-01-08T22:13:35","slug":"se-acerca-la-fecha-quedan-los-ultimos-cupos-para-el-15vo-encuentro-de-emprendimiento-e-innovacion-crcp","status":"publish","type":"post","link":"https:\/\/dev.antudigital.cl\/sites\/vc\/se-acerca-la-fecha-quedan-los-ultimos-cupos-para-el-15vo-encuentro-de-emprendimiento-e-innovacion-crcp\/","title":{"rendered":"Se acerca la fecha: quedan los \u00faltimos cupos para el 15vo Encuentro de Emprendimiento e Innovaci\u00f3n CRCP"},"content":{"rendered":"<p>Con el objetivo de abordar el impacto de la crisis en las empresas y los desaf\u00edos para construir una regi\u00f3n m\u00e1s innovadora y emprendedora, la C\u00e1mara Regional del Comercio de Valpara\u00edso (CRCP) realizar\u00e1 el pr\u00f3ximo martes 12 de enero el <strong>15\u00b0 Encuentro de Emprendimiento e Innovaci\u00f3n<\/strong>, en un formato completamente virtual.<\/p>\n<p>Marcela Pastenes, gerente general de la CRCP, se\u00f1ala que \u201cnuestro prop\u00f3sito ha sido por a\u00f1os acelerar el ecosistema de emprendimiento e innovaci\u00f3n en la regi\u00f3n. No obstante, producto de la crisis, los emprendedores y las pymes hoy enfrentan un dif\u00edcil escenario, pero creemos que trabajando de manera innovadora y colaborativa, podemos convertirlo en una gran oportunidad a mediano y largo plazo\u201d.<\/p>\n<p>Por eso, este evento contar\u00e1 con la participaci\u00f3n de <strong>Mar\u00eda Emilia Correa<\/strong>, cofundadora de Sistema B, quien compartir\u00e1 su visi\u00f3n sobre este cr\u00edtico momento para los emprendedores y el rol de las empresas B a futuro; y <strong>Sebasti\u00e1n Barr\u00eda<\/strong>, cofundador de Automapp, quien abordar\u00e1 su experiencia como innovador, as\u00ed como los desaf\u00edos y oportunidades que esta crisis podr\u00eda traer para las startups. Adem\u00e1s, contar\u00e1 con la moderaci\u00f3n de <strong>Ian Hughes<\/strong>, CEO de Innervycs y presidente de la Mesa de Innovaci\u00f3n CRCP.<\/p>\n<p>Pastenes agreg\u00f3 que \u201cesperamos que este evento genere un espacio de conversaci\u00f3n sobre las oportunidades y los desaf\u00edos que debemos superar para transformar al emprendimiento y la innovaci\u00f3n en una fuerza creadora de desarrollo regional\u201d. Cabe destacar que la CRCP, junto a Corfo y el Gobierno Regional, impulsan el programa de Gobernanza para la Aceleraci\u00f3n del EIE, una iniciativa que en diciembre sell\u00f3 su compromiso con m\u00e1s de 100 actores del ecosistema y que busca transformar a Valpara\u00edso Regi\u00f3n en un polo internacional de emprendimiento e innovaci\u00f3n.<\/p>\n<p>El 15\u00b0 Encuentro de Emprendimiento e Innovaci\u00f3n se realizar\u00e1 el martes 12 de enero, a las 11:00 horas, a trav\u00e9s de la plataforma Zoom. La participaci\u00f3n es gratuita, previa inscripci\u00f3n en el siguiente enlace: <a href=\"https:\/\/bit.ly\/ENCUENTROCRCP\">https:\/\/bit.ly\/ENCUENTROCRCP<\/a><\/p>\n","protected":false},"excerpt":{"rendered":"<p>Con el objetivo de abordar el impacto de la crisis en las empresas y los desaf\u00edos para construir una regi\u00f3n m\u00e1s innovadora y emprendedora, la C\u00e1mara Regional del Comercio de Valpara\u00edso (CRCP) realizar\u00e1 el pr\u00f3ximo martes 12 de enero el 15\u00b0 Encuentro de Emprendimiento e Innovaci\u00f3n, en un formato completamente virtual. Marcela Pastenes, gerente general [&hellip;]<\/p>\n","protected":false},"author":3,"featured_media":8388,"comment_status":"closed","ping_status":"closed","sticky":false,"template":"","format":"standard","meta":{"_acf_changed":false,"footnotes":""},"categories":[8],"tags":[],"class_list":["post-8387","post","type-post","status-publish","format-standard","has-post-thumbnail","hentry","category-noticia"],"acf":[],"yoast_head":"<!-- This site is optimized with the Yoast SEO plugin v27.1.1 - https:\/\/yoast.com\/product\/yoast-seo-wordpress\/ -->\n<title>Se acerca la fecha: quedan los \u00faltimos cupos para el 15vo Encuentro de Emprendimiento e Innovaci\u00f3n CRCP - Valpara\u00ed\u00adso Creativo<\/title>\n<meta name=\"robots\" content=\"index, follow, max-snippet:-1, max-image-preview:large, max-video-preview:-1\" \/>\n<link rel=\"canonical\" href=\"https:\/\/dev.antudigital.cl\/sites\/vc\/se-acerca-la-fecha-quedan-los-ultimos-cupos-para-el-15vo-encuentro-de-emprendimiento-e-innovacion-crcp\/\" \/>\n<meta property=\"og:locale\" content=\"es_ES\" \/>\n<meta property=\"og:type\" content=\"article\" \/>\n<meta property=\"og:title\" content=\"Se acerca la fecha: quedan los \u00faltimos cupos para el 15vo Encuentro de Emprendimiento e Innovaci\u00f3n CRCP - Valpara\u00ed\u00adso Creativo\" \/>\n<meta property=\"og:description\" content=\"Con el objetivo de abordar el impacto de la crisis en las empresas y los desaf\u00edos para construir una regi\u00f3n m\u00e1s innovadora y emprendedora, la C\u00e1mara Regional del Comercio de Valpara\u00edso (CRCP) realizar\u00e1 el pr\u00f3ximo martes 12 de enero el 15\u00b0 Encuentro de Emprendimiento e Innovaci\u00f3n, en un formato completamente virtual. Marcela Pastenes, gerente general [&hellip;]\" \/>\n<meta property=\"og:url\" content=\"https:\/\/dev.antudigital.cl\/sites\/vc\/se-acerca-la-fecha-quedan-los-ultimos-cupos-para-el-15vo-encuentro-de-emprendimiento-e-innovacion-crcp\/\" \/>\n<meta property=\"og:site_name\" content=\"Valpara\u00ed\u00adso Creativo\" \/>\n<meta property=\"article:published_time\" content=\"2021-01-08T22:13:35+00:00\" \/>\n<meta property=\"og:image\" content=\"https:\/\/dev.antudigital.cl\/sites\/vc\/wp-content\/uploads\/2021\/01\/Captura-de-Pantalla-2021-01-08-a-las-22.07.16.png\" \/>\n\t<meta property=\"og:image:width\" content=\"715\" \/>\n\t<meta property=\"og:image:height\" content=\"471\" \/>\n\t<meta property=\"og:image:type\" content=\"image\/png\" \/>\n<meta name=\"author\" content=\"Valparaiso Creativo\" \/>\n<meta name=\"twitter:card\" content=\"summary_large_image\" \/>\n<meta name=\"twitter:label1\" content=\"Escrito por\" \/>\n\t<meta name=\"twitter:data1\" content=\"Valparaiso Creativo\" \/>\n\t<meta name=\"twitter:label2\" content=\"Tiempo de lectura\" \/>\n\t<meta name=\"twitter:data2\" content=\"2 minutos\" \/>\n<script type=\"application\/ld+json\" class=\"yoast-schema-graph\">{\"@context\":\"https:\/\/schema.org\",\"@graph\":[{\"@type\":\"Article\",\"@id\":\"https:\/\/dev.antudigital.cl\/sites\/vc\/se-acerca-la-fecha-quedan-los-ultimos-cupos-para-el-15vo-encuentro-de-emprendimiento-e-innovacion-crcp\/#article\",\"isPartOf\":{\"@id\":\"https:\/\/dev.antudigital.cl\/sites\/vc\/se-acerca-la-fecha-quedan-los-ultimos-cupos-para-el-15vo-encuentro-de-emprendimiento-e-innovacion-crcp\/\"},\"author\":{\"name\":\"Valparaiso Creativo\",\"@id\":\"https:\/\/dev.antudigital.cl\/sites\/vc\/#\/schema\/person\/81d1dcd51abd542b5dfc00f5f951a0f1\"},\"headline\":\"Se acerca la fecha: quedan los \u00faltimos cupos para el 15vo Encuentro de Emprendimiento e Innovaci\u00f3n CRCP\",\"datePublished\":\"2021-01-08T22:13:35+00:00\",\"mainEntityOfPage\":{\"@id\":\"https:\/\/dev.antudigital.cl\/sites\/vc\/se-acerca-la-fecha-quedan-los-ultimos-cupos-para-el-15vo-encuentro-de-emprendimiento-e-innovacion-crcp\/\"},\"wordCount\":366,\"image\":{\"@id\":\"https:\/\/dev.antudigital.cl\/sites\/vc\/se-acerca-la-fecha-quedan-los-ultimos-cupos-para-el-15vo-encuentro-de-emprendimiento-e-innovacion-crcp\/#primaryimage\"},\"thumbnailUrl\":\"https:\/\/dev.antudigital.cl\/sites\/vc\/wp-content\/uploads\/2021\/01\/Captura-de-Pantalla-2021-01-08-a-las-22.07.16.png\",\"articleSection\":[\"Noticia\"],\"inLanguage\":\"es\"},{\"@type\":\"WebPage\",\"@id\":\"https:\/\/dev.antudigital.cl\/sites\/vc\/se-acerca-la-fecha-quedan-los-ultimos-cupos-para-el-15vo-encuentro-de-emprendimiento-e-innovacion-crcp\/\",\"url\":\"https:\/\/dev.antudigital.cl\/sites\/vc\/se-acerca-la-fecha-quedan-los-ultimos-cupos-para-el-15vo-encuentro-de-emprendimiento-e-innovacion-crcp\/\",\"name\":\"Se acerca la fecha: quedan los \u00faltimos cupos para el 15vo Encuentro de Emprendimiento e Innovaci\u00f3n CRCP - Valpara\u00ed\u00adso Creativo\",\"isPartOf\":{\"@id\":\"https:\/\/dev.antudigital.cl\/sites\/vc\/#website\"},\"primaryImageOfPage\":{\"@id\":\"https:\/\/dev.antudigital.cl\/sites\/vc\/se-acerca-la-fecha-quedan-los-ultimos-cupos-para-el-15vo-encuentro-de-emprendimiento-e-innovacion-crcp\/#primaryimage\"},\"image\":{\"@id\":\"https:\/\/dev.antudigital.cl\/sites\/vc\/se-acerca-la-fecha-quedan-los-ultimos-cupos-para-el-15vo-encuentro-de-emprendimiento-e-innovacion-crcp\/#primaryimage\"},\"thumbnailUrl\":\"https:\/\/dev.antudigital.cl\/sites\/vc\/wp-content\/uploads\/2021\/01\/Captura-de-Pantalla-2021-01-08-a-las-22.07.16.png\",\"datePublished\":\"2021-01-08T22:13:35+00:00\",\"author\":{\"@id\":\"https:\/\/dev.antudigital.cl\/sites\/vc\/#\/schema\/person\/81d1dcd51abd542b5dfc00f5f951a0f1\"},\"breadcrumb\":{\"@id\":\"https:\/\/dev.antudigital.cl\/sites\/vc\/se-acerca-la-fecha-quedan-los-ultimos-cupos-para-el-15vo-encuentro-de-emprendimiento-e-innovacion-crcp\/#breadcrumb\"},\"inLanguage\":\"es\",\"potentialAction\":[{\"@type\":\"ReadAction\",\"target\":[\"https:\/\/dev.antudigital.cl\/sites\/vc\/se-acerca-la-fecha-quedan-los-ultimos-cupos-para-el-15vo-encuentro-de-emprendimiento-e-innovacion-crcp\/\"]}]},{\"@type\":\"ImageObject\",\"inLanguage\":\"es\",\"@id\":\"https:\/\/dev.antudigital.cl\/sites\/vc\/se-acerca-la-fecha-quedan-los-ultimos-cupos-para-el-15vo-encuentro-de-emprendimiento-e-innovacion-crcp\/#primaryimage\",\"url\":\"https:\/\/dev.antudigital.cl\/sites\/vc\/wp-content\/uploads\/2021\/01\/Captura-de-Pantalla-2021-01-08-a-las-22.07.16.png\",\"contentUrl\":\"https:\/\/dev.antudigital.cl\/sites\/vc\/wp-content\/uploads\/2021\/01\/Captura-de-Pantalla-2021-01-08-a-las-22.07.16.png\",\"width\":715,\"height\":471},{\"@type\":\"BreadcrumbList\",\"@id\":\"https:\/\/dev.antudigital.cl\/sites\/vc\/se-acerca-la-fecha-quedan-los-ultimos-cupos-para-el-15vo-encuentro-de-emprendimiento-e-innovacion-crcp\/#breadcrumb\",\"itemListElement\":[{\"@type\":\"ListItem\",\"position\":1,\"name\":\"Home\",\"item\":\"https:\/\/dev.antudigital.cl\/sites\/vc\/\"},{\"@type\":\"ListItem\",\"position\":2,\"name\":\"Se acerca la fecha: quedan los \u00faltimos cupos para el 15vo Encuentro de Emprendimiento e Innovaci\u00f3n CRCP\"}]},{\"@type\":\"WebSite\",\"@id\":\"https:\/\/dev.antudigital.cl\/sites\/vc\/#website\",\"url\":\"https:\/\/dev.antudigital.cl\/sites\/vc\/\",\"name\":\"Valpara\u00ed\u00adso Creativo\",\"description\":\"\",\"potentialAction\":[{\"@type\":\"SearchAction\",\"target\":{\"@type\":\"EntryPoint\",\"urlTemplate\":\"https:\/\/dev.antudigital.cl\/sites\/vc\/?s={search_term_string}\"},\"query-input\":{\"@type\":\"PropertyValueSpecification\",\"valueRequired\":true,\"valueName\":\"search_term_string\"}}],\"inLanguage\":\"es\"},{\"@type\":\"Person\",\"@id\":\"https:\/\/dev.antudigital.cl\/sites\/vc\/#\/schema\/person\/81d1dcd51abd542b5dfc00f5f951a0f1\",\"name\":\"Valparaiso Creativo\",\"url\":\"https:\/\/dev.antudigital.cl\/sites\/vc\/author\/valparaiso-creativo\/\"}]}<\/script>\n<!-- \/ Yoast SEO plugin. -->","yoast_head_json":{"title":"Se acerca la fecha: quedan los \u00faltimos cupos para el 15vo Encuentro de Emprendimiento e Innovaci\u00f3n CRCP - Valpara\u00ed\u00adso Creativo","robots":{"index":"index","follow":"follow","max-snippet":"max-snippet:-1","max-image-preview":"max-image-preview:large","max-video-preview":"max-video-preview:-1"},"canonical":"https:\/\/dev.antudigital.cl\/sites\/vc\/se-acerca-la-fecha-quedan-los-ultimos-cupos-para-el-15vo-encuentro-de-emprendimiento-e-innovacion-crcp\/","og_locale":"es_ES","og_type":"article","og_title":"Se acerca la fecha: quedan los \u00faltimos cupos para el 15vo Encuentro de Emprendimiento e Innovaci\u00f3n CRCP - Valpara\u00ed\u00adso Creativo","og_description":"Con el objetivo de abordar el impacto de la crisis en las empresas y los desaf\u00edos para construir una regi\u00f3n m\u00e1s innovadora y emprendedora, la C\u00e1mara Regional del Comercio de Valpara\u00edso (CRCP) realizar\u00e1 el pr\u00f3ximo martes 12 de enero el 15\u00b0 Encuentro de Emprendimiento e Innovaci\u00f3n, en un formato completamente virtual. Marcela Pastenes, gerente general [&hellip;]","og_url":"https:\/\/dev.antudigital.cl\/sites\/vc\/se-acerca-la-fecha-quedan-los-ultimos-cupos-para-el-15vo-encuentro-de-emprendimiento-e-innovacion-crcp\/","og_site_name":"Valpara\u00ed\u00adso Creativo","article_published_time":"2021-01-08T22:13:35+00:00","og_image":[{"width":715,"height":471,"url":"https:\/\/dev.antudigital.cl\/sites\/vc\/wp-content\/uploads\/2021\/01\/Captura-de-Pantalla-2021-01-08-a-las-22.07.16.png","type":"image\/png"}],"author":"Valparaiso Creativo","twitter_card":"summary_large_image","twitter_misc":{"Escrito por":"Valparaiso Creativo","Tiempo de lectura":"2 minutos"},"schema":{"@context":"https:\/\/schema.org","@graph":[{"@type":"Article","@id":"https:\/\/dev.antudigital.cl\/sites\/vc\/se-acerca-la-fecha-quedan-los-ultimos-cupos-para-el-15vo-encuentro-de-emprendimiento-e-innovacion-crcp\/#article","isPartOf":{"@id":"https:\/\/dev.antudigital.cl\/sites\/vc\/se-acerca-la-fecha-quedan-los-ultimos-cupos-para-el-15vo-encuentro-de-emprendimiento-e-innovacion-crcp\/"},"author":{"name":"Valparaiso Creativo","@id":"https:\/\/dev.antudigital.cl\/sites\/vc\/#\/schema\/person\/81d1dcd51abd542b5dfc00f5f951a0f1"},"headline":"Se acerca la fecha: quedan los \u00faltimos cupos para el 15vo Encuentro de Emprendimiento e Innovaci\u00f3n CRCP","datePublished":"2021-01-08T22:13:35+00:00","mainEntityOfPage":{"@id":"https:\/\/dev.antudigital.cl\/sites\/vc\/se-acerca-la-fecha-quedan-los-ultimos-cupos-para-el-15vo-encuentro-de-emprendimiento-e-innovacion-crcp\/"},"wordCount":366,"image":{"@id":"https:\/\/dev.antudigital.cl\/sites\/vc\/se-acerca-la-fecha-quedan-los-ultimos-cupos-para-el-15vo-encuentro-de-emprendimiento-e-innovacion-crcp\/#primaryimage"},"thumbnailUrl":"https:\/\/dev.antudigital.cl\/sites\/vc\/wp-content\/uploads\/2021\/01\/Captura-de-Pantalla-2021-01-08-a-las-22.07.16.png","articleSection":["Noticia"],"inLanguage":"es"},{"@type":"WebPage","@id":"https:\/\/dev.antudigital.cl\/sites\/vc\/se-acerca-la-fecha-quedan-los-ultimos-cupos-para-el-15vo-encuentro-de-emprendimiento-e-innovacion-crcp\/","url":"https:\/\/dev.antudigital.cl\/sites\/vc\/se-acerca-la-fecha-quedan-los-ultimos-cupos-para-el-15vo-encuentro-de-emprendimiento-e-innovacion-crcp\/","name":"Se acerca la fecha: quedan los \u00faltimos cupos para el 15vo Encuentro de Emprendimiento e Innovaci\u00f3n CRCP - Valpara\u00ed\u00adso Creativo","isPartOf":{"@id":"https:\/\/dev.antudigital.cl\/sites\/vc\/#website"},"primaryImageOfPage":{"@id":"https:\/\/dev.antudigital.cl\/sites\/vc\/se-acerca-la-fecha-quedan-los-ultimos-cupos-para-el-15vo-encuentro-de-emprendimiento-e-innovacion-crcp\/#primaryimage"},"image":{"@id":"https:\/\/dev.antudigital.cl\/sites\/vc\/se-acerca-la-fecha-quedan-los-ultimos-cupos-para-el-15vo-encuentro-de-emprendimiento-e-innovacion-crcp\/#primaryimage"},"thumbnailUrl":"https:\/\/dev.antudigital.cl\/sites\/vc\/wp-content\/uploads\/2021\/01\/Captura-de-Pantalla-2021-01-08-a-las-22.07.16.png","datePublished":"2021-01-08T22:13:35+00:00","author":{"@id":"https:\/\/dev.antudigital.cl\/sites\/vc\/#\/schema\/person\/81d1dcd51abd542b5dfc00f5f951a0f1"},"breadcrumb":{"@id":"https:\/\/dev.antudigital.cl\/sites\/vc\/se-acerca-la-fecha-quedan-los-ultimos-cupos-para-el-15vo-encuentro-de-emprendimiento-e-innovacion-crcp\/#breadcrumb"},"inLanguage":"es","potentialAction":[{"@type":"ReadAction","target":["https:\/\/dev.antudigital.cl\/sites\/vc\/se-acerca-la-fecha-quedan-los-ultimos-cupos-para-el-15vo-encuentro-de-emprendimiento-e-innovacion-crcp\/"]}]},{"@type":"ImageObject","inLanguage":"es","@id":"https:\/\/dev.antudigital.cl\/sites\/vc\/se-acerca-la-fecha-quedan-los-ultimos-cupos-para-el-15vo-encuentro-de-emprendimiento-e-innovacion-crcp\/#primaryimage","url":"https:\/\/dev.antudigital.cl\/sites\/vc\/wp-content\/uploads\/2021\/01\/Captura-de-Pantalla-2021-01-08-a-las-22.07.16.png","contentUrl":"https:\/\/dev.antudigital.cl\/sites\/vc\/wp-content\/uploads\/2021\/01\/Captura-de-Pantalla-2021-01-08-a-las-22.07.16.png","width":715,"height":471},{"@type":"BreadcrumbList","@id":"https:\/\/dev.antudigital.cl\/sites\/vc\/se-acerca-la-fecha-quedan-los-ultimos-cupos-para-el-15vo-encuentro-de-emprendimiento-e-innovacion-crcp\/#breadcrumb","itemListElement":[{"@type":"ListItem","position":1,"name":"Home","item":"https:\/\/dev.antudigital.cl\/sites\/vc\/"},{"@type":"ListItem","position":2,"name":"Se acerca la fecha: quedan los \u00faltimos cupos para el 15vo Encuentro de Emprendimiento e Innovaci\u00f3n CRCP"}]},{"@type":"WebSite","@id":"https:\/\/dev.antudigital.cl\/sites\/vc\/#website","url":"https:\/\/dev.antudigital.cl\/sites\/vc\/","name":"Valpara\u00ed\u00adso Creativo","description":"","potentialAction":[{"@type":"SearchAction","target":{"@type":"EntryPoint","urlTemplate":"https:\/\/dev.antudigital.cl\/sites\/vc\/?s={search_term_string}"},"query-input":{"@type":"PropertyValueSpecification","valueRequired":true,"valueName":"search_term_string"}}],"inLanguage":"es"},{"@type":"Person","@id":"https:\/\/dev.antudigital.cl\/sites\/vc\/#\/schema\/person\/81d1dcd51abd542b5dfc00f5f951a0f1","name":"Valparaiso Creativo","url":"https:\/\/dev.antudigital.cl\/sites\/vc\/author\/valparaiso-creativo\/"}]}},"_links":{"self":[{"href":"https:\/\/dev.antudigital.cl\/sites\/vc\/wp-json\/wp\/v2\/posts\/8387","targetHints":{"allow":["GET"]}}],"collection":[{"href":"https:\/\/dev.antudigital.cl\/sites\/vc\/wp-json\/wp\/v2\/posts"}],"about":[{"href":"https:\/\/dev.antudigital.cl\/sites\/vc\/wp-json\/wp\/v2\/types\/post"}],"author":[{"embeddable":true,"href":"https:\/\/dev.antudigital.cl\/sites\/vc\/wp-json\/wp\/v2\/users\/3"}],"replies":[{"embeddable":true,"href":"https:\/\/dev.antudigital.cl\/sites\/vc\/wp-json\/wp\/v2\/comments?post=8387"}],"version-history":[{"count":0,"href":"https:\/\/dev.antudigital.cl\/sites\/vc\/wp-json\/wp\/v2\/posts\/8387\/revisions"}],"wp:featuredmedia":[{"embeddable":true,"href":"https:\/\/dev.antudigital.cl\/sites\/vc\/wp-json\/wp\/v2\/media\/8388"}],"wp:attachment":[{"href":"https:\/\/dev.antudigital.cl\/sites\/vc\/wp-json\/wp\/v2\/media?parent=8387"}],"wp:term":[{"taxonomy":"category","embeddable":true,"href":"https:\/\/dev.antudigital.cl\/sites\/vc\/wp-json\/wp\/v2\/categories?post=8387"},{"taxonomy":"post_tag","embeddable":true,"href":"https:\/\/dev.antudigital.cl\/sites\/vc\/wp-json\/wp\/v2\/tags?post=8387"}],"curies":[{"name":"wp","href":"https:\/\/api.w.org\/{rel}","templated":true}]}}