{"id":8389,"date":"2021-01-08T22:01:01","date_gmt":"2021-01-08T22:01:01","guid":{"rendered":"https:\/\/www.valparaisocreativo.cl\/?p=5730"},"modified":"2021-01-08T22:01:01","modified_gmt":"2021-01-08T22:01:01","slug":"diseno-sustentable-es-el-tema-central-del-encuentro-de-industria-de-chilecreativo","status":"publish","type":"post","link":"https:\/\/dev.antudigital.cl\/sites\/vc\/diseno-sustentable-es-el-tema-central-del-encuentro-de-industria-de-chilecreativo\/","title":{"rendered":"Dise\u00f1o sustentable es el tema central del Encuentro de Industria de ChileCreativo"},"content":{"rendered":"<p><strong>Dise\u00f1o sustentable, desaf\u00edos del packaging para la industria de alimentos<\/strong><\/p>\n<p>Chile Creativo extiende la invitaci\u00f3n a su Encuentro de Industria, para comenzar el a\u00f1o 2021.<\/p>\n<p>Explorar y fomentar el cruce entre las industrias creativas y de alimentos es el eje central del nuevo Encuentro de Industria de Chilecreativo: \u00ab<em>Dise\u00f1o Sustentable: Desaf\u00edos en el packaging para la industria de los alimentos<\/em>\u00bb, realizado en conjunto con el\u00a0<a href=\"https:\/\/chilecreativo.us14.list-manage.com\/track\/click?u=84b3992ef4b77a1419c5be1c5&amp;id=77ffd3b857&amp;e=99d76664bc\" target=\"_blank\" rel=\"noopener noreferrer\" data-saferedirecturl=\"https:\/\/www.google.com\/url?q=https:\/\/chilecreativo.us14.list-manage.com\/track\/click?u%3D84b3992ef4b77a1419c5be1c5%26id%3D77ffd3b857%26e%3D99d76664bc&amp;source=gmail&amp;ust=1610190645386000&amp;usg=AFQjCNEy3oZ2_amJ9khh8ntMepYMSvpZyg\">Programa Transforma Alimentos<\/a>\u00a0y\u00a0<a href=\"https:\/\/chilecreativo.us14.list-manage.com\/track\/click?u=84b3992ef4b77a1419c5be1c5&amp;id=39e0fec6c0&amp;e=99d76664bc\" target=\"_blank\" rel=\"noopener noreferrer\" data-saferedirecturl=\"https:\/\/www.google.com\/url?q=https:\/\/chilecreativo.us14.list-manage.com\/track\/click?u%3D84b3992ef4b77a1419c5be1c5%26id%3D39e0fec6c0%26e%3D99d76664bc&amp;source=gmail&amp;ust=1610190645386000&amp;usg=AFQjCNEsjfpwUX-5Z-FdOgKe3G0g7knO4A\">Chiledise\u00f1o<\/a>.<\/p>\n<p>El desaf\u00edo de la sustentabilidad, nuevos materiales, econom\u00eda circular, Ley REP, el rol del dise\u00f1ador, el packaging como parte de la estrategia de un negocio, y las innovaciones disponibles son algunos de los temas que se abordar\u00e1n junto a destacados panelistas.<\/p>\n<p><strong>Panelistas:<\/strong><\/p>\n<p>Francisca Correa: Fundadora\u00a0<a href=\"https:\/\/chilecreativo.us14.list-manage.com\/track\/click?u=84b3992ef4b77a1419c5be1c5&amp;id=9b7d1ec7d8&amp;e=99d76664bc\" target=\"_blank\" rel=\"noopener noreferrer\" data-saferedirecturl=\"https:\/\/www.google.com\/url?q=https:\/\/chilecreativo.us14.list-manage.com\/track\/click?u%3D84b3992ef4b77a1419c5be1c5%26id%3D9b7d1ec7d8%26e%3D99d76664bc&amp;source=gmail&amp;ust=1610190645386000&amp;usg=AFQjCNHCG96wzk4XBpgHowRdHPMfIjqI-A\">Bocanboca<\/a><\/p>\n<p>Mar\u00eda Jes\u00fas Vial: Fundadora\u00a0<a href=\"https:\/\/chilecreativo.us14.list-manage.com\/track\/click?u=84b3992ef4b77a1419c5be1c5&amp;id=935a0f256d&amp;e=99d76664bc\" target=\"_blank\" rel=\"noopener noreferrer\" data-saferedirecturl=\"https:\/\/www.google.com\/url?q=https:\/\/chilecreativo.us14.list-manage.com\/track\/click?u%3D84b3992ef4b77a1419c5be1c5%26id%3D935a0f256d%26e%3D99d76664bc&amp;source=gmail&amp;ust=1610190645386000&amp;usg=AFQjCNEpcd8g_zuNur0EsgKFITO6YYIXHw\">JVD Estudio<\/a><\/p>\n<p>Mariana Soto: Gerenta General Centro de Envases y Embalajes de Chile,\u00a0<a href=\"https:\/\/chilecreativo.us14.list-manage.com\/track\/click?u=84b3992ef4b77a1419c5be1c5&amp;id=23523e321b&amp;e=99d76664bc\" target=\"_blank\" rel=\"noopener noreferrer\" data-saferedirecturl=\"https:\/\/www.google.com\/url?q=https:\/\/chilecreativo.us14.list-manage.com\/track\/click?u%3D84b3992ef4b77a1419c5be1c5%26id%3D23523e321b%26e%3D99d76664bc&amp;source=gmail&amp;ust=1610190645386000&amp;usg=AFQjCNFF8at0ZJeESxc7Lfy9XiHW709Vew\">CENEM<\/a>.<\/p>\n<p><strong>Modera<\/strong>:<\/p>\n<p>Felipe Mujica, Gerente Chilecreativo<\/p>\n<p><strong>Coordenadas<\/strong>:<\/p>\n<p>Mi\u00e9rcoles 13 de enero \/ 10:30 hrs.<\/p>\n<h3><strong>Inscr\u00edbete\u00a0<a href=\"https:\/\/chilecreativo.us14.list-manage.com\/track\/click?u=84b3992ef4b77a1419c5be1c5&amp;id=a28d75f0d4&amp;e=99d76664bc\" target=\"_blank\" rel=\"noopener noreferrer\" data-saferedirecturl=\"https:\/\/www.google.com\/url?q=https:\/\/chilecreativo.us14.list-manage.com\/track\/click?u%3D84b3992ef4b77a1419c5be1c5%26id%3Da28d75f0d4%26e%3D99d76664bc&amp;source=gmail&amp;ust=1610190645386000&amp;usg=AFQjCNFLjeb7J7rBGhoHTkgfWRqIGVDjGQ\">AQU\u00cd<\/a><\/strong><\/h3>\n","protected":false},"excerpt":{"rendered":"<p>Dise\u00f1o sustentable, desaf\u00edos del packaging para la industria de alimentos Chile Creativo extiende la invitaci\u00f3n a su Encuentro de Industria, para comenzar el a\u00f1o 2021. Explorar y fomentar el cruce entre las industrias creativas y de alimentos es el eje central del nuevo Encuentro de Industria de Chilecreativo: \u00abDise\u00f1o Sustentable: Desaf\u00edos en el packaging para [&hellip;]<\/p>\n","protected":false},"author":3,"featured_media":8390,"comment_status":"closed","ping_status":"closed","sticky":false,"template":"","format":"standard","meta":{"_acf_changed":false,"footnotes":""},"categories":[8],"tags":[],"class_list":["post-8389","post","type-post","status-publish","format-standard","has-post-thumbnail","hentry","category-noticia"],"acf":[],"yoast_head":"<!-- This site is optimized with the Yoast SEO plugin v27.1.1 - https:\/\/yoast.com\/product\/yoast-seo-wordpress\/ -->\n<title>Dise\u00f1o sustentable es el tema central del Encuentro de Industria de ChileCreativo - Valpara\u00ed\u00adso Creativo<\/title>\n<meta name=\"robots\" content=\"index, follow, max-snippet:-1, max-image-preview:large, max-video-preview:-1\" \/>\n<link rel=\"canonical\" href=\"https:\/\/dev.antudigital.cl\/sites\/vc\/diseno-sustentable-es-el-tema-central-del-encuentro-de-industria-de-chilecreativo\/\" \/>\n<meta property=\"og:locale\" content=\"es_ES\" \/>\n<meta property=\"og:type\" content=\"article\" \/>\n<meta property=\"og:title\" content=\"Dise\u00f1o sustentable es el tema central del Encuentro de Industria de ChileCreativo - Valpara\u00ed\u00adso Creativo\" \/>\n<meta property=\"og:description\" content=\"Dise\u00f1o sustentable, desaf\u00edos del packaging para la industria de alimentos Chile Creativo extiende la invitaci\u00f3n a su Encuentro de Industria, para comenzar el a\u00f1o 2021. Explorar y fomentar el cruce entre las industrias creativas y de alimentos es el eje central del nuevo Encuentro de Industria de Chilecreativo: \u00abDise\u00f1o Sustentable: Desaf\u00edos en el packaging para [&hellip;]\" \/>\n<meta property=\"og:url\" content=\"https:\/\/dev.antudigital.cl\/sites\/vc\/diseno-sustentable-es-el-tema-central-del-encuentro-de-industria-de-chilecreativo\/\" \/>\n<meta property=\"og:site_name\" content=\"Valpara\u00ed\u00adso Creativo\" \/>\n<meta property=\"article:published_time\" content=\"2021-01-08T22:01:01+00:00\" \/>\n<meta property=\"og:image\" content=\"https:\/\/dev.antudigital.cl\/sites\/vc\/wp-content\/uploads\/2021\/01\/ChileCreativo22.jpg\" \/>\n\t<meta property=\"og:image:width\" content=\"1190\" \/>\n\t<meta property=\"og:image:height\" content=\"589\" \/>\n\t<meta property=\"og:image:type\" content=\"image\/jpeg\" \/>\n<meta name=\"author\" content=\"Valparaiso Creativo\" \/>\n<meta name=\"twitter:card\" content=\"summary_large_image\" \/>\n<meta name=\"twitter:label1\" content=\"Escrito por\" \/>\n\t<meta name=\"twitter:data1\" content=\"Valparaiso Creativo\" \/>\n\t<meta name=\"twitter:label2\" content=\"Tiempo de lectura\" \/>\n\t<meta name=\"twitter:data2\" content=\"1 minuto\" \/>\n<script type=\"application\/ld+json\" class=\"yoast-schema-graph\">{\"@context\":\"https:\/\/schema.org\",\"@graph\":[{\"@type\":\"Article\",\"@id\":\"https:\/\/dev.antudigital.cl\/sites\/vc\/diseno-sustentable-es-el-tema-central-del-encuentro-de-industria-de-chilecreativo\/#article\",\"isPartOf\":{\"@id\":\"https:\/\/dev.antudigital.cl\/sites\/vc\/diseno-sustentable-es-el-tema-central-del-encuentro-de-industria-de-chilecreativo\/\"},\"author\":{\"name\":\"Valparaiso Creativo\",\"@id\":\"https:\/\/dev.antudigital.cl\/sites\/vc\/#\/schema\/person\/81d1dcd51abd542b5dfc00f5f951a0f1\"},\"headline\":\"Dise\u00f1o sustentable es el tema central del Encuentro de Industria de ChileCreativo\",\"datePublished\":\"2021-01-08T22:01:01+00:00\",\"mainEntityOfPage\":{\"@id\":\"https:\/\/dev.antudigital.cl\/sites\/vc\/diseno-sustentable-es-el-tema-central-del-encuentro-de-industria-de-chilecreativo\/\"},\"wordCount\":173,\"image\":{\"@id\":\"https:\/\/dev.antudigital.cl\/sites\/vc\/diseno-sustentable-es-el-tema-central-del-encuentro-de-industria-de-chilecreativo\/#primaryimage\"},\"thumbnailUrl\":\"https:\/\/dev.antudigital.cl\/sites\/vc\/wp-content\/uploads\/2021\/01\/ChileCreativo22.jpg\",\"articleSection\":[\"Noticia\"],\"inLanguage\":\"es\"},{\"@type\":\"WebPage\",\"@id\":\"https:\/\/dev.antudigital.cl\/sites\/vc\/diseno-sustentable-es-el-tema-central-del-encuentro-de-industria-de-chilecreativo\/\",\"url\":\"https:\/\/dev.antudigital.cl\/sites\/vc\/diseno-sustentable-es-el-tema-central-del-encuentro-de-industria-de-chilecreativo\/\",\"name\":\"Dise\u00f1o sustentable es el tema central del Encuentro de Industria de ChileCreativo - Valpara\u00ed\u00adso Creativo\",\"isPartOf\":{\"@id\":\"https:\/\/dev.antudigital.cl\/sites\/vc\/#website\"},\"primaryImageOfPage\":{\"@id\":\"https:\/\/dev.antudigital.cl\/sites\/vc\/diseno-sustentable-es-el-tema-central-del-encuentro-de-industria-de-chilecreativo\/#primaryimage\"},\"image\":{\"@id\":\"https:\/\/dev.antudigital.cl\/sites\/vc\/diseno-sustentable-es-el-tema-central-del-encuentro-de-industria-de-chilecreativo\/#primaryimage\"},\"thumbnailUrl\":\"https:\/\/dev.antudigital.cl\/sites\/vc\/wp-content\/uploads\/2021\/01\/ChileCreativo22.jpg\",\"datePublished\":\"2021-01-08T22:01:01+00:00\",\"author\":{\"@id\":\"https:\/\/dev.antudigital.cl\/sites\/vc\/#\/schema\/person\/81d1dcd51abd542b5dfc00f5f951a0f1\"},\"breadcrumb\":{\"@id\":\"https:\/\/dev.antudigital.cl\/sites\/vc\/diseno-sustentable-es-el-tema-central-del-encuentro-de-industria-de-chilecreativo\/#breadcrumb\"},\"inLanguage\":\"es\",\"potentialAction\":[{\"@type\":\"ReadAction\",\"target\":[\"https:\/\/dev.antudigital.cl\/sites\/vc\/diseno-sustentable-es-el-tema-central-del-encuentro-de-industria-de-chilecreativo\/\"]}]},{\"@type\":\"ImageObject\",\"inLanguage\":\"es\",\"@id\":\"https:\/\/dev.antudigital.cl\/sites\/vc\/diseno-sustentable-es-el-tema-central-del-encuentro-de-industria-de-chilecreativo\/#primaryimage\",\"url\":\"https:\/\/dev.antudigital.cl\/sites\/vc\/wp-content\/uploads\/2021\/01\/ChileCreativo22.jpg\",\"contentUrl\":\"https:\/\/dev.antudigital.cl\/sites\/vc\/wp-content\/uploads\/2021\/01\/ChileCreativo22.jpg\",\"width\":1190,\"height\":589},{\"@type\":\"BreadcrumbList\",\"@id\":\"https:\/\/dev.antudigital.cl\/sites\/vc\/diseno-sustentable-es-el-tema-central-del-encuentro-de-industria-de-chilecreativo\/#breadcrumb\",\"itemListElement\":[{\"@type\":\"ListItem\",\"position\":1,\"name\":\"Home\",\"item\":\"https:\/\/dev.antudigital.cl\/sites\/vc\/\"},{\"@type\":\"ListItem\",\"position\":2,\"name\":\"Dise\u00f1o sustentable es el tema central del Encuentro de Industria de ChileCreativo\"}]},{\"@type\":\"WebSite\",\"@id\":\"https:\/\/dev.antudigital.cl\/sites\/vc\/#website\",\"url\":\"https:\/\/dev.antudigital.cl\/sites\/vc\/\",\"name\":\"Valpara\u00ed\u00adso Creativo\",\"description\":\"\",\"potentialAction\":[{\"@type\":\"SearchAction\",\"target\":{\"@type\":\"EntryPoint\",\"urlTemplate\":\"https:\/\/dev.antudigital.cl\/sites\/vc\/?s={search_term_string}\"},\"query-input\":{\"@type\":\"PropertyValueSpecification\",\"valueRequired\":true,\"valueName\":\"search_term_string\"}}],\"inLanguage\":\"es\"},{\"@type\":\"Person\",\"@id\":\"https:\/\/dev.antudigital.cl\/sites\/vc\/#\/schema\/person\/81d1dcd51abd542b5dfc00f5f951a0f1\",\"name\":\"Valparaiso Creativo\",\"url\":\"https:\/\/dev.antudigital.cl\/sites\/vc\/author\/valparaiso-creativo\/\"}]}<\/script>\n<!-- \/ Yoast SEO plugin. -->","yoast_head_json":{"title":"Dise\u00f1o sustentable es el tema central del Encuentro de Industria de ChileCreativo - Valpara\u00ed\u00adso Creativo","robots":{"index":"index","follow":"follow","max-snippet":"max-snippet:-1","max-image-preview":"max-image-preview:large","max-video-preview":"max-video-preview:-1"},"canonical":"https:\/\/dev.antudigital.cl\/sites\/vc\/diseno-sustentable-es-el-tema-central-del-encuentro-de-industria-de-chilecreativo\/","og_locale":"es_ES","og_type":"article","og_title":"Dise\u00f1o sustentable es el tema central del Encuentro de Industria de ChileCreativo - Valpara\u00ed\u00adso Creativo","og_description":"Dise\u00f1o sustentable, desaf\u00edos del packaging para la industria de alimentos Chile Creativo extiende la invitaci\u00f3n a su Encuentro de Industria, para comenzar el a\u00f1o 2021. Explorar y fomentar el cruce entre las industrias creativas y de alimentos es el eje central del nuevo Encuentro de Industria de Chilecreativo: \u00abDise\u00f1o Sustentable: Desaf\u00edos en el packaging para [&hellip;]","og_url":"https:\/\/dev.antudigital.cl\/sites\/vc\/diseno-sustentable-es-el-tema-central-del-encuentro-de-industria-de-chilecreativo\/","og_site_name":"Valpara\u00ed\u00adso Creativo","article_published_time":"2021-01-08T22:01:01+00:00","og_image":[{"width":1190,"height":589,"url":"https:\/\/dev.antudigital.cl\/sites\/vc\/wp-content\/uploads\/2021\/01\/ChileCreativo22.jpg","type":"image\/jpeg"}],"author":"Valparaiso Creativo","twitter_card":"summary_large_image","twitter_misc":{"Escrito por":"Valparaiso Creativo","Tiempo de lectura":"1 minuto"},"schema":{"@context":"https:\/\/schema.org","@graph":[{"@type":"Article","@id":"https:\/\/dev.antudigital.cl\/sites\/vc\/diseno-sustentable-es-el-tema-central-del-encuentro-de-industria-de-chilecreativo\/#article","isPartOf":{"@id":"https:\/\/dev.antudigital.cl\/sites\/vc\/diseno-sustentable-es-el-tema-central-del-encuentro-de-industria-de-chilecreativo\/"},"author":{"name":"Valparaiso Creativo","@id":"https:\/\/dev.antudigital.cl\/sites\/vc\/#\/schema\/person\/81d1dcd51abd542b5dfc00f5f951a0f1"},"headline":"Dise\u00f1o sustentable es el tema central del Encuentro de Industria de ChileCreativo","datePublished":"2021-01-08T22:01:01+00:00","mainEntityOfPage":{"@id":"https:\/\/dev.antudigital.cl\/sites\/vc\/diseno-sustentable-es-el-tema-central-del-encuentro-de-industria-de-chilecreativo\/"},"wordCount":173,"image":{"@id":"https:\/\/dev.antudigital.cl\/sites\/vc\/diseno-sustentable-es-el-tema-central-del-encuentro-de-industria-de-chilecreativo\/#primaryimage"},"thumbnailUrl":"https:\/\/dev.antudigital.cl\/sites\/vc\/wp-content\/uploads\/2021\/01\/ChileCreativo22.jpg","articleSection":["Noticia"],"inLanguage":"es"},{"@type":"WebPage","@id":"https:\/\/dev.antudigital.cl\/sites\/vc\/diseno-sustentable-es-el-tema-central-del-encuentro-de-industria-de-chilecreativo\/","url":"https:\/\/dev.antudigital.cl\/sites\/vc\/diseno-sustentable-es-el-tema-central-del-encuentro-de-industria-de-chilecreativo\/","name":"Dise\u00f1o sustentable es el tema central del Encuentro de Industria de ChileCreativo - Valpara\u00ed\u00adso Creativo","isPartOf":{"@id":"https:\/\/dev.antudigital.cl\/sites\/vc\/#website"},"primaryImageOfPage":{"@id":"https:\/\/dev.antudigital.cl\/sites\/vc\/diseno-sustentable-es-el-tema-central-del-encuentro-de-industria-de-chilecreativo\/#primaryimage"},"image":{"@id":"https:\/\/dev.antudigital.cl\/sites\/vc\/diseno-sustentable-es-el-tema-central-del-encuentro-de-industria-de-chilecreativo\/#primaryimage"},"thumbnailUrl":"https:\/\/dev.antudigital.cl\/sites\/vc\/wp-content\/uploads\/2021\/01\/ChileCreativo22.jpg","datePublished":"2021-01-08T22:01:01+00:00","author":{"@id":"https:\/\/dev.antudigital.cl\/sites\/vc\/#\/schema\/person\/81d1dcd51abd542b5dfc00f5f951a0f1"},"breadcrumb":{"@id":"https:\/\/dev.antudigital.cl\/sites\/vc\/diseno-sustentable-es-el-tema-central-del-encuentro-de-industria-de-chilecreativo\/#breadcrumb"},"inLanguage":"es","potentialAction":[{"@type":"ReadAction","target":["https:\/\/dev.antudigital.cl\/sites\/vc\/diseno-sustentable-es-el-tema-central-del-encuentro-de-industria-de-chilecreativo\/"]}]},{"@type":"ImageObject","inLanguage":"es","@id":"https:\/\/dev.antudigital.cl\/sites\/vc\/diseno-sustentable-es-el-tema-central-del-encuentro-de-industria-de-chilecreativo\/#primaryimage","url":"https:\/\/dev.antudigital.cl\/sites\/vc\/wp-content\/uploads\/2021\/01\/ChileCreativo22.jpg","contentUrl":"https:\/\/dev.antudigital.cl\/sites\/vc\/wp-content\/uploads\/2021\/01\/ChileCreativo22.jpg","width":1190,"height":589},{"@type":"BreadcrumbList","@id":"https:\/\/dev.antudigital.cl\/sites\/vc\/diseno-sustentable-es-el-tema-central-del-encuentro-de-industria-de-chilecreativo\/#breadcrumb","itemListElement":[{"@type":"ListItem","position":1,"name":"Home","item":"https:\/\/dev.antudigital.cl\/sites\/vc\/"},{"@type":"ListItem","position":2,"name":"Dise\u00f1o sustentable es el tema central del Encuentro de Industria de ChileCreativo"}]},{"@type":"WebSite","@id":"https:\/\/dev.antudigital.cl\/sites\/vc\/#website","url":"https:\/\/dev.antudigital.cl\/sites\/vc\/","name":"Valpara\u00ed\u00adso Creativo","description":"","potentialAction":[{"@type":"SearchAction","target":{"@type":"EntryPoint","urlTemplate":"https:\/\/dev.antudigital.cl\/sites\/vc\/?s={search_term_string}"},"query-input":{"@type":"PropertyValueSpecification","valueRequired":true,"valueName":"search_term_string"}}],"inLanguage":"es"},{"@type":"Person","@id":"https:\/\/dev.antudigital.cl\/sites\/vc\/#\/schema\/person\/81d1dcd51abd542b5dfc00f5f951a0f1","name":"Valparaiso Creativo","url":"https:\/\/dev.antudigital.cl\/sites\/vc\/author\/valparaiso-creativo\/"}]}},"_links":{"self":[{"href":"https:\/\/dev.antudigital.cl\/sites\/vc\/wp-json\/wp\/v2\/posts\/8389","targetHints":{"allow":["GET"]}}],"collection":[{"href":"https:\/\/dev.antudigital.cl\/sites\/vc\/wp-json\/wp\/v2\/posts"}],"about":[{"href":"https:\/\/dev.antudigital.cl\/sites\/vc\/wp-json\/wp\/v2\/types\/post"}],"author":[{"embeddable":true,"href":"https:\/\/dev.antudigital.cl\/sites\/vc\/wp-json\/wp\/v2\/users\/3"}],"replies":[{"embeddable":true,"href":"https:\/\/dev.antudigital.cl\/sites\/vc\/wp-json\/wp\/v2\/comments?post=8389"}],"version-history":[{"count":0,"href":"https:\/\/dev.antudigital.cl\/sites\/vc\/wp-json\/wp\/v2\/posts\/8389\/revisions"}],"wp:featuredmedia":[{"embeddable":true,"href":"https:\/\/dev.antudigital.cl\/sites\/vc\/wp-json\/wp\/v2\/media\/8390"}],"wp:attachment":[{"href":"https:\/\/dev.antudigital.cl\/sites\/vc\/wp-json\/wp\/v2\/media?parent=8389"}],"wp:term":[{"taxonomy":"category","embeddable":true,"href":"https:\/\/dev.antudigital.cl\/sites\/vc\/wp-json\/wp\/v2\/categories?post=8389"},{"taxonomy":"post_tag","embeddable":true,"href":"https:\/\/dev.antudigital.cl\/sites\/vc\/wp-json\/wp\/v2\/tags?post=8389"}],"curies":[{"name":"wp","href":"https:\/\/api.w.org\/{rel}","templated":true}]}}