{"id":8391,"date":"2021-01-08T21:52:32","date_gmt":"2021-01-08T21:52:32","guid":{"rendered":"https:\/\/www.valparaisocreativo.cl\/?p=5727"},"modified":"2021-01-08T21:52:32","modified_gmt":"2021-01-08T21:52:32","slug":"participa-de-los-talleres-creativos-de-instituto-arcos-este-verano-2021","status":"publish","type":"post","link":"https:\/\/dev.antudigital.cl\/sites\/vc\/participa-de-los-talleres-creativos-de-instituto-arcos-este-verano-2021\/","title":{"rendered":"Participa de los talleres creativos de Instituto Arcos este verano 2021"},"content":{"rendered":"<div class=\"\" dir=\"auto\">\n<div id=\"jsc_c_kj\" class=\"ecm0bbzt hv4rvrfc ihqw7lf3 dati1w0a\" data-ad-comet-preview=\"message\" data-ad-preview=\"message\">\n<div class=\"j83agx80 cbu4d94t ew0dbk1b irj2b8pg\">\n<div class=\"qzhwtbm6 knvmm38d\">\n<div class=\"kvgmc6g5 cxmmr5t8 oygrvhab hcukyx3x c1et5uql ii04i59q\">\n<div dir=\"auto\"><span class=\"pq6dq46d tbxw36s4 knj5qynh kvgmc6g5 ditlmg2l oygrvhab nvdbi5me sf5mxxl7 gl3lb2sf hhz5lgdu\"><img decoding=\"async\" src=\"https:\/\/static.xx.fbcdn.net\/images\/emoji.php\/v9\/tf3\/1\/16\/1f539.png\" alt=\"????\" width=\"16\" height=\"16\" \/><\/span> El instituto Arcos de Vi\u00f1a del Marte invita a participar en los talleres creativos de verano 2021<\/div>\n<div dir=\"auto\">Desde el 18 al31 de enero podr\u00e1s encontrar diversas instancias, a las que puedes acceder totalmente gratis <strong>para estudiantes desde 8vo a 4to medio. <\/strong>Todo esto v\u00eda Zoom<\/div>\n<\/div>\n<div dir=\"auto\"><\/div>\n<div class=\"kvgmc6g5 cxmmr5t8 oygrvhab hcukyx3x c1et5uql ii04i59q\">\n<div dir=\"auto\">\n<div class=\"\" dir=\"auto\">\n<div id=\"jsc_c_np\" class=\"ecm0bbzt hv4rvrfc ihqw7lf3 dati1w0a\" data-ad-comet-preview=\"message\" data-ad-preview=\"message\">\n<div class=\"j83agx80 cbu4d94t ew0dbk1b irj2b8pg\">\n<div class=\"qzhwtbm6 knvmm38d\">\n<div class=\"o9v6fnle cxmmr5t8 oygrvhab hcukyx3x c1et5uql ii04i59q\">\n<div dir=\"auto\">El Instituto Profesional ARCOS sede Vi\u00f1a del Mar te invita a participar de los Talleres Creativos de Verano 2021, una iniciativa de la Direcci\u00f3n de Extensi\u00f3n y Vinculaci\u00f3n con el Medio<\/div>\n<\/div>\n<div class=\"o9v6fnle cxmmr5t8 oygrvhab hcukyx3x c1et5uql ii04i59q\">\n<div dir=\"auto\"><\/div>\n<\/div>\n<div class=\"o9v6fnle cxmmr5t8 oygrvhab hcukyx3x c1et5uql ii04i59q\">\n<div dir=\"auto\">INFORMACI\u00d3N TALLERES<\/div>\n<\/div>\n<div class=\"o9v6fnle cxmmr5t8 oygrvhab hcukyx3x c1et5uql ii04i59q\">\n<div dir=\"auto\"><span class=\"pq6dq46d tbxw36s4 knj5qynh kvgmc6g5 ditlmg2l oygrvhab nvdbi5me sf5mxxl7 gl3lb2sf hhz5lgdu\"><img decoding=\"async\" src=\"https:\/\/static.xx.fbcdn.net\/images\/emoji.php\/v9\/t5c\/1\/16\/1f5d3.png\" alt=\"????\" width=\"16\" height=\"16\" \/><\/span> Semana 18 al 22 Enero<\/div>\n<\/div>\n<div class=\"o9v6fnle cxmmr5t8 oygrvhab hcukyx3x c1et5uql ii04i59q\">\n<div dir=\"auto\">INTRODUCCI\u00d3N A LA ILUSTRACI\u00d3N BOT\u00c1NICA<\/div>\n<div dir=\"auto\">Sede I.P ARCOS Vi\u00f1a del Mar<\/div>\n<div dir=\"auto\">Priscilla Carrera Murray<\/div>\n<div dir=\"auto\">Lunes 18 &#8211; Mi\u00e9rcoles 20 &#8211; Viernes 22<\/div>\n<div dir=\"auto\">16:00 hrs.<\/div>\n<\/div>\n<div class=\"o9v6fnle cxmmr5t8 oygrvhab hcukyx3x c1et5uql ii04i59q\">\n<div dir=\"auto\"><span class=\"pq6dq46d tbxw36s4 knj5qynh kvgmc6g5 ditlmg2l oygrvhab nvdbi5me sf5mxxl7 gl3lb2sf hhz5lgdu\"><img decoding=\"async\" src=\"https:\/\/static.xx.fbcdn.net\/images\/emoji.php\/v9\/t4c\/1\/16\/25aa.png\" alt=\"\u25aa\" width=\"16\" height=\"16\" \/><\/span>FOTOGRAF\u00cdA PERIOD\u00cdSTICA<\/div>\n<div dir=\"auto\">C\u00e9sar Pincheira<\/div>\n<div dir=\"auto\">Martes 19 &#8211; Jueves 21 &#8211; Viernes 22<\/div>\n<div dir=\"auto\">16:00 hrs.<\/div>\n<\/div>\n<div class=\"o9v6fnle cxmmr5t8 oygrvhab hcukyx3x c1et5uql ii04i59q\">\n<div dir=\"auto\"><span class=\"pq6dq46d tbxw36s4 knj5qynh kvgmc6g5 ditlmg2l oygrvhab nvdbi5me sf5mxxl7 gl3lb2sf hhz5lgdu\"><img decoding=\"async\" src=\"https:\/\/static.xx.fbcdn.net\/images\/emoji.php\/v9\/t4c\/1\/16\/25aa.png\" alt=\"\u25aa\" width=\"16\" height=\"16\" \/><\/span>ANIMACI\u00d3N DIGITAL<\/div>\n<div dir=\"auto\">Florencia Atria<\/div>\n<div dir=\"auto\">Lunes 18 &#8211; Mi\u00e9rcoles 20 &#8211; Viernes 22<\/div>\n<div dir=\"auto\">16:00 hrs.<\/div>\n<\/div>\n<div class=\"o9v6fnle cxmmr5t8 oygrvhab hcukyx3x c1et5uql ii04i59q\">\n<div dir=\"auto\"><span class=\"pq6dq46d tbxw36s4 knj5qynh kvgmc6g5 ditlmg2l oygrvhab nvdbi5me sf5mxxl7 gl3lb2sf hhz5lgdu\"><img decoding=\"async\" src=\"https:\/\/static.xx.fbcdn.net\/images\/emoji.php\/v9\/t5c\/1\/16\/1f5d3.png\" alt=\"????\" width=\"16\" height=\"16\" \/><\/span> Semana 2 &#8211; 25 al 29 de Enero<\/div>\n<\/div>\n<div class=\"o9v6fnle cxmmr5t8 oygrvhab hcukyx3x c1et5uql ii04i59q\">\n<div dir=\"auto\"><span class=\"pq6dq46d tbxw36s4 knj5qynh kvgmc6g5 ditlmg2l oygrvhab nvdbi5me sf5mxxl7 gl3lb2sf hhz5lgdu\"><img decoding=\"async\" src=\"https:\/\/static.xx.fbcdn.net\/images\/emoji.php\/v9\/t4c\/1\/16\/25aa.png\" alt=\"\u25aa\" width=\"16\" height=\"16\" \/><\/span>CARTELISMO Y LETTERING<\/div>\n<div dir=\"auto\">Paula Pixel<\/div>\n<div dir=\"auto\">Lunes 25 &#8211; Mi\u00e9rcoles 27 &#8211; Viernes 29<\/div>\n<div dir=\"auto\">16:00 hrs.<\/div>\n<\/div>\n<div class=\"o9v6fnle cxmmr5t8 oygrvhab hcukyx3x c1et5uql ii04i59q\">\n<div dir=\"auto\"><span class=\"pq6dq46d tbxw36s4 knj5qynh kvgmc6g5 ditlmg2l oygrvhab nvdbi5me sf5mxxl7 gl3lb2sf hhz5lgdu\"><img decoding=\"async\" src=\"https:\/\/static.xx.fbcdn.net\/images\/emoji.php\/v9\/t4c\/1\/16\/25aa.png\" alt=\"\u25aa\" width=\"16\" height=\"16\" \/><\/span>Taller de Audio digital y MIDI<\/div>\n<div dir=\"auto\">Maximiliano Aedo<\/div>\n<div dir=\"auto\">Lunes 25 &#8211; Mi\u00e9rcoles 27 &#8211; Viernes 29<\/div>\n<div dir=\"auto\">16:00 hrs.<\/div>\n<\/div>\n<div class=\"o9v6fnle cxmmr5t8 oygrvhab hcukyx3x c1et5uql ii04i59q\">\n<div dir=\"auto\"><span class=\"pq6dq46d tbxw36s4 knj5qynh kvgmc6g5 ditlmg2l oygrvhab nvdbi5me sf5mxxl7 gl3lb2sf hhz5lgdu\"><img decoding=\"async\" src=\"https:\/\/static.xx.fbcdn.net\/images\/emoji.php\/v9\/t4c\/1\/16\/25aa.png\" alt=\"\u25aa\" width=\"16\" height=\"16\" \/><\/span>Construyendo tu primer juego con Unreal Engine<\/div>\n<div dir=\"auto\">Andr\u00e9s Sepulveda<\/div>\n<div dir=\"auto\">Martes 26 &#8211; Jueves 28 &#8211; Viernes 29<\/div>\n<div dir=\"auto\">16:00 hrs.<\/div>\n<\/div>\n<div class=\"o9v6fnle cxmmr5t8 oygrvhab hcukyx3x c1et5uql ii04i59q\">\n<div dir=\"auto\"><span class=\"pq6dq46d tbxw36s4 knj5qynh kvgmc6g5 ditlmg2l oygrvhab nvdbi5me sf5mxxl7 gl3lb2sf hhz5lgdu\"><img decoding=\"async\" src=\"https:\/\/static.xx.fbcdn.net\/images\/emoji.php\/v9\/t4c\/1\/16\/25aa.png\" alt=\"\u25aa\" width=\"16\" height=\"16\" \/><\/span> Dise\u00f1o e Ilustraci\u00f3n: Ignacia Arellano.<\/div>\n<\/div>\n<div class=\"o9v6fnle cxmmr5t8 oygrvhab hcukyx3x c1et5uql ii04i59q\">\n<div dir=\"auto\">\u00a1\u00a1Que no te lo cuenten, te esperamos para desarrollar tu creatividad con nosotr@s!!<\/div>\n<\/div>\n<\/div>\n<\/div>\n<\/div>\n<\/div>\n<div id=\"jsc_c_nq\" class=\"l9j0dhe7\">\n<div class=\"l9j0dhe7\">\n<div><\/div>\n<\/div>\n<\/div>\n<p><span id=\"jsc_c_ns\" class=\"bp9cbjyn j83agx80 b3onmgus\"><\/span><\/p>\n<div class=\"o9v6fnle cxmmr5t8 oygrvhab hcukyx3x c1et5uql ii04i59q\">\n<div dir=\"auto\"><\/div>\n<\/div>\n<div class=\"o9v6fnle cxmmr5t8 oygrvhab hcukyx3x c1et5uql ii04i59q\">\n<div dir=\"auto\"><span class=\"pq6dq46d tbxw36s4 knj5qynh kvgmc6g5 ditlmg2l oygrvhab nvdbi5me sf5mxxl7 gl3lb2sf hhz5lgdu\"><img loading=\"lazy\" decoding=\"async\" src=\"https:\/\/static.xx.fbcdn.net\/images\/emoji.php\/v9\/t1b\/1\/16\/1f53a.png\" alt=\"????\" width=\"16\" height=\"16\" \/><\/span>CUPOS LIMITADOS<span class=\"pq6dq46d tbxw36s4 knj5qynh kvgmc6g5 ditlmg2l oygrvhab nvdbi5me sf5mxxl7 gl3lb2sf hhz5lgdu\"><img loading=\"lazy\" decoding=\"async\" src=\"https:\/\/static.xx.fbcdn.net\/images\/emoji.php\/v9\/t1b\/1\/16\/1f53a.png\" alt=\"????\" width=\"16\" height=\"16\" \/><\/span><\/div>\n<\/div>\n<\/div>\n<\/div>\n<\/div>\n<\/div>\n<\/div>\n<\/div>\n<h3>Puedes inscribirte <strong><a href=\"https:\/\/docs.google.com\/forms\/d\/e\/1FAIpQLScJT50bbWXu1gZWdmmzHZUqmUZs4I10FFmgN5Qa7fPPvthnQA\/viewform?fbclid=IwAR2BE_K1nYrEJ_-kaRK0apbSi0w41SV7aGoEuJLPOjGnDKK2C4rYVNF3tQ4\">aqu\u00ed<\/a><\/strong>.<\/h3>\n<p>Link de Inscripci\u00f3n: <a class=\"oajrlxb2 g5ia77u1 qu0x051f esr5mh6w e9989ue4 r7d6kgcz rq0escxv nhd2j8a9 nc684nl6 p7hjln8o kvgmc6g5 cxmmr5t8 oygrvhab hcukyx3x jb3vyjys rz4wbd8a qt6c0cv9 a8nywdso i1ao9s8h esuyzwwr f1sip0of lzcic4wl py34i1dx gpro0wi8\" tabindex=\"0\" role=\"link\" href=\"https:\/\/l.facebook.com\/l.php?u=https%3A%2F%2Fbit.ly%2F389eOVZ%3Ffbclid%3DIwAR2BE_K1nYrEJ_-kaRK0apbSi0w41SV7aGoEuJLPOjGnDKK2C4rYVNF3tQ4&amp;h=AT0QL2Zcwz_MC-Hy5xsJ8W_jygaV0KhvtLfVLCtinzWz2Yc7F2Msf8_1UApsAuAwRBS5xc4EVr3FqiI9xWabtTnL5UPfmg-BMEXdCCINxb3x9IV2XA2a5fqnIFc4T0YqdTHTUBg&amp;__tn__=-UK-R&amp;c[0]=AT3fb1_h0jNc8sIkKSvq6L-bBZ8Ku3bwhph6b0RAJIslX1JH1tmu80lj2i8rg8d3nZLZs-0ThJcw4eBwU75O09cbnqMjz6onW704Fo6GhGxC5bdaRNdMbhvOPo_W9YecG_bN-aZ99qrmvH91yb0Hpx1YcpYulAKQgtFU0VFdUC-rWH9h\" target=\"_blank\" rel=\"nofollow noopener noreferrer\">bit.ly\/389eOVZ<\/a><\/p>\n<p>Cualquier duda a: kalzamora@arcos.cl<\/p>\n","protected":false},"excerpt":{"rendered":"<p>El instituto Arcos de Vi\u00f1a del Marte invita a participar en los talleres creativos de verano 2021 Desde el 18 al31 de enero podr\u00e1s encontrar diversas instancias, a las que puedes acceder totalmente gratis para estudiantes desde 8vo a 4to medio. Todo esto v\u00eda Zoom El Instituto Profesional ARCOS sede Vi\u00f1a del Mar te invita [&hellip;]<\/p>\n","protected":false},"author":3,"featured_media":8392,"comment_status":"closed","ping_status":"closed","sticky":false,"template":"","format":"standard","meta":{"_acf_changed":false,"footnotes":""},"categories":[8],"tags":[],"class_list":["post-8391","post","type-post","status-publish","format-standard","has-post-thumbnail","hentry","category-noticia"],"acf":[],"yoast_head":"<!-- This site is optimized with the Yoast SEO plugin v27.1.1 - https:\/\/yoast.com\/product\/yoast-seo-wordpress\/ -->\n<title>Participa de los talleres creativos de Instituto Arcos este verano 2021 - Valpara\u00ed\u00adso Creativo<\/title>\n<meta name=\"robots\" content=\"index, follow, max-snippet:-1, max-image-preview:large, max-video-preview:-1\" \/>\n<link rel=\"canonical\" href=\"https:\/\/dev.antudigital.cl\/sites\/vc\/participa-de-los-talleres-creativos-de-instituto-arcos-este-verano-2021\/\" \/>\n<meta property=\"og:locale\" content=\"es_ES\" \/>\n<meta property=\"og:type\" content=\"article\" \/>\n<meta property=\"og:title\" content=\"Participa de los talleres creativos de Instituto Arcos este verano 2021 - Valpara\u00ed\u00adso Creativo\" \/>\n<meta property=\"og:description\" content=\"El instituto Arcos de Vi\u00f1a del Marte invita a participar en los talleres creativos de verano 2021 Desde el 18 al31 de enero podr\u00e1s encontrar diversas instancias, a las que puedes acceder totalmente gratis para estudiantes desde 8vo a 4to medio. Todo esto v\u00eda Zoom El Instituto Profesional ARCOS sede Vi\u00f1a del Mar te invita [&hellip;]\" \/>\n<meta property=\"og:url\" content=\"https:\/\/dev.antudigital.cl\/sites\/vc\/participa-de-los-talleres-creativos-de-instituto-arcos-este-verano-2021\/\" \/>\n<meta property=\"og:site_name\" content=\"Valpara\u00ed\u00adso Creativo\" \/>\n<meta property=\"article:published_time\" content=\"2021-01-08T21:52:32+00:00\" \/>\n<meta property=\"og:image\" content=\"https:\/\/dev.antudigital.cl\/sites\/vc\/wp-content\/uploads\/2021\/01\/afiche-talleres-verano-portada.png\" \/>\n\t<meta property=\"og:image:width\" content=\"905\" \/>\n\t<meta property=\"og:image:height\" content=\"440\" \/>\n\t<meta property=\"og:image:type\" content=\"image\/png\" \/>\n<meta name=\"author\" content=\"Valparaiso Creativo\" \/>\n<meta name=\"twitter:card\" content=\"summary_large_image\" \/>\n<meta name=\"twitter:label1\" content=\"Escrito por\" \/>\n\t<meta name=\"twitter:data1\" content=\"Valparaiso Creativo\" \/>\n\t<meta name=\"twitter:label2\" content=\"Tiempo de lectura\" \/>\n\t<meta name=\"twitter:data2\" content=\"1 minuto\" \/>\n<script type=\"application\/ld+json\" class=\"yoast-schema-graph\">{\"@context\":\"https:\/\/schema.org\",\"@graph\":[{\"@type\":\"Article\",\"@id\":\"https:\/\/dev.antudigital.cl\/sites\/vc\/participa-de-los-talleres-creativos-de-instituto-arcos-este-verano-2021\/#article\",\"isPartOf\":{\"@id\":\"https:\/\/dev.antudigital.cl\/sites\/vc\/participa-de-los-talleres-creativos-de-instituto-arcos-este-verano-2021\/\"},\"author\":{\"name\":\"Valparaiso Creativo\",\"@id\":\"https:\/\/dev.antudigital.cl\/sites\/vc\/#\/schema\/person\/81d1dcd51abd542b5dfc00f5f951a0f1\"},\"headline\":\"Participa de los talleres creativos de Instituto Arcos este verano 2021\",\"datePublished\":\"2021-01-08T21:52:32+00:00\",\"mainEntityOfPage\":{\"@id\":\"https:\/\/dev.antudigital.cl\/sites\/vc\/participa-de-los-talleres-creativos-de-instituto-arcos-este-verano-2021\/\"},\"wordCount\":234,\"image\":{\"@id\":\"https:\/\/dev.antudigital.cl\/sites\/vc\/participa-de-los-talleres-creativos-de-instituto-arcos-este-verano-2021\/#primaryimage\"},\"thumbnailUrl\":\"https:\/\/dev.antudigital.cl\/sites\/vc\/wp-content\/uploads\/2021\/01\/afiche-talleres-verano-portada.png\",\"articleSection\":[\"Noticia\"],\"inLanguage\":\"es\"},{\"@type\":\"WebPage\",\"@id\":\"https:\/\/dev.antudigital.cl\/sites\/vc\/participa-de-los-talleres-creativos-de-instituto-arcos-este-verano-2021\/\",\"url\":\"https:\/\/dev.antudigital.cl\/sites\/vc\/participa-de-los-talleres-creativos-de-instituto-arcos-este-verano-2021\/\",\"name\":\"Participa de los talleres creativos de Instituto Arcos este verano 2021 - Valpara\u00ed\u00adso Creativo\",\"isPartOf\":{\"@id\":\"https:\/\/dev.antudigital.cl\/sites\/vc\/#website\"},\"primaryImageOfPage\":{\"@id\":\"https:\/\/dev.antudigital.cl\/sites\/vc\/participa-de-los-talleres-creativos-de-instituto-arcos-este-verano-2021\/#primaryimage\"},\"image\":{\"@id\":\"https:\/\/dev.antudigital.cl\/sites\/vc\/participa-de-los-talleres-creativos-de-instituto-arcos-este-verano-2021\/#primaryimage\"},\"thumbnailUrl\":\"https:\/\/dev.antudigital.cl\/sites\/vc\/wp-content\/uploads\/2021\/01\/afiche-talleres-verano-portada.png\",\"datePublished\":\"2021-01-08T21:52:32+00:00\",\"author\":{\"@id\":\"https:\/\/dev.antudigital.cl\/sites\/vc\/#\/schema\/person\/81d1dcd51abd542b5dfc00f5f951a0f1\"},\"breadcrumb\":{\"@id\":\"https:\/\/dev.antudigital.cl\/sites\/vc\/participa-de-los-talleres-creativos-de-instituto-arcos-este-verano-2021\/#breadcrumb\"},\"inLanguage\":\"es\",\"potentialAction\":[{\"@type\":\"ReadAction\",\"target\":[\"https:\/\/dev.antudigital.cl\/sites\/vc\/participa-de-los-talleres-creativos-de-instituto-arcos-este-verano-2021\/\"]}]},{\"@type\":\"ImageObject\",\"inLanguage\":\"es\",\"@id\":\"https:\/\/dev.antudigital.cl\/sites\/vc\/participa-de-los-talleres-creativos-de-instituto-arcos-este-verano-2021\/#primaryimage\",\"url\":\"https:\/\/dev.antudigital.cl\/sites\/vc\/wp-content\/uploads\/2021\/01\/afiche-talleres-verano-portada.png\",\"contentUrl\":\"https:\/\/dev.antudigital.cl\/sites\/vc\/wp-content\/uploads\/2021\/01\/afiche-talleres-verano-portada.png\",\"width\":905,\"height\":440},{\"@type\":\"BreadcrumbList\",\"@id\":\"https:\/\/dev.antudigital.cl\/sites\/vc\/participa-de-los-talleres-creativos-de-instituto-arcos-este-verano-2021\/#breadcrumb\",\"itemListElement\":[{\"@type\":\"ListItem\",\"position\":1,\"name\":\"Home\",\"item\":\"https:\/\/dev.antudigital.cl\/sites\/vc\/\"},{\"@type\":\"ListItem\",\"position\":2,\"name\":\"Participa de los talleres creativos de Instituto Arcos este verano 2021\"}]},{\"@type\":\"WebSite\",\"@id\":\"https:\/\/dev.antudigital.cl\/sites\/vc\/#website\",\"url\":\"https:\/\/dev.antudigital.cl\/sites\/vc\/\",\"name\":\"Valpara\u00ed\u00adso Creativo\",\"description\":\"\",\"potentialAction\":[{\"@type\":\"SearchAction\",\"target\":{\"@type\":\"EntryPoint\",\"urlTemplate\":\"https:\/\/dev.antudigital.cl\/sites\/vc\/?s={search_term_string}\"},\"query-input\":{\"@type\":\"PropertyValueSpecification\",\"valueRequired\":true,\"valueName\":\"search_term_string\"}}],\"inLanguage\":\"es\"},{\"@type\":\"Person\",\"@id\":\"https:\/\/dev.antudigital.cl\/sites\/vc\/#\/schema\/person\/81d1dcd51abd542b5dfc00f5f951a0f1\",\"name\":\"Valparaiso Creativo\",\"url\":\"https:\/\/dev.antudigital.cl\/sites\/vc\/author\/valparaiso-creativo\/\"}]}<\/script>\n<!-- \/ Yoast SEO plugin. -->","yoast_head_json":{"title":"Participa de los talleres creativos de Instituto Arcos este verano 2021 - Valpara\u00ed\u00adso Creativo","robots":{"index":"index","follow":"follow","max-snippet":"max-snippet:-1","max-image-preview":"max-image-preview:large","max-video-preview":"max-video-preview:-1"},"canonical":"https:\/\/dev.antudigital.cl\/sites\/vc\/participa-de-los-talleres-creativos-de-instituto-arcos-este-verano-2021\/","og_locale":"es_ES","og_type":"article","og_title":"Participa de los talleres creativos de Instituto Arcos este verano 2021 - Valpara\u00ed\u00adso Creativo","og_description":"El instituto Arcos de Vi\u00f1a del Marte invita a participar en los talleres creativos de verano 2021 Desde el 18 al31 de enero podr\u00e1s encontrar diversas instancias, a las que puedes acceder totalmente gratis para estudiantes desde 8vo a 4to medio. Todo esto v\u00eda Zoom El Instituto Profesional ARCOS sede Vi\u00f1a del Mar te invita [&hellip;]","og_url":"https:\/\/dev.antudigital.cl\/sites\/vc\/participa-de-los-talleres-creativos-de-instituto-arcos-este-verano-2021\/","og_site_name":"Valpara\u00ed\u00adso Creativo","article_published_time":"2021-01-08T21:52:32+00:00","og_image":[{"width":905,"height":440,"url":"https:\/\/dev.antudigital.cl\/sites\/vc\/wp-content\/uploads\/2021\/01\/afiche-talleres-verano-portada.png","type":"image\/png"}],"author":"Valparaiso Creativo","twitter_card":"summary_large_image","twitter_misc":{"Escrito por":"Valparaiso Creativo","Tiempo de lectura":"1 minuto"},"schema":{"@context":"https:\/\/schema.org","@graph":[{"@type":"Article","@id":"https:\/\/dev.antudigital.cl\/sites\/vc\/participa-de-los-talleres-creativos-de-instituto-arcos-este-verano-2021\/#article","isPartOf":{"@id":"https:\/\/dev.antudigital.cl\/sites\/vc\/participa-de-los-talleres-creativos-de-instituto-arcos-este-verano-2021\/"},"author":{"name":"Valparaiso Creativo","@id":"https:\/\/dev.antudigital.cl\/sites\/vc\/#\/schema\/person\/81d1dcd51abd542b5dfc00f5f951a0f1"},"headline":"Participa de los talleres creativos de Instituto Arcos este verano 2021","datePublished":"2021-01-08T21:52:32+00:00","mainEntityOfPage":{"@id":"https:\/\/dev.antudigital.cl\/sites\/vc\/participa-de-los-talleres-creativos-de-instituto-arcos-este-verano-2021\/"},"wordCount":234,"image":{"@id":"https:\/\/dev.antudigital.cl\/sites\/vc\/participa-de-los-talleres-creativos-de-instituto-arcos-este-verano-2021\/#primaryimage"},"thumbnailUrl":"https:\/\/dev.antudigital.cl\/sites\/vc\/wp-content\/uploads\/2021\/01\/afiche-talleres-verano-portada.png","articleSection":["Noticia"],"inLanguage":"es"},{"@type":"WebPage","@id":"https:\/\/dev.antudigital.cl\/sites\/vc\/participa-de-los-talleres-creativos-de-instituto-arcos-este-verano-2021\/","url":"https:\/\/dev.antudigital.cl\/sites\/vc\/participa-de-los-talleres-creativos-de-instituto-arcos-este-verano-2021\/","name":"Participa de los talleres creativos de Instituto Arcos este verano 2021 - Valpara\u00ed\u00adso Creativo","isPartOf":{"@id":"https:\/\/dev.antudigital.cl\/sites\/vc\/#website"},"primaryImageOfPage":{"@id":"https:\/\/dev.antudigital.cl\/sites\/vc\/participa-de-los-talleres-creativos-de-instituto-arcos-este-verano-2021\/#primaryimage"},"image":{"@id":"https:\/\/dev.antudigital.cl\/sites\/vc\/participa-de-los-talleres-creativos-de-instituto-arcos-este-verano-2021\/#primaryimage"},"thumbnailUrl":"https:\/\/dev.antudigital.cl\/sites\/vc\/wp-content\/uploads\/2021\/01\/afiche-talleres-verano-portada.png","datePublished":"2021-01-08T21:52:32+00:00","author":{"@id":"https:\/\/dev.antudigital.cl\/sites\/vc\/#\/schema\/person\/81d1dcd51abd542b5dfc00f5f951a0f1"},"breadcrumb":{"@id":"https:\/\/dev.antudigital.cl\/sites\/vc\/participa-de-los-talleres-creativos-de-instituto-arcos-este-verano-2021\/#breadcrumb"},"inLanguage":"es","potentialAction":[{"@type":"ReadAction","target":["https:\/\/dev.antudigital.cl\/sites\/vc\/participa-de-los-talleres-creativos-de-instituto-arcos-este-verano-2021\/"]}]},{"@type":"ImageObject","inLanguage":"es","@id":"https:\/\/dev.antudigital.cl\/sites\/vc\/participa-de-los-talleres-creativos-de-instituto-arcos-este-verano-2021\/#primaryimage","url":"https:\/\/dev.antudigital.cl\/sites\/vc\/wp-content\/uploads\/2021\/01\/afiche-talleres-verano-portada.png","contentUrl":"https:\/\/dev.antudigital.cl\/sites\/vc\/wp-content\/uploads\/2021\/01\/afiche-talleres-verano-portada.png","width":905,"height":440},{"@type":"BreadcrumbList","@id":"https:\/\/dev.antudigital.cl\/sites\/vc\/participa-de-los-talleres-creativos-de-instituto-arcos-este-verano-2021\/#breadcrumb","itemListElement":[{"@type":"ListItem","position":1,"name":"Home","item":"https:\/\/dev.antudigital.cl\/sites\/vc\/"},{"@type":"ListItem","position":2,"name":"Participa de los talleres creativos de Instituto Arcos este verano 2021"}]},{"@type":"WebSite","@id":"https:\/\/dev.antudigital.cl\/sites\/vc\/#website","url":"https:\/\/dev.antudigital.cl\/sites\/vc\/","name":"Valpara\u00ed\u00adso Creativo","description":"","potentialAction":[{"@type":"SearchAction","target":{"@type":"EntryPoint","urlTemplate":"https:\/\/dev.antudigital.cl\/sites\/vc\/?s={search_term_string}"},"query-input":{"@type":"PropertyValueSpecification","valueRequired":true,"valueName":"search_term_string"}}],"inLanguage":"es"},{"@type":"Person","@id":"https:\/\/dev.antudigital.cl\/sites\/vc\/#\/schema\/person\/81d1dcd51abd542b5dfc00f5f951a0f1","name":"Valparaiso Creativo","url":"https:\/\/dev.antudigital.cl\/sites\/vc\/author\/valparaiso-creativo\/"}]}},"_links":{"self":[{"href":"https:\/\/dev.antudigital.cl\/sites\/vc\/wp-json\/wp\/v2\/posts\/8391","targetHints":{"allow":["GET"]}}],"collection":[{"href":"https:\/\/dev.antudigital.cl\/sites\/vc\/wp-json\/wp\/v2\/posts"}],"about":[{"href":"https:\/\/dev.antudigital.cl\/sites\/vc\/wp-json\/wp\/v2\/types\/post"}],"author":[{"embeddable":true,"href":"https:\/\/dev.antudigital.cl\/sites\/vc\/wp-json\/wp\/v2\/users\/3"}],"replies":[{"embeddable":true,"href":"https:\/\/dev.antudigital.cl\/sites\/vc\/wp-json\/wp\/v2\/comments?post=8391"}],"version-history":[{"count":0,"href":"https:\/\/dev.antudigital.cl\/sites\/vc\/wp-json\/wp\/v2\/posts\/8391\/revisions"}],"wp:featuredmedia":[{"embeddable":true,"href":"https:\/\/dev.antudigital.cl\/sites\/vc\/wp-json\/wp\/v2\/media\/8392"}],"wp:attachment":[{"href":"https:\/\/dev.antudigital.cl\/sites\/vc\/wp-json\/wp\/v2\/media?parent=8391"}],"wp:term":[{"taxonomy":"category","embeddable":true,"href":"https:\/\/dev.antudigital.cl\/sites\/vc\/wp-json\/wp\/v2\/categories?post=8391"},{"taxonomy":"post_tag","embeddable":true,"href":"https:\/\/dev.antudigital.cl\/sites\/vc\/wp-json\/wp\/v2\/tags?post=8391"}],"curies":[{"name":"wp","href":"https:\/\/api.w.org\/{rel}","templated":true}]}}