{"id":8396,"date":"2021-01-04T19:55:42","date_gmt":"2021-01-04T19:55:42","guid":{"rendered":"https:\/\/www.valparaisocreativo.cl\/?p=5712"},"modified":"2021-01-04T19:55:42","modified_gmt":"2021-01-04T19:55:42","slug":"valparaiso-en-colores-y-corporacion-la-matriz-te-invitan-a-los-talleres-de-muralismo-emerge","status":"publish","type":"post","link":"https:\/\/dev.antudigital.cl\/sites\/vc\/valparaiso-en-colores-y-corporacion-la-matriz-te-invitan-a-los-talleres-de-muralismo-emerge\/","title":{"rendered":"Valpara\u00edso en Colores y Corporaci\u00f3n La Matriz te invitan a los talleres de Muralismo \u00abEmerge\u00bb"},"content":{"rendered":"<p><span class=\"\">Proyecto EMERGE Valpara\u00edso es una instancia gestionada por la ONG <strong>Valpara\u00edso en Colores<\/strong>, junto a la Corporaci\u00f3n La Matriz, y el Ministerio de las Culturas, las Artes y el Patrimonio. En esta ocasi\u00f3n, la invitaci\u00f3n es al taller de Muralismo <em>online <\/em>desde el 4 al 7 de enero del 2021.<\/span><\/p>\n<p><span class=\"\">Las clases ser\u00e1n desde las 17:30hrs. junto al tallerista <strong>Difuzo <\/strong> <a class=\"notranslate\" tabindex=\"0\" href=\"https:\/\/www.instagram.com\/difuzo_azteka\/\">@difuzo_azteka<\/a><\/span><\/p>\n<p><span class=\"\">Inscripci\u00f3n y dudas al WhatsApp +569 63557487<br \/>\n<\/span><\/p>\n<p><img fetchpriority=\"high\" decoding=\"async\" class=\"alignleft size-medium wp-image-5714\" src=\"https:\/\/www.valparaisocreativo.cl\/wp-content\/uploads\/2021\/01\/Captura-de-Pantalla-2021-01-04-a-las-19.47.54-240x300.png\" alt=\"\" width=\"240\" height=\"300\" \/><\/p>\n","protected":false},"excerpt":{"rendered":"<p>Proyecto EMERGE Valpara\u00edso es una instancia gestionada por la ONG Valpara\u00edso en Colores, junto a la Corporaci\u00f3n La Matriz, y el Ministerio de las Culturas, las Artes y el Patrimonio. En esta ocasi\u00f3n, la invitaci\u00f3n es al taller de Muralismo online desde el 4 al 7 de enero del 2021. Las clases ser\u00e1n desde las [&hellip;]<\/p>\n","protected":false},"author":3,"featured_media":8398,"comment_status":"closed","ping_status":"closed","sticky":false,"template":"","format":"standard","meta":{"_acf_changed":false,"footnotes":""},"categories":[8],"tags":[],"class_list":["post-8396","post","type-post","status-publish","format-standard","has-post-thumbnail","hentry","category-noticia"],"acf":[],"yoast_head":"<!-- This site is optimized with the Yoast SEO plugin v27.1.1 - https:\/\/yoast.com\/product\/yoast-seo-wordpress\/ -->\n<title>Valpara\u00edso en Colores y Corporaci\u00f3n La Matriz te invitan a los talleres de Muralismo &quot;Emerge&quot; - Valpara\u00ed\u00adso Creativo<\/title>\n<meta name=\"robots\" content=\"index, follow, max-snippet:-1, max-image-preview:large, max-video-preview:-1\" \/>\n<link rel=\"canonical\" href=\"https:\/\/dev.antudigital.cl\/sites\/vc\/valparaiso-en-colores-y-corporacion-la-matriz-te-invitan-a-los-talleres-de-muralismo-emerge\/\" \/>\n<meta property=\"og:locale\" content=\"es_ES\" \/>\n<meta property=\"og:type\" content=\"article\" \/>\n<meta property=\"og:title\" content=\"Valpara\u00edso en Colores y Corporaci\u00f3n La Matriz te invitan a los talleres de Muralismo &quot;Emerge&quot; - Valpara\u00ed\u00adso Creativo\" \/>\n<meta property=\"og:description\" content=\"Proyecto EMERGE Valpara\u00edso es una instancia gestionada por la ONG Valpara\u00edso en Colores, junto a la Corporaci\u00f3n La Matriz, y el Ministerio de las Culturas, las Artes y el Patrimonio. En esta ocasi\u00f3n, la invitaci\u00f3n es al taller de Muralismo online desde el 4 al 7 de enero del 2021. Las clases ser\u00e1n desde las [&hellip;]\" \/>\n<meta property=\"og:url\" content=\"https:\/\/dev.antudigital.cl\/sites\/vc\/valparaiso-en-colores-y-corporacion-la-matriz-te-invitan-a-los-talleres-de-muralismo-emerge\/\" \/>\n<meta property=\"og:site_name\" content=\"Valpara\u00ed\u00adso Creativo\" \/>\n<meta property=\"article:published_time\" content=\"2021-01-04T19:55:42+00:00\" \/>\n<meta property=\"og:image\" content=\"https:\/\/dev.antudigital.cl\/sites\/vc\/wp-content\/uploads\/2021\/01\/Captura-de-Pantalla-2021-01-04-a-las-19.54.28.png\" \/>\n\t<meta property=\"og:image:width\" content=\"634\" \/>\n\t<meta property=\"og:image:height\" content=\"362\" \/>\n\t<meta property=\"og:image:type\" content=\"image\/png\" \/>\n<meta name=\"author\" content=\"Valparaiso Creativo\" \/>\n<meta name=\"twitter:card\" content=\"summary_large_image\" \/>\n<meta name=\"twitter:label1\" content=\"Escrito por\" \/>\n\t<meta name=\"twitter:data1\" content=\"Valparaiso Creativo\" \/>\n<script type=\"application\/ld+json\" class=\"yoast-schema-graph\">{\"@context\":\"https:\/\/schema.org\",\"@graph\":[{\"@type\":\"Article\",\"@id\":\"https:\/\/dev.antudigital.cl\/sites\/vc\/valparaiso-en-colores-y-corporacion-la-matriz-te-invitan-a-los-talleres-de-muralismo-emerge\/#article\",\"isPartOf\":{\"@id\":\"https:\/\/dev.antudigital.cl\/sites\/vc\/valparaiso-en-colores-y-corporacion-la-matriz-te-invitan-a-los-talleres-de-muralismo-emerge\/\"},\"author\":{\"name\":\"Valparaiso Creativo\",\"@id\":\"https:\/\/dev.antudigital.cl\/sites\/vc\/#\/schema\/person\/81d1dcd51abd542b5dfc00f5f951a0f1\"},\"headline\":\"Valpara\u00edso en Colores y Corporaci\u00f3n La Matriz te invitan a los talleres de Muralismo \u00abEmerge\u00bb\",\"datePublished\":\"2021-01-04T19:55:42+00:00\",\"mainEntityOfPage\":{\"@id\":\"https:\/\/dev.antudigital.cl\/sites\/vc\/valparaiso-en-colores-y-corporacion-la-matriz-te-invitan-a-los-talleres-de-muralismo-emerge\/\"},\"wordCount\":88,\"image\":{\"@id\":\"https:\/\/dev.antudigital.cl\/sites\/vc\/valparaiso-en-colores-y-corporacion-la-matriz-te-invitan-a-los-talleres-de-muralismo-emerge\/#primaryimage\"},\"thumbnailUrl\":\"https:\/\/dev.antudigital.cl\/sites\/vc\/wp-content\/uploads\/2021\/01\/Captura-de-Pantalla-2021-01-04-a-las-19.54.28.png\",\"articleSection\":[\"Noticia\"],\"inLanguage\":\"es\"},{\"@type\":\"WebPage\",\"@id\":\"https:\/\/dev.antudigital.cl\/sites\/vc\/valparaiso-en-colores-y-corporacion-la-matriz-te-invitan-a-los-talleres-de-muralismo-emerge\/\",\"url\":\"https:\/\/dev.antudigital.cl\/sites\/vc\/valparaiso-en-colores-y-corporacion-la-matriz-te-invitan-a-los-talleres-de-muralismo-emerge\/\",\"name\":\"Valpara\u00edso en Colores y Corporaci\u00f3n La Matriz te invitan a los talleres de Muralismo \\\"Emerge\\\" - Valpara\u00ed\u00adso Creativo\",\"isPartOf\":{\"@id\":\"https:\/\/dev.antudigital.cl\/sites\/vc\/#website\"},\"primaryImageOfPage\":{\"@id\":\"https:\/\/dev.antudigital.cl\/sites\/vc\/valparaiso-en-colores-y-corporacion-la-matriz-te-invitan-a-los-talleres-de-muralismo-emerge\/#primaryimage\"},\"image\":{\"@id\":\"https:\/\/dev.antudigital.cl\/sites\/vc\/valparaiso-en-colores-y-corporacion-la-matriz-te-invitan-a-los-talleres-de-muralismo-emerge\/#primaryimage\"},\"thumbnailUrl\":\"https:\/\/dev.antudigital.cl\/sites\/vc\/wp-content\/uploads\/2021\/01\/Captura-de-Pantalla-2021-01-04-a-las-19.54.28.png\",\"datePublished\":\"2021-01-04T19:55:42+00:00\",\"author\":{\"@id\":\"https:\/\/dev.antudigital.cl\/sites\/vc\/#\/schema\/person\/81d1dcd51abd542b5dfc00f5f951a0f1\"},\"breadcrumb\":{\"@id\":\"https:\/\/dev.antudigital.cl\/sites\/vc\/valparaiso-en-colores-y-corporacion-la-matriz-te-invitan-a-los-talleres-de-muralismo-emerge\/#breadcrumb\"},\"inLanguage\":\"es\",\"potentialAction\":[{\"@type\":\"ReadAction\",\"target\":[\"https:\/\/dev.antudigital.cl\/sites\/vc\/valparaiso-en-colores-y-corporacion-la-matriz-te-invitan-a-los-talleres-de-muralismo-emerge\/\"]}]},{\"@type\":\"ImageObject\",\"inLanguage\":\"es\",\"@id\":\"https:\/\/dev.antudigital.cl\/sites\/vc\/valparaiso-en-colores-y-corporacion-la-matriz-te-invitan-a-los-talleres-de-muralismo-emerge\/#primaryimage\",\"url\":\"https:\/\/dev.antudigital.cl\/sites\/vc\/wp-content\/uploads\/2021\/01\/Captura-de-Pantalla-2021-01-04-a-las-19.54.28.png\",\"contentUrl\":\"https:\/\/dev.antudigital.cl\/sites\/vc\/wp-content\/uploads\/2021\/01\/Captura-de-Pantalla-2021-01-04-a-las-19.54.28.png\",\"width\":634,\"height\":362},{\"@type\":\"BreadcrumbList\",\"@id\":\"https:\/\/dev.antudigital.cl\/sites\/vc\/valparaiso-en-colores-y-corporacion-la-matriz-te-invitan-a-los-talleres-de-muralismo-emerge\/#breadcrumb\",\"itemListElement\":[{\"@type\":\"ListItem\",\"position\":1,\"name\":\"Home\",\"item\":\"https:\/\/dev.antudigital.cl\/sites\/vc\/\"},{\"@type\":\"ListItem\",\"position\":2,\"name\":\"Valpara\u00edso en Colores y Corporaci\u00f3n La Matriz te invitan a los talleres de Muralismo \u00abEmerge\u00bb\"}]},{\"@type\":\"WebSite\",\"@id\":\"https:\/\/dev.antudigital.cl\/sites\/vc\/#website\",\"url\":\"https:\/\/dev.antudigital.cl\/sites\/vc\/\",\"name\":\"Valpara\u00ed\u00adso Creativo\",\"description\":\"\",\"potentialAction\":[{\"@type\":\"SearchAction\",\"target\":{\"@type\":\"EntryPoint\",\"urlTemplate\":\"https:\/\/dev.antudigital.cl\/sites\/vc\/?s={search_term_string}\"},\"query-input\":{\"@type\":\"PropertyValueSpecification\",\"valueRequired\":true,\"valueName\":\"search_term_string\"}}],\"inLanguage\":\"es\"},{\"@type\":\"Person\",\"@id\":\"https:\/\/dev.antudigital.cl\/sites\/vc\/#\/schema\/person\/81d1dcd51abd542b5dfc00f5f951a0f1\",\"name\":\"Valparaiso Creativo\",\"url\":\"https:\/\/dev.antudigital.cl\/sites\/vc\/author\/valparaiso-creativo\/\"}]}<\/script>\n<!-- \/ Yoast SEO plugin. -->","yoast_head_json":{"title":"Valpara\u00edso en Colores y Corporaci\u00f3n La Matriz te invitan a los talleres de Muralismo \"Emerge\" - Valpara\u00ed\u00adso Creativo","robots":{"index":"index","follow":"follow","max-snippet":"max-snippet:-1","max-image-preview":"max-image-preview:large","max-video-preview":"max-video-preview:-1"},"canonical":"https:\/\/dev.antudigital.cl\/sites\/vc\/valparaiso-en-colores-y-corporacion-la-matriz-te-invitan-a-los-talleres-de-muralismo-emerge\/","og_locale":"es_ES","og_type":"article","og_title":"Valpara\u00edso en Colores y Corporaci\u00f3n La Matriz te invitan a los talleres de Muralismo \"Emerge\" - Valpara\u00ed\u00adso Creativo","og_description":"Proyecto EMERGE Valpara\u00edso es una instancia gestionada por la ONG Valpara\u00edso en Colores, junto a la Corporaci\u00f3n La Matriz, y el Ministerio de las Culturas, las Artes y el Patrimonio. En esta ocasi\u00f3n, la invitaci\u00f3n es al taller de Muralismo online desde el 4 al 7 de enero del 2021. Las clases ser\u00e1n desde las [&hellip;]","og_url":"https:\/\/dev.antudigital.cl\/sites\/vc\/valparaiso-en-colores-y-corporacion-la-matriz-te-invitan-a-los-talleres-de-muralismo-emerge\/","og_site_name":"Valpara\u00ed\u00adso Creativo","article_published_time":"2021-01-04T19:55:42+00:00","og_image":[{"width":634,"height":362,"url":"https:\/\/dev.antudigital.cl\/sites\/vc\/wp-content\/uploads\/2021\/01\/Captura-de-Pantalla-2021-01-04-a-las-19.54.28.png","type":"image\/png"}],"author":"Valparaiso Creativo","twitter_card":"summary_large_image","twitter_misc":{"Escrito por":"Valparaiso Creativo"},"schema":{"@context":"https:\/\/schema.org","@graph":[{"@type":"Article","@id":"https:\/\/dev.antudigital.cl\/sites\/vc\/valparaiso-en-colores-y-corporacion-la-matriz-te-invitan-a-los-talleres-de-muralismo-emerge\/#article","isPartOf":{"@id":"https:\/\/dev.antudigital.cl\/sites\/vc\/valparaiso-en-colores-y-corporacion-la-matriz-te-invitan-a-los-talleres-de-muralismo-emerge\/"},"author":{"name":"Valparaiso Creativo","@id":"https:\/\/dev.antudigital.cl\/sites\/vc\/#\/schema\/person\/81d1dcd51abd542b5dfc00f5f951a0f1"},"headline":"Valpara\u00edso en Colores y Corporaci\u00f3n La Matriz te invitan a los talleres de Muralismo \u00abEmerge\u00bb","datePublished":"2021-01-04T19:55:42+00:00","mainEntityOfPage":{"@id":"https:\/\/dev.antudigital.cl\/sites\/vc\/valparaiso-en-colores-y-corporacion-la-matriz-te-invitan-a-los-talleres-de-muralismo-emerge\/"},"wordCount":88,"image":{"@id":"https:\/\/dev.antudigital.cl\/sites\/vc\/valparaiso-en-colores-y-corporacion-la-matriz-te-invitan-a-los-talleres-de-muralismo-emerge\/#primaryimage"},"thumbnailUrl":"https:\/\/dev.antudigital.cl\/sites\/vc\/wp-content\/uploads\/2021\/01\/Captura-de-Pantalla-2021-01-04-a-las-19.54.28.png","articleSection":["Noticia"],"inLanguage":"es"},{"@type":"WebPage","@id":"https:\/\/dev.antudigital.cl\/sites\/vc\/valparaiso-en-colores-y-corporacion-la-matriz-te-invitan-a-los-talleres-de-muralismo-emerge\/","url":"https:\/\/dev.antudigital.cl\/sites\/vc\/valparaiso-en-colores-y-corporacion-la-matriz-te-invitan-a-los-talleres-de-muralismo-emerge\/","name":"Valpara\u00edso en Colores y Corporaci\u00f3n La Matriz te invitan a los talleres de Muralismo \"Emerge\" - Valpara\u00ed\u00adso Creativo","isPartOf":{"@id":"https:\/\/dev.antudigital.cl\/sites\/vc\/#website"},"primaryImageOfPage":{"@id":"https:\/\/dev.antudigital.cl\/sites\/vc\/valparaiso-en-colores-y-corporacion-la-matriz-te-invitan-a-los-talleres-de-muralismo-emerge\/#primaryimage"},"image":{"@id":"https:\/\/dev.antudigital.cl\/sites\/vc\/valparaiso-en-colores-y-corporacion-la-matriz-te-invitan-a-los-talleres-de-muralismo-emerge\/#primaryimage"},"thumbnailUrl":"https:\/\/dev.antudigital.cl\/sites\/vc\/wp-content\/uploads\/2021\/01\/Captura-de-Pantalla-2021-01-04-a-las-19.54.28.png","datePublished":"2021-01-04T19:55:42+00:00","author":{"@id":"https:\/\/dev.antudigital.cl\/sites\/vc\/#\/schema\/person\/81d1dcd51abd542b5dfc00f5f951a0f1"},"breadcrumb":{"@id":"https:\/\/dev.antudigital.cl\/sites\/vc\/valparaiso-en-colores-y-corporacion-la-matriz-te-invitan-a-los-talleres-de-muralismo-emerge\/#breadcrumb"},"inLanguage":"es","potentialAction":[{"@type":"ReadAction","target":["https:\/\/dev.antudigital.cl\/sites\/vc\/valparaiso-en-colores-y-corporacion-la-matriz-te-invitan-a-los-talleres-de-muralismo-emerge\/"]}]},{"@type":"ImageObject","inLanguage":"es","@id":"https:\/\/dev.antudigital.cl\/sites\/vc\/valparaiso-en-colores-y-corporacion-la-matriz-te-invitan-a-los-talleres-de-muralismo-emerge\/#primaryimage","url":"https:\/\/dev.antudigital.cl\/sites\/vc\/wp-content\/uploads\/2021\/01\/Captura-de-Pantalla-2021-01-04-a-las-19.54.28.png","contentUrl":"https:\/\/dev.antudigital.cl\/sites\/vc\/wp-content\/uploads\/2021\/01\/Captura-de-Pantalla-2021-01-04-a-las-19.54.28.png","width":634,"height":362},{"@type":"BreadcrumbList","@id":"https:\/\/dev.antudigital.cl\/sites\/vc\/valparaiso-en-colores-y-corporacion-la-matriz-te-invitan-a-los-talleres-de-muralismo-emerge\/#breadcrumb","itemListElement":[{"@type":"ListItem","position":1,"name":"Home","item":"https:\/\/dev.antudigital.cl\/sites\/vc\/"},{"@type":"ListItem","position":2,"name":"Valpara\u00edso en Colores y Corporaci\u00f3n La Matriz te invitan a los talleres de Muralismo \u00abEmerge\u00bb"}]},{"@type":"WebSite","@id":"https:\/\/dev.antudigital.cl\/sites\/vc\/#website","url":"https:\/\/dev.antudigital.cl\/sites\/vc\/","name":"Valpara\u00ed\u00adso Creativo","description":"","potentialAction":[{"@type":"SearchAction","target":{"@type":"EntryPoint","urlTemplate":"https:\/\/dev.antudigital.cl\/sites\/vc\/?s={search_term_string}"},"query-input":{"@type":"PropertyValueSpecification","valueRequired":true,"valueName":"search_term_string"}}],"inLanguage":"es"},{"@type":"Person","@id":"https:\/\/dev.antudigital.cl\/sites\/vc\/#\/schema\/person\/81d1dcd51abd542b5dfc00f5f951a0f1","name":"Valparaiso Creativo","url":"https:\/\/dev.antudigital.cl\/sites\/vc\/author\/valparaiso-creativo\/"}]}},"_links":{"self":[{"href":"https:\/\/dev.antudigital.cl\/sites\/vc\/wp-json\/wp\/v2\/posts\/8396","targetHints":{"allow":["GET"]}}],"collection":[{"href":"https:\/\/dev.antudigital.cl\/sites\/vc\/wp-json\/wp\/v2\/posts"}],"about":[{"href":"https:\/\/dev.antudigital.cl\/sites\/vc\/wp-json\/wp\/v2\/types\/post"}],"author":[{"embeddable":true,"href":"https:\/\/dev.antudigital.cl\/sites\/vc\/wp-json\/wp\/v2\/users\/3"}],"replies":[{"embeddable":true,"href":"https:\/\/dev.antudigital.cl\/sites\/vc\/wp-json\/wp\/v2\/comments?post=8396"}],"version-history":[{"count":0,"href":"https:\/\/dev.antudigital.cl\/sites\/vc\/wp-json\/wp\/v2\/posts\/8396\/revisions"}],"wp:featuredmedia":[{"embeddable":true,"href":"https:\/\/dev.antudigital.cl\/sites\/vc\/wp-json\/wp\/v2\/media\/8398"}],"wp:attachment":[{"href":"https:\/\/dev.antudigital.cl\/sites\/vc\/wp-json\/wp\/v2\/media?parent=8396"}],"wp:term":[{"taxonomy":"category","embeddable":true,"href":"https:\/\/dev.antudigital.cl\/sites\/vc\/wp-json\/wp\/v2\/categories?post=8396"},{"taxonomy":"post_tag","embeddable":true,"href":"https:\/\/dev.antudigital.cl\/sites\/vc\/wp-json\/wp\/v2\/tags?post=8396"}],"curies":[{"name":"wp","href":"https:\/\/api.w.org\/{rel}","templated":true}]}}