{"id":8399,"date":"2021-01-04T11:11:33","date_gmt":"2021-01-04T11:11:33","guid":{"rendered":"https:\/\/www.valparaisocreativo.cl\/?p=5705"},"modified":"2021-01-04T11:11:33","modified_gmt":"2021-01-04T11:11:33","slug":"inscribete-en-los-talleres-de-verano-de-camara-lucida","status":"publish","type":"post","link":"https:\/\/dev.antudigital.cl\/sites\/vc\/inscribete-en-los-talleres-de-verano-de-camara-lucida\/","title":{"rendered":"Inscr\u00edbete en los talleres de verano de C\u00e1mara L\u00facida"},"content":{"rendered":"<p>\u00bfTe gusta la fotograf\u00eda y quieres ampliar tus conocimientos y pr\u00e1ctica? <strong>C\u00e1mara L\u00facida <\/strong>tiene lo que necesitas.<\/p>\n<p>Hasta el 4 de enero tienes la posibilidad de sumarte a sus talleres de verano. \u00bfLos requisitos? La motivaci\u00f3n y, por supuesto, tener una c\u00e1mara. Son ocho las alternativas que ofrecen para todas las edades: emulsiones artesanales, edici\u00f3n de fotolibro, est\u00e9tica de la fotograf\u00eda y m\u00e1s. Hay tanto online como presenciales. Manejo de C\u00e1mara e Iniciaci\u00f3n a la Fotograf\u00eda para mayores de 11 a\u00f1os. Para el resto de los talleres, mayores de 15 a\u00f1os.<\/p>\n<p>Puedes conocer los precios y m\u00e1s informaci\u00f3n en detalle sobre los contenidos de los talleres en <a href=\"http:\/\/www.camaralucida.cl\/talleres\">http:\/\/www.camaralucida.cl\/talleres<\/a><\/p>\n<h2>Inscr\u00edbete <strong><a href=\"https:\/\/docs.google.com\/forms\/d\/e\/1FAIpQLSdkNiTuPGR5ewlgeBaJyqxljQG9EEkKfjih1geT0B5rEzOzCQ\/viewform\">aqu\u00ed<\/a><\/strong>.<\/h2>\n<p><img fetchpriority=\"high\" decoding=\"async\" class=\"alignleft size-medium wp-image-5707\" src=\"https:\/\/www.valparaisocreativo.cl\/wp-content\/uploads\/2021\/01\/Captura-de-Pantalla-2021-01-04-a-las-11.06.51-295x300.png\" alt=\"\" width=\"295\" height=\"300\" \/><\/p>\n","protected":false},"excerpt":{"rendered":"<p>\u00bfTe gusta la fotograf\u00eda y quieres ampliar tus conocimientos y pr\u00e1ctica? C\u00e1mara L\u00facida tiene lo que necesitas. Hasta el 4 de enero tienes la posibilidad de sumarte a sus talleres de verano. \u00bfLos requisitos? La motivaci\u00f3n y, por supuesto, tener una c\u00e1mara. Son ocho las alternativas que ofrecen para todas las edades: emulsiones artesanales, edici\u00f3n [&hellip;]<\/p>\n","protected":false},"author":3,"featured_media":8401,"comment_status":"closed","ping_status":"closed","sticky":false,"template":"","format":"standard","meta":{"_acf_changed":false,"footnotes":""},"categories":[8],"tags":[],"class_list":["post-8399","post","type-post","status-publish","format-standard","has-post-thumbnail","hentry","category-noticia"],"acf":[],"yoast_head":"<!-- This site is optimized with the Yoast SEO plugin v27.1.1 - https:\/\/yoast.com\/product\/yoast-seo-wordpress\/ -->\n<title>Inscr\u00edbete en los talleres de verano de C\u00e1mara L\u00facida - Valpara\u00ed\u00adso Creativo<\/title>\n<meta name=\"robots\" content=\"index, follow, max-snippet:-1, max-image-preview:large, max-video-preview:-1\" \/>\n<link rel=\"canonical\" href=\"https:\/\/dev.antudigital.cl\/sites\/vc\/inscribete-en-los-talleres-de-verano-de-camara-lucida\/\" \/>\n<meta property=\"og:locale\" content=\"es_ES\" \/>\n<meta property=\"og:type\" content=\"article\" \/>\n<meta property=\"og:title\" content=\"Inscr\u00edbete en los talleres de verano de C\u00e1mara L\u00facida - Valpara\u00ed\u00adso Creativo\" \/>\n<meta property=\"og:description\" content=\"\u00bfTe gusta la fotograf\u00eda y quieres ampliar tus conocimientos y pr\u00e1ctica? C\u00e1mara L\u00facida tiene lo que necesitas. Hasta el 4 de enero tienes la posibilidad de sumarte a sus talleres de verano. \u00bfLos requisitos? La motivaci\u00f3n y, por supuesto, tener una c\u00e1mara. Son ocho las alternativas que ofrecen para todas las edades: emulsiones artesanales, edici\u00f3n [&hellip;]\" \/>\n<meta property=\"og:url\" content=\"https:\/\/dev.antudigital.cl\/sites\/vc\/inscribete-en-los-talleres-de-verano-de-camara-lucida\/\" \/>\n<meta property=\"og:site_name\" content=\"Valpara\u00ed\u00adso Creativo\" \/>\n<meta property=\"article:published_time\" content=\"2021-01-04T11:11:33+00:00\" \/>\n<meta property=\"og:image\" content=\"https:\/\/dev.antudigital.cl\/sites\/vc\/wp-content\/uploads\/2021\/01\/Captura-de-Pantalla-2021-01-04-a-las-11.10.22.png\" \/>\n\t<meta property=\"og:image:width\" content=\"592\" \/>\n\t<meta property=\"og:image:height\" content=\"399\" \/>\n\t<meta property=\"og:image:type\" content=\"image\/png\" \/>\n<meta name=\"author\" content=\"Valparaiso Creativo\" \/>\n<meta name=\"twitter:card\" content=\"summary_large_image\" \/>\n<meta name=\"twitter:label1\" content=\"Escrito por\" \/>\n\t<meta name=\"twitter:data1\" content=\"Valparaiso Creativo\" \/>\n\t<meta name=\"twitter:label2\" content=\"Tiempo de lectura\" \/>\n\t<meta name=\"twitter:data2\" content=\"1 minuto\" \/>\n<script type=\"application\/ld+json\" class=\"yoast-schema-graph\">{\"@context\":\"https:\/\/schema.org\",\"@graph\":[{\"@type\":\"Article\",\"@id\":\"https:\/\/dev.antudigital.cl\/sites\/vc\/inscribete-en-los-talleres-de-verano-de-camara-lucida\/#article\",\"isPartOf\":{\"@id\":\"https:\/\/dev.antudigital.cl\/sites\/vc\/inscribete-en-los-talleres-de-verano-de-camara-lucida\/\"},\"author\":{\"name\":\"Valparaiso Creativo\",\"@id\":\"https:\/\/dev.antudigital.cl\/sites\/vc\/#\/schema\/person\/81d1dcd51abd542b5dfc00f5f951a0f1\"},\"headline\":\"Inscr\u00edbete en los talleres de verano de C\u00e1mara L\u00facida\",\"datePublished\":\"2021-01-04T11:11:33+00:00\",\"mainEntityOfPage\":{\"@id\":\"https:\/\/dev.antudigital.cl\/sites\/vc\/inscribete-en-los-talleres-de-verano-de-camara-lucida\/\"},\"wordCount\":141,\"image\":{\"@id\":\"https:\/\/dev.antudigital.cl\/sites\/vc\/inscribete-en-los-talleres-de-verano-de-camara-lucida\/#primaryimage\"},\"thumbnailUrl\":\"https:\/\/dev.antudigital.cl\/sites\/vc\/wp-content\/uploads\/2021\/01\/Captura-de-Pantalla-2021-01-04-a-las-11.10.22.png\",\"articleSection\":[\"Noticia\"],\"inLanguage\":\"es\"},{\"@type\":\"WebPage\",\"@id\":\"https:\/\/dev.antudigital.cl\/sites\/vc\/inscribete-en-los-talleres-de-verano-de-camara-lucida\/\",\"url\":\"https:\/\/dev.antudigital.cl\/sites\/vc\/inscribete-en-los-talleres-de-verano-de-camara-lucida\/\",\"name\":\"Inscr\u00edbete en los talleres de verano de C\u00e1mara L\u00facida - Valpara\u00ed\u00adso Creativo\",\"isPartOf\":{\"@id\":\"https:\/\/dev.antudigital.cl\/sites\/vc\/#website\"},\"primaryImageOfPage\":{\"@id\":\"https:\/\/dev.antudigital.cl\/sites\/vc\/inscribete-en-los-talleres-de-verano-de-camara-lucida\/#primaryimage\"},\"image\":{\"@id\":\"https:\/\/dev.antudigital.cl\/sites\/vc\/inscribete-en-los-talleres-de-verano-de-camara-lucida\/#primaryimage\"},\"thumbnailUrl\":\"https:\/\/dev.antudigital.cl\/sites\/vc\/wp-content\/uploads\/2021\/01\/Captura-de-Pantalla-2021-01-04-a-las-11.10.22.png\",\"datePublished\":\"2021-01-04T11:11:33+00:00\",\"author\":{\"@id\":\"https:\/\/dev.antudigital.cl\/sites\/vc\/#\/schema\/person\/81d1dcd51abd542b5dfc00f5f951a0f1\"},\"breadcrumb\":{\"@id\":\"https:\/\/dev.antudigital.cl\/sites\/vc\/inscribete-en-los-talleres-de-verano-de-camara-lucida\/#breadcrumb\"},\"inLanguage\":\"es\",\"potentialAction\":[{\"@type\":\"ReadAction\",\"target\":[\"https:\/\/dev.antudigital.cl\/sites\/vc\/inscribete-en-los-talleres-de-verano-de-camara-lucida\/\"]}]},{\"@type\":\"ImageObject\",\"inLanguage\":\"es\",\"@id\":\"https:\/\/dev.antudigital.cl\/sites\/vc\/inscribete-en-los-talleres-de-verano-de-camara-lucida\/#primaryimage\",\"url\":\"https:\/\/dev.antudigital.cl\/sites\/vc\/wp-content\/uploads\/2021\/01\/Captura-de-Pantalla-2021-01-04-a-las-11.10.22.png\",\"contentUrl\":\"https:\/\/dev.antudigital.cl\/sites\/vc\/wp-content\/uploads\/2021\/01\/Captura-de-Pantalla-2021-01-04-a-las-11.10.22.png\",\"width\":592,\"height\":399},{\"@type\":\"BreadcrumbList\",\"@id\":\"https:\/\/dev.antudigital.cl\/sites\/vc\/inscribete-en-los-talleres-de-verano-de-camara-lucida\/#breadcrumb\",\"itemListElement\":[{\"@type\":\"ListItem\",\"position\":1,\"name\":\"Home\",\"item\":\"https:\/\/dev.antudigital.cl\/sites\/vc\/\"},{\"@type\":\"ListItem\",\"position\":2,\"name\":\"Inscr\u00edbete en los talleres de verano de C\u00e1mara L\u00facida\"}]},{\"@type\":\"WebSite\",\"@id\":\"https:\/\/dev.antudigital.cl\/sites\/vc\/#website\",\"url\":\"https:\/\/dev.antudigital.cl\/sites\/vc\/\",\"name\":\"Valpara\u00ed\u00adso Creativo\",\"description\":\"\",\"potentialAction\":[{\"@type\":\"SearchAction\",\"target\":{\"@type\":\"EntryPoint\",\"urlTemplate\":\"https:\/\/dev.antudigital.cl\/sites\/vc\/?s={search_term_string}\"},\"query-input\":{\"@type\":\"PropertyValueSpecification\",\"valueRequired\":true,\"valueName\":\"search_term_string\"}}],\"inLanguage\":\"es\"},{\"@type\":\"Person\",\"@id\":\"https:\/\/dev.antudigital.cl\/sites\/vc\/#\/schema\/person\/81d1dcd51abd542b5dfc00f5f951a0f1\",\"name\":\"Valparaiso Creativo\",\"url\":\"https:\/\/dev.antudigital.cl\/sites\/vc\/author\/valparaiso-creativo\/\"}]}<\/script>\n<!-- \/ Yoast SEO plugin. -->","yoast_head_json":{"title":"Inscr\u00edbete en los talleres de verano de C\u00e1mara L\u00facida - Valpara\u00ed\u00adso Creativo","robots":{"index":"index","follow":"follow","max-snippet":"max-snippet:-1","max-image-preview":"max-image-preview:large","max-video-preview":"max-video-preview:-1"},"canonical":"https:\/\/dev.antudigital.cl\/sites\/vc\/inscribete-en-los-talleres-de-verano-de-camara-lucida\/","og_locale":"es_ES","og_type":"article","og_title":"Inscr\u00edbete en los talleres de verano de C\u00e1mara L\u00facida - Valpara\u00ed\u00adso Creativo","og_description":"\u00bfTe gusta la fotograf\u00eda y quieres ampliar tus conocimientos y pr\u00e1ctica? C\u00e1mara L\u00facida tiene lo que necesitas. Hasta el 4 de enero tienes la posibilidad de sumarte a sus talleres de verano. \u00bfLos requisitos? La motivaci\u00f3n y, por supuesto, tener una c\u00e1mara. Son ocho las alternativas que ofrecen para todas las edades: emulsiones artesanales, edici\u00f3n [&hellip;]","og_url":"https:\/\/dev.antudigital.cl\/sites\/vc\/inscribete-en-los-talleres-de-verano-de-camara-lucida\/","og_site_name":"Valpara\u00ed\u00adso Creativo","article_published_time":"2021-01-04T11:11:33+00:00","og_image":[{"width":592,"height":399,"url":"https:\/\/dev.antudigital.cl\/sites\/vc\/wp-content\/uploads\/2021\/01\/Captura-de-Pantalla-2021-01-04-a-las-11.10.22.png","type":"image\/png"}],"author":"Valparaiso Creativo","twitter_card":"summary_large_image","twitter_misc":{"Escrito por":"Valparaiso Creativo","Tiempo de lectura":"1 minuto"},"schema":{"@context":"https:\/\/schema.org","@graph":[{"@type":"Article","@id":"https:\/\/dev.antudigital.cl\/sites\/vc\/inscribete-en-los-talleres-de-verano-de-camara-lucida\/#article","isPartOf":{"@id":"https:\/\/dev.antudigital.cl\/sites\/vc\/inscribete-en-los-talleres-de-verano-de-camara-lucida\/"},"author":{"name":"Valparaiso Creativo","@id":"https:\/\/dev.antudigital.cl\/sites\/vc\/#\/schema\/person\/81d1dcd51abd542b5dfc00f5f951a0f1"},"headline":"Inscr\u00edbete en los talleres de verano de C\u00e1mara L\u00facida","datePublished":"2021-01-04T11:11:33+00:00","mainEntityOfPage":{"@id":"https:\/\/dev.antudigital.cl\/sites\/vc\/inscribete-en-los-talleres-de-verano-de-camara-lucida\/"},"wordCount":141,"image":{"@id":"https:\/\/dev.antudigital.cl\/sites\/vc\/inscribete-en-los-talleres-de-verano-de-camara-lucida\/#primaryimage"},"thumbnailUrl":"https:\/\/dev.antudigital.cl\/sites\/vc\/wp-content\/uploads\/2021\/01\/Captura-de-Pantalla-2021-01-04-a-las-11.10.22.png","articleSection":["Noticia"],"inLanguage":"es"},{"@type":"WebPage","@id":"https:\/\/dev.antudigital.cl\/sites\/vc\/inscribete-en-los-talleres-de-verano-de-camara-lucida\/","url":"https:\/\/dev.antudigital.cl\/sites\/vc\/inscribete-en-los-talleres-de-verano-de-camara-lucida\/","name":"Inscr\u00edbete en los talleres de verano de C\u00e1mara L\u00facida - Valpara\u00ed\u00adso Creativo","isPartOf":{"@id":"https:\/\/dev.antudigital.cl\/sites\/vc\/#website"},"primaryImageOfPage":{"@id":"https:\/\/dev.antudigital.cl\/sites\/vc\/inscribete-en-los-talleres-de-verano-de-camara-lucida\/#primaryimage"},"image":{"@id":"https:\/\/dev.antudigital.cl\/sites\/vc\/inscribete-en-los-talleres-de-verano-de-camara-lucida\/#primaryimage"},"thumbnailUrl":"https:\/\/dev.antudigital.cl\/sites\/vc\/wp-content\/uploads\/2021\/01\/Captura-de-Pantalla-2021-01-04-a-las-11.10.22.png","datePublished":"2021-01-04T11:11:33+00:00","author":{"@id":"https:\/\/dev.antudigital.cl\/sites\/vc\/#\/schema\/person\/81d1dcd51abd542b5dfc00f5f951a0f1"},"breadcrumb":{"@id":"https:\/\/dev.antudigital.cl\/sites\/vc\/inscribete-en-los-talleres-de-verano-de-camara-lucida\/#breadcrumb"},"inLanguage":"es","potentialAction":[{"@type":"ReadAction","target":["https:\/\/dev.antudigital.cl\/sites\/vc\/inscribete-en-los-talleres-de-verano-de-camara-lucida\/"]}]},{"@type":"ImageObject","inLanguage":"es","@id":"https:\/\/dev.antudigital.cl\/sites\/vc\/inscribete-en-los-talleres-de-verano-de-camara-lucida\/#primaryimage","url":"https:\/\/dev.antudigital.cl\/sites\/vc\/wp-content\/uploads\/2021\/01\/Captura-de-Pantalla-2021-01-04-a-las-11.10.22.png","contentUrl":"https:\/\/dev.antudigital.cl\/sites\/vc\/wp-content\/uploads\/2021\/01\/Captura-de-Pantalla-2021-01-04-a-las-11.10.22.png","width":592,"height":399},{"@type":"BreadcrumbList","@id":"https:\/\/dev.antudigital.cl\/sites\/vc\/inscribete-en-los-talleres-de-verano-de-camara-lucida\/#breadcrumb","itemListElement":[{"@type":"ListItem","position":1,"name":"Home","item":"https:\/\/dev.antudigital.cl\/sites\/vc\/"},{"@type":"ListItem","position":2,"name":"Inscr\u00edbete en los talleres de verano de C\u00e1mara L\u00facida"}]},{"@type":"WebSite","@id":"https:\/\/dev.antudigital.cl\/sites\/vc\/#website","url":"https:\/\/dev.antudigital.cl\/sites\/vc\/","name":"Valpara\u00ed\u00adso Creativo","description":"","potentialAction":[{"@type":"SearchAction","target":{"@type":"EntryPoint","urlTemplate":"https:\/\/dev.antudigital.cl\/sites\/vc\/?s={search_term_string}"},"query-input":{"@type":"PropertyValueSpecification","valueRequired":true,"valueName":"search_term_string"}}],"inLanguage":"es"},{"@type":"Person","@id":"https:\/\/dev.antudigital.cl\/sites\/vc\/#\/schema\/person\/81d1dcd51abd542b5dfc00f5f951a0f1","name":"Valparaiso Creativo","url":"https:\/\/dev.antudigital.cl\/sites\/vc\/author\/valparaiso-creativo\/"}]}},"_links":{"self":[{"href":"https:\/\/dev.antudigital.cl\/sites\/vc\/wp-json\/wp\/v2\/posts\/8399","targetHints":{"allow":["GET"]}}],"collection":[{"href":"https:\/\/dev.antudigital.cl\/sites\/vc\/wp-json\/wp\/v2\/posts"}],"about":[{"href":"https:\/\/dev.antudigital.cl\/sites\/vc\/wp-json\/wp\/v2\/types\/post"}],"author":[{"embeddable":true,"href":"https:\/\/dev.antudigital.cl\/sites\/vc\/wp-json\/wp\/v2\/users\/3"}],"replies":[{"embeddable":true,"href":"https:\/\/dev.antudigital.cl\/sites\/vc\/wp-json\/wp\/v2\/comments?post=8399"}],"version-history":[{"count":0,"href":"https:\/\/dev.antudigital.cl\/sites\/vc\/wp-json\/wp\/v2\/posts\/8399\/revisions"}],"wp:featuredmedia":[{"embeddable":true,"href":"https:\/\/dev.antudigital.cl\/sites\/vc\/wp-json\/wp\/v2\/media\/8401"}],"wp:attachment":[{"href":"https:\/\/dev.antudigital.cl\/sites\/vc\/wp-json\/wp\/v2\/media?parent=8399"}],"wp:term":[{"taxonomy":"category","embeddable":true,"href":"https:\/\/dev.antudigital.cl\/sites\/vc\/wp-json\/wp\/v2\/categories?post=8399"},{"taxonomy":"post_tag","embeddable":true,"href":"https:\/\/dev.antudigital.cl\/sites\/vc\/wp-json\/wp\/v2\/tags?post=8399"}],"curies":[{"name":"wp","href":"https:\/\/api.w.org\/{rel}","templated":true}]}}